{"id":7034,"date":"2023-07-10T12:23:03","date_gmt":"2023-07-10T12:23:03","guid":{"rendered":"https:\/\/entreculturasi.wpenginepowered.com\/?noticias=reportajes-sin-aprender-no-puedo-lograr-nada-deseo-completar-mi-educacion-en-la-universidad"},"modified":"2024-02-14T15:40:03","modified_gmt":"2024-02-14T14:40:03","slug":"reportajes-sin-aprender-no-puedo-lograr-nada-deseo-completar-mi-educacion-en-la-universidad","status":"publish","type":"noticia","link":"https:\/\/www.entreculturas.org\/ca\/noticia\/reportajes-sin-aprender-no-puedo-lograr-nada-deseo-completar-mi-educacion-en-la-universidad\/","title":{"rendered":"Reportajes | \u201cSin aprender, no puedo lograr nada&#8230; Deseo completar mi educaci\u00f3n en la universidad&#8221; &#8211; Escuela Refugio"},"content":{"rendered":"<p>\u201cComenzar ac\u00e1 de cero ha sido bastante fuerte. Mi hijo peque\u00f1o quiere ser veterinario. Para m\u00ed, que estudi\u00e9, es la base que yo les puedo dejar a ellos: m\u00e1s all\u00e1 de lo material, el estudio es mi herencia hacia ellos, es la herramienta, la fuerza que yo les puedo dejar para que haya una estela.\u201d<\/p>\n<p>Con diez maletas y junto a sus hijos, Mar\u00eda Carolina, una joven madre venezolana, emprendi\u00f3 el viaje m\u00e1s importante de su vida: migrar para construir un futuro lleno de esperanza y de nuevas oportunidades. Un futuro en el que aspira a que la educaci\u00f3n de sus hijos sea la ruta para conseguir todo lo que se propongan. Un futuro en el que no existan l\u00edmites para so\u00f1ar.&nbsp;<\/p>\n<p>Los deseos de Mar\u00eda Carolina son los deseos de m\u00e1s de 110 millones de personas desplazadas y refugiadas en el mundo. M\u00e1s de 43 millones de ellas son ni\u00f1os y ni\u00f1as que sufren las consecuencias de las guerras, la violencia, las cat\u00e1strofes naturales y las situaciones de pobreza extrema, que los alejan de su entorno, de su escuela y de sus oportunidades de futuro. Ni\u00f1os y ni\u00f1as que se enfrentan a una nueva vida, llena de miedo e incertidumbre, y que necesitan recuperar su derecho a la educaci\u00f3n en los lugares de acogida.<\/p>\n<p>En el marco del D\u00eda de las Personas Refugiadas, desde Entreculturas y Alboan queremos reivindicar la educaci\u00f3n como derecho y la escuela como un espacio necesario de refugio y de acogida, a trav\u00e9s de la campa\u00f1a \u2018Escuela Refugio: La educaci\u00f3n que acoge\u2019.&nbsp;<\/p>\n<p>\u201cEs mucho m\u00e1s dif\u00edcil seguir que empezar. 15 meses despu\u00e9s de acoger a la primera persona ucraniana, la pr\u00f3rroga de la situaci\u00f3n de la crisis es un lastre, la tarea de seguir adelante es m\u00e1s exigente\u201d, comenta Marius Talos, Director del Servicio Jesuita a Refugiados (JRS) en Ruman\u00eda, organizaci\u00f3n con la que trabajamos en el pa\u00eds, y que ha atendido las necesidades b\u00e1sicas de m\u00e1s de 26 mil personas v\u00edctimas de la crisis humanitaria en Ucrania.<\/p>\n<\/p>\n<p>M\u00e1s de 8 millones de personas ya se han visto obligadas a abandonar Ucrania hacia pa\u00edses fronterizos como Polonia, Hungr\u00eda o Ruman\u00eda. La mitad son ni\u00f1os y ni\u00f1as. Dentro de Ucrania, son m\u00e1s de 5 millones las personas desplazadas, siendo gran parte de ellas ni\u00f1os y ni\u00f1as.<\/p>\n<p>Adem\u00e1s de refugio, alojamiento y alimentaci\u00f3n, trabajamos para garantizar que las ni\u00f1as y ni\u00f1os desplazados por el conflicto tengan acceso a la educaci\u00f3n, proporcionando recursos para que puedan seguir sus clases en Ucrania de forma online. Con adolescentes y j\u00f3venes estamos llevando a cabo un trabajo de acompa\u00f1amiento, y estamos ofreci\u00e9ndoles actividades art\u00edsticas como teatro o danza y cursos de idioma para facilitar su comunicaci\u00f3n e integraci\u00f3n.&nbsp;<\/p>\n<p>\u201cNo tenemos un equipo o formaci\u00f3n especializada para atender personas en contexto de movilidad, pero priorizamos la promoci\u00f3n del estudiantado venezolano en los programas de participaci\u00f3n juvenil\u201d, afirma Paola Sierra, Directora Regional de Fe y Alegr\u00eda Colombia.<\/p>\n<p>M\u00e1s de 7 millones de personas venezolanas han salido de su pa\u00eds durante las dos \u00faltimas d\u00e9cadas. Cerca de 6 millones de ellas se est\u00e1n quedando en los pa\u00edses de la regi\u00f3n, como Colombia, que est\u00e1 tratando de responder a nivel regional con esfuerzos articulados de ayuda humanitaria. Sin embargo, las cifras son tan grandes que han generado una presi\u00f3n dif\u00edcil de sostener sobre los recursos y servicios p\u00fablicos nacionales.&nbsp;<\/p>\n<p>\u201cSin aprender, no puedo lograr nada\u201d. Son palabras de Amin, uno de los muchos ni\u00f1os provenientes de Siria cuyas familias tuvieron que huir de su pa\u00eds. Tras verse&nbsp; obligado a trabajar para ayudar a su familia y ser v\u00edctima de acoso laboral, ahora cuenta con una educaci\u00f3n de calidad gracias al Servicio Jesuitas a Refugiados en L\u00edbano. \u201cDeseo completar mi educaci\u00f3n en la universidad\u201d, sue\u00f1a Amin.<\/p>\n<p>Los recientes terremotos en Siria han agravado la dif\u00edcil situaci\u00f3n que ya viv\u00eda la poblaci\u00f3n en el pa\u00eds. En medio de una guerra civil que ha cumplido 12 a\u00f1os, 15,3 millones de personas ya necesitaban ayuda humanitaria antes del terremoto y&nbsp; 6,8 millones estaban en situaci\u00f3n de desplazamiento interno, siendo Siria el pa\u00eds con m\u00e1s personas desplazadas internas del mundo. JRS lleva m\u00e1s de 10 a\u00f1os facilitando servicios de salud y reparto de medicamentos y acompa\u00f1ando a las personas m\u00e1s necesitadas entre las desplazadas internas, los miembros de la comunidad local y los retornados, que viv\u00edan en condiciones precarias.&nbsp;<\/p>\n<p><img decoding=\"async\" alt=\"\" src=\"https:\/\/www.entreculturas.org\/wp-content\/uploads\/2023\/07\/img_9990.jpg_-_sergi_camara-scaled-1.jpg\" style=\"width: 700px;height: 467px\"><\/p>\n<p>&#8220;Gracias al apoyo psicol\u00f3gico que recib\u00ed de JRS, recuper\u00e9 la confianza en m\u00ed misma y, cuando tuve a mi beb\u00e9, volv\u00ed a la escuela, a pesar de mi condici\u00f3n de ni\u00f1a-madre\u201d, explica Nyota, quien en 2020 fue secuestrada por un grupo de hombres armados que abusaron de ella en una antigua escuela abandonada. \u201cAntes me sent\u00eda discriminada y rechazada por mis compa\u00f1eros, pero desde que recibo visitas regulares del personal del JRS de R. D. Congo, la \u00fanica organizaci\u00f3n que me apoya, me siento feliz y valorada&#8221;.<\/p>\n<p>La R. D. del Congo sufre una de las crisis humanitarias m\u00e1s grandes y complejas del mundo. Es el pa\u00eds con m\u00e1s poblaci\u00f3n desplazada interna del continente africano y se encuentra entre los pa\u00edses menos desarrollados del mundo, con m\u00e1s de un 82% de la poblaci\u00f3n viviendo bajo el umbral de pobreza absoluta. La violencia persistente desde hace m\u00e1s de 20 a\u00f1os ejercida por los grupos armados ya ha forzado a m\u00e1s de 5 millones de personas a abandonar sus hogares.&nbsp;<\/p>\n<p>Junto a JRS, trabajamos para fomentar el acceso a la educaci\u00f3n de los ni\u00f1os y ni\u00f1as desplazados, ofreciendo una atenci\u00f3n especial a las ni\u00f1as. Les ofrecemos material escolar, kits pedag\u00f3gicos y apoyo financiero en las tasas escolares. La escuela es, no solo un espacio de formaci\u00f3n, sino tambi\u00e9n de protecci\u00f3n, de apoyo y de convivencia.<\/p>\n<p>\u201cEntr\u00e9 desde Gran Canaria, estuve en un centro de internamiento para menores, luego llegu\u00e9 a Madrid y a Pueblos Unidos: gracias a ellos tengo papeles y ahora mismo estoy estudiando para poder tener una vida mejor en el futuro\u201d, nos explica Ibrahim, joven maliense que logr\u00f3 llegar a Espa\u00f1a huyendo de la guerra en su pa\u00eds y con el deseo de ayudar a su familia que a\u00fan se encuentra all\u00ed.&nbsp;<\/p>\n<p>Junto a Pueblos Unidos (una de las entidades que conforman la red del Servicio Jesuita a Migrantes), a trav\u00e9s de la campa\u00f1a conjunta \u2018Soy Acogida\u2019 buscamos promover una cultura de hospitalidad, acogida y solidaridad para las personas migrantes que llegan a Madrid.&nbsp;<\/p>\n<p>Amin, Nyota e Ibrahim, han encontrado en la educaci\u00f3n la acogida necesaria para seguir adelante y construir su futuro. Porque la educaci\u00f3n no debe detenerse en ninguna circunstancia, incluso en la emergencia o el desplazamiento. Es precisamente en estas situaciones tan dif\u00edciles en las que es fundamental que los ni\u00f1os y ni\u00f1as sigan en la escuela, el lugar que los protege y los acoge. Desde Entreculturas seguimos trabajando para que puedan acceder a la educaci\u00f3n que sana, que incluye, que es acogida.<\/p>\n","protected":false},"excerpt":{"rendered":"<p>En el marco del D\u00eda de las Personas Refugiadas, desde Entreculturas y Alboan queremos reivindicar la educaci\u00f3n como derecho y la escuela como un espacio necesario de refugio y de acogida, a trav\u00e9s de la campa\u00f1a \u2018Escuela Refugio: La educaci\u00f3n que acoge\u2019. <\/p>\n","protected":false},"featured_media":7035,"template":"single-noticia","meta":{"_acf_changed":false},"categories":[7],"tags":[289],"country":[120],"cause":[128],"class_list":["post-7034","noticia","type-noticia","status-publish","has-post-thumbnail","hentry","category-noticia","tag-educacion","country-espana","cause-educacion"],"acf":[],"yoast_head":"<!-- This site is optimized with the Yoast SEO Premium plugin v21.6 (Yoast SEO v27.5) - https:\/\/yoast.com\/product\/yoast-seo-premium-wordpress\/ -->\n<title>Reportajes | \u201cSin aprender, no puedo lograr nada... Deseo completar mi educaci\u00f3n en la universidad&quot; - Escuela Refugio - Entreculturas<\/title>\n<meta name=\"robots\" content=\"index, follow, max-snippet:-1, max-image-preview:large, max-video-preview:-1\" \/>\n<link rel=\"canonical\" href=\"https:\/\/www.entreculturas.org\/ca\/noticia\/reportajes-sin-aprender-no-puedo-lograr-nada-deseo-completar-mi-educacion-en-la-universidad\/\" \/>\n<meta property=\"og:locale\" content=\"ca_ES\" \/>\n<meta property=\"og:type\" content=\"article\" \/>\n<meta property=\"og:title\" content=\"Reportajes | \u201cSin aprender, no puedo lograr nada... Deseo completar mi educaci\u00f3n en la universidad&quot; - Escuela Refugio\" \/>\n<meta property=\"og:description\" content=\"En el marco del D\u00eda de las Personas Refugiadas, desde Entreculturas y Alboan queremos reivindicar la educaci\u00f3n como derecho y la escuela como un espacio necesario de refugio y de acogida, a trav\u00e9s de la campa\u00f1a \u2018Escuela Refugio: La educaci\u00f3n que acoge\u2019.\" \/>\n<meta property=\"og:url\" content=\"https:\/\/www.entreculturas.org\/ca\/noticia\/reportajes-sin-aprender-no-puedo-lograr-nada-deseo-completar-mi-educacion-en-la-universidad\/\" \/>\n<meta property=\"og:site_name\" content=\"Entreculturas\" \/>\n<meta property=\"article:publisher\" content=\"https:\/\/www.facebook.com\/entreculturas\" \/>\n<meta property=\"article:modified_time\" content=\"2024-02-14T14:40:03+00:00\" \/>\n<meta property=\"og:image\" content=\"https:\/\/www.entreculturas.org\/wp-content\/uploads\/2023\/07\/copy_barbara_gil-_entreculturas-scaled-1.jpg\" \/>\n\t<meta property=\"og:image:width\" content=\"2560\" \/>\n\t<meta property=\"og:image:height\" content=\"1920\" \/>\n\t<meta property=\"og:image:type\" content=\"image\/jpeg\" \/>\n<meta name=\"twitter:card\" content=\"summary_large_image\" \/>\n<meta name=\"twitter:site\" content=\"@Entreculturas\" \/>\n<script type=\"application\/ld+json\" class=\"yoast-schema-graph\">{\"@context\":\"https:\\\/\\\/schema.org\",\"@graph\":[{\"@type\":\"WebPage\",\"@id\":\"https:\\\/\\\/www.entreculturas.org\\\/ca\\\/noticia\\\/reportajes-sin-aprender-no-puedo-lograr-nada-deseo-completar-mi-educacion-en-la-universidad\\\/\",\"url\":\"https:\\\/\\\/www.entreculturas.org\\\/ca\\\/noticia\\\/reportajes-sin-aprender-no-puedo-lograr-nada-deseo-completar-mi-educacion-en-la-universidad\\\/\",\"name\":\"Reportajes | \u201cSin aprender, no puedo lograr nada... Deseo completar mi educaci\u00f3n en la universidad\\\" - Escuela Refugio - Entreculturas\",\"isPartOf\":{\"@id\":\"https:\\\/\\\/www.entreculturas.org\\\/ca\\\/#website\"},\"primaryImageOfPage\":{\"@id\":\"https:\\\/\\\/www.entreculturas.org\\\/ca\\\/noticia\\\/reportajes-sin-aprender-no-puedo-lograr-nada-deseo-completar-mi-educacion-en-la-universidad\\\/#primaryimage\"},\"image\":{\"@id\":\"https:\\\/\\\/www.entreculturas.org\\\/ca\\\/noticia\\\/reportajes-sin-aprender-no-puedo-lograr-nada-deseo-completar-mi-educacion-en-la-universidad\\\/#primaryimage\"},\"thumbnailUrl\":\"https:\\\/\\\/www.entreculturas.org\\\/wp-content\\\/uploads\\\/2023\\\/07\\\/copy_barbara_gil-_entreculturas-scaled-1.jpg\",\"datePublished\":\"2023-07-10T12:23:03+00:00\",\"dateModified\":\"2024-02-14T14:40:03+00:00\",\"breadcrumb\":{\"@id\":\"https:\\\/\\\/www.entreculturas.org\\\/ca\\\/noticia\\\/reportajes-sin-aprender-no-puedo-lograr-nada-deseo-completar-mi-educacion-en-la-universidad\\\/#breadcrumb\"},\"inLanguage\":\"ca\",\"potentialAction\":[{\"@type\":\"ReadAction\",\"target\":[\"https:\\\/\\\/www.entreculturas.org\\\/ca\\\/noticia\\\/reportajes-sin-aprender-no-puedo-lograr-nada-deseo-completar-mi-educacion-en-la-universidad\\\/\"]}]},{\"@type\":\"ImageObject\",\"inLanguage\":\"ca\",\"@id\":\"https:\\\/\\\/www.entreculturas.org\\\/ca\\\/noticia\\\/reportajes-sin-aprender-no-puedo-lograr-nada-deseo-completar-mi-educacion-en-la-universidad\\\/#primaryimage\",\"url\":\"https:\\\/\\\/www.entreculturas.org\\\/wp-content\\\/uploads\\\/2023\\\/07\\\/copy_barbara_gil-_entreculturas-scaled-1.jpg\",\"contentUrl\":\"https:\\\/\\\/www.entreculturas.org\\\/wp-content\\\/uploads\\\/2023\\\/07\\\/copy_barbara_gil-_entreculturas-scaled-1.jpg\",\"width\":2560,\"height\":1920,\"caption\":\"copy_barbara_gil-_entreculturas\"},{\"@type\":\"BreadcrumbList\",\"@id\":\"https:\\\/\\\/www.entreculturas.org\\\/ca\\\/noticia\\\/reportajes-sin-aprender-no-puedo-lograr-nada-deseo-completar-mi-educacion-en-la-universidad\\\/#breadcrumb\",\"itemListElement\":[{\"@type\":\"ListItem\",\"position\":1,\"name\":\"Home\",\"item\":\"https:\\\/\\\/www.entreculturas.org\\\/ca\\\/\"},{\"@type\":\"ListItem\",\"position\":2,\"name\":\"Noticias\",\"item\":\"https:\\\/\\\/www.entreculturas.org\\\/ca\\\/noticias\\\/\"},{\"@type\":\"ListItem\",\"position\":3,\"name\":\"Reportajes | \u201cSin aprender, no puedo lograr nada&#8230; Deseo completar mi educaci\u00f3n en la universidad&#8221; &#8211; Escuela Refugio\"}]},{\"@type\":\"WebSite\",\"@id\":\"https:\\\/\\\/www.entreculturas.org\\\/ca\\\/#website\",\"url\":\"https:\\\/\\\/www.entreculturas.org\\\/ca\\\/\",\"name\":\"Entreculturas\",\"description\":\"\",\"publisher\":{\"@id\":\"https:\\\/\\\/www.entreculturas.org\\\/ca\\\/#organization\"},\"alternateName\":\"Entreculturas\",\"potentialAction\":[{\"@type\":\"SearchAction\",\"target\":{\"@type\":\"EntryPoint\",\"urlTemplate\":\"https:\\\/\\\/www.entreculturas.org\\\/ca\\\/?s={search_term_string}\"},\"query-input\":{\"@type\":\"PropertyValueSpecification\",\"valueRequired\":true,\"valueName\":\"search_term_string\"}}],\"inLanguage\":\"ca\"},{\"@type\":\"Organization\",\"@id\":\"https:\\\/\\\/www.entreculturas.org\\\/ca\\\/#organization\",\"name\":\"Entreculturas\",\"url\":\"https:\\\/\\\/www.entreculturas.org\\\/ca\\\/\",\"logo\":{\"@type\":\"ImageObject\",\"inLanguage\":\"ca\",\"@id\":\"https:\\\/\\\/www.entreculturas.org\\\/ca\\\/#\\\/schema\\\/logo\\\/image\\\/\",\"url\":\"https:\\\/\\\/www.entreculturas.org\\\/wp-content\\\/uploads\\\/2025\\\/10\\\/ESP.svg\",\"contentUrl\":\"https:\\\/\\\/www.entreculturas.org\\\/wp-content\\\/uploads\\\/2025\\\/10\\\/ESP.svg\",\"caption\":\"Entreculturas\"},\"image\":{\"@id\":\"https:\\\/\\\/www.entreculturas.org\\\/ca\\\/#\\\/schema\\\/logo\\\/image\\\/\"},\"sameAs\":[\"https:\\\/\\\/www.facebook.com\\\/entreculturas\",\"https:\\\/\\\/x.com\\\/Entreculturas\",\"https:\\\/\\\/www.instagram.com\\\/entreculturas\\\/\",\"https:\\\/\\\/www.youtube.com\\\/user\\\/entreculturasvideo\",\"https:\\\/\\\/www.linkedin.com\\\/company\\\/fundacion-entreculturas-ngdo\\\/\",\"https:\\\/\\\/www.flickr.com\\\/photos\\\/98455522@N04\\\/albums\\\/\"]}]}<\/script>\n<!-- \/ Yoast SEO Premium plugin. -->","yoast_head_json":{"title":"Reportajes | \u201cSin aprender, no puedo lograr nada... Deseo completar mi educaci\u00f3n en la universidad\" - Escuela Refugio - Entreculturas","robots":{"index":"index","follow":"follow","max-snippet":"max-snippet:-1","max-image-preview":"max-image-preview:large","max-video-preview":"max-video-preview:-1"},"canonical":"https:\/\/www.entreculturas.org\/ca\/noticia\/reportajes-sin-aprender-no-puedo-lograr-nada-deseo-completar-mi-educacion-en-la-universidad\/","og_locale":"ca_ES","og_type":"article","og_title":"Reportajes | \u201cSin aprender, no puedo lograr nada... Deseo completar mi educaci\u00f3n en la universidad\" - Escuela Refugio","og_description":"En el marco del D\u00eda de las Personas Refugiadas, desde Entreculturas y Alboan queremos reivindicar la educaci\u00f3n como derecho y la escuela como un espacio necesario de refugio y de acogida, a trav\u00e9s de la campa\u00f1a \u2018Escuela Refugio: La educaci\u00f3n que acoge\u2019.","og_url":"https:\/\/www.entreculturas.org\/ca\/noticia\/reportajes-sin-aprender-no-puedo-lograr-nada-deseo-completar-mi-educacion-en-la-universidad\/","og_site_name":"Entreculturas","article_publisher":"https:\/\/www.facebook.com\/entreculturas","article_modified_time":"2024-02-14T14:40:03+00:00","og_image":[{"width":2560,"height":1920,"url":"https:\/\/www.entreculturas.org\/wp-content\/uploads\/2023\/07\/copy_barbara_gil-_entreculturas-scaled-1.jpg","type":"image\/jpeg"}],"twitter_card":"summary_large_image","twitter_site":"@Entreculturas","schema":{"@context":"https:\/\/schema.org","@graph":[{"@type":"WebPage","@id":"https:\/\/www.entreculturas.org\/ca\/noticia\/reportajes-sin-aprender-no-puedo-lograr-nada-deseo-completar-mi-educacion-en-la-universidad\/","url":"https:\/\/www.entreculturas.org\/ca\/noticia\/reportajes-sin-aprender-no-puedo-lograr-nada-deseo-completar-mi-educacion-en-la-universidad\/","name":"Reportajes | \u201cSin aprender, no puedo lograr nada... Deseo completar mi educaci\u00f3n en la universidad\" - Escuela Refugio - Entreculturas","isPartOf":{"@id":"https:\/\/www.entreculturas.org\/ca\/#website"},"primaryImageOfPage":{"@id":"https:\/\/www.entreculturas.org\/ca\/noticia\/reportajes-sin-aprender-no-puedo-lograr-nada-deseo-completar-mi-educacion-en-la-universidad\/#primaryimage"},"image":{"@id":"https:\/\/www.entreculturas.org\/ca\/noticia\/reportajes-sin-aprender-no-puedo-lograr-nada-deseo-completar-mi-educacion-en-la-universidad\/#primaryimage"},"thumbnailUrl":"https:\/\/www.entreculturas.org\/wp-content\/uploads\/2023\/07\/copy_barbara_gil-_entreculturas-scaled-1.jpg","datePublished":"2023-07-10T12:23:03+00:00","dateModified":"2024-02-14T14:40:03+00:00","breadcrumb":{"@id":"https:\/\/www.entreculturas.org\/ca\/noticia\/reportajes-sin-aprender-no-puedo-lograr-nada-deseo-completar-mi-educacion-en-la-universidad\/#breadcrumb"},"inLanguage":"ca","potentialAction":[{"@type":"ReadAction","target":["https:\/\/www.entreculturas.org\/ca\/noticia\/reportajes-sin-aprender-no-puedo-lograr-nada-deseo-completar-mi-educacion-en-la-universidad\/"]}]},{"@type":"ImageObject","inLanguage":"ca","@id":"https:\/\/www.entreculturas.org\/ca\/noticia\/reportajes-sin-aprender-no-puedo-lograr-nada-deseo-completar-mi-educacion-en-la-universidad\/#primaryimage","url":"https:\/\/www.entreculturas.org\/wp-content\/uploads\/2023\/07\/copy_barbara_gil-_entreculturas-scaled-1.jpg","contentUrl":"https:\/\/www.entreculturas.org\/wp-content\/uploads\/2023\/07\/copy_barbara_gil-_entreculturas-scaled-1.jpg","width":2560,"height":1920,"caption":"copy_barbara_gil-_entreculturas"},{"@type":"BreadcrumbList","@id":"https:\/\/www.entreculturas.org\/ca\/noticia\/reportajes-sin-aprender-no-puedo-lograr-nada-deseo-completar-mi-educacion-en-la-universidad\/#breadcrumb","itemListElement":[{"@type":"ListItem","position":1,"name":"Home","item":"https:\/\/www.entreculturas.org\/ca\/"},{"@type":"ListItem","position":2,"name":"Noticias","item":"https:\/\/www.entreculturas.org\/ca\/noticias\/"},{"@type":"ListItem","position":3,"name":"Reportajes | \u201cSin aprender, no puedo lograr nada&#8230; Deseo completar mi educaci\u00f3n en la universidad&#8221; &#8211; Escuela Refugio"}]},{"@type":"WebSite","@id":"https:\/\/www.entreculturas.org\/ca\/#website","url":"https:\/\/www.entreculturas.org\/ca\/","name":"Entreculturas","description":"","publisher":{"@id":"https:\/\/www.entreculturas.org\/ca\/#organization"},"alternateName":"Entreculturas","potentialAction":[{"@type":"SearchAction","target":{"@type":"EntryPoint","urlTemplate":"https:\/\/www.entreculturas.org\/ca\/?s={search_term_string}"},"query-input":{"@type":"PropertyValueSpecification","valueRequired":true,"valueName":"search_term_string"}}],"inLanguage":"ca"},{"@type":"Organization","@id":"https:\/\/www.entreculturas.org\/ca\/#organization","name":"Entreculturas","url":"https:\/\/www.entreculturas.org\/ca\/","logo":{"@type":"ImageObject","inLanguage":"ca","@id":"https:\/\/www.entreculturas.org\/ca\/#\/schema\/logo\/image\/","url":"https:\/\/www.entreculturas.org\/wp-content\/uploads\/2025\/10\/ESP.svg","contentUrl":"https:\/\/www.entreculturas.org\/wp-content\/uploads\/2025\/10\/ESP.svg","caption":"Entreculturas"},"image":{"@id":"https:\/\/www.entreculturas.org\/ca\/#\/schema\/logo\/image\/"},"sameAs":["https:\/\/www.facebook.com\/entreculturas","https:\/\/x.com\/Entreculturas","https:\/\/www.instagram.com\/entreculturas\/","https:\/\/www.youtube.com\/user\/entreculturasvideo","https:\/\/www.linkedin.com\/company\/fundacion-entreculturas-ngdo\/","https:\/\/www.flickr.com\/photos\/98455522@N04\/albums\/"]}]}},"_links":{"self":[{"href":"https:\/\/www.entreculturas.org\/ca\/wp-json\/wp\/v2\/noticia\/7034","targetHints":{"allow":["GET"]}}],"collection":[{"href":"https:\/\/www.entreculturas.org\/ca\/wp-json\/wp\/v2\/noticia"}],"about":[{"href":"https:\/\/www.entreculturas.org\/ca\/wp-json\/wp\/v2\/types\/noticia"}],"wp:featuredmedia":[{"embeddable":true,"href":"https:\/\/www.entreculturas.org\/ca\/wp-json\/wp\/v2\/media\/7035"}],"wp:attachment":[{"href":"https:\/\/www.entreculturas.org\/ca\/wp-json\/wp\/v2\/media?parent=7034"}],"wp:term":[{"taxonomy":"category","embeddable":true,"href":"https:\/\/www.entreculturas.org\/ca\/wp-json\/wp\/v2\/categories?post=7034"},{"taxonomy":"post_tag","embeddable":true,"href":"https:\/\/www.entreculturas.org\/ca\/wp-json\/wp\/v2\/tags?post=7034"},{"taxonomy":"country","embeddable":true,"href":"https:\/\/www.entreculturas.org\/ca\/wp-json\/wp\/v2\/country?post=7034"},{"taxonomy":"cause","embeddable":true,"href":"https:\/\/www.entreculturas.org\/ca\/wp-json\/wp\/v2\/cause?post=7034"}],"curies":[{"name":"wp","href":"https:\/\/api.w.org\/{rel}","templated":true}]}}