{"id":7022,"date":"2023-07-03T10:09:31","date_gmt":"2023-07-03T10:09:31","guid":{"rendered":"https:\/\/entreculturasi.wpenginepowered.com\/?noticias=el-observatorio-por-la-justicia-de-los-defensores-del-rio-guapinol-y-mas-de-220"},"modified":"2024-02-14T15:46:56","modified_gmt":"2024-02-14T14:46:56","slug":"el-observatorio-por-la-justicia-de-los-defensores-del-rio-guapinol-y-mas-de-220","status":"publish","type":"noticia","link":"https:\/\/www.entreculturas.org\/ca\/noticia\/el-observatorio-por-la-justicia-de-los-defensores-del-rio-guapinol-y-mas-de-220\/","title":{"rendered":"El Observatorio por la Justicia de los Defensores del R\u00edo Guapinol y m\u00e1s de 220 organizaciones nacionales e internacionales requieren al Estado de Honduras a implementar medidas contundentes para revertir violencia sostenida contra las comunidades de Guap"},"content":{"rendered":"<p>Las Am\u00e9ricas a 22 de junio de 2023.- El Observatorio por la Justicia de los Defensores del R\u00edo Guapinol y las organizaciones de derechos humanos firmantes condenan el asesinato de Oscar Oquel\u00ed Dom\u00ednguez Ramos, defensor de los r\u00edos y los bienes comunes de Guapinol y Sector San Pedro, reportado este 15 de junio por la ma\u00f1ana en su domicilio resultando Catalina Ramos, su madre, tambi\u00e9n herida en el ataque armado. Igualmente manifestamos nuestra solidaridad con la familia y personas que le acompa\u00f1an en esta lucha por la justicia y dignidad.<\/p>\n<p>El contexto de violencia sistem\u00e1tica en contra de personas defensoras de derechos humanos en Honduras ha sido documentado por a\u00f1os a trav\u00e9s de esfuerzos de organizaciones y colectivos nacionales e internacionales, as\u00ed como por los Sistemas de Protecci\u00f3n de los Derechos Humanos. Solamente en 2023, se han registrado 8 asesinatos contra personas defensoras en la zona del Bajo Agu\u00e1n.<\/p>\n<p>Particularmente, aquellas personas que defienden los territorios, los bienes comunes y el medio ambiente son sujetas de m\u00faltiples riesgos por la labor que realizan, ya que las empresas extractivas, que han despojado de tierras y deteriorado la situaci\u00f3n de derechos humanos en los territorios, tienen intereses econ\u00f3micos que sobreponen a la dignidad humana. Espec\u00edficamente, se ha documentado la preocupante presencia de Inversiones Los Pinares y Ecotek, ambas parte de Grupo EMCO, en los territorios, y que han sido se\u00f1aladas por operar bajo concesiones irregulares otorgadas por el Estado hondure\u00f1o.<\/p>\n<p>Por ello, las organizaciones firmantes sostenemos que este indignante ataque no es aislado. Oquel\u00ed Dom\u00ednguez fue hermano de Aly Dominguez y Reynaldo Dom\u00ednguez, el primero, joven defensor asesinado por su labor en defensa de los r\u00edos. Aly Dom\u00ednguez fue asesinado el 7 de enero de 2023 junto con Jairo Bonilla y de quienes no se tienen a\u00fan avances respecto a la investigaci\u00f3n por los lamentables hechos. A lo anterior, se suma la criminalizaci\u00f3n contra Reynaldo Dominguez por parte del Estado hondure\u00f1o, vinculada a su defensa del Parque Nacional Carlos Escaleras y que forma parte de los patrones para restringir y castigar el derecho a defender los derechos humanos en Honduras.<\/p>\n<p>Se\u00f1alamos que el asesinato de Oquel\u00ed Dominguez se produce tras un aumento de amenazas contra las personas defensoras del Comit\u00e9 Municipal en Defensa de los Bienes Comunes y P\u00fablicos de Tocoa, mismo que fue expresado con preocupaci\u00f3n a las instancias de protecci\u00f3n correspondientes, sin que a la fecha el Mecanismo de Protecci\u00f3n de Personas Defensoras de Derechos Humanos en Honduras haya asumido un rol para garantizar y prevenir el riesgo en la zona en conflicto. Es alarmante que el Estado no responda ante sus obligaciones internacionales de atender su deuda pendiente con la comunidad de personas defensoras en Honduras, a\u00fan y cuando ha sido condenado en varias ocasiones por la Corte Interamericana de Derechos Humanos, espec\u00edficamente a la luz de los casos de Carlos Escaleras y Jeannette Kawas vs Honduras.<br \/>&nbsp;<br \/>Recientemente, del 24 y 28 de abril del presente a\u00f1o, la Comisi\u00f3n Interamericana de Derechos Humanos realiz\u00f3 una visita in loco a Honduras, despu\u00e9s de haber recibido una invitaci\u00f3n por parte del Gobierno hondure\u00f1o. En esta visita la CIDH constat\u00f3 la situaci\u00f3n de urgencia que atraviesan las personas defensoras del medio ambiente en el Bajo Agu\u00e1n, escuchando los testimonios de desplazamiento forzado, criminalizaci\u00f3n, amenazas y de familiares de personas defensoras asesinadas por su labor de defensa de derechos humanos. Es necesario que se reconozca el riesgo inminente en las comunidades de Guapinol, el Sector San Pedro y el Municipio de Tocoa, a trav\u00e9s del otorgamiento de medidas que favorezcan la inmediata atenci\u00f3n de las autoridades hondure\u00f1as a la situaci\u00f3n aqu\u00ed expuesta.<\/p>\n<p>El Observatorio por la Justicia de los Defensores del R\u00edo Guapinol y las organizaciones firmantes requieren al Estado de Honduras que reconozca sus obligaciones respecto al acceso a la justicia y garant\u00eda de vida e integridad de las y los defensores en el Bajo Agu\u00e1n. La presencia estatal en la conformaci\u00f3n e implementaci\u00f3n de medidas reales y sostenidas para revertir esta terrible situaci\u00f3n es necesaria. Desplazar a las personas que se mantienen en riesgo, no es una opci\u00f3n. El Estado de Honduras tiene la responsabilidad de atender el origen del riesgo que ha mantenido a los conflictos socio-medioambientales bajo la mirada nacional e internacional y como una de las varias causas de asesinatos de personas defensoras en el pa\u00eds.<\/p>\n<p>Exigimos al Estado de Honduras atender de manera efectiva e inmediata la situaci\u00f3n en el Bajo Agu\u00e1n y garantizar la vida e integridad de quienes habitan los territorios y defienden los bienes comunes, y en particular, brindar protecci\u00f3n inmediata a la familia Dom\u00ednguez, incluyendo a Catalina Ramos, quien es v\u00edctima y testigo del crimen y a todas las y los miembros del Comit\u00e9 Municipal en Defensa de los Bienes Comunes y P\u00fablicos y sus familias que enfrentan riesgos inminentes por su labor de defensa y protecci\u00f3n de la Monta\u00f1a de Botaderos. Asimismo, hacemos un llamado a que se realice una investigaci\u00f3n pronta, efectiva e imparcial sobre los asesinatos de Oquel\u00ed Dom\u00ednguez Ramos y aquellos de quienes a\u00fan se mantienen en impunidad.<\/p>\n<p>Desde el Observatorio y las organizaciones que suscriben esta comunicaci\u00f3n, expresamos nuestra solidaridad con la familia, el Comit\u00e9 Municipal de Defensa de los Bienes Comunes y P\u00fablicos de Tocoa y a quienes les acompa\u00f1an. Gracias por permitirnos caminar con ustedes en esta lucha por el agua y por la vida.<\/p>\n<p>&nbsp;<\/p>\n<p>Suscriben:<\/p>\n<p>Consejo Tribal de la Tribu Tolup\u00e1n Las Vegas de Tepemechin Municipio de Victoria Yoro<br \/>OMIT, Honduras<br \/>Alianza Am\u00e9ricas<br \/>Convergencia Contra el Continuismo<br \/>Organizaci\u00f3n de ASODEBICOQ, Honduras<br \/>Alianza por la Igualdad, M\u00e9xico<br \/>Coordinaci\u00f3n de Voces por la Democracia, Per\u00fa<br \/>Organizaci\u00f3n de Mujeres 8M, M\u00e9xico<br \/>Alianza Centroamericana Frente a la Miner\u00eda, Honduras<br \/>Coordinadora de Organizaciones Populares del Aguan &#8211; COPA<br \/>Organizaci\u00f3n de Mujeres Mismo Ind\u00edgena \u2013 OMMI, Paraguay<br \/>Alternativa de Reivindicaci\u00f3n Comunitaria y Ambientalista de Honduras \u2013 ARCAH, Honduras<br \/>Consejo C\u00edvico de Organizaciones Populares e Ind\u00edgenas de Honduras &#8211; COPINH<br \/>Organizaci\u00f3n Mundial Contra la Tortura (OMCT), en el marco del Observatorio para la Protecci\u00f3n de<br \/>Defensores de Derechos Humanos<br \/>Asociaci\u00f3n Nacional de Campesinos Hondure\u00f1os \u2013 ANACH, Honduras<br \/>Cooperativa de Vivienda por Ayuda Mutua, COVIAMBOL<br \/>Parroquia social de la iglesia Cat\u00f3lica, Honduras<br \/>Asociaci\u00f3n de Padres y Amigos de Ni\u00f1os y J\u00f3venes Especiales &#8211; APANJE, Honduras<br \/>Confederaci\u00f3n Unitaria de Trabajadores de Honduras, Regi\u00f3n Sur &#8211; CUTH<br \/>Parroquia San Isidro Labrador, Honduras<br \/>Asociaci\u00f3n para el Debido Proceso, Ecuador<br \/>Democracias S\u00f3lidas, Guatemala<br \/>Parroquia San Pedro, Honduras<\/p>\n<p>Asamblea en Defensa del Agua y la Tierra, Honduras<br \/>DABAR, Abogados, Honduras<br \/>Patronato Barrio El Triunfo, Tocoa Col\u00f3n, Honduras<br \/>Asamblea Vecinos Autoconvocados Loncopu\u00e9, Argentina<br \/>Di\u00e1spora Hondure\u00f1a Internacional<br \/>Patronato de la Canad\u00e1 Bonito Oriental Col\u00f3n, Honduras<br \/>Asociaci\u00f3n de juntas de agua del municipio de Jutiapa<br \/>DIAKONIA, Oficina Honduras<br \/>Pax Christi, Estados Unidos<br \/>Asociaci\u00f3n de Comunidades Ind\u00edgenas Lencas de la Paz &#8211; ACILPAPZH, Honduras<br \/>Dimensi\u00f3n Samaritana, Honduras<br \/>Peace Watch Switzerland, Honduras<br \/>Asociaci\u00f3n de Desarrollo Sostenible, M\u00e9xico<br \/>Dimensi\u00f3n Samaritana, Regional<br \/>Plataforma contra la Corrupci\u00f3n, Paraguay<br \/>Asociaci\u00f3n de Desarrollo Integral de Cahuita de Talamanca, Costa Rica<br \/>Disonancias Radio, Honduras<br \/>Plataforma Agraria, Honduras<br \/>Asociaci\u00f3n El Proyecto Ara<br \/>Comit\u00e9 Noruego de Solidaridad con Am\u00e9rica Latina &#8211; LAG<br \/>Plataforma Internacional Contra la Impunidad, Honduras<br \/>Asociaci\u00f3n Entrepueblos, Espa\u00f1a<br \/>Equipo Nacional Pastoral Aborigen &#8211; ENDEPA<br \/>Programa Paso a Paso, Honduras<br \/>Asociaci\u00f3n Intermunicipal de Desarrollo y Vigilancia Social de Honduras \u2013 AIDEVISH, Honduras<br \/>Entreculturas<br \/>Promise Institute for Human Rights, UCLA School of Law, Estados Unidos<br \/>Atlantic Region Solidarity Network<br \/>Equipo Jur\u00eddico por los Derechos Humanos \u2013 ERIC \u2013 SJ. Honduras<br \/>Protection International Mesoam\u00e9rica<br \/>Atando realidades, Paraguay<br \/>Entramado Social por los Derechos Humanos, M\u00e9xico<br \/>Ra\u00edces, M\u00e9xico<br \/>Ayudando a Honduras Federaci\u00f3n Internacional por los Derechos Humanos (FIDH), en el marco del<br \/>Observatorio para la Protecci\u00f3n de los Derechos Humanos<br \/>Ra\u00edces Migrantes, Estados Unidos<br \/>Basoa_defendatzaileak, Casa de Defensoras, Espa\u00f1a<br \/>Escuela Educaci\u00f3n Popular Roger Ivan Bados<br \/>RECOMPAZ, Honduras<br \/>Be. Pe. Bienaventurados los Pobres<br \/>Federaci\u00f3n Sindical de Trabajadores de Agroindustria y Otros \u2013 FESTAGRO, Honduras<br \/>RECOMPAZ, Rep\u00fablica Dominicana<br \/>Biosfera Consciente, M\u00e9xico<br \/>Foro Centroamericano por la Igualdad, Regional<br \/>RECOMPAZ, Regional<br \/>Bios Iguana A. C.<br \/>Foro Honduras Suiza<br \/>Red Continental Cristiana por la Paz, Honduras<br \/>Bufete Justicia para los Pueblos \u2013 BJP, Honduras Foro Social de la Deuda Externa y Desarrollo de<br \/>Honduras<br \/>Red de Mujeres del Consejo Ind\u00edgena Lenca de Reitoca, Honduras<br \/>C-LIBRE, Honduras<br \/>Francia Am\u00e9rica Latina &#8211; FAL<br \/>Red de Mujeres de El Progreso, Honduras<\/p>\n<p>Catholic Agency for Overseas Development \u2013 CAFOD<br \/>Frente de Soberan\u00eda Territorial Marale<br \/>Red de Sociedad Civil de Siguatepeque, Honduras<br \/>Campa\u00f1a Plurinacional en Defensa del Agua para la Vida<br \/>Frente Juvenil en Defensa de Tepoztl\u00e1n, Morelos, M\u00e9xico<br \/>Red de Trabajadoras Dom\u00e9sticas de Honduras<br \/>Canadian Jesuits International<br \/>Fundaci\u00f3n San Alonso Rodr\u00edguez \u2013 FSAR, Honduras<br \/>Red Departamental de Mujeres de Santa B\u00e1rbara<br \/>Caritas de Honduras, Di\u00f3cesis de La Ceiba<br \/>Fundaci\u00f3n Alboan, Honduras<br \/>Red Iglesias y Miner\u00eda, Ecuador<br \/>Casa &#8220;El Emigrante&#8221;, Honduras<br \/>Fundaci\u00f3n Universitaria Bautista, Honduras<br \/>Red Jesuita con Migrantes, Hegional<br \/>Casa del Migrante Sin Fronteras, M\u00e9xico<br \/>Fundaci\u00f3n para la Paz, Regional<br \/>Red Jesuita con Migrantes, Regional<br \/>Centro Nacional de Ayuda a las Misiones Ind\u00edgenas A.C \u2013 CENAMI, M\u00e9xico<br \/>GeoComunes, Honduras<br \/>Red MAK, M\u00e9xico<br \/>Centre Arrupe pour la Recherche et la Formation<br \/>Hermanas de la Misericordia &#8211; Oficina de Justicia, Washington, DC<br \/>Red Mexicana de Afectadas\/os por la Miner\u00eda, M\u00e9xico<br \/>Centro de Capacitaci\u00f3n Social<br \/>Hermanas de la Misericordia, Argentina<br \/>Red Mexicana por la Transparencia, M\u00e9xico<br \/>Centro de Estudio para la Democracia \u2013 CESPAD, Honduras<br \/>Honduras Delegation, Regional<br \/>Red Nacional de Defensoras de Derechos Humanos &#8211; M\u00e9xico<br \/>Centro de Investigaci\u00f3n y Documentaci\u00f3n Chile-Am\u00e9rica Latina (FDCL e.V.)<br \/>Iglesia Cat\u00f3lica, Estados Unidos<br \/>Red Nacional de Defensoras de Derechos humanos en honduras<br \/>Centro de Investigaci\u00f3n y Promoci\u00f3n de los Derechos Humanos \u2013 CIPRODEH, Honduras<br \/>Iglesia Cat\u00f3lica, Honduras<br \/>Red Nacional de Comunidades Afectadas por la Miner\u00eda \u2013 RENACAMIH, Honduras<br \/>Centroam\u00e9rica Libre. Regional<br \/>Iglesia Cat\u00f3lica, M\u00e9xico<br \/>Red Latinoamericana por los Derechos de las Juventudes, Regional<br \/>Centro de Prevenci\u00f3n Tratamiento y Rehabilitaci\u00f3n de las V\u00edctimas de la Tortura y sus Familiares \u2013<br \/>CPTRT, Honduras<br \/>Iglesia Cat\u00f3lica, Nicaragua<br \/>Red Latinoamericana en Defensa de las Democracias, Regional<br \/>Centro de Estudios Latinoamericanos, Regional<br \/>Iglesia Ecum\u00e9nica en las Am\u00e9ricas<br \/>Revive M\u00e9xico AC<br \/>Centro de Recursos Centroamericano &#8211; CARECEN-LA Institute for Policy Studies &#8211; Global Economy<br \/>Program, Honduras<br \/>Robert F. Kennedy Human Rights, Estados Unidos<br \/>National Lawyers Guild, International Committee<br \/>Centro Hondure\u00f1o de Promoci\u00f3n para el Desarrollo Comunitario \u2013 CEHPRODEC, Honduras Instituto de<br \/>Abogados para la Protecci\u00f3n del Medio Ambiente \u2013 INSAPROMA. Honduras<br \/>Salvemos el R\u00edo Danto, Honduras<br \/>Centro Nacional de Ayuda a las Misiones Ind\u00edgenas, A.C. \u2013 CENAMI, M\u00e9xico<\/p>\n<p>J\u00f3venes Artesanos de la Paz, Estados Unidos<br \/>SERSO-IHER, Honduras<br \/>CIVICUS World Alliance<br \/>Justicia, Paz e Integridad de la Creaci\u00f3n \u2013 JPIC, Espa\u00f1a<br \/>SHARE Foundation, Estados Unidos<br \/>Cl\u00ednica de Derechos Humanos, Escuela de Derecho de la Universidad de Virginia<br \/>Justicia, Paz e Integridad de la Creaci\u00f3n \u2013 JPIC, Honduras<br \/>Sindicato de Empleados del IP<br \/>Centro Nacional de Trabajadores de Campo \u2013 CNTC, Argentina<br \/>Justice in Mining &#8211; Global Ignatian Advocacy Network, Internacional<br \/>Sindicato de Trabajadores de la Empresa Delta Cortes, Honduras<br \/>Centro Nacional de Trabajadores de Campo \u2013 CNTC, Honduras<br \/>Las Juntadas, Honduras<br \/>Sitraina, Seccional n\u00famero 3, Aguan<br \/>Centro Nacional de Trabajadoras del Hogar \u2013 CNTH, M\u00e9xico<br \/>Libertas AC, M\u00e9xico<br \/>Sindicato de Trabajadores del FUNA &#8211; STFUNA<br \/>Centro de Estudios Centroamericanos, Regional<br \/>Las Libres, M\u00e9xico<br \/>Sindicato de Trabajadores del INCAP &#8211; STINCAP<br \/>Coalici\u00f3n Ambientalista \u2013 COPAN, Espa\u00f1a<br \/>Latin America Task Force of Interfaith Council for Peace &amp; Justice, Estados Unidos<br \/>Sindicato de Trabajadores del INFOP \u2013 SITRAINFOP, Honduras<br \/>Centro para el Desarrollo Integral de la Mujer Campesina \u2013 CODIMCA, Honduras<br \/>Latin America Working Group \u2013 LAWG. Regional<br \/>Sindicato de Trabajadores de Servicios Municipales \u2013 SITRASEMCA, Honduras<br \/>Centro por la Justicia y el Derecho Internacional \u2013 CEJIL<br \/>M-11-J. Ama la Bandera, Puerto Rico<br \/>Solidaridad y Misi\u00f3n &#8211; Claretianos<br \/>CIVICUS, Regional<br \/>M\u00e1s Derechos, M\u00e9xico<br \/>Solidaridad Ecum\u00e9nica por los Derechos Humanos, Ecuador<br \/>Comit\u00e9 de Familiares de Detenidos Desaparecidos en Honduras \u2013 COFADEH, Honduras<br \/>Mesa Nacional de Incidencia para la Gesti\u00f3n del Riesgo. Regi\u00f3n Centro &#8211; MNIGR-RC, Honduras<br \/>Solidaridad y Misi\u00f3n de los Misioneros Claretianos de Am\u00e9rica con presencia en la ONU<br \/>Colectivo Cadena de Derechos Humanos Honduras \u2013 CADEHO<br \/>Misioneros Claretianos, Honduras<br \/>Sindicato de Trabajadores del Instituto Nacional Agrario \u2013 STRAINA, Honduras<br \/>Colectivo de Abogados y Abogadas &#8220;Jos\u00e9 Alvear Restrepo&#8221;<br \/>Movimiento Social Organizado &#8211; MOSO-FECOPALA, Honduras<br \/>Todos por la Transparencia, M\u00e9xico<br \/>Colectivo de Derechos Humanos \u201cHerbert Anaya Sanabria\u201d<br \/>Movimiento Ambientalista Santabarbarense \u2013 MAS, Honduras<br \/>Tribu Tolupan Agalteca<br \/>Colegio de Pedagogos de Honduras, COLPEDAGOGOSH<br \/>Movimiento Amplio por la Dignidad y Justicia \u2013 MADJ, Honduras<br \/>Tr\u00f3caire en Honduras<br \/>Comit\u00e9 Ambiental de Guapinol<br \/>Movimiento Humanista, Costa Rica<br \/>Unidad de Denfensa de Derechos Humanos, Per\u00fa<br \/>Comit\u00e9 Municipal de Defensa de Bienes Comunes y P\u00fablicos de Tocoa<br \/>Movimiento Independiente Ind\u00edgena Lenca de La Paz Honduras &#8211; MILPAH<br \/>Unidad de Protecci\u00f3n a Defensoras y Defensores de Derechos Humanos &#8211; Guatemala<br \/>Comit\u00e9 Ambiental Sector San Pedro<\/p>\n<p>MURIPAZ, Honduras<br \/>Unitarian Universalist Service Committee (UUSC), Estados Unidos<br \/>Comit\u00e9 Municipal de Saneamiento de Microcuencas de Sonaguera<br \/>National Lawyers&#8217; Guild-San Francisco Bay Area Chapter, Estados Unidos<br \/>Universidad La Paz, Bolivia<br \/>Comit\u00e9 Cantonal en Defensa de los Bienes Comunes, Costa Rica<br \/>Naxihi Na Xinxe Na xihi Mujeres en defensa de la mujer A.C, Mexico<br \/>Universidad Centroamericana Jos\u00e9 Sime\u00f3n Ca\u00f1as, El Salvador<br \/>Comit\u00e9 para los derechos Humanos en Am\u00e9rica Latina, Costa Rica<br \/>New York CISPES. Estados Unidos<br \/>We Lead, Honduras<br \/>Comit\u00e9 de Defensa de la Naturaleza, Orocuina Choluteca, Honduras<br \/>National Lawyers&#8217; Guild \u2013 Mesoamerica<br \/>We Lead, M\u00e9xico<br \/>Comunidad Kawesqar Atap, Argentina<br \/>Ocasha &#8211; Cristianos con el Sur, Honduras<br \/>We Lead, Regional<br \/>Comunidad Kawesqar, Grupos familiares Nomades del Mar, Chile<br \/>Organismo Cristiano de Desarrollo Integral de Honduras \u2013 OCDIH, Honduras<br \/>Working Ocean Strategies, Estados Unidos<br \/>Consejo Ind\u00edgena Lenca Mesa Grande Santa Ana &#8211; COILMESA<br \/>Oficina Ecum\u00e9nica por la Paz y la Justicia<br \/>Centralamerica Working Groupm Estados Unidos<br \/>Consejo Ind\u00edgena Lenca Tierras del Padre<br \/>Organizaci\u00f3n Fraternal Negra Hondure\u00f1a \u2013 OFRANEH, Honduras<br \/>Xristos Community Society<\/p>\n","protected":false},"excerpt":{"rendered":"<p>El Observatorio por la Justicia de los Defensores del R\u00edo Guapinol y m\u00e1s de 220 organizaciones nacionales e internacionales requieren al Estado de Honduras a implementar medidas contundentes para revertir violencia sostenida contra las comunidades de Guapinol, el Sector San Pedro y el Municipio de Tocoa.<\/p>\n","protected":false},"featured_media":7021,"template":"single-noticia","meta":{"_acf_changed":false},"categories":[7],"tags":[256],"country":[146],"cause":[131],"class_list":["post-7022","noticia","type-noticia","status-publish","has-post-thumbnail","hentry","category-noticia","tag-justicia-socioambiental","country-honduras","cause-justicia-medioambiental"],"acf":[],"yoast_head":"<!-- This site is optimized with the Yoast SEO Premium plugin v21.6 (Yoast SEO v27.5) - https:\/\/yoast.com\/product\/yoast-seo-premium-wordpress\/ -->\n<title>El Observatorio por la Justicia de los Defensores del R\u00edo Guapinol y m\u00e1s de 220 organizaciones nacionales e internacionales requieren al Estado de Honduras a implementar medidas contundentes para revertir violencia sostenida contra las comunidades de Guap - Entreculturas<\/title>\n<meta name=\"robots\" content=\"index, follow, max-snippet:-1, max-image-preview:large, max-video-preview:-1\" \/>\n<link rel=\"canonical\" href=\"https:\/\/www.entreculturas.org\/ca\/noticia\/el-observatorio-por-la-justicia-de-los-defensores-del-rio-guapinol-y-mas-de-220\/\" \/>\n<meta property=\"og:locale\" content=\"ca_ES\" \/>\n<meta property=\"og:type\" content=\"article\" \/>\n<meta property=\"og:title\" content=\"El Observatorio por la Justicia de los Defensores del R\u00edo Guapinol y m\u00e1s de 220 organizaciones nacionales e internacionales requieren al Estado de Honduras a implementar medidas contundentes para revertir violencia sostenida contra las comunidades de Guap\" \/>\n<meta property=\"og:description\" content=\"El Observatorio por la Justicia de los Defensores del R\u00edo Guapinol y m\u00e1s de 220 organizaciones nacionales e internacionales requieren al Estado de Honduras a implementar medidas contundentes para revertir violencia sostenida contra las comunidades de Guapinol, el Sector San Pedro y el Municipio de Tocoa.\" \/>\n<meta property=\"og:url\" content=\"https:\/\/www.entreculturas.org\/ca\/noticia\/el-observatorio-por-la-justicia-de-los-defensores-del-rio-guapinol-y-mas-de-220\/\" \/>\n<meta property=\"og:site_name\" content=\"Entreculturas\" \/>\n<meta property=\"article:publisher\" content=\"https:\/\/www.facebook.com\/entreculturas\" \/>\n<meta property=\"article:modified_time\" content=\"2024-02-14T14:46:56+00:00\" \/>\n<meta property=\"og:image\" content=\"https:\/\/www.entreculturas.org\/wp-content\/uploads\/2023\/07\/afiche_final_1_0.jpg\" \/>\n\t<meta property=\"og:image:width\" content=\"1600\" \/>\n\t<meta property=\"og:image:height\" content=\"900\" \/>\n\t<meta property=\"og:image:type\" content=\"image\/jpeg\" \/>\n<meta name=\"twitter:card\" content=\"summary_large_image\" \/>\n<meta name=\"twitter:site\" content=\"@Entreculturas\" \/>\n<script type=\"application\/ld+json\" class=\"yoast-schema-graph\">{\"@context\":\"https:\\\/\\\/schema.org\",\"@graph\":[{\"@type\":\"WebPage\",\"@id\":\"https:\\\/\\\/www.entreculturas.org\\\/ca\\\/noticia\\\/el-observatorio-por-la-justicia-de-los-defensores-del-rio-guapinol-y-mas-de-220\\\/\",\"url\":\"https:\\\/\\\/www.entreculturas.org\\\/ca\\\/noticia\\\/el-observatorio-por-la-justicia-de-los-defensores-del-rio-guapinol-y-mas-de-220\\\/\",\"name\":\"El Observatorio por la Justicia de los Defensores del R\u00edo Guapinol y m\u00e1s de 220 organizaciones nacionales e internacionales requieren al Estado de Honduras a implementar medidas contundentes para revertir violencia sostenida contra las comunidades de Guap - Entreculturas\",\"isPartOf\":{\"@id\":\"https:\\\/\\\/www.entreculturas.org\\\/ca\\\/#website\"},\"primaryImageOfPage\":{\"@id\":\"https:\\\/\\\/www.entreculturas.org\\\/ca\\\/noticia\\\/el-observatorio-por-la-justicia-de-los-defensores-del-rio-guapinol-y-mas-de-220\\\/#primaryimage\"},\"image\":{\"@id\":\"https:\\\/\\\/www.entreculturas.org\\\/ca\\\/noticia\\\/el-observatorio-por-la-justicia-de-los-defensores-del-rio-guapinol-y-mas-de-220\\\/#primaryimage\"},\"thumbnailUrl\":\"https:\\\/\\\/www.entreculturas.org\\\/wp-content\\\/uploads\\\/2023\\\/07\\\/afiche_final_1_0.jpg\",\"datePublished\":\"2023-07-03T10:09:31+00:00\",\"dateModified\":\"2024-02-14T14:46:56+00:00\",\"breadcrumb\":{\"@id\":\"https:\\\/\\\/www.entreculturas.org\\\/ca\\\/noticia\\\/el-observatorio-por-la-justicia-de-los-defensores-del-rio-guapinol-y-mas-de-220\\\/#breadcrumb\"},\"inLanguage\":\"ca\",\"potentialAction\":[{\"@type\":\"ReadAction\",\"target\":[\"https:\\\/\\\/www.entreculturas.org\\\/ca\\\/noticia\\\/el-observatorio-por-la-justicia-de-los-defensores-del-rio-guapinol-y-mas-de-220\\\/\"]}]},{\"@type\":\"ImageObject\",\"inLanguage\":\"ca\",\"@id\":\"https:\\\/\\\/www.entreculturas.org\\\/ca\\\/noticia\\\/el-observatorio-por-la-justicia-de-los-defensores-del-rio-guapinol-y-mas-de-220\\\/#primaryimage\",\"url\":\"https:\\\/\\\/www.entreculturas.org\\\/wp-content\\\/uploads\\\/2023\\\/07\\\/afiche_final_1_0.jpg\",\"contentUrl\":\"https:\\\/\\\/www.entreculturas.org\\\/wp-content\\\/uploads\\\/2023\\\/07\\\/afiche_final_1_0.jpg\",\"width\":1600,\"height\":900,\"caption\":\"afiche_final_1\"},{\"@type\":\"BreadcrumbList\",\"@id\":\"https:\\\/\\\/www.entreculturas.org\\\/ca\\\/noticia\\\/el-observatorio-por-la-justicia-de-los-defensores-del-rio-guapinol-y-mas-de-220\\\/#breadcrumb\",\"itemListElement\":[{\"@type\":\"ListItem\",\"position\":1,\"name\":\"Home\",\"item\":\"https:\\\/\\\/www.entreculturas.org\\\/ca\\\/\"},{\"@type\":\"ListItem\",\"position\":2,\"name\":\"Noticias\",\"item\":\"https:\\\/\\\/www.entreculturas.org\\\/ca\\\/noticias\\\/\"},{\"@type\":\"ListItem\",\"position\":3,\"name\":\"El Observatorio por la Justicia de los Defensores del R\u00edo Guapinol y m\u00e1s de 220 organizaciones nacionales e internacionales requieren al Estado de Honduras a implementar medidas contundentes para revertir violencia sostenida contra las comunidades de Guap\"}]},{\"@type\":\"WebSite\",\"@id\":\"https:\\\/\\\/www.entreculturas.org\\\/ca\\\/#website\",\"url\":\"https:\\\/\\\/www.entreculturas.org\\\/ca\\\/\",\"name\":\"Entreculturas\",\"description\":\"\",\"publisher\":{\"@id\":\"https:\\\/\\\/www.entreculturas.org\\\/ca\\\/#organization\"},\"alternateName\":\"Entreculturas\",\"potentialAction\":[{\"@type\":\"SearchAction\",\"target\":{\"@type\":\"EntryPoint\",\"urlTemplate\":\"https:\\\/\\\/www.entreculturas.org\\\/ca\\\/?s={search_term_string}\"},\"query-input\":{\"@type\":\"PropertyValueSpecification\",\"valueRequired\":true,\"valueName\":\"search_term_string\"}}],\"inLanguage\":\"ca\"},{\"@type\":\"Organization\",\"@id\":\"https:\\\/\\\/www.entreculturas.org\\\/ca\\\/#organization\",\"name\":\"Entreculturas\",\"url\":\"https:\\\/\\\/www.entreculturas.org\\\/ca\\\/\",\"logo\":{\"@type\":\"ImageObject\",\"inLanguage\":\"ca\",\"@id\":\"https:\\\/\\\/www.entreculturas.org\\\/ca\\\/#\\\/schema\\\/logo\\\/image\\\/\",\"url\":\"https:\\\/\\\/www.entreculturas.org\\\/wp-content\\\/uploads\\\/2025\\\/10\\\/ESP.svg\",\"contentUrl\":\"https:\\\/\\\/www.entreculturas.org\\\/wp-content\\\/uploads\\\/2025\\\/10\\\/ESP.svg\",\"caption\":\"Entreculturas\"},\"image\":{\"@id\":\"https:\\\/\\\/www.entreculturas.org\\\/ca\\\/#\\\/schema\\\/logo\\\/image\\\/\"},\"sameAs\":[\"https:\\\/\\\/www.facebook.com\\\/entreculturas\",\"https:\\\/\\\/x.com\\\/Entreculturas\",\"https:\\\/\\\/www.instagram.com\\\/entreculturas\\\/\",\"https:\\\/\\\/www.youtube.com\\\/user\\\/entreculturasvideo\",\"https:\\\/\\\/www.linkedin.com\\\/company\\\/fundacion-entreculturas-ngdo\\\/\",\"https:\\\/\\\/www.flickr.com\\\/photos\\\/98455522@N04\\\/albums\\\/\"]}]}<\/script>\n<!-- \/ Yoast SEO Premium plugin. -->","yoast_head_json":{"title":"El Observatorio por la Justicia de los Defensores del R\u00edo Guapinol y m\u00e1s de 220 organizaciones nacionales e internacionales requieren al Estado de Honduras a implementar medidas contundentes para revertir violencia sostenida contra las comunidades de Guap - Entreculturas","robots":{"index":"index","follow":"follow","max-snippet":"max-snippet:-1","max-image-preview":"max-image-preview:large","max-video-preview":"max-video-preview:-1"},"canonical":"https:\/\/www.entreculturas.org\/ca\/noticia\/el-observatorio-por-la-justicia-de-los-defensores-del-rio-guapinol-y-mas-de-220\/","og_locale":"ca_ES","og_type":"article","og_title":"El Observatorio por la Justicia de los Defensores del R\u00edo Guapinol y m\u00e1s de 220 organizaciones nacionales e internacionales requieren al Estado de Honduras a implementar medidas contundentes para revertir violencia sostenida contra las comunidades de Guap","og_description":"El Observatorio por la Justicia de los Defensores del R\u00edo Guapinol y m\u00e1s de 220 organizaciones nacionales e internacionales requieren al Estado de Honduras a implementar medidas contundentes para revertir violencia sostenida contra las comunidades de Guapinol, el Sector San Pedro y el Municipio de Tocoa.","og_url":"https:\/\/www.entreculturas.org\/ca\/noticia\/el-observatorio-por-la-justicia-de-los-defensores-del-rio-guapinol-y-mas-de-220\/","og_site_name":"Entreculturas","article_publisher":"https:\/\/www.facebook.com\/entreculturas","article_modified_time":"2024-02-14T14:46:56+00:00","og_image":[{"width":1600,"height":900,"url":"https:\/\/www.entreculturas.org\/wp-content\/uploads\/2023\/07\/afiche_final_1_0.jpg","type":"image\/jpeg"}],"twitter_card":"summary_large_image","twitter_site":"@Entreculturas","schema":{"@context":"https:\/\/schema.org","@graph":[{"@type":"WebPage","@id":"https:\/\/www.entreculturas.org\/ca\/noticia\/el-observatorio-por-la-justicia-de-los-defensores-del-rio-guapinol-y-mas-de-220\/","url":"https:\/\/www.entreculturas.org\/ca\/noticia\/el-observatorio-por-la-justicia-de-los-defensores-del-rio-guapinol-y-mas-de-220\/","name":"El Observatorio por la Justicia de los Defensores del R\u00edo Guapinol y m\u00e1s de 220 organizaciones nacionales e internacionales requieren al Estado de Honduras a implementar medidas contundentes para revertir violencia sostenida contra las comunidades de Guap - Entreculturas","isPartOf":{"@id":"https:\/\/www.entreculturas.org\/ca\/#website"},"primaryImageOfPage":{"@id":"https:\/\/www.entreculturas.org\/ca\/noticia\/el-observatorio-por-la-justicia-de-los-defensores-del-rio-guapinol-y-mas-de-220\/#primaryimage"},"image":{"@id":"https:\/\/www.entreculturas.org\/ca\/noticia\/el-observatorio-por-la-justicia-de-los-defensores-del-rio-guapinol-y-mas-de-220\/#primaryimage"},"thumbnailUrl":"https:\/\/www.entreculturas.org\/wp-content\/uploads\/2023\/07\/afiche_final_1_0.jpg","datePublished":"2023-07-03T10:09:31+00:00","dateModified":"2024-02-14T14:46:56+00:00","breadcrumb":{"@id":"https:\/\/www.entreculturas.org\/ca\/noticia\/el-observatorio-por-la-justicia-de-los-defensores-del-rio-guapinol-y-mas-de-220\/#breadcrumb"},"inLanguage":"ca","potentialAction":[{"@type":"ReadAction","target":["https:\/\/www.entreculturas.org\/ca\/noticia\/el-observatorio-por-la-justicia-de-los-defensores-del-rio-guapinol-y-mas-de-220\/"]}]},{"@type":"ImageObject","inLanguage":"ca","@id":"https:\/\/www.entreculturas.org\/ca\/noticia\/el-observatorio-por-la-justicia-de-los-defensores-del-rio-guapinol-y-mas-de-220\/#primaryimage","url":"https:\/\/www.entreculturas.org\/wp-content\/uploads\/2023\/07\/afiche_final_1_0.jpg","contentUrl":"https:\/\/www.entreculturas.org\/wp-content\/uploads\/2023\/07\/afiche_final_1_0.jpg","width":1600,"height":900,"caption":"afiche_final_1"},{"@type":"BreadcrumbList","@id":"https:\/\/www.entreculturas.org\/ca\/noticia\/el-observatorio-por-la-justicia-de-los-defensores-del-rio-guapinol-y-mas-de-220\/#breadcrumb","itemListElement":[{"@type":"ListItem","position":1,"name":"Home","item":"https:\/\/www.entreculturas.org\/ca\/"},{"@type":"ListItem","position":2,"name":"Noticias","item":"https:\/\/www.entreculturas.org\/ca\/noticias\/"},{"@type":"ListItem","position":3,"name":"El Observatorio por la Justicia de los Defensores del R\u00edo Guapinol y m\u00e1s de 220 organizaciones nacionales e internacionales requieren al Estado de Honduras a implementar medidas contundentes para revertir violencia sostenida contra las comunidades de Guap"}]},{"@type":"WebSite","@id":"https:\/\/www.entreculturas.org\/ca\/#website","url":"https:\/\/www.entreculturas.org\/ca\/","name":"Entreculturas","description":"","publisher":{"@id":"https:\/\/www.entreculturas.org\/ca\/#organization"},"alternateName":"Entreculturas","potentialAction":[{"@type":"SearchAction","target":{"@type":"EntryPoint","urlTemplate":"https:\/\/www.entreculturas.org\/ca\/?s={search_term_string}"},"query-input":{"@type":"PropertyValueSpecification","valueRequired":true,"valueName":"search_term_string"}}],"inLanguage":"ca"},{"@type":"Organization","@id":"https:\/\/www.entreculturas.org\/ca\/#organization","name":"Entreculturas","url":"https:\/\/www.entreculturas.org\/ca\/","logo":{"@type":"ImageObject","inLanguage":"ca","@id":"https:\/\/www.entreculturas.org\/ca\/#\/schema\/logo\/image\/","url":"https:\/\/www.entreculturas.org\/wp-content\/uploads\/2025\/10\/ESP.svg","contentUrl":"https:\/\/www.entreculturas.org\/wp-content\/uploads\/2025\/10\/ESP.svg","caption":"Entreculturas"},"image":{"@id":"https:\/\/www.entreculturas.org\/ca\/#\/schema\/logo\/image\/"},"sameAs":["https:\/\/www.facebook.com\/entreculturas","https:\/\/x.com\/Entreculturas","https:\/\/www.instagram.com\/entreculturas\/","https:\/\/www.youtube.com\/user\/entreculturasvideo","https:\/\/www.linkedin.com\/company\/fundacion-entreculturas-ngdo\/","https:\/\/www.flickr.com\/photos\/98455522@N04\/albums\/"]}]}},"_links":{"self":[{"href":"https:\/\/www.entreculturas.org\/ca\/wp-json\/wp\/v2\/noticia\/7022","targetHints":{"allow":["GET"]}}],"collection":[{"href":"https:\/\/www.entreculturas.org\/ca\/wp-json\/wp\/v2\/noticia"}],"about":[{"href":"https:\/\/www.entreculturas.org\/ca\/wp-json\/wp\/v2\/types\/noticia"}],"wp:featuredmedia":[{"embeddable":true,"href":"https:\/\/www.entreculturas.org\/ca\/wp-json\/wp\/v2\/media\/7021"}],"wp:attachment":[{"href":"https:\/\/www.entreculturas.org\/ca\/wp-json\/wp\/v2\/media?parent=7022"}],"wp:term":[{"taxonomy":"category","embeddable":true,"href":"https:\/\/www.entreculturas.org\/ca\/wp-json\/wp\/v2\/categories?post=7022"},{"taxonomy":"post_tag","embeddable":true,"href":"https:\/\/www.entreculturas.org\/ca\/wp-json\/wp\/v2\/tags?post=7022"},{"taxonomy":"country","embeddable":true,"href":"https:\/\/www.entreculturas.org\/ca\/wp-json\/wp\/v2\/country?post=7022"},{"taxonomy":"cause","embeddable":true,"href":"https:\/\/www.entreculturas.org\/ca\/wp-json\/wp\/v2\/cause?post=7022"}],"curies":[{"name":"wp","href":"https:\/\/api.w.org\/{rel}","templated":true}]}}