{"id":6999,"date":"2023-06-28T08:35:18","date_gmt":"2023-06-28T08:35:18","guid":{"rendered":"https:\/\/entreculturasi.wpenginepowered.com\/?noticias=viajamos-con-3-profesionales-de-sedatex-guatemala-para-impartir-formaciones-los-alumnos-y"},"modified":"2024-02-14T15:44:06","modified_gmt":"2024-02-14T14:44:06","slug":"viajamos-con-3-profesionales-de-sedatex-guatemala-para-impartir-formaciones-los-alumnos-y","status":"publish","type":"noticia","link":"https:\/\/www.entreculturas.org\/ca\/noticia\/viajamos-con-3-profesionales-de-sedatex-guatemala-para-impartir-formaciones-los-alumnos-y\/","title":{"rendered":"Viajamos con 3 profesionales de Sedatex a Guatemala para impartir formaciones a los alumnos y alumnas del Centro Fe y Alegr\u00eda n\u00ba10 de Santa Mar\u00eda de Jocot\u00e1n"},"content":{"rendered":"<\/p>\n<p><strong>Programa Tejiendo Futuros: Apoyo a la formaci\u00f3n textil en Guatemala y Venezuela<\/strong><\/p>\n<p>Durante la semana pasada, del <strong>4 al 11 de junio<\/strong>, tres profesionales de Sedatex viajaron a <strong>Guatemala<\/strong> para conocer&nbsp;el proyecto al que apoya la empresa en el departamento de Chiquimula, en la zona oriente del pa\u00eds. El proyecto se lleva a cabo&nbsp;en el marco&nbsp;del programa de colaboraci\u00f3n de&nbsp;<strong>Sedatex<\/strong>&nbsp;con Entreculturas denominado<strong>&nbsp;Tejiendo Futuros<\/strong>&nbsp;con el que se brinda apoyo a la formaci\u00f3n textil de j\u00f3venes en riesgo de exclusi\u00f3n en Guatemala y Venezuela.&nbsp;Las profesionales impartieron talleres de formaci\u00f3n en el sector textil a los y las estudiantes del centro Fe y Alegr\u00eda n\u00ba10 de Santa Mar\u00eda de Jocot\u00e1n.&nbsp;El viaje no lo han hecho solas. El equipo de<strong> Entreculturas y Fe y Alegr\u00eda Guatemala<\/strong>&nbsp;las han acompa\u00f1ado en este viaje.<\/p>\n<p>Sedatex no solo aporta financiaci\u00f3n, sino que tambi\u00e9n brinda recursos y conocimientos a este proyecto de colaboraci\u00f3n. De esta manera, se generan <strong>oportunidades<\/strong> \u00fanicas para j\u00f3venes de escasos recursos en zonas rurales de Guatemala.<\/p>\n<p><img decoding=\"async\" alt=\"\" src=\"https:\/\/www.entreculturas.org\/wp-content\/uploads\/2023\/06\/whatsapp_image_2023-06-12_at_13.29.22_4.jpeg\" style=\"width: 800px;height: 600px\"><\/p>\n<p><strong>Formaciones especializadas para los y las estudiantes<\/strong><\/p>\n<p>Durante una semana, Andrea Sarmiento, Encarna Navarro y Berta Puig, formaron un equipo para impartir <strong>formaciones<\/strong> a los y las estudiantes del centro. Estas formaciones incluyeron temas como la calidad de los tejidos y estampados, estrategias de <strong>marketing <\/strong>y <strong>habilidades laborales<\/strong>. Adem\u00e1s, Sedatex proporcion\u00f3 telas y patrones para que los estudiantes pudieran aplicar lo aprendido en los talleres.<\/p>\n<p>Esta iniciativa conjunta demuestra el <strong>compromiso<\/strong> de Sedatex y Entreculturas con la educaci\u00f3n y el desarrollo de habilidades en el sector textil, brindando <strong>oportunidades <\/strong>valiosas a j\u00f3venes en situaci\u00f3n de vulnerabilidad en Guatemala. <strong>Alianzas<\/strong> como \u00e9sta refuerzan el papel de la empresa como actor esencial del cambio y reflejan la importancia del trabajo conjunto del sector privado y el tercer sector.<\/p>\n<p><img decoding=\"async\" alt=\"\" height=\"1024\" src=\"https:\/\/www.entreculturas.org\/wp-content\/uploads\/2023\/06\/whatsapp_image_2023-06-12_at_13.29.22_9.jpeg\" width=\"768\"><\/p>\n<p><img decoding=\"async\" alt=\"\" height=\"1024\" src=\"https:\/\/www.entreculturas.org\/wp-content\/uploads\/2023\/06\/whatsapp_image_2023-06-12_at_13.29.22_8.jpeg\" width=\"768\"><\/p>\n","protected":false},"excerpt":{"rendered":"<p>Durante la semana pasada, del 4 al 11 de junio, tres profesionales de Sedatex viajaron a Guatemala para conocer el proyecto al que apoya la empresa en el departamento de Chiquimula, en la zona oriente del pa\u00eds. El proyecto se lleva a cabo en el marco del programa de colaboraci\u00f3n de Sedatex con Entreculturas denominado Tejiendo Futuros con el que se brinda apoyo a la formaci\u00f3n textil de j\u00f3venes en riesgo de exclusi\u00f3n en Guatemala y Venezuela.<\/p>\n","protected":false},"featured_media":6995,"template":"single-noticia","meta":{"_acf_changed":false},"categories":[7],"tags":[196],"country":[150],"cause":[128],"class_list":["post-6999","noticia","type-noticia","status-publish","has-post-thumbnail","hentry","category-noticia","tag-rsc","country-guatemala","cause-educacion"],"acf":[],"yoast_head":"<!-- This site is optimized with the Yoast SEO Premium plugin v21.6 (Yoast SEO v27.5) - https:\/\/yoast.com\/product\/yoast-seo-premium-wordpress\/ -->\n<title>Viajamos con 3 profesionales de Sedatex a Guatemala para impartir formaciones a los alumnos y alumnas del Centro Fe y Alegr\u00eda n\u00ba10 de Santa Mar\u00eda de Jocot\u00e1n - Entreculturas<\/title>\n<meta name=\"robots\" content=\"index, follow, max-snippet:-1, max-image-preview:large, max-video-preview:-1\" \/>\n<link rel=\"canonical\" href=\"https:\/\/www.entreculturas.org\/ca\/noticia\/viajamos-con-3-profesionales-de-sedatex-guatemala-para-impartir-formaciones-los-alumnos-y\/\" \/>\n<meta property=\"og:locale\" content=\"ca_ES\" \/>\n<meta property=\"og:type\" content=\"article\" \/>\n<meta property=\"og:title\" content=\"Viajamos con 3 profesionales de Sedatex a Guatemala para impartir formaciones a los alumnos y alumnas del Centro Fe y Alegr\u00eda n\u00ba10 de Santa Mar\u00eda de Jocot\u00e1n\" \/>\n<meta property=\"og:description\" content=\"Durante la semana pasada, del 4 al 11 de junio, tres profesionales de Sedatex viajaron a Guatemala para conocer el proyecto al que apoya la empresa en el departamento de Chiquimula, en la zona oriente del pa\u00eds. El proyecto se lleva a cabo en el marco del programa de colaboraci\u00f3n de Sedatex con Entreculturas denominado Tejiendo Futuros con el que se brinda apoyo a la formaci\u00f3n textil de j\u00f3venes en riesgo de exclusi\u00f3n en Guatemala y Venezuela.\" \/>\n<meta property=\"og:url\" content=\"https:\/\/www.entreculturas.org\/ca\/noticia\/viajamos-con-3-profesionales-de-sedatex-guatemala-para-impartir-formaciones-los-alumnos-y\/\" \/>\n<meta property=\"og:site_name\" content=\"Entreculturas\" \/>\n<meta property=\"article:publisher\" content=\"https:\/\/www.facebook.com\/entreculturas\" \/>\n<meta property=\"article:modified_time\" content=\"2024-02-14T14:44:06+00:00\" \/>\n<meta property=\"og:image\" content=\"https:\/\/www.entreculturas.org\/wp-content\/uploads\/2023\/06\/whatsapp_image_2023-06-08_at_01.57.46.jpeg\" \/>\n\t<meta property=\"og:image:width\" content=\"2048\" \/>\n\t<meta property=\"og:image:height\" content=\"1536\" \/>\n\t<meta property=\"og:image:type\" content=\"image\/jpeg\" \/>\n<meta name=\"twitter:card\" content=\"summary_large_image\" \/>\n<meta name=\"twitter:site\" content=\"@Entreculturas\" \/>\n<script type=\"application\/ld+json\" class=\"yoast-schema-graph\">{\"@context\":\"https:\\\/\\\/schema.org\",\"@graph\":[{\"@type\":\"WebPage\",\"@id\":\"https:\\\/\\\/www.entreculturas.org\\\/ca\\\/noticia\\\/viajamos-con-3-profesionales-de-sedatex-guatemala-para-impartir-formaciones-los-alumnos-y\\\/\",\"url\":\"https:\\\/\\\/www.entreculturas.org\\\/ca\\\/noticia\\\/viajamos-con-3-profesionales-de-sedatex-guatemala-para-impartir-formaciones-los-alumnos-y\\\/\",\"name\":\"Viajamos con 3 profesionales de Sedatex a Guatemala para impartir formaciones a los alumnos y alumnas del Centro Fe y Alegr\u00eda n\u00ba10 de Santa Mar\u00eda de Jocot\u00e1n - Entreculturas\",\"isPartOf\":{\"@id\":\"https:\\\/\\\/www.entreculturas.org\\\/ca\\\/#website\"},\"primaryImageOfPage\":{\"@id\":\"https:\\\/\\\/www.entreculturas.org\\\/ca\\\/noticia\\\/viajamos-con-3-profesionales-de-sedatex-guatemala-para-impartir-formaciones-los-alumnos-y\\\/#primaryimage\"},\"image\":{\"@id\":\"https:\\\/\\\/www.entreculturas.org\\\/ca\\\/noticia\\\/viajamos-con-3-profesionales-de-sedatex-guatemala-para-impartir-formaciones-los-alumnos-y\\\/#primaryimage\"},\"thumbnailUrl\":\"https:\\\/\\\/www.entreculturas.org\\\/wp-content\\\/uploads\\\/2023\\\/06\\\/whatsapp_image_2023-06-08_at_01.57.46.jpeg\",\"datePublished\":\"2023-06-28T08:35:18+00:00\",\"dateModified\":\"2024-02-14T14:44:06+00:00\",\"breadcrumb\":{\"@id\":\"https:\\\/\\\/www.entreculturas.org\\\/ca\\\/noticia\\\/viajamos-con-3-profesionales-de-sedatex-guatemala-para-impartir-formaciones-los-alumnos-y\\\/#breadcrumb\"},\"inLanguage\":\"ca\",\"potentialAction\":[{\"@type\":\"ReadAction\",\"target\":[\"https:\\\/\\\/www.entreculturas.org\\\/ca\\\/noticia\\\/viajamos-con-3-profesionales-de-sedatex-guatemala-para-impartir-formaciones-los-alumnos-y\\\/\"]}]},{\"@type\":\"ImageObject\",\"inLanguage\":\"ca\",\"@id\":\"https:\\\/\\\/www.entreculturas.org\\\/ca\\\/noticia\\\/viajamos-con-3-profesionales-de-sedatex-guatemala-para-impartir-formaciones-los-alumnos-y\\\/#primaryimage\",\"url\":\"https:\\\/\\\/www.entreculturas.org\\\/wp-content\\\/uploads\\\/2023\\\/06\\\/whatsapp_image_2023-06-08_at_01.57.46.jpeg\",\"contentUrl\":\"https:\\\/\\\/www.entreculturas.org\\\/wp-content\\\/uploads\\\/2023\\\/06\\\/whatsapp_image_2023-06-08_at_01.57.46.jpeg\",\"width\":2048,\"height\":1536},{\"@type\":\"BreadcrumbList\",\"@id\":\"https:\\\/\\\/www.entreculturas.org\\\/ca\\\/noticia\\\/viajamos-con-3-profesionales-de-sedatex-guatemala-para-impartir-formaciones-los-alumnos-y\\\/#breadcrumb\",\"itemListElement\":[{\"@type\":\"ListItem\",\"position\":1,\"name\":\"Home\",\"item\":\"https:\\\/\\\/www.entreculturas.org\\\/ca\\\/\"},{\"@type\":\"ListItem\",\"position\":2,\"name\":\"Noticias\",\"item\":\"https:\\\/\\\/www.entreculturas.org\\\/ca\\\/noticias\\\/\"},{\"@type\":\"ListItem\",\"position\":3,\"name\":\"Viajamos con 3 profesionales de Sedatex a Guatemala para impartir formaciones a los alumnos y alumnas del Centro Fe y Alegr\u00eda n\u00ba10 de Santa Mar\u00eda de Jocot\u00e1n\"}]},{\"@type\":\"WebSite\",\"@id\":\"https:\\\/\\\/www.entreculturas.org\\\/ca\\\/#website\",\"url\":\"https:\\\/\\\/www.entreculturas.org\\\/ca\\\/\",\"name\":\"Entreculturas\",\"description\":\"\",\"publisher\":{\"@id\":\"https:\\\/\\\/www.entreculturas.org\\\/ca\\\/#organization\"},\"alternateName\":\"Entreculturas\",\"potentialAction\":[{\"@type\":\"SearchAction\",\"target\":{\"@type\":\"EntryPoint\",\"urlTemplate\":\"https:\\\/\\\/www.entreculturas.org\\\/ca\\\/?s={search_term_string}\"},\"query-input\":{\"@type\":\"PropertyValueSpecification\",\"valueRequired\":true,\"valueName\":\"search_term_string\"}}],\"inLanguage\":\"ca\"},{\"@type\":\"Organization\",\"@id\":\"https:\\\/\\\/www.entreculturas.org\\\/ca\\\/#organization\",\"name\":\"Entreculturas\",\"url\":\"https:\\\/\\\/www.entreculturas.org\\\/ca\\\/\",\"logo\":{\"@type\":\"ImageObject\",\"inLanguage\":\"ca\",\"@id\":\"https:\\\/\\\/www.entreculturas.org\\\/ca\\\/#\\\/schema\\\/logo\\\/image\\\/\",\"url\":\"https:\\\/\\\/www.entreculturas.org\\\/wp-content\\\/uploads\\\/2025\\\/10\\\/ESP.svg\",\"contentUrl\":\"https:\\\/\\\/www.entreculturas.org\\\/wp-content\\\/uploads\\\/2025\\\/10\\\/ESP.svg\",\"caption\":\"Entreculturas\"},\"image\":{\"@id\":\"https:\\\/\\\/www.entreculturas.org\\\/ca\\\/#\\\/schema\\\/logo\\\/image\\\/\"},\"sameAs\":[\"https:\\\/\\\/www.facebook.com\\\/entreculturas\",\"https:\\\/\\\/x.com\\\/Entreculturas\",\"https:\\\/\\\/www.instagram.com\\\/entreculturas\\\/\",\"https:\\\/\\\/www.youtube.com\\\/user\\\/entreculturasvideo\",\"https:\\\/\\\/www.linkedin.com\\\/company\\\/fundacion-entreculturas-ngdo\\\/\",\"https:\\\/\\\/www.flickr.com\\\/photos\\\/98455522@N04\\\/albums\\\/\"]}]}<\/script>\n<!-- \/ Yoast SEO Premium plugin. -->","yoast_head_json":{"title":"Viajamos con 3 profesionales de Sedatex a Guatemala para impartir formaciones a los alumnos y alumnas del Centro Fe y Alegr\u00eda n\u00ba10 de Santa Mar\u00eda de Jocot\u00e1n - Entreculturas","robots":{"index":"index","follow":"follow","max-snippet":"max-snippet:-1","max-image-preview":"max-image-preview:large","max-video-preview":"max-video-preview:-1"},"canonical":"https:\/\/www.entreculturas.org\/ca\/noticia\/viajamos-con-3-profesionales-de-sedatex-guatemala-para-impartir-formaciones-los-alumnos-y\/","og_locale":"ca_ES","og_type":"article","og_title":"Viajamos con 3 profesionales de Sedatex a Guatemala para impartir formaciones a los alumnos y alumnas del Centro Fe y Alegr\u00eda n\u00ba10 de Santa Mar\u00eda de Jocot\u00e1n","og_description":"Durante la semana pasada, del 4 al 11 de junio, tres profesionales de Sedatex viajaron a Guatemala para conocer el proyecto al que apoya la empresa en el departamento de Chiquimula, en la zona oriente del pa\u00eds. El proyecto se lleva a cabo en el marco del programa de colaboraci\u00f3n de Sedatex con Entreculturas denominado Tejiendo Futuros con el que se brinda apoyo a la formaci\u00f3n textil de j\u00f3venes en riesgo de exclusi\u00f3n en Guatemala y Venezuela.","og_url":"https:\/\/www.entreculturas.org\/ca\/noticia\/viajamos-con-3-profesionales-de-sedatex-guatemala-para-impartir-formaciones-los-alumnos-y\/","og_site_name":"Entreculturas","article_publisher":"https:\/\/www.facebook.com\/entreculturas","article_modified_time":"2024-02-14T14:44:06+00:00","og_image":[{"width":2048,"height":1536,"url":"https:\/\/www.entreculturas.org\/wp-content\/uploads\/2023\/06\/whatsapp_image_2023-06-08_at_01.57.46.jpeg","type":"image\/jpeg"}],"twitter_card":"summary_large_image","twitter_site":"@Entreculturas","schema":{"@context":"https:\/\/schema.org","@graph":[{"@type":"WebPage","@id":"https:\/\/www.entreculturas.org\/ca\/noticia\/viajamos-con-3-profesionales-de-sedatex-guatemala-para-impartir-formaciones-los-alumnos-y\/","url":"https:\/\/www.entreculturas.org\/ca\/noticia\/viajamos-con-3-profesionales-de-sedatex-guatemala-para-impartir-formaciones-los-alumnos-y\/","name":"Viajamos con 3 profesionales de Sedatex a Guatemala para impartir formaciones a los alumnos y alumnas del Centro Fe y Alegr\u00eda n\u00ba10 de Santa Mar\u00eda de Jocot\u00e1n - Entreculturas","isPartOf":{"@id":"https:\/\/www.entreculturas.org\/ca\/#website"},"primaryImageOfPage":{"@id":"https:\/\/www.entreculturas.org\/ca\/noticia\/viajamos-con-3-profesionales-de-sedatex-guatemala-para-impartir-formaciones-los-alumnos-y\/#primaryimage"},"image":{"@id":"https:\/\/www.entreculturas.org\/ca\/noticia\/viajamos-con-3-profesionales-de-sedatex-guatemala-para-impartir-formaciones-los-alumnos-y\/#primaryimage"},"thumbnailUrl":"https:\/\/www.entreculturas.org\/wp-content\/uploads\/2023\/06\/whatsapp_image_2023-06-08_at_01.57.46.jpeg","datePublished":"2023-06-28T08:35:18+00:00","dateModified":"2024-02-14T14:44:06+00:00","breadcrumb":{"@id":"https:\/\/www.entreculturas.org\/ca\/noticia\/viajamos-con-3-profesionales-de-sedatex-guatemala-para-impartir-formaciones-los-alumnos-y\/#breadcrumb"},"inLanguage":"ca","potentialAction":[{"@type":"ReadAction","target":["https:\/\/www.entreculturas.org\/ca\/noticia\/viajamos-con-3-profesionales-de-sedatex-guatemala-para-impartir-formaciones-los-alumnos-y\/"]}]},{"@type":"ImageObject","inLanguage":"ca","@id":"https:\/\/www.entreculturas.org\/ca\/noticia\/viajamos-con-3-profesionales-de-sedatex-guatemala-para-impartir-formaciones-los-alumnos-y\/#primaryimage","url":"https:\/\/www.entreculturas.org\/wp-content\/uploads\/2023\/06\/whatsapp_image_2023-06-08_at_01.57.46.jpeg","contentUrl":"https:\/\/www.entreculturas.org\/wp-content\/uploads\/2023\/06\/whatsapp_image_2023-06-08_at_01.57.46.jpeg","width":2048,"height":1536},{"@type":"BreadcrumbList","@id":"https:\/\/www.entreculturas.org\/ca\/noticia\/viajamos-con-3-profesionales-de-sedatex-guatemala-para-impartir-formaciones-los-alumnos-y\/#breadcrumb","itemListElement":[{"@type":"ListItem","position":1,"name":"Home","item":"https:\/\/www.entreculturas.org\/ca\/"},{"@type":"ListItem","position":2,"name":"Noticias","item":"https:\/\/www.entreculturas.org\/ca\/noticias\/"},{"@type":"ListItem","position":3,"name":"Viajamos con 3 profesionales de Sedatex a Guatemala para impartir formaciones a los alumnos y alumnas del Centro Fe y Alegr\u00eda n\u00ba10 de Santa Mar\u00eda de Jocot\u00e1n"}]},{"@type":"WebSite","@id":"https:\/\/www.entreculturas.org\/ca\/#website","url":"https:\/\/www.entreculturas.org\/ca\/","name":"Entreculturas","description":"","publisher":{"@id":"https:\/\/www.entreculturas.org\/ca\/#organization"},"alternateName":"Entreculturas","potentialAction":[{"@type":"SearchAction","target":{"@type":"EntryPoint","urlTemplate":"https:\/\/www.entreculturas.org\/ca\/?s={search_term_string}"},"query-input":{"@type":"PropertyValueSpecification","valueRequired":true,"valueName":"search_term_string"}}],"inLanguage":"ca"},{"@type":"Organization","@id":"https:\/\/www.entreculturas.org\/ca\/#organization","name":"Entreculturas","url":"https:\/\/www.entreculturas.org\/ca\/","logo":{"@type":"ImageObject","inLanguage":"ca","@id":"https:\/\/www.entreculturas.org\/ca\/#\/schema\/logo\/image\/","url":"https:\/\/www.entreculturas.org\/wp-content\/uploads\/2025\/10\/ESP.svg","contentUrl":"https:\/\/www.entreculturas.org\/wp-content\/uploads\/2025\/10\/ESP.svg","caption":"Entreculturas"},"image":{"@id":"https:\/\/www.entreculturas.org\/ca\/#\/schema\/logo\/image\/"},"sameAs":["https:\/\/www.facebook.com\/entreculturas","https:\/\/x.com\/Entreculturas","https:\/\/www.instagram.com\/entreculturas\/","https:\/\/www.youtube.com\/user\/entreculturasvideo","https:\/\/www.linkedin.com\/company\/fundacion-entreculturas-ngdo\/","https:\/\/www.flickr.com\/photos\/98455522@N04\/albums\/"]}]}},"_links":{"self":[{"href":"https:\/\/www.entreculturas.org\/ca\/wp-json\/wp\/v2\/noticia\/6999","targetHints":{"allow":["GET"]}}],"collection":[{"href":"https:\/\/www.entreculturas.org\/ca\/wp-json\/wp\/v2\/noticia"}],"about":[{"href":"https:\/\/www.entreculturas.org\/ca\/wp-json\/wp\/v2\/types\/noticia"}],"wp:featuredmedia":[{"embeddable":true,"href":"https:\/\/www.entreculturas.org\/ca\/wp-json\/wp\/v2\/media\/6995"}],"wp:attachment":[{"href":"https:\/\/www.entreculturas.org\/ca\/wp-json\/wp\/v2\/media?parent=6999"}],"wp:term":[{"taxonomy":"category","embeddable":true,"href":"https:\/\/www.entreculturas.org\/ca\/wp-json\/wp\/v2\/categories?post=6999"},{"taxonomy":"post_tag","embeddable":true,"href":"https:\/\/www.entreculturas.org\/ca\/wp-json\/wp\/v2\/tags?post=6999"},{"taxonomy":"country","embeddable":true,"href":"https:\/\/www.entreculturas.org\/ca\/wp-json\/wp\/v2\/country?post=6999"},{"taxonomy":"cause","embeddable":true,"href":"https:\/\/www.entreculturas.org\/ca\/wp-json\/wp\/v2\/cause?post=6999"}],"curies":[{"name":"wp","href":"https:\/\/api.w.org\/{rel}","templated":true}]}}