{"id":6960,"date":"2023-05-12T08:22:28","date_gmt":"2023-05-12T08:22:28","guid":{"rendered":"https:\/\/entreculturasi.wpenginepowered.com\/?noticias=comunicado-alertas-sobre-la-gestion-migratoria-y-la-proteccion-en-las-americas"},"modified":"2024-02-14T16:15:34","modified_gmt":"2024-02-14T15:15:34","slug":"comunicado-alertas-sobre-la-gestion-migratoria-y-la-proteccion-en-las-americas","status":"publish","type":"noticia","link":"https:\/\/www.entreculturas.org\/ca\/noticia\/comunicado-alertas-sobre-la-gestion-migratoria-y-la-proteccion-en-las-americas\/","title":{"rendered":"Comunicado: Alertas sobre la Gesti\u00f3n Migratoria y la Protecci\u00f3n en las Am\u00e9ricas"},"content":{"rendered":"<\/p>\n<p><em>Comunicado conjunto de organizaciones defensoras de derechos de las personas migrantes y refugiadas: Alboan, Entreculturas, Iniciativa Kino para la Frontera, Oficina de Justicia y Ecolog\u00eda \u2013 Conferencia Jesuita de Canad\u00e1 y Estados Unidos, Red Global Ignaciana de Incidencia sobre Migraciones \u2013 GIAN Migration, Red Jesuita con Migrantes \u2013 Latinoam\u00e9rica y El Caribe, Servicio Jesuita a Migrantes \u2013 SJM Espa\u00f1a, Servicio Jesuita a Refugiados \u2013 JRS.<\/em><\/p>\n<p>Las recientes decisiones de Estados Unidos ante la finalizaci\u00f3n del T\u00edtulo 42 (vigente hasta el jueves 11 de mayo 2023) y los acuerdos con otros pa\u00edses de la regi\u00f3n <strong>est\u00e1n generando grandes impactos que vulneran la garant\u00eda de Derechos Humanos<\/strong>, particularmente el derecho a solicitar Protecci\u00f3n Internacional.<\/p>\n<p>Estas decisiones <strong>afectan directamente a personas y comunidades en situaci\u00f3n de migraci\u00f3n, refugio y desplazamiento forzado<\/strong>, pues las circunstancias que causan sus desplazamientos aumentan y las pol\u00edticas nacionales y regionales que intentan gestionar la migraci\u00f3n la deshumanizan.<\/p>\n<p>Lo que est\u00e1 sucediendo <strong>en torno a la finalizaci\u00f3n del T\u00edtulo 42<\/strong> es la muestra m\u00e1s reciente de dichas pol\u00edticas. A partir ellas y sus impactos en las Am\u00e9ricas, organizaciones de la sociedad civil alertamos, a trav\u00e9s del siguiente comunicado, algunas implicaciones regionales previsibles de estas decisiones estatales y gubernamentales.<\/p>\n<p>De esta manera, convocamos a un trabajo conjunto y articulado con los Estados hacia la recuperaci\u00f3n de los altos est\u00e1ndares de la regi\u00f3n en materia de <strong>Derechos Humanos y Protecci\u00f3n Internacional<\/strong>, para as\u00ed concertar respuestas regionales enfocadas hacia una migraci\u00f3n informada, acompa\u00f1ada y protegida que est\u00e9 centrada en las personas y sus derechos.<\/p>\n<p>Las alertas que proponemos requieren una continua actualizaci\u00f3n acorde a la implementaci\u00f3n de las pol\u00edticas migratorias en la regi\u00f3n y sus impactos<\/p>\n","protected":false},"excerpt":{"rendered":"<p>Las recientes decisiones de Estados Unidos ante la finalizaci\u00f3n del T\u00edtulo 42 (vigente hasta el jueves 11 de mayo 2023) y los acuerdos con otros pa\u00edses de la regi\u00f3n est\u00e1n generando grandes impactos que vulneran la garant\u00eda de Derechos Humanos, particularmente el derecho a solicitar Protecci\u00f3n Internacional.<\/p>\n","protected":false},"featured_media":6959,"template":"single-noticia","meta":{"_acf_changed":false},"categories":[7],"tags":[10],"country":[120],"cause":[129],"class_list":["post-6960","noticia","type-noticia","status-publish","has-post-thumbnail","hentry","category-noticia","tag-migracion-y-refugio","country-espana","cause-migracion-y-refugio"],"acf":[],"yoast_head":"<!-- This site is optimized with the Yoast SEO Premium plugin v21.6 (Yoast SEO v27.5) - https:\/\/yoast.com\/product\/yoast-seo-premium-wordpress\/ -->\n<title>Comunicado: Alertas sobre la Gesti\u00f3n Migratoria y la Protecci\u00f3n en las Am\u00e9ricas - Entreculturas<\/title>\n<meta name=\"robots\" content=\"index, follow, max-snippet:-1, max-image-preview:large, max-video-preview:-1\" \/>\n<link rel=\"canonical\" href=\"https:\/\/www.entreculturas.org\/ca\/noticia\/comunicado-alertas-sobre-la-gestion-migratoria-y-la-proteccion-en-las-americas\/\" \/>\n<meta property=\"og:locale\" content=\"ca_ES\" \/>\n<meta property=\"og:type\" content=\"article\" \/>\n<meta property=\"og:title\" content=\"Comunicado: Alertas sobre la Gesti\u00f3n Migratoria y la Protecci\u00f3n en las Am\u00e9ricas\" \/>\n<meta property=\"og:description\" content=\"Las recientes decisiones de Estados Unidos ante la finalizaci\u00f3n del T\u00edtulo 42 (vigente hasta el jueves 11 de mayo 2023) y los acuerdos con otros pa\u00edses de la regi\u00f3n est\u00e1n generando grandes impactos que vulneran la garant\u00eda de Derechos Humanos, particularmente el derecho a solicitar Protecci\u00f3n Internacional.\" \/>\n<meta property=\"og:url\" content=\"https:\/\/www.entreculturas.org\/ca\/noticia\/comunicado-alertas-sobre-la-gestion-migratoria-y-la-proteccion-en-las-americas\/\" \/>\n<meta property=\"og:site_name\" content=\"Entreculturas\" \/>\n<meta property=\"article:publisher\" content=\"https:\/\/www.facebook.com\/entreculturas\" \/>\n<meta property=\"article:modified_time\" content=\"2024-02-14T15:15:34+00:00\" \/>\n<meta property=\"og:image\" content=\"https:\/\/www.entreculturas.org\/wp-content\/uploads\/2023\/05\/alertas-regionales-11-mayo-2023-encabezado-nota-web.png\" \/>\n\t<meta property=\"og:image:width\" content=\"1200\" \/>\n\t<meta property=\"og:image:height\" content=\"628\" \/>\n\t<meta property=\"og:image:type\" content=\"image\/png\" \/>\n<meta name=\"twitter:card\" content=\"summary_large_image\" \/>\n<meta name=\"twitter:site\" content=\"@Entreculturas\" \/>\n<script type=\"application\/ld+json\" class=\"yoast-schema-graph\">{\"@context\":\"https:\\\/\\\/schema.org\",\"@graph\":[{\"@type\":\"WebPage\",\"@id\":\"https:\\\/\\\/www.entreculturas.org\\\/ca\\\/noticia\\\/comunicado-alertas-sobre-la-gestion-migratoria-y-la-proteccion-en-las-americas\\\/\",\"url\":\"https:\\\/\\\/www.entreculturas.org\\\/ca\\\/noticia\\\/comunicado-alertas-sobre-la-gestion-migratoria-y-la-proteccion-en-las-americas\\\/\",\"name\":\"Comunicado: Alertas sobre la Gesti\u00f3n Migratoria y la Protecci\u00f3n en las Am\u00e9ricas - Entreculturas\",\"isPartOf\":{\"@id\":\"https:\\\/\\\/www.entreculturas.org\\\/ca\\\/#website\"},\"primaryImageOfPage\":{\"@id\":\"https:\\\/\\\/www.entreculturas.org\\\/ca\\\/noticia\\\/comunicado-alertas-sobre-la-gestion-migratoria-y-la-proteccion-en-las-americas\\\/#primaryimage\"},\"image\":{\"@id\":\"https:\\\/\\\/www.entreculturas.org\\\/ca\\\/noticia\\\/comunicado-alertas-sobre-la-gestion-migratoria-y-la-proteccion-en-las-americas\\\/#primaryimage\"},\"thumbnailUrl\":\"https:\\\/\\\/www.entreculturas.org\\\/wp-content\\\/uploads\\\/2023\\\/05\\\/alertas-regionales-11-mayo-2023-encabezado-nota-web.png\",\"datePublished\":\"2023-05-12T08:22:28+00:00\",\"dateModified\":\"2024-02-14T15:15:34+00:00\",\"breadcrumb\":{\"@id\":\"https:\\\/\\\/www.entreculturas.org\\\/ca\\\/noticia\\\/comunicado-alertas-sobre-la-gestion-migratoria-y-la-proteccion-en-las-americas\\\/#breadcrumb\"},\"inLanguage\":\"ca\",\"potentialAction\":[{\"@type\":\"ReadAction\",\"target\":[\"https:\\\/\\\/www.entreculturas.org\\\/ca\\\/noticia\\\/comunicado-alertas-sobre-la-gestion-migratoria-y-la-proteccion-en-las-americas\\\/\"]}]},{\"@type\":\"ImageObject\",\"inLanguage\":\"ca\",\"@id\":\"https:\\\/\\\/www.entreculturas.org\\\/ca\\\/noticia\\\/comunicado-alertas-sobre-la-gestion-migratoria-y-la-proteccion-en-las-americas\\\/#primaryimage\",\"url\":\"https:\\\/\\\/www.entreculturas.org\\\/wp-content\\\/uploads\\\/2023\\\/05\\\/alertas-regionales-11-mayo-2023-encabezado-nota-web.png\",\"contentUrl\":\"https:\\\/\\\/www.entreculturas.org\\\/wp-content\\\/uploads\\\/2023\\\/05\\\/alertas-regionales-11-mayo-2023-encabezado-nota-web.png\",\"width\":1200,\"height\":628},{\"@type\":\"BreadcrumbList\",\"@id\":\"https:\\\/\\\/www.entreculturas.org\\\/ca\\\/noticia\\\/comunicado-alertas-sobre-la-gestion-migratoria-y-la-proteccion-en-las-americas\\\/#breadcrumb\",\"itemListElement\":[{\"@type\":\"ListItem\",\"position\":1,\"name\":\"Home\",\"item\":\"https:\\\/\\\/www.entreculturas.org\\\/ca\\\/\"},{\"@type\":\"ListItem\",\"position\":2,\"name\":\"Noticias\",\"item\":\"https:\\\/\\\/www.entreculturas.org\\\/ca\\\/noticias\\\/\"},{\"@type\":\"ListItem\",\"position\":3,\"name\":\"Comunicado: Alertas sobre la Gesti\u00f3n Migratoria y la Protecci\u00f3n en las Am\u00e9ricas\"}]},{\"@type\":\"WebSite\",\"@id\":\"https:\\\/\\\/www.entreculturas.org\\\/ca\\\/#website\",\"url\":\"https:\\\/\\\/www.entreculturas.org\\\/ca\\\/\",\"name\":\"Entreculturas\",\"description\":\"\",\"publisher\":{\"@id\":\"https:\\\/\\\/www.entreculturas.org\\\/ca\\\/#organization\"},\"alternateName\":\"Entreculturas\",\"potentialAction\":[{\"@type\":\"SearchAction\",\"target\":{\"@type\":\"EntryPoint\",\"urlTemplate\":\"https:\\\/\\\/www.entreculturas.org\\\/ca\\\/?s={search_term_string}\"},\"query-input\":{\"@type\":\"PropertyValueSpecification\",\"valueRequired\":true,\"valueName\":\"search_term_string\"}}],\"inLanguage\":\"ca\"},{\"@type\":\"Organization\",\"@id\":\"https:\\\/\\\/www.entreculturas.org\\\/ca\\\/#organization\",\"name\":\"Entreculturas\",\"url\":\"https:\\\/\\\/www.entreculturas.org\\\/ca\\\/\",\"logo\":{\"@type\":\"ImageObject\",\"inLanguage\":\"ca\",\"@id\":\"https:\\\/\\\/www.entreculturas.org\\\/ca\\\/#\\\/schema\\\/logo\\\/image\\\/\",\"url\":\"https:\\\/\\\/www.entreculturas.org\\\/wp-content\\\/uploads\\\/2025\\\/10\\\/ESP.svg\",\"contentUrl\":\"https:\\\/\\\/www.entreculturas.org\\\/wp-content\\\/uploads\\\/2025\\\/10\\\/ESP.svg\",\"caption\":\"Entreculturas\"},\"image\":{\"@id\":\"https:\\\/\\\/www.entreculturas.org\\\/ca\\\/#\\\/schema\\\/logo\\\/image\\\/\"},\"sameAs\":[\"https:\\\/\\\/www.facebook.com\\\/entreculturas\",\"https:\\\/\\\/x.com\\\/Entreculturas\",\"https:\\\/\\\/www.instagram.com\\\/entreculturas\\\/\",\"https:\\\/\\\/www.youtube.com\\\/user\\\/entreculturasvideo\",\"https:\\\/\\\/www.linkedin.com\\\/company\\\/fundacion-entreculturas-ngdo\\\/\",\"https:\\\/\\\/www.flickr.com\\\/photos\\\/98455522@N04\\\/albums\\\/\"]}]}<\/script>\n<!-- \/ Yoast SEO Premium plugin. -->","yoast_head_json":{"title":"Comunicado: Alertas sobre la Gesti\u00f3n Migratoria y la Protecci\u00f3n en las Am\u00e9ricas - Entreculturas","robots":{"index":"index","follow":"follow","max-snippet":"max-snippet:-1","max-image-preview":"max-image-preview:large","max-video-preview":"max-video-preview:-1"},"canonical":"https:\/\/www.entreculturas.org\/ca\/noticia\/comunicado-alertas-sobre-la-gestion-migratoria-y-la-proteccion-en-las-americas\/","og_locale":"ca_ES","og_type":"article","og_title":"Comunicado: Alertas sobre la Gesti\u00f3n Migratoria y la Protecci\u00f3n en las Am\u00e9ricas","og_description":"Las recientes decisiones de Estados Unidos ante la finalizaci\u00f3n del T\u00edtulo 42 (vigente hasta el jueves 11 de mayo 2023) y los acuerdos con otros pa\u00edses de la regi\u00f3n est\u00e1n generando grandes impactos que vulneran la garant\u00eda de Derechos Humanos, particularmente el derecho a solicitar Protecci\u00f3n Internacional.","og_url":"https:\/\/www.entreculturas.org\/ca\/noticia\/comunicado-alertas-sobre-la-gestion-migratoria-y-la-proteccion-en-las-americas\/","og_site_name":"Entreculturas","article_publisher":"https:\/\/www.facebook.com\/entreculturas","article_modified_time":"2024-02-14T15:15:34+00:00","og_image":[{"width":1200,"height":628,"url":"https:\/\/www.entreculturas.org\/wp-content\/uploads\/2023\/05\/alertas-regionales-11-mayo-2023-encabezado-nota-web.png","type":"image\/png"}],"twitter_card":"summary_large_image","twitter_site":"@Entreculturas","schema":{"@context":"https:\/\/schema.org","@graph":[{"@type":"WebPage","@id":"https:\/\/www.entreculturas.org\/ca\/noticia\/comunicado-alertas-sobre-la-gestion-migratoria-y-la-proteccion-en-las-americas\/","url":"https:\/\/www.entreculturas.org\/ca\/noticia\/comunicado-alertas-sobre-la-gestion-migratoria-y-la-proteccion-en-las-americas\/","name":"Comunicado: Alertas sobre la Gesti\u00f3n Migratoria y la Protecci\u00f3n en las Am\u00e9ricas - Entreculturas","isPartOf":{"@id":"https:\/\/www.entreculturas.org\/ca\/#website"},"primaryImageOfPage":{"@id":"https:\/\/www.entreculturas.org\/ca\/noticia\/comunicado-alertas-sobre-la-gestion-migratoria-y-la-proteccion-en-las-americas\/#primaryimage"},"image":{"@id":"https:\/\/www.entreculturas.org\/ca\/noticia\/comunicado-alertas-sobre-la-gestion-migratoria-y-la-proteccion-en-las-americas\/#primaryimage"},"thumbnailUrl":"https:\/\/www.entreculturas.org\/wp-content\/uploads\/2023\/05\/alertas-regionales-11-mayo-2023-encabezado-nota-web.png","datePublished":"2023-05-12T08:22:28+00:00","dateModified":"2024-02-14T15:15:34+00:00","breadcrumb":{"@id":"https:\/\/www.entreculturas.org\/ca\/noticia\/comunicado-alertas-sobre-la-gestion-migratoria-y-la-proteccion-en-las-americas\/#breadcrumb"},"inLanguage":"ca","potentialAction":[{"@type":"ReadAction","target":["https:\/\/www.entreculturas.org\/ca\/noticia\/comunicado-alertas-sobre-la-gestion-migratoria-y-la-proteccion-en-las-americas\/"]}]},{"@type":"ImageObject","inLanguage":"ca","@id":"https:\/\/www.entreculturas.org\/ca\/noticia\/comunicado-alertas-sobre-la-gestion-migratoria-y-la-proteccion-en-las-americas\/#primaryimage","url":"https:\/\/www.entreculturas.org\/wp-content\/uploads\/2023\/05\/alertas-regionales-11-mayo-2023-encabezado-nota-web.png","contentUrl":"https:\/\/www.entreculturas.org\/wp-content\/uploads\/2023\/05\/alertas-regionales-11-mayo-2023-encabezado-nota-web.png","width":1200,"height":628},{"@type":"BreadcrumbList","@id":"https:\/\/www.entreculturas.org\/ca\/noticia\/comunicado-alertas-sobre-la-gestion-migratoria-y-la-proteccion-en-las-americas\/#breadcrumb","itemListElement":[{"@type":"ListItem","position":1,"name":"Home","item":"https:\/\/www.entreculturas.org\/ca\/"},{"@type":"ListItem","position":2,"name":"Noticias","item":"https:\/\/www.entreculturas.org\/ca\/noticias\/"},{"@type":"ListItem","position":3,"name":"Comunicado: Alertas sobre la Gesti\u00f3n Migratoria y la Protecci\u00f3n en las Am\u00e9ricas"}]},{"@type":"WebSite","@id":"https:\/\/www.entreculturas.org\/ca\/#website","url":"https:\/\/www.entreculturas.org\/ca\/","name":"Entreculturas","description":"","publisher":{"@id":"https:\/\/www.entreculturas.org\/ca\/#organization"},"alternateName":"Entreculturas","potentialAction":[{"@type":"SearchAction","target":{"@type":"EntryPoint","urlTemplate":"https:\/\/www.entreculturas.org\/ca\/?s={search_term_string}"},"query-input":{"@type":"PropertyValueSpecification","valueRequired":true,"valueName":"search_term_string"}}],"inLanguage":"ca"},{"@type":"Organization","@id":"https:\/\/www.entreculturas.org\/ca\/#organization","name":"Entreculturas","url":"https:\/\/www.entreculturas.org\/ca\/","logo":{"@type":"ImageObject","inLanguage":"ca","@id":"https:\/\/www.entreculturas.org\/ca\/#\/schema\/logo\/image\/","url":"https:\/\/www.entreculturas.org\/wp-content\/uploads\/2025\/10\/ESP.svg","contentUrl":"https:\/\/www.entreculturas.org\/wp-content\/uploads\/2025\/10\/ESP.svg","caption":"Entreculturas"},"image":{"@id":"https:\/\/www.entreculturas.org\/ca\/#\/schema\/logo\/image\/"},"sameAs":["https:\/\/www.facebook.com\/entreculturas","https:\/\/x.com\/Entreculturas","https:\/\/www.instagram.com\/entreculturas\/","https:\/\/www.youtube.com\/user\/entreculturasvideo","https:\/\/www.linkedin.com\/company\/fundacion-entreculturas-ngdo\/","https:\/\/www.flickr.com\/photos\/98455522@N04\/albums\/"]}]}},"_links":{"self":[{"href":"https:\/\/www.entreculturas.org\/ca\/wp-json\/wp\/v2\/noticia\/6960","targetHints":{"allow":["GET"]}}],"collection":[{"href":"https:\/\/www.entreculturas.org\/ca\/wp-json\/wp\/v2\/noticia"}],"about":[{"href":"https:\/\/www.entreculturas.org\/ca\/wp-json\/wp\/v2\/types\/noticia"}],"wp:featuredmedia":[{"embeddable":true,"href":"https:\/\/www.entreculturas.org\/ca\/wp-json\/wp\/v2\/media\/6959"}],"wp:attachment":[{"href":"https:\/\/www.entreculturas.org\/ca\/wp-json\/wp\/v2\/media?parent=6960"}],"wp:term":[{"taxonomy":"category","embeddable":true,"href":"https:\/\/www.entreculturas.org\/ca\/wp-json\/wp\/v2\/categories?post=6960"},{"taxonomy":"post_tag","embeddable":true,"href":"https:\/\/www.entreculturas.org\/ca\/wp-json\/wp\/v2\/tags?post=6960"},{"taxonomy":"country","embeddable":true,"href":"https:\/\/www.entreculturas.org\/ca\/wp-json\/wp\/v2\/country?post=6960"},{"taxonomy":"cause","embeddable":true,"href":"https:\/\/www.entreculturas.org\/ca\/wp-json\/wp\/v2\/cause?post=6960"}],"curies":[{"name":"wp","href":"https:\/\/api.w.org\/{rel}","templated":true}]}}