{"id":6940,"date":"2023-04-12T08:47:52","date_gmt":"2023-04-12T08:47:52","guid":{"rendered":"https:\/\/entreculturasi.wpenginepowered.com\/?noticias=enorme-apoyo-de-la-sociedad-civil-una-ley-europea-que-obligue-las-empresas-rendir-cuentas"},"modified":"2024-02-23T10:01:20","modified_gmt":"2024-02-23T09:01:20","slug":"apoyo-de-la-sociedad-civil-una-ley-europea-que-obligue-las-empresas-rendir-cuentas","status":"publish","type":"noticia","link":"https:\/\/www.entreculturas.org\/ca\/noticia\/apoyo-de-la-sociedad-civil-una-ley-europea-que-obligue-las-empresas-rendir-cuentas\/","title":{"rendered":"Enorme apoyo de la sociedad civil a una ley europea que obligue a las empresas a rendir cuentas por la crisis clim\u00e1tica"},"content":{"rendered":"<p><img decoding=\"async\" alt=\"\" src=\"https:\/\/www.entreculturas.org\/wp-content\/uploads\/2023\/04\/polling_.jpg\" style=\"width: 400px;height: 400px\"><\/p>\n<ul>\n<li>Una encuesta revela que una gran mayor\u00eda de espa\u00f1oles quieren que se obligue a las empresas que operan en la UE&nbsp; a reducir sus emisiones de efecto invernadero.<\/li>\n<li>La Plataforma por las Empresas Responsables junto a m\u00e1s de 200 organizaciones de la sociedad civil y ciudadanos individuales, firman una carta abierta pidiendo una mayor responsabilidad clim\u00e1tica corporativa en las cadenas globales de valor.<\/li>\n<li>Esta muestra de apoyo se produce solo unas semanas antes de una votaci\u00f3n crucial del borrador de legislaci\u00f3n europea sobre debida diligencia.<\/li>\n<\/ul>\n<p>Un nuevo sondeo ha revelado un<strong> fuerte apoyo p\u00fablico a una ley europea de debida diligencia empresarial<\/strong> que, de aprobarse, obligar\u00eda a las empresas que operan en la UE a tomar medidas para reducir sus emisiones.<\/p>\n<p>La Directiva de Debida Diligencia de las Empresas en materia de Sostenibilidad, actualmente en tr\u00e1mite en el Parlamento de la UE, <strong>podr\u00eda exigir a las empresas que operan en la UE que tomen medidas<\/strong> para identificar y prevenir las violaciones de los derechos humanos y los da\u00f1os medioambientales, como la deforestaci\u00f3n y la contaminaci\u00f3n a lo largo de toda su cadena de valor. La campa\u00f1a \u201c<a href=\"https:\/\/justice-business.org\/es\/la-union-europea-debe-responsabilizar-legalmente-a-las-empresas-por-la-crisis-climatica\/\">Justice is everybody\u2019s business<\/a>\u201d encarg\u00f3 la realizaci\u00f3n de una encuesta en 10 pa\u00edses de la UE, incluida Espa\u00f1a, que revel\u00f3 que:<\/p>\n<ul>\n<li>Casi 9 de cada 10 espa\u00f1oles encuestados (86%)&nbsp; apoyan una ley europea que obligue a todas las empresas a reducir sus emisiones de efecto invernadero para que el calentamiento global no pase de 1.5 \u00baC.<\/li>\n<li>7 de cada 10 espa\u00f1oles encuestados (70%) cree que el sector bancario tambi\u00e9n deber\u00eda responsabilizarse de las acciones de las empresas en las que invierten o a las que prestan dinero.&nbsp;<\/li>\n<\/ul>\n<p>Desde la presentaci\u00f3n del proyecto de ley al Parlamento, las instituciones financieras han gastado al menos 100 millones de euros en presionar a la Uni\u00f3n Europea. Pa\u00edses como Espa\u00f1a o Francia han apoyado excluir al sector financiero de las nuevas reglas de debida diligencia propuestas por la UE.<\/p>\n<p>Junto con la encuesta,<strong> m\u00e1s de 200 figuras destacadas y organizaciones de la sociedad civil, entre las que se encuentra Entreculturas como organizaci\u00f3n miembro de la <a href=\"https:\/\/empresasresponsables.org\/\">Plataforma&nbsp;por Empresas Responsables (PER)<\/a>,<\/strong> han firmado una declaraci\u00f3n en la que exigen \u201cuna legislaci\u00f3n europea fuerte, adecuada para afrontar la crisis clim\u00e1tica y hacer realidad la justicia clim\u00e1tica para los afectados.\u201d La petici\u00f3n llega antes de una votaci\u00f3n cr\u00edtica del proyecto legislativo por parte de los eurodiputados en la Comisi\u00f3n de Asuntos Jur\u00eddicos del Parlamento Europeo.<\/p>\n<p>Amaya Acero, coordinadora de la Plataforma por las Empresas Responsables, \u201c<em>La opini\u00f3n en toda la UE es clara. Se necesitan reglas m\u00e1s estrictas para garantizar que las empresas y los bancos rindan cuentas adecuadamente en toda su cadena de valor global y no contin\u00faen operando a expensas de la gente y del planeta. El proyecto de ley en su forma actual es demasiado d\u00e9bil para ser efectivo en la pr\u00e1ctica, por lo que debe fortalecerse a\u00fan m\u00e1s para garantizar que las empresas est\u00e9n obligadas a desarrollar e implementar planes de transici\u00f3n para reducir sus emisiones de gases de efecto invernadero. La aprobaci\u00f3n de esta ley hist\u00f3rica significar\u00eda que empresas contaminantes como extractivas y\/o energ\u00e9ticas ya no puedan eludir la responsabilidad por los da\u00f1os que causen en Europa y en el extranjero<\/em>\u201d.<\/p>\n<p><span style=\"font-size:10px\">Nota t\u00e9cnica de la encuesta: La encuesta se ha llevado a cabo por la empresa YouGov Plc mediante un cuestionario online administrado aleatoriamente a un panel de m\u00e1s de 800.000 personas de distintos pa\u00edses europeos, seleccionando posteriormente la muestra de acuerdo con las caracter\u00edsticas de cada pa\u00eds. En el caso espa\u00f1ol el tama\u00f1o total de la muestra fue de 1.072 adultos (nivel de confianza 95%, con un error muestral de +\/-3%). Las cifras se han ponderado y son representativas de todos los adultos de Espa\u00f1a (mayores de 18 a\u00f1os). El trabajo de campo se llev\u00f3 a cabo telem\u00e1ticamente entre el 7 y el 9 de febrero de 2023.<\/span><\/p>\n","protected":false},"excerpt":{"rendered":"<p>Un nuevo sondeo ha revelado un fuerte apoyo p\u00fablico a una ley europea de debida diligencia empresarial que, de aprobarse, obligar\u00eda a las empresas que operan en la UE a tomar medidas para reducir sus emisiones.<\/p>\n","protected":false},"featured_media":6938,"template":"single-noticia","meta":{"_acf_changed":false},"categories":[7],"tags":[256],"country":[120],"cause":[131],"class_list":["post-6940","noticia","type-noticia","status-publish","has-post-thumbnail","hentry","category-noticia","tag-justicia-socioambiental","country-espana","cause-justicia-medioambiental"],"acf":[],"yoast_head":"<!-- This site is optimized with the Yoast SEO Premium plugin v21.6 (Yoast SEO v27.5) - https:\/\/yoast.com\/product\/yoast-seo-premium-wordpress\/ -->\n<title>Enorme apoyo de la sociedad civil a una ley europea que obligue a las empresas a rendir cuentas por la crisis clim\u00e1tica - Entreculturas<\/title>\n<meta name=\"robots\" content=\"index, follow, max-snippet:-1, max-image-preview:large, max-video-preview:-1\" \/>\n<link rel=\"canonical\" href=\"https:\/\/www.entreculturas.org\/ca\/noticia\/apoyo-de-la-sociedad-civil-una-ley-europea-que-obligue-las-empresas-rendir-cuentas\/\" \/>\n<meta property=\"og:locale\" content=\"ca_ES\" \/>\n<meta property=\"og:type\" content=\"article\" \/>\n<meta property=\"og:title\" content=\"Enorme apoyo de la sociedad civil a una ley europea que obligue a las empresas a rendir cuentas por la crisis clim\u00e1tica\" \/>\n<meta property=\"og:description\" content=\"Un nuevo sondeo ha revelado un fuerte apoyo p\u00fablico a una ley europea de debida diligencia empresarial que, de aprobarse, obligar\u00eda a las empresas que operan en la UE a tomar medidas para reducir sus emisiones.\" \/>\n<meta property=\"og:url\" content=\"https:\/\/www.entreculturas.org\/ca\/noticia\/apoyo-de-la-sociedad-civil-una-ley-europea-que-obligue-las-empresas-rendir-cuentas\/\" \/>\n<meta property=\"og:site_name\" content=\"Entreculturas\" \/>\n<meta property=\"article:publisher\" content=\"https:\/\/www.facebook.com\/entreculturas\" \/>\n<meta property=\"article:modified_time\" content=\"2024-02-23T09:01:20+00:00\" \/>\n<meta property=\"og:image\" content=\"https:\/\/www.entreculturas.org\/wp-content\/uploads\/2023\/04\/statement.jpg\" \/>\n\t<meta property=\"og:image:width\" content=\"1080\" \/>\n\t<meta property=\"og:image:height\" content=\"1080\" \/>\n\t<meta property=\"og:image:type\" content=\"image\/jpeg\" \/>\n<meta name=\"twitter:card\" content=\"summary_large_image\" \/>\n<meta name=\"twitter:site\" content=\"@Entreculturas\" \/>\n<script type=\"application\/ld+json\" class=\"yoast-schema-graph\">{\"@context\":\"https:\\\/\\\/schema.org\",\"@graph\":[{\"@type\":\"WebPage\",\"@id\":\"https:\\\/\\\/www.entreculturas.org\\\/ca\\\/noticia\\\/apoyo-de-la-sociedad-civil-una-ley-europea-que-obligue-las-empresas-rendir-cuentas\\\/\",\"url\":\"https:\\\/\\\/www.entreculturas.org\\\/ca\\\/noticia\\\/apoyo-de-la-sociedad-civil-una-ley-europea-que-obligue-las-empresas-rendir-cuentas\\\/\",\"name\":\"Enorme apoyo de la sociedad civil a una ley europea que obligue a las empresas a rendir cuentas por la crisis clim\u00e1tica - Entreculturas\",\"isPartOf\":{\"@id\":\"https:\\\/\\\/www.entreculturas.org\\\/ca\\\/#website\"},\"primaryImageOfPage\":{\"@id\":\"https:\\\/\\\/www.entreculturas.org\\\/ca\\\/noticia\\\/apoyo-de-la-sociedad-civil-una-ley-europea-que-obligue-las-empresas-rendir-cuentas\\\/#primaryimage\"},\"image\":{\"@id\":\"https:\\\/\\\/www.entreculturas.org\\\/ca\\\/noticia\\\/apoyo-de-la-sociedad-civil-una-ley-europea-que-obligue-las-empresas-rendir-cuentas\\\/#primaryimage\"},\"thumbnailUrl\":\"https:\\\/\\\/www.entreculturas.org\\\/wp-content\\\/uploads\\\/2023\\\/04\\\/statement.jpg\",\"datePublished\":\"2023-04-12T08:47:52+00:00\",\"dateModified\":\"2024-02-23T09:01:20+00:00\",\"breadcrumb\":{\"@id\":\"https:\\\/\\\/www.entreculturas.org\\\/ca\\\/noticia\\\/apoyo-de-la-sociedad-civil-una-ley-europea-que-obligue-las-empresas-rendir-cuentas\\\/#breadcrumb\"},\"inLanguage\":\"ca\",\"potentialAction\":[{\"@type\":\"ReadAction\",\"target\":[\"https:\\\/\\\/www.entreculturas.org\\\/ca\\\/noticia\\\/apoyo-de-la-sociedad-civil-una-ley-europea-que-obligue-las-empresas-rendir-cuentas\\\/\"]}]},{\"@type\":\"ImageObject\",\"inLanguage\":\"ca\",\"@id\":\"https:\\\/\\\/www.entreculturas.org\\\/ca\\\/noticia\\\/apoyo-de-la-sociedad-civil-una-ley-europea-que-obligue-las-empresas-rendir-cuentas\\\/#primaryimage\",\"url\":\"https:\\\/\\\/www.entreculturas.org\\\/wp-content\\\/uploads\\\/2023\\\/04\\\/statement.jpg\",\"contentUrl\":\"https:\\\/\\\/www.entreculturas.org\\\/wp-content\\\/uploads\\\/2023\\\/04\\\/statement.jpg\",\"width\":1080,\"height\":1080},{\"@type\":\"BreadcrumbList\",\"@id\":\"https:\\\/\\\/www.entreculturas.org\\\/ca\\\/noticia\\\/apoyo-de-la-sociedad-civil-una-ley-europea-que-obligue-las-empresas-rendir-cuentas\\\/#breadcrumb\",\"itemListElement\":[{\"@type\":\"ListItem\",\"position\":1,\"name\":\"Home\",\"item\":\"https:\\\/\\\/www.entreculturas.org\\\/ca\\\/\"},{\"@type\":\"ListItem\",\"position\":2,\"name\":\"Noticias\",\"item\":\"https:\\\/\\\/www.entreculturas.org\\\/ca\\\/noticias\\\/\"},{\"@type\":\"ListItem\",\"position\":3,\"name\":\"Enorme apoyo de la sociedad civil a una ley europea que obligue a las empresas a rendir cuentas por la crisis clim\u00e1tica\"}]},{\"@type\":\"WebSite\",\"@id\":\"https:\\\/\\\/www.entreculturas.org\\\/ca\\\/#website\",\"url\":\"https:\\\/\\\/www.entreculturas.org\\\/ca\\\/\",\"name\":\"Entreculturas\",\"description\":\"\",\"publisher\":{\"@id\":\"https:\\\/\\\/www.entreculturas.org\\\/ca\\\/#organization\"},\"alternateName\":\"Entreculturas\",\"potentialAction\":[{\"@type\":\"SearchAction\",\"target\":{\"@type\":\"EntryPoint\",\"urlTemplate\":\"https:\\\/\\\/www.entreculturas.org\\\/ca\\\/?s={search_term_string}\"},\"query-input\":{\"@type\":\"PropertyValueSpecification\",\"valueRequired\":true,\"valueName\":\"search_term_string\"}}],\"inLanguage\":\"ca\"},{\"@type\":\"Organization\",\"@id\":\"https:\\\/\\\/www.entreculturas.org\\\/ca\\\/#organization\",\"name\":\"Entreculturas\",\"url\":\"https:\\\/\\\/www.entreculturas.org\\\/ca\\\/\",\"logo\":{\"@type\":\"ImageObject\",\"inLanguage\":\"ca\",\"@id\":\"https:\\\/\\\/www.entreculturas.org\\\/ca\\\/#\\\/schema\\\/logo\\\/image\\\/\",\"url\":\"https:\\\/\\\/www.entreculturas.org\\\/wp-content\\\/uploads\\\/2025\\\/10\\\/ESP.svg\",\"contentUrl\":\"https:\\\/\\\/www.entreculturas.org\\\/wp-content\\\/uploads\\\/2025\\\/10\\\/ESP.svg\",\"caption\":\"Entreculturas\"},\"image\":{\"@id\":\"https:\\\/\\\/www.entreculturas.org\\\/ca\\\/#\\\/schema\\\/logo\\\/image\\\/\"},\"sameAs\":[\"https:\\\/\\\/www.facebook.com\\\/entreculturas\",\"https:\\\/\\\/x.com\\\/Entreculturas\",\"https:\\\/\\\/www.instagram.com\\\/entreculturas\\\/\",\"https:\\\/\\\/www.youtube.com\\\/user\\\/entreculturasvideo\",\"https:\\\/\\\/www.linkedin.com\\\/company\\\/fundacion-entreculturas-ngdo\\\/\",\"https:\\\/\\\/www.flickr.com\\\/photos\\\/98455522@N04\\\/albums\\\/\"]}]}<\/script>\n<!-- \/ Yoast SEO Premium plugin. -->","yoast_head_json":{"title":"Enorme apoyo de la sociedad civil a una ley europea que obligue a las empresas a rendir cuentas por la crisis clim\u00e1tica - Entreculturas","robots":{"index":"index","follow":"follow","max-snippet":"max-snippet:-1","max-image-preview":"max-image-preview:large","max-video-preview":"max-video-preview:-1"},"canonical":"https:\/\/www.entreculturas.org\/ca\/noticia\/apoyo-de-la-sociedad-civil-una-ley-europea-que-obligue-las-empresas-rendir-cuentas\/","og_locale":"ca_ES","og_type":"article","og_title":"Enorme apoyo de la sociedad civil a una ley europea que obligue a las empresas a rendir cuentas por la crisis clim\u00e1tica","og_description":"Un nuevo sondeo ha revelado un fuerte apoyo p\u00fablico a una ley europea de debida diligencia empresarial que, de aprobarse, obligar\u00eda a las empresas que operan en la UE a tomar medidas para reducir sus emisiones.","og_url":"https:\/\/www.entreculturas.org\/ca\/noticia\/apoyo-de-la-sociedad-civil-una-ley-europea-que-obligue-las-empresas-rendir-cuentas\/","og_site_name":"Entreculturas","article_publisher":"https:\/\/www.facebook.com\/entreculturas","article_modified_time":"2024-02-23T09:01:20+00:00","og_image":[{"width":1080,"height":1080,"url":"https:\/\/www.entreculturas.org\/wp-content\/uploads\/2023\/04\/statement.jpg","type":"image\/jpeg"}],"twitter_card":"summary_large_image","twitter_site":"@Entreculturas","schema":{"@context":"https:\/\/schema.org","@graph":[{"@type":"WebPage","@id":"https:\/\/www.entreculturas.org\/ca\/noticia\/apoyo-de-la-sociedad-civil-una-ley-europea-que-obligue-las-empresas-rendir-cuentas\/","url":"https:\/\/www.entreculturas.org\/ca\/noticia\/apoyo-de-la-sociedad-civil-una-ley-europea-que-obligue-las-empresas-rendir-cuentas\/","name":"Enorme apoyo de la sociedad civil a una ley europea que obligue a las empresas a rendir cuentas por la crisis clim\u00e1tica - Entreculturas","isPartOf":{"@id":"https:\/\/www.entreculturas.org\/ca\/#website"},"primaryImageOfPage":{"@id":"https:\/\/www.entreculturas.org\/ca\/noticia\/apoyo-de-la-sociedad-civil-una-ley-europea-que-obligue-las-empresas-rendir-cuentas\/#primaryimage"},"image":{"@id":"https:\/\/www.entreculturas.org\/ca\/noticia\/apoyo-de-la-sociedad-civil-una-ley-europea-que-obligue-las-empresas-rendir-cuentas\/#primaryimage"},"thumbnailUrl":"https:\/\/www.entreculturas.org\/wp-content\/uploads\/2023\/04\/statement.jpg","datePublished":"2023-04-12T08:47:52+00:00","dateModified":"2024-02-23T09:01:20+00:00","breadcrumb":{"@id":"https:\/\/www.entreculturas.org\/ca\/noticia\/apoyo-de-la-sociedad-civil-una-ley-europea-que-obligue-las-empresas-rendir-cuentas\/#breadcrumb"},"inLanguage":"ca","potentialAction":[{"@type":"ReadAction","target":["https:\/\/www.entreculturas.org\/ca\/noticia\/apoyo-de-la-sociedad-civil-una-ley-europea-que-obligue-las-empresas-rendir-cuentas\/"]}]},{"@type":"ImageObject","inLanguage":"ca","@id":"https:\/\/www.entreculturas.org\/ca\/noticia\/apoyo-de-la-sociedad-civil-una-ley-europea-que-obligue-las-empresas-rendir-cuentas\/#primaryimage","url":"https:\/\/www.entreculturas.org\/wp-content\/uploads\/2023\/04\/statement.jpg","contentUrl":"https:\/\/www.entreculturas.org\/wp-content\/uploads\/2023\/04\/statement.jpg","width":1080,"height":1080},{"@type":"BreadcrumbList","@id":"https:\/\/www.entreculturas.org\/ca\/noticia\/apoyo-de-la-sociedad-civil-una-ley-europea-que-obligue-las-empresas-rendir-cuentas\/#breadcrumb","itemListElement":[{"@type":"ListItem","position":1,"name":"Home","item":"https:\/\/www.entreculturas.org\/ca\/"},{"@type":"ListItem","position":2,"name":"Noticias","item":"https:\/\/www.entreculturas.org\/ca\/noticias\/"},{"@type":"ListItem","position":3,"name":"Enorme apoyo de la sociedad civil a una ley europea que obligue a las empresas a rendir cuentas por la crisis clim\u00e1tica"}]},{"@type":"WebSite","@id":"https:\/\/www.entreculturas.org\/ca\/#website","url":"https:\/\/www.entreculturas.org\/ca\/","name":"Entreculturas","description":"","publisher":{"@id":"https:\/\/www.entreculturas.org\/ca\/#organization"},"alternateName":"Entreculturas","potentialAction":[{"@type":"SearchAction","target":{"@type":"EntryPoint","urlTemplate":"https:\/\/www.entreculturas.org\/ca\/?s={search_term_string}"},"query-input":{"@type":"PropertyValueSpecification","valueRequired":true,"valueName":"search_term_string"}}],"inLanguage":"ca"},{"@type":"Organization","@id":"https:\/\/www.entreculturas.org\/ca\/#organization","name":"Entreculturas","url":"https:\/\/www.entreculturas.org\/ca\/","logo":{"@type":"ImageObject","inLanguage":"ca","@id":"https:\/\/www.entreculturas.org\/ca\/#\/schema\/logo\/image\/","url":"https:\/\/www.entreculturas.org\/wp-content\/uploads\/2025\/10\/ESP.svg","contentUrl":"https:\/\/www.entreculturas.org\/wp-content\/uploads\/2025\/10\/ESP.svg","caption":"Entreculturas"},"image":{"@id":"https:\/\/www.entreculturas.org\/ca\/#\/schema\/logo\/image\/"},"sameAs":["https:\/\/www.facebook.com\/entreculturas","https:\/\/x.com\/Entreculturas","https:\/\/www.instagram.com\/entreculturas\/","https:\/\/www.youtube.com\/user\/entreculturasvideo","https:\/\/www.linkedin.com\/company\/fundacion-entreculturas-ngdo\/","https:\/\/www.flickr.com\/photos\/98455522@N04\/albums\/"]}]}},"_links":{"self":[{"href":"https:\/\/www.entreculturas.org\/ca\/wp-json\/wp\/v2\/noticia\/6940","targetHints":{"allow":["GET"]}}],"collection":[{"href":"https:\/\/www.entreculturas.org\/ca\/wp-json\/wp\/v2\/noticia"}],"about":[{"href":"https:\/\/www.entreculturas.org\/ca\/wp-json\/wp\/v2\/types\/noticia"}],"wp:featuredmedia":[{"embeddable":true,"href":"https:\/\/www.entreculturas.org\/ca\/wp-json\/wp\/v2\/media\/6938"}],"wp:attachment":[{"href":"https:\/\/www.entreculturas.org\/ca\/wp-json\/wp\/v2\/media?parent=6940"}],"wp:term":[{"taxonomy":"category","embeddable":true,"href":"https:\/\/www.entreculturas.org\/ca\/wp-json\/wp\/v2\/categories?post=6940"},{"taxonomy":"post_tag","embeddable":true,"href":"https:\/\/www.entreculturas.org\/ca\/wp-json\/wp\/v2\/tags?post=6940"},{"taxonomy":"country","embeddable":true,"href":"https:\/\/www.entreculturas.org\/ca\/wp-json\/wp\/v2\/country?post=6940"},{"taxonomy":"cause","embeddable":true,"href":"https:\/\/www.entreculturas.org\/ca\/wp-json\/wp\/v2\/cause?post=6940"}],"curies":[{"name":"wp","href":"https:\/\/api.w.org\/{rel}","templated":true}]}}