{"id":6937,"date":"2023-04-10T11:03:27","date_gmt":"2023-04-10T11:03:27","guid":{"rendered":"https:\/\/entreculturasi.wpenginepowered.com\/?noticias=mujeres-defensoras-de-nuestra-casa-comun"},"modified":"2024-02-14T16:19:02","modified_gmt":"2024-02-14T15:19:02","slug":"mujeres-defensoras-de-nuestra-casa-comun","status":"publish","type":"noticia","link":"https:\/\/www.entreculturas.org\/ca\/noticia\/mujeres-defensoras-de-nuestra-casa-comun\/","title":{"rendered":"Mujeres Defensoras de Nuestra Casa Com\u00fan"},"content":{"rendered":"<p dir=\"ltr\" style=\"line-height:1.2;text-align: justify;margin-top:0pt;margin-bottom:0pt\">\n<p dir=\"ltr\" style=\"line-height:1.2;text-align: justify;margin-top:0pt;margin-bottom:0pt\">&nbsp;<\/p>\n<p dir=\"ltr\" style=\"line-height:1.2;text-align: justify;margin-top:0pt;margin-bottom:0pt\">\u201cEs importante reconocer que la naturaleza tiene derechos, y que <strong>la naturaleza es una casa com\u00fan de todas y de todos<\/strong>. Es importante reconocer el papel fundamental que tienen las mujeres defensoras en los territorios. Las mujeres ind\u00edgenas siguen sosteniendo la esperanza y resisten las agresiones de las empresas extractivistas. Hay muchas mujeres en Latinoam\u00e9rica que se est\u00e1n enfrentando a un monstruo al que solo le importa acumular capital\u201d.<\/p>\n<p dir=\"ltr\" style=\"line-height:1.2;text-align: justify;margin-top:0pt;margin-bottom:0pt\">&nbsp;<\/p>\n<p>Keyla Canales es abogada y defensora de los derechos humanos y el medio ambiente en Honduras. Junto a ella, otras dos activistas latinoamericanas asistieron a un encuentro con los medios organizado en Madrid por Entreculturas con motivo del D\u00eda Internacional de la Mujer. Un encuentro enmarcado en nuestra campa\u00f1a conjunta con Alboan, \u201c<strong>Defensoras de la Casa Com\u00fan<\/strong>\u201d, cuyo objetivo es llamar la atenci\u00f3n sobre el importante papel de las mujeres en la defensa de los derechos de las mujeres de nuestro planeta y movilizar a la ciudadan\u00eda contra el cambio clim\u00e1tico.&nbsp;&nbsp;<\/p>\n<p>Todas ellas, como mujeres, como ind\u00edgenas y como defensoras, se enfrentan a un desaf\u00edo doble: la lucha p\u00fablica para proteger su tierra y su identidad; y la lucha, a menudo invisible, para defender su derecho a manifestarse y participar dentro de sus comunidades.<\/p>\n<p>\u201c<strong>Nuestro cuerpo es nuestro territorio, nuestro territorio es vida, y la vida no se vende<\/strong>\u201d, afirm\u00f3 con rotundidad Lily Calder\u00f3n, coordinadora de la Escuela de Derechos Humanos de la Red Eclesial Panamaz\u00f3nica, quien incidi\u00f3 en que \u201cmuchas mujeres tienen que salir de su territorio porque est\u00e1n perseguidas por la violencia. El sistema jur\u00eddico es deficiente, lo que provoca que se agudice la vulneraci\u00f3n de derechos de las mujeres ind\u00edgenas\u201d.&nbsp;<\/p>\n<p><img decoding=\"async\" alt=\"\" src=\"https:\/\/www.entreculturas.org\/wp-content\/uploads\/2023\/04\/16_0-scaled-1.jpg\" style=\"width: 600px;height: 400px\"><\/p>\n<p>Durante a\u00f1os la Amazon\u00eda se ha considerado una despensa inagotable: megaproyectos que desplazan a la poblaci\u00f3n; concesiones madereras que aumentan la deforestaci\u00f3n; la miner\u00eda; los incendios forestales, el monocultivo\u2026 Millones de personas sufren a diario sus consecuencias: de manera directa los pueblos ind\u00edgenas y resto de habitantes de la regi\u00f3n Amaz\u00f3nica, pero tambi\u00e9n todas nosotras y nosotros por la importancia que la Amazon\u00eda, pulm\u00f3n de la humanidad y proveedor de agua dulce global, tiene en la regulaci\u00f3n del clima del planeta.<\/p>\n<p>Solo en el a\u00f1o 2020, <strong>237 personas fueron asesinadas por alzar su voz en defensa de la naturaleza.<\/strong> Muchas de estas defensoras son mujeres, mayoritariamente ind\u00edgenas que, adem\u00e1s de los asesinatos, sufren otras muchas formas de violencia. Son perseguidas, discriminadas, maltratadas y violentadas f\u00edsica y psicol\u00f3gicamente.<\/p>\n<p>\u201cDesde nuestro pueblo lenca nos defendemos de las agresiones que se est\u00e1n llevando a cabo. No somos invasores, sino pueblos ancestrales, pero vivimos situaciones terribles, que estamos sufriendo a trav\u00e9s de la criminalizaci\u00f3n de nuestras compa\u00f1eras\u201d, afirm\u00f3 la lideresa Mar\u00eda Felicita L\u00f3pez, Coordinadora de los derechos de las mujeres del Movimiento Independiente Ind\u00edgena Lenca de La Paz, Honduras, una de las 100 mujeres latinoamerica m\u00e1s influyente seg\u00fan la revista Forbes y reciente galardonada con el Premio Europa de Derechos Humanos.&nbsp; \u201c18 mujeres ind\u00edgenas se enfrentaron a procesos judiciales por defender el agua y la madre naturaleza. <strong>Es lamentable que las empresas extractivistas entren en nuestros territorios y que los estados tambi\u00e9n validen estas situaciones<\/strong>.\u201d<\/p>\n<p><img decoding=\"async\" alt=\"\" src=\"https:\/\/www.entreculturas.org\/wp-content\/uploads\/2023\/04\/istock-1278455864.jpg\" style=\"width: 700px;height: 525px\"><\/p>\n<p>Con el fin de reducir la impunidad ante la vulneraci\u00f3n de derechos, en febrero de 2022 la Comisi\u00f3n Europea public\u00f3 su propuesta de Directiva Europea de Diligencia Debida en materia de Sostenibilidad Empresarial, que abre la puerta a la <strong>inclusi\u00f3n de obligaciones para que las empresas transnacionales respeten los derechos humanos y medioambientales all\u00ed donde operan<\/strong>.<\/p>\n<p>Desde Entreculturas y Alboan, junto a 140 otras entidades espa\u00f1olas y europeas, reclamamos que esa diligencia debida empresarial incorpore la perspectiva de g\u00e9nero. Para ello, pedimos que quienes nos representan en el Europarlamento incluyan las enmiendas necesarias para tal fin.&nbsp;<\/p>\n<p>\u201cSe violan derechos humanos fundamentales. Y todo por servir a un modelo de desarrollo organizado desde arriba hacia abajo y que no tiene en consideraci\u00f3n la vida local, incurriendo en la explotaci\u00f3n y el saqueo de las comunidades locales, que muchas veces se ven obligadas a migrar a las ciudades para ser all\u00ed los nuevos esclavos. <strong>Las mujeres somos especialmente criminalizadas, por ind\u00edgenas, activistas\u2026 y mujeres<\/strong>\u201d, explic\u00f3 Lily Calder\u00f3n.<\/p>\n<p>A trav\u00e9s de sus testimonios, estas mujeres defensoras denuncian c\u00f3mo nuestros modelos de producci\u00f3n y consumo globales no tienen en cuenta el cuidado de la naturaleza, del mismo modo que ignoran las contribuciones de las mujeres, poniendo en peligro la sostenibilidad de la vida en todo el planeta. Y denuncian tambi\u00e9n el v\u00ednculo que existe entre nuestros estilos de vida y la deforestaci\u00f3n y violaci\u00f3n de los derechos humanos en la Amazon\u00eda.&nbsp;<\/p>\n<p>Todas ellas reconocen que el camino no ha sido f\u00e1cil, debido a las discriminaciones y estigmatizaciones que han enfrentado por y para ser mujeres lideresas. Hoy, junto con otras mujeres de su comunidad, est\u00e1n rompiendo con esos discursos injustos y desiguales, cargados de violencia y autoritarismo, y es ahora cuando se sienten con la capacidad de afirmar que \u201csomos las mujeres quienes lideramos en el territorio\u201d. Es momento de ense\u00f1ar al mundo, como afirma Mar\u00eda Felicita, que &#8220;<strong>el territorio es vida, y de \u00e9l vivimos. Si no lo defendemos no tenemos vida<\/strong>&#8220;.&nbsp;<\/p>\n","protected":false},"excerpt":{"rendered":"<p>\u201cEs importante reconocer que la naturaleza tiene derechos, y que la naturaleza es una casa com\u00fan de todas y de todos. Es importante reconocer el papel fundamental que tienen las mujeres defensoras en los territorios. Las mujeres ind\u00edgenas siguen sosteniendo la esperanza y resisten las agresiones de las empresas extractivistas. Hay muchas mujeres en Latinoam\u00e9rica que se est\u00e1n enfrentando a un monstruo al que solo le importa acumular capital\u201d.<\/p>\n","protected":false},"featured_media":6934,"template":"single-noticia","meta":{"_acf_changed":false},"categories":[7],"tags":[256],"country":[146],"cause":[131],"class_list":["post-6937","noticia","type-noticia","status-publish","has-post-thumbnail","hentry","category-noticia","tag-justicia-socioambiental","country-honduras","cause-justicia-medioambiental"],"acf":[],"yoast_head":"<!-- This site is optimized with the Yoast SEO Premium plugin v21.6 (Yoast SEO v27.5) - https:\/\/yoast.com\/product\/yoast-seo-premium-wordpress\/ -->\n<title>Mujeres Defensoras de Nuestra Casa Com\u00fan - Entreculturas<\/title>\n<meta name=\"robots\" content=\"index, follow, max-snippet:-1, max-image-preview:large, max-video-preview:-1\" \/>\n<link rel=\"canonical\" href=\"https:\/\/www.entreculturas.org\/ca\/noticia\/mujeres-defensoras-de-nuestra-casa-comun\/\" \/>\n<meta property=\"og:locale\" content=\"ca_ES\" \/>\n<meta property=\"og:type\" content=\"article\" \/>\n<meta property=\"og:title\" content=\"Mujeres Defensoras de Nuestra Casa Com\u00fan\" \/>\n<meta property=\"og:description\" content=\"\u201cEs importante reconocer que la naturaleza tiene derechos, y que la naturaleza es una casa com\u00fan de todas y de todos. Es importante reconocer el papel fundamental que tienen las mujeres defensoras en los territorios. Las mujeres ind\u00edgenas siguen sosteniendo la esperanza y resisten las agresiones de las empresas extractivistas. Hay muchas mujeres en Latinoam\u00e9rica que se est\u00e1n enfrentando a un monstruo al que solo le importa acumular capital\u201d.\" \/>\n<meta property=\"og:url\" content=\"https:\/\/www.entreculturas.org\/ca\/noticia\/mujeres-defensoras-de-nuestra-casa-comun\/\" \/>\n<meta property=\"og:site_name\" content=\"Entreculturas\" \/>\n<meta property=\"article:publisher\" content=\"https:\/\/www.facebook.com\/entreculturas\" \/>\n<meta property=\"article:modified_time\" content=\"2024-02-14T15:19:02+00:00\" \/>\n<meta property=\"og:image\" content=\"https:\/\/www.entreculturas.org\/wp-content\/uploads\/2023\/04\/i8a5689-scaled-1.jpg\" \/>\n\t<meta property=\"og:image:width\" content=\"2560\" \/>\n\t<meta property=\"og:image:height\" content=\"1694\" \/>\n\t<meta property=\"og:image:type\" content=\"image\/jpeg\" \/>\n<meta name=\"twitter:card\" content=\"summary_large_image\" \/>\n<meta name=\"twitter:site\" content=\"@Entreculturas\" \/>\n<script type=\"application\/ld+json\" class=\"yoast-schema-graph\">{\"@context\":\"https:\\\/\\\/schema.org\",\"@graph\":[{\"@type\":\"WebPage\",\"@id\":\"https:\\\/\\\/www.entreculturas.org\\\/ca\\\/noticia\\\/mujeres-defensoras-de-nuestra-casa-comun\\\/\",\"url\":\"https:\\\/\\\/www.entreculturas.org\\\/ca\\\/noticia\\\/mujeres-defensoras-de-nuestra-casa-comun\\\/\",\"name\":\"Mujeres Defensoras de Nuestra Casa Com\u00fan - Entreculturas\",\"isPartOf\":{\"@id\":\"https:\\\/\\\/www.entreculturas.org\\\/ca\\\/#website\"},\"primaryImageOfPage\":{\"@id\":\"https:\\\/\\\/www.entreculturas.org\\\/ca\\\/noticia\\\/mujeres-defensoras-de-nuestra-casa-comun\\\/#primaryimage\"},\"image\":{\"@id\":\"https:\\\/\\\/www.entreculturas.org\\\/ca\\\/noticia\\\/mujeres-defensoras-de-nuestra-casa-comun\\\/#primaryimage\"},\"thumbnailUrl\":\"https:\\\/\\\/www.entreculturas.org\\\/wp-content\\\/uploads\\\/2023\\\/04\\\/i8a5689-scaled-1.jpg\",\"datePublished\":\"2023-04-10T11:03:27+00:00\",\"dateModified\":\"2024-02-14T15:19:02+00:00\",\"breadcrumb\":{\"@id\":\"https:\\\/\\\/www.entreculturas.org\\\/ca\\\/noticia\\\/mujeres-defensoras-de-nuestra-casa-comun\\\/#breadcrumb\"},\"inLanguage\":\"ca\",\"potentialAction\":[{\"@type\":\"ReadAction\",\"target\":[\"https:\\\/\\\/www.entreculturas.org\\\/ca\\\/noticia\\\/mujeres-defensoras-de-nuestra-casa-comun\\\/\"]}]},{\"@type\":\"ImageObject\",\"inLanguage\":\"ca\",\"@id\":\"https:\\\/\\\/www.entreculturas.org\\\/ca\\\/noticia\\\/mujeres-defensoras-de-nuestra-casa-comun\\\/#primaryimage\",\"url\":\"https:\\\/\\\/www.entreculturas.org\\\/wp-content\\\/uploads\\\/2023\\\/04\\\/i8a5689-scaled-1.jpg\",\"contentUrl\":\"https:\\\/\\\/www.entreculturas.org\\\/wp-content\\\/uploads\\\/2023\\\/04\\\/i8a5689-scaled-1.jpg\",\"width\":2560,\"height\":1694},{\"@type\":\"BreadcrumbList\",\"@id\":\"https:\\\/\\\/www.entreculturas.org\\\/ca\\\/noticia\\\/mujeres-defensoras-de-nuestra-casa-comun\\\/#breadcrumb\",\"itemListElement\":[{\"@type\":\"ListItem\",\"position\":1,\"name\":\"Home\",\"item\":\"https:\\\/\\\/www.entreculturas.org\\\/ca\\\/\"},{\"@type\":\"ListItem\",\"position\":2,\"name\":\"Noticias\",\"item\":\"https:\\\/\\\/www.entreculturas.org\\\/ca\\\/noticias\\\/\"},{\"@type\":\"ListItem\",\"position\":3,\"name\":\"Mujeres Defensoras de Nuestra Casa Com\u00fan\"}]},{\"@type\":\"WebSite\",\"@id\":\"https:\\\/\\\/www.entreculturas.org\\\/ca\\\/#website\",\"url\":\"https:\\\/\\\/www.entreculturas.org\\\/ca\\\/\",\"name\":\"Entreculturas\",\"description\":\"\",\"publisher\":{\"@id\":\"https:\\\/\\\/www.entreculturas.org\\\/ca\\\/#organization\"},\"alternateName\":\"Entreculturas\",\"potentialAction\":[{\"@type\":\"SearchAction\",\"target\":{\"@type\":\"EntryPoint\",\"urlTemplate\":\"https:\\\/\\\/www.entreculturas.org\\\/ca\\\/?s={search_term_string}\"},\"query-input\":{\"@type\":\"PropertyValueSpecification\",\"valueRequired\":true,\"valueName\":\"search_term_string\"}}],\"inLanguage\":\"ca\"},{\"@type\":\"Organization\",\"@id\":\"https:\\\/\\\/www.entreculturas.org\\\/ca\\\/#organization\",\"name\":\"Entreculturas\",\"url\":\"https:\\\/\\\/www.entreculturas.org\\\/ca\\\/\",\"logo\":{\"@type\":\"ImageObject\",\"inLanguage\":\"ca\",\"@id\":\"https:\\\/\\\/www.entreculturas.org\\\/ca\\\/#\\\/schema\\\/logo\\\/image\\\/\",\"url\":\"https:\\\/\\\/www.entreculturas.org\\\/wp-content\\\/uploads\\\/2025\\\/10\\\/ESP.svg\",\"contentUrl\":\"https:\\\/\\\/www.entreculturas.org\\\/wp-content\\\/uploads\\\/2025\\\/10\\\/ESP.svg\",\"caption\":\"Entreculturas\"},\"image\":{\"@id\":\"https:\\\/\\\/www.entreculturas.org\\\/ca\\\/#\\\/schema\\\/logo\\\/image\\\/\"},\"sameAs\":[\"https:\\\/\\\/www.facebook.com\\\/entreculturas\",\"https:\\\/\\\/x.com\\\/Entreculturas\",\"https:\\\/\\\/www.instagram.com\\\/entreculturas\\\/\",\"https:\\\/\\\/www.youtube.com\\\/user\\\/entreculturasvideo\",\"https:\\\/\\\/www.linkedin.com\\\/company\\\/fundacion-entreculturas-ngdo\\\/\",\"https:\\\/\\\/www.flickr.com\\\/photos\\\/98455522@N04\\\/albums\\\/\"]}]}<\/script>\n<!-- \/ Yoast SEO Premium plugin. -->","yoast_head_json":{"title":"Mujeres Defensoras de Nuestra Casa Com\u00fan - Entreculturas","robots":{"index":"index","follow":"follow","max-snippet":"max-snippet:-1","max-image-preview":"max-image-preview:large","max-video-preview":"max-video-preview:-1"},"canonical":"https:\/\/www.entreculturas.org\/ca\/noticia\/mujeres-defensoras-de-nuestra-casa-comun\/","og_locale":"ca_ES","og_type":"article","og_title":"Mujeres Defensoras de Nuestra Casa Com\u00fan","og_description":"\u201cEs importante reconocer que la naturaleza tiene derechos, y que la naturaleza es una casa com\u00fan de todas y de todos. Es importante reconocer el papel fundamental que tienen las mujeres defensoras en los territorios. Las mujeres ind\u00edgenas siguen sosteniendo la esperanza y resisten las agresiones de las empresas extractivistas. Hay muchas mujeres en Latinoam\u00e9rica que se est\u00e1n enfrentando a un monstruo al que solo le importa acumular capital\u201d.","og_url":"https:\/\/www.entreculturas.org\/ca\/noticia\/mujeres-defensoras-de-nuestra-casa-comun\/","og_site_name":"Entreculturas","article_publisher":"https:\/\/www.facebook.com\/entreculturas","article_modified_time":"2024-02-14T15:19:02+00:00","og_image":[{"width":2560,"height":1694,"url":"https:\/\/www.entreculturas.org\/wp-content\/uploads\/2023\/04\/i8a5689-scaled-1.jpg","type":"image\/jpeg"}],"twitter_card":"summary_large_image","twitter_site":"@Entreculturas","schema":{"@context":"https:\/\/schema.org","@graph":[{"@type":"WebPage","@id":"https:\/\/www.entreculturas.org\/ca\/noticia\/mujeres-defensoras-de-nuestra-casa-comun\/","url":"https:\/\/www.entreculturas.org\/ca\/noticia\/mujeres-defensoras-de-nuestra-casa-comun\/","name":"Mujeres Defensoras de Nuestra Casa Com\u00fan - Entreculturas","isPartOf":{"@id":"https:\/\/www.entreculturas.org\/ca\/#website"},"primaryImageOfPage":{"@id":"https:\/\/www.entreculturas.org\/ca\/noticia\/mujeres-defensoras-de-nuestra-casa-comun\/#primaryimage"},"image":{"@id":"https:\/\/www.entreculturas.org\/ca\/noticia\/mujeres-defensoras-de-nuestra-casa-comun\/#primaryimage"},"thumbnailUrl":"https:\/\/www.entreculturas.org\/wp-content\/uploads\/2023\/04\/i8a5689-scaled-1.jpg","datePublished":"2023-04-10T11:03:27+00:00","dateModified":"2024-02-14T15:19:02+00:00","breadcrumb":{"@id":"https:\/\/www.entreculturas.org\/ca\/noticia\/mujeres-defensoras-de-nuestra-casa-comun\/#breadcrumb"},"inLanguage":"ca","potentialAction":[{"@type":"ReadAction","target":["https:\/\/www.entreculturas.org\/ca\/noticia\/mujeres-defensoras-de-nuestra-casa-comun\/"]}]},{"@type":"ImageObject","inLanguage":"ca","@id":"https:\/\/www.entreculturas.org\/ca\/noticia\/mujeres-defensoras-de-nuestra-casa-comun\/#primaryimage","url":"https:\/\/www.entreculturas.org\/wp-content\/uploads\/2023\/04\/i8a5689-scaled-1.jpg","contentUrl":"https:\/\/www.entreculturas.org\/wp-content\/uploads\/2023\/04\/i8a5689-scaled-1.jpg","width":2560,"height":1694},{"@type":"BreadcrumbList","@id":"https:\/\/www.entreculturas.org\/ca\/noticia\/mujeres-defensoras-de-nuestra-casa-comun\/#breadcrumb","itemListElement":[{"@type":"ListItem","position":1,"name":"Home","item":"https:\/\/www.entreculturas.org\/ca\/"},{"@type":"ListItem","position":2,"name":"Noticias","item":"https:\/\/www.entreculturas.org\/ca\/noticias\/"},{"@type":"ListItem","position":3,"name":"Mujeres Defensoras de Nuestra Casa Com\u00fan"}]},{"@type":"WebSite","@id":"https:\/\/www.entreculturas.org\/ca\/#website","url":"https:\/\/www.entreculturas.org\/ca\/","name":"Entreculturas","description":"","publisher":{"@id":"https:\/\/www.entreculturas.org\/ca\/#organization"},"alternateName":"Entreculturas","potentialAction":[{"@type":"SearchAction","target":{"@type":"EntryPoint","urlTemplate":"https:\/\/www.entreculturas.org\/ca\/?s={search_term_string}"},"query-input":{"@type":"PropertyValueSpecification","valueRequired":true,"valueName":"search_term_string"}}],"inLanguage":"ca"},{"@type":"Organization","@id":"https:\/\/www.entreculturas.org\/ca\/#organization","name":"Entreculturas","url":"https:\/\/www.entreculturas.org\/ca\/","logo":{"@type":"ImageObject","inLanguage":"ca","@id":"https:\/\/www.entreculturas.org\/ca\/#\/schema\/logo\/image\/","url":"https:\/\/www.entreculturas.org\/wp-content\/uploads\/2025\/10\/ESP.svg","contentUrl":"https:\/\/www.entreculturas.org\/wp-content\/uploads\/2025\/10\/ESP.svg","caption":"Entreculturas"},"image":{"@id":"https:\/\/www.entreculturas.org\/ca\/#\/schema\/logo\/image\/"},"sameAs":["https:\/\/www.facebook.com\/entreculturas","https:\/\/x.com\/Entreculturas","https:\/\/www.instagram.com\/entreculturas\/","https:\/\/www.youtube.com\/user\/entreculturasvideo","https:\/\/www.linkedin.com\/company\/fundacion-entreculturas-ngdo\/","https:\/\/www.flickr.com\/photos\/98455522@N04\/albums\/"]}]}},"_links":{"self":[{"href":"https:\/\/www.entreculturas.org\/ca\/wp-json\/wp\/v2\/noticia\/6937","targetHints":{"allow":["GET"]}}],"collection":[{"href":"https:\/\/www.entreculturas.org\/ca\/wp-json\/wp\/v2\/noticia"}],"about":[{"href":"https:\/\/www.entreculturas.org\/ca\/wp-json\/wp\/v2\/types\/noticia"}],"wp:featuredmedia":[{"embeddable":true,"href":"https:\/\/www.entreculturas.org\/ca\/wp-json\/wp\/v2\/media\/6934"}],"wp:attachment":[{"href":"https:\/\/www.entreculturas.org\/ca\/wp-json\/wp\/v2\/media?parent=6937"}],"wp:term":[{"taxonomy":"category","embeddable":true,"href":"https:\/\/www.entreculturas.org\/ca\/wp-json\/wp\/v2\/categories?post=6937"},{"taxonomy":"post_tag","embeddable":true,"href":"https:\/\/www.entreculturas.org\/ca\/wp-json\/wp\/v2\/tags?post=6937"},{"taxonomy":"country","embeddable":true,"href":"https:\/\/www.entreculturas.org\/ca\/wp-json\/wp\/v2\/country?post=6937"},{"taxonomy":"cause","embeddable":true,"href":"https:\/\/www.entreculturas.org\/ca\/wp-json\/wp\/v2\/cause?post=6937"}],"curies":[{"name":"wp","href":"https:\/\/api.w.org\/{rel}","templated":true}]}}