{"id":6930,"date":"2023-04-03T10:36:33","date_gmt":"2023-04-03T10:36:33","guid":{"rendered":"https:\/\/entreculturasi.wpenginepowered.com\/?noticias=infancia-en-emergencia"},"modified":"2024-02-14T16:24:50","modified_gmt":"2024-02-14T15:24:50","slug":"infancia-en-emergencia","status":"publish","type":"noticia","link":"https:\/\/www.entreculturas.org\/ca\/noticia\/infancia-en-emergencia\/","title":{"rendered":"Infancia en Emergencia"},"content":{"rendered":"<\/p>\n<p>\u201cNuestro equipo est\u00e1 atendiendo a ni\u00f1os y ni\u00f1as. <strong>Es el primer d\u00eda despu\u00e9s del desastre que ha dejado el terremoto en Siria y Turqu\u00eda<\/strong>. Hemos atendido cerca de treinta ni\u00f1os que estaban en el exterior, frente a sus casas, debido al terremoto que ha devastado Alepo.\u201d&nbsp;<\/p>\n<p>Las guerras, la violencia, la pobreza y las cat\u00e1strofes naturales (como el reciente terremoto de Siria y Turqu\u00eda, ocurrido a 34 km al oeste de la ciudad de Gaziantep en Turqu\u00eda, uno de los m\u00e1s mort\u00edferos desde 1939 en la ciudad de Eriza; y a su vez el terremoto m\u00e1s mort\u00edfero que ha afectado a Siria desde el ocurrido en Alepo en 1822), son algunos de los hechos que marcan a la infancia a trav\u00e9s de los tiempos, trayendo consigo consecuencias muy graves, desde lo f\u00edsico hasta lo emocional, <strong>minando tambi\u00e9n su posibilidad de acceder a la educaci\u00f3n y construir su futuro<\/strong>.&nbsp;<\/p>\n<p>Desde el primer momento, <strong>desde Entreculturas y Alboan, junto al Servicio Jesuita a Refugiados (JRS) en Siria<\/strong>, espec\u00edficamente en la ciudad de Alepo, activamos el protocolo de atenci\u00f3n inmediata a las personas afectadas por este terremoto, especialmente a aquellos ni\u00f1os y ni\u00f1as que se han quedado sin familia o estaban a la espera de saber de ellos. \u201cHoy estamos aqu\u00ed para ayudar a los ni\u00f1os y ni\u00f1as que estaban bajo la lluvia y el fr\u00edo, sin paraguas, sin ropa que los abrigara, que les causa enfermedades\u201d, explicaba la Doctora Yara Iskaf.<\/p>\n<p>\u201cNos preocupa mucho la situaci\u00f3n en la frontera de los dos pa\u00edses afectados por el terremoto porque la infraestructura en el lugar antes del terremoto ya era muy precaria debido a los efectos de la guerra, en la parte siria, y a la escasa financiaci\u00f3n, en la parte turca\u201d, explica&nbsp; Asunci\u00f3n Taboada, Responsable de Acci\u00f3n Humanitaria de Entreculturas. \u201cNos preocupa la situaci\u00f3n de la poblaci\u00f3n, por la vulnerabilidad que se vive en estas zonas; es una poblaci\u00f3n con una densidad de personas refugiadas muy elevada\u201d.&nbsp;&nbsp;<\/p>\n<p>Tras las primeras semanas y la puesta en marcha de nuestra primera respuesta de emergencia, continuamos trabajando sin descanso para atender a las personas afectadas m\u00e1s vulnerables, como son los ni\u00f1os y ni\u00f1as y sus familias, especialmente en Alepo, a trav\u00e9s de un plan de emergencia que est\u00e1 prestando ayuda de primera necesidad a <strong>43.000 personas<\/strong> y que durar\u00e1 <strong>6 meses<\/strong>.<\/p>\n<p><img decoding=\"async\" alt=\"\" src=\"https:\/\/www.entreculturas.org\/wp-content\/uploads\/2023\/04\/img_0210-scaled-1.jpg\" style=\"width: 600px;height: 400px\"><\/p>\n<p>\u201cEstamos respondiendo a esta crisis junto a JRS, que lleva trabajando en esta zona cerca de diez a\u00f1os. Estamos creando una respuesta que sea sostenible a largo plazo\u201d, comenta nuestra compa\u00f1era Asunci\u00f3n.<\/p>\n<p>Entre las l\u00edneas de acci\u00f3n que estamos llevando a cabo est\u00e1n: <strong>la alimentaci\u00f3n urgente<\/strong> para 11.500 familias que lo han perdido todo en Alepo y 2.000 familias desplazadas a causa del terremoto en la ciudad de Homs y 500 en la ciudad de Damasco;<strong>la distribuci\u00f3n de ropa de abrigo<\/strong> los primeros d\u00edas tras el terremoto, ya que est\u00e1bamos en el momento m\u00e1s duro del invierno en Siria, llegando a temperaturas bajo cero; y, por \u00faltimo <strong>apoyo psicol\u00f3gico<\/strong> para afrontar la angustia y el trauma causado por el terremoto.<\/p>\n<p>\u201cEn Alepo, el JRS ya trabajaba con los ni\u00f1os y ni\u00f1as m\u00e1s vulnerables, sobre todo en proyectos de educaci\u00f3n y de salud. Con el paso del terremoto la situaci\u00f3n se ha vuelto mucho m\u00e1s precaria, la gente est\u00e1 durmiendo en las calles; hace mucho fr\u00edo, puesto que es la \u00e9poca m\u00e1s fr\u00eda en Siria; hay escasez de comida y carburantes que la gente usa para su sistema de calefacci\u00f3n\u201d, agrega Alistair Davies, consultor de Entreculturas en Siria.<\/p>\n<p>En la actualidad <strong>m\u00e1s de 400 millones de ni\u00f1os y ni\u00f1as se encuentran afectados por conflictos<\/strong> y m\u00e1s de 37 millones se han visto obligados a abandonar su hogar para salvar sus vidas. Entre ellos m\u00e1s de 10 millones de ni\u00f1as y ni\u00f1os ucranianos, cerca de 7 millones que siguen dentro del pa\u00eds y m\u00e1s 3 millones que han huido, han visto su educaci\u00f3n y su futuro severamente amenazados como consecuencia de la guerra.<\/p>\n<p>\u201cNuestra propuesta en torno a la guerra de Ucrania es atender y acompa\u00f1ar a 73.000&nbsp; personas en un periodo de tres a\u00f1os con diferentes acciones y diferentes objetivos\u201d, comenta Pablo Funes, Coordinador del \u00c1rea de Cooperaci\u00f3n Internacional de Entreculturas. \u201cLo hemos organizado de acuerdo con los cuatro verbos con los que el Papa nos invitaba a actuar en el trabajo con las personas refugiadas: dar la bienvenida, que incluye escuchar y entender los problemas de los dem\u00e1s; proteger y hacer cumplir los derechos que tienen; promover, dignificando la vida de los dem\u00e1s con herramientas como la educaci\u00f3n; e integrar\u201d, afirma Funes.&nbsp;<\/p>\n<p>\u201cEsta experiencia (la guerra) es un gran shock emocional para los adultos, pero especialmente para los ni\u00f1os\u201d, nos explica&nbsp; Martyna, refugiada ucraniana que, en plena baja de maternidad, un mes despu\u00e9s del inicio de la guerra, se vio obligada a huir de Ucrania y cruz\u00f3 a Ruman\u00eda junto a su madre y su hermana para proteger a su hijo.<\/p>\n<p>Desde el inicio del conflicto armado en Ucrania, Entreculturas y Alboan, junto al JRS y otras obras de la Compa\u00f1\u00eda de Jes\u00fas en Europa, hemos dado una respuesta coordinada que ha permitido acompa\u00f1ar a 56.042 personas que hu\u00edan de la violencia a trav\u00e9s de <strong>82.111 actividades de asistencia a corto y medio plazo<\/strong>. Acciones de acogida desplegadas en distintos puntos geogr\u00e1ficos que han abarcado desde la ayuda de emergencia, el refugio o el apoyo psicol\u00f3gico, hasta la educaci\u00f3n o la integraci\u00f3n.<\/p>\n<p><img decoding=\"async\" alt=\"\" src=\"https:\/\/www.entreculturas.org\/wp-content\/uploads\/2023\/04\/img_0327-scaled-1.jpg\" style=\"width: 600px;height: 400px\"><\/p>\n<p>La acogida es el primer objetivo estrat\u00e9gico de nuestra propuesta a largo plazo<strong> \u201cOne Proposal\u201d<\/strong> que, durante su primer a\u00f1o de implementaci\u00f3n, orient\u00f3 el 60% de los fondos recaudados a ofrecer refugio y ayuda de emergencia a corto plazo a personas como Marthyna. La protecci\u00f3n es el segundo objetivo estrat\u00e9gico, que aglutina ayudas a medio plazo en \u00e1reas como el apoyo psicol\u00f3gico, la salud, la educaci\u00f3n o el alojamiento, actividades que han supuesto el 30% del programa. El 10% restante se ha dividido entre los objetivos de \u201cIntegrar\u201d y \u201cPromover\u201d, que tienen como fin proporcionar apoyo a largo plazo a trav\u00e9s de actividades de empleo, concienciaci\u00f3n e integraci\u00f3n.&nbsp;<\/p>\n<p>Un ejemplo son las \u2018<strong>aulas amigables<\/strong>\u2019, una iniciativa que busca que la infancia refugiada ucraniana acogida en los pa\u00edses vecinos siga teniendo acceso a la educaci\u00f3n y a espacios de ocio. \u201cEs esencial que los ni\u00f1os y las ni\u00f1as refugiados tengan un espacio seguro donde puedan, no solamente retomar sus estudios, sino tambi\u00e9n volver a relacionarse con otros ni\u00f1os y, en definitiva, ir dando algo m\u00e1s de normalidad a sus vidas\u201d, se\u00f1ala Pablo Funes.<\/p>\n<p>Tanto la guerra en Ucrania como en Siria y el reciente terremoto, se suman a otros contextos de emergencias y de &#8220;crisis olvidadas&#8221; en los que, desde Entreculturas, <strong>seguimos trabajando para ofrecer soluciones y acompa\u00f1ar a la poblaci\u00f3n afectada<\/strong>, como es el caso de R. D. del Congo, Colombia o L\u00edbano. Pa\u00edses en los que, el pasado a\u00f1o, atendimos a miles de ni\u00f1as y ni\u00f1os refugiados y desplazados ofreci\u00e9ndoles espacios de protecci\u00f3n y de prevenci\u00f3n, material escolar y apoyo financiero para garantizar sus derechos lejos de la violencia y la huida.&nbsp;<\/p>\n<p>Continuamos trabajando para acompa\u00f1ar y ofrecer oportunidades a quienes m\u00e1s sufren en estos contextos de violencia y dolor. Queremos seguir abriendo caminos de esperanza y de vida para construir un futuro mejor y m\u00e1s justo.<\/p>\n","protected":false},"excerpt":{"rendered":"<p>Las guerras, la violencia, la pobreza y las cat\u00e1strofes naturales son algunos de los hechos que marcan a la infancia a trav\u00e9s de los tiempos, trayendo consigo consecuencias muy graves, desde lo f\u00edsico hasta lo emocional, minando tambi\u00e9n su posibilidad de acceder a la educaci\u00f3n y construir su futuro. <\/p>\n","protected":false},"featured_media":6927,"template":"single-noticia","meta":{"_acf_changed":false},"categories":[7],"tags":[185],"country":[460,461],"cause":[],"class_list":["post-6930","noticia","type-noticia","status-publish","has-post-thumbnail","hentry","category-noticia","tag-entreculturas","country-siria","country-turquia"],"acf":[],"yoast_head":"<!-- This site is optimized with the Yoast SEO Premium plugin v21.6 (Yoast SEO v27.5) - https:\/\/yoast.com\/product\/yoast-seo-premium-wordpress\/ -->\n<title>Infancia en Emergencia - Entreculturas<\/title>\n<meta name=\"robots\" content=\"index, follow, max-snippet:-1, max-image-preview:large, max-video-preview:-1\" \/>\n<link rel=\"canonical\" href=\"https:\/\/www.entreculturas.org\/ca\/noticia\/infancia-en-emergencia\/\" \/>\n<meta property=\"og:locale\" content=\"ca_ES\" \/>\n<meta property=\"og:type\" content=\"article\" \/>\n<meta property=\"og:title\" content=\"Infancia en Emergencia\" \/>\n<meta property=\"og:description\" content=\"Las guerras, la violencia, la pobreza y las cat\u00e1strofes naturales son algunos de los hechos que marcan a la infancia a trav\u00e9s de los tiempos, trayendo consigo consecuencias muy graves, desde lo f\u00edsico hasta lo emocional, minando tambi\u00e9n su posibilidad de acceder a la educaci\u00f3n y construir su futuro.\" \/>\n<meta property=\"og:url\" content=\"https:\/\/www.entreculturas.org\/ca\/noticia\/infancia-en-emergencia\/\" \/>\n<meta property=\"og:site_name\" content=\"Entreculturas\" \/>\n<meta property=\"article:publisher\" content=\"https:\/\/www.facebook.com\/entreculturas\" \/>\n<meta property=\"article:modified_time\" content=\"2024-02-14T15:24:50+00:00\" \/>\n<meta property=\"og:image\" content=\"https:\/\/www.entreculturas.org\/wp-content\/uploads\/2023\/04\/img_2044-scaled-1.jpg\" \/>\n\t<meta property=\"og:image:width\" content=\"2560\" \/>\n\t<meta property=\"og:image:height\" content=\"1707\" \/>\n\t<meta property=\"og:image:type\" content=\"image\/jpeg\" \/>\n<meta name=\"twitter:card\" content=\"summary_large_image\" \/>\n<meta name=\"twitter:site\" content=\"@Entreculturas\" \/>\n<script type=\"application\/ld+json\" class=\"yoast-schema-graph\">{\"@context\":\"https:\\\/\\\/schema.org\",\"@graph\":[{\"@type\":\"WebPage\",\"@id\":\"https:\\\/\\\/www.entreculturas.org\\\/ca\\\/noticia\\\/infancia-en-emergencia\\\/\",\"url\":\"https:\\\/\\\/www.entreculturas.org\\\/ca\\\/noticia\\\/infancia-en-emergencia\\\/\",\"name\":\"Infancia en Emergencia - Entreculturas\",\"isPartOf\":{\"@id\":\"https:\\\/\\\/www.entreculturas.org\\\/ca\\\/#website\"},\"primaryImageOfPage\":{\"@id\":\"https:\\\/\\\/www.entreculturas.org\\\/ca\\\/noticia\\\/infancia-en-emergencia\\\/#primaryimage\"},\"image\":{\"@id\":\"https:\\\/\\\/www.entreculturas.org\\\/ca\\\/noticia\\\/infancia-en-emergencia\\\/#primaryimage\"},\"thumbnailUrl\":\"https:\\\/\\\/www.entreculturas.org\\\/wp-content\\\/uploads\\\/2023\\\/04\\\/img_2044-scaled-1.jpg\",\"datePublished\":\"2023-04-03T10:36:33+00:00\",\"dateModified\":\"2024-02-14T15:24:50+00:00\",\"breadcrumb\":{\"@id\":\"https:\\\/\\\/www.entreculturas.org\\\/ca\\\/noticia\\\/infancia-en-emergencia\\\/#breadcrumb\"},\"inLanguage\":\"ca\",\"potentialAction\":[{\"@type\":\"ReadAction\",\"target\":[\"https:\\\/\\\/www.entreculturas.org\\\/ca\\\/noticia\\\/infancia-en-emergencia\\\/\"]}]},{\"@type\":\"ImageObject\",\"inLanguage\":\"ca\",\"@id\":\"https:\\\/\\\/www.entreculturas.org\\\/ca\\\/noticia\\\/infancia-en-emergencia\\\/#primaryimage\",\"url\":\"https:\\\/\\\/www.entreculturas.org\\\/wp-content\\\/uploads\\\/2023\\\/04\\\/img_2044-scaled-1.jpg\",\"contentUrl\":\"https:\\\/\\\/www.entreculturas.org\\\/wp-content\\\/uploads\\\/2023\\\/04\\\/img_2044-scaled-1.jpg\",\"width\":2560,\"height\":1707},{\"@type\":\"BreadcrumbList\",\"@id\":\"https:\\\/\\\/www.entreculturas.org\\\/ca\\\/noticia\\\/infancia-en-emergencia\\\/#breadcrumb\",\"itemListElement\":[{\"@type\":\"ListItem\",\"position\":1,\"name\":\"Home\",\"item\":\"https:\\\/\\\/www.entreculturas.org\\\/ca\\\/\"},{\"@type\":\"ListItem\",\"position\":2,\"name\":\"Noticias\",\"item\":\"https:\\\/\\\/www.entreculturas.org\\\/ca\\\/noticias\\\/\"},{\"@type\":\"ListItem\",\"position\":3,\"name\":\"Infancia en Emergencia\"}]},{\"@type\":\"WebSite\",\"@id\":\"https:\\\/\\\/www.entreculturas.org\\\/ca\\\/#website\",\"url\":\"https:\\\/\\\/www.entreculturas.org\\\/ca\\\/\",\"name\":\"Entreculturas\",\"description\":\"\",\"publisher\":{\"@id\":\"https:\\\/\\\/www.entreculturas.org\\\/ca\\\/#organization\"},\"alternateName\":\"Entreculturas\",\"potentialAction\":[{\"@type\":\"SearchAction\",\"target\":{\"@type\":\"EntryPoint\",\"urlTemplate\":\"https:\\\/\\\/www.entreculturas.org\\\/ca\\\/?s={search_term_string}\"},\"query-input\":{\"@type\":\"PropertyValueSpecification\",\"valueRequired\":true,\"valueName\":\"search_term_string\"}}],\"inLanguage\":\"ca\"},{\"@type\":\"Organization\",\"@id\":\"https:\\\/\\\/www.entreculturas.org\\\/ca\\\/#organization\",\"name\":\"Entreculturas\",\"url\":\"https:\\\/\\\/www.entreculturas.org\\\/ca\\\/\",\"logo\":{\"@type\":\"ImageObject\",\"inLanguage\":\"ca\",\"@id\":\"https:\\\/\\\/www.entreculturas.org\\\/ca\\\/#\\\/schema\\\/logo\\\/image\\\/\",\"url\":\"https:\\\/\\\/www.entreculturas.org\\\/wp-content\\\/uploads\\\/2025\\\/10\\\/ESP.svg\",\"contentUrl\":\"https:\\\/\\\/www.entreculturas.org\\\/wp-content\\\/uploads\\\/2025\\\/10\\\/ESP.svg\",\"caption\":\"Entreculturas\"},\"image\":{\"@id\":\"https:\\\/\\\/www.entreculturas.org\\\/ca\\\/#\\\/schema\\\/logo\\\/image\\\/\"},\"sameAs\":[\"https:\\\/\\\/www.facebook.com\\\/entreculturas\",\"https:\\\/\\\/x.com\\\/Entreculturas\",\"https:\\\/\\\/www.instagram.com\\\/entreculturas\\\/\",\"https:\\\/\\\/www.youtube.com\\\/user\\\/entreculturasvideo\",\"https:\\\/\\\/www.linkedin.com\\\/company\\\/fundacion-entreculturas-ngdo\\\/\",\"https:\\\/\\\/www.flickr.com\\\/photos\\\/98455522@N04\\\/albums\\\/\"]}]}<\/script>\n<!-- \/ Yoast SEO Premium plugin. -->","yoast_head_json":{"title":"Infancia en Emergencia - Entreculturas","robots":{"index":"index","follow":"follow","max-snippet":"max-snippet:-1","max-image-preview":"max-image-preview:large","max-video-preview":"max-video-preview:-1"},"canonical":"https:\/\/www.entreculturas.org\/ca\/noticia\/infancia-en-emergencia\/","og_locale":"ca_ES","og_type":"article","og_title":"Infancia en Emergencia","og_description":"Las guerras, la violencia, la pobreza y las cat\u00e1strofes naturales son algunos de los hechos que marcan a la infancia a trav\u00e9s de los tiempos, trayendo consigo consecuencias muy graves, desde lo f\u00edsico hasta lo emocional, minando tambi\u00e9n su posibilidad de acceder a la educaci\u00f3n y construir su futuro.","og_url":"https:\/\/www.entreculturas.org\/ca\/noticia\/infancia-en-emergencia\/","og_site_name":"Entreculturas","article_publisher":"https:\/\/www.facebook.com\/entreculturas","article_modified_time":"2024-02-14T15:24:50+00:00","og_image":[{"width":2560,"height":1707,"url":"https:\/\/www.entreculturas.org\/wp-content\/uploads\/2023\/04\/img_2044-scaled-1.jpg","type":"image\/jpeg"}],"twitter_card":"summary_large_image","twitter_site":"@Entreculturas","schema":{"@context":"https:\/\/schema.org","@graph":[{"@type":"WebPage","@id":"https:\/\/www.entreculturas.org\/ca\/noticia\/infancia-en-emergencia\/","url":"https:\/\/www.entreculturas.org\/ca\/noticia\/infancia-en-emergencia\/","name":"Infancia en Emergencia - Entreculturas","isPartOf":{"@id":"https:\/\/www.entreculturas.org\/ca\/#website"},"primaryImageOfPage":{"@id":"https:\/\/www.entreculturas.org\/ca\/noticia\/infancia-en-emergencia\/#primaryimage"},"image":{"@id":"https:\/\/www.entreculturas.org\/ca\/noticia\/infancia-en-emergencia\/#primaryimage"},"thumbnailUrl":"https:\/\/www.entreculturas.org\/wp-content\/uploads\/2023\/04\/img_2044-scaled-1.jpg","datePublished":"2023-04-03T10:36:33+00:00","dateModified":"2024-02-14T15:24:50+00:00","breadcrumb":{"@id":"https:\/\/www.entreculturas.org\/ca\/noticia\/infancia-en-emergencia\/#breadcrumb"},"inLanguage":"ca","potentialAction":[{"@type":"ReadAction","target":["https:\/\/www.entreculturas.org\/ca\/noticia\/infancia-en-emergencia\/"]}]},{"@type":"ImageObject","inLanguage":"ca","@id":"https:\/\/www.entreculturas.org\/ca\/noticia\/infancia-en-emergencia\/#primaryimage","url":"https:\/\/www.entreculturas.org\/wp-content\/uploads\/2023\/04\/img_2044-scaled-1.jpg","contentUrl":"https:\/\/www.entreculturas.org\/wp-content\/uploads\/2023\/04\/img_2044-scaled-1.jpg","width":2560,"height":1707},{"@type":"BreadcrumbList","@id":"https:\/\/www.entreculturas.org\/ca\/noticia\/infancia-en-emergencia\/#breadcrumb","itemListElement":[{"@type":"ListItem","position":1,"name":"Home","item":"https:\/\/www.entreculturas.org\/ca\/"},{"@type":"ListItem","position":2,"name":"Noticias","item":"https:\/\/www.entreculturas.org\/ca\/noticias\/"},{"@type":"ListItem","position":3,"name":"Infancia en Emergencia"}]},{"@type":"WebSite","@id":"https:\/\/www.entreculturas.org\/ca\/#website","url":"https:\/\/www.entreculturas.org\/ca\/","name":"Entreculturas","description":"","publisher":{"@id":"https:\/\/www.entreculturas.org\/ca\/#organization"},"alternateName":"Entreculturas","potentialAction":[{"@type":"SearchAction","target":{"@type":"EntryPoint","urlTemplate":"https:\/\/www.entreculturas.org\/ca\/?s={search_term_string}"},"query-input":{"@type":"PropertyValueSpecification","valueRequired":true,"valueName":"search_term_string"}}],"inLanguage":"ca"},{"@type":"Organization","@id":"https:\/\/www.entreculturas.org\/ca\/#organization","name":"Entreculturas","url":"https:\/\/www.entreculturas.org\/ca\/","logo":{"@type":"ImageObject","inLanguage":"ca","@id":"https:\/\/www.entreculturas.org\/ca\/#\/schema\/logo\/image\/","url":"https:\/\/www.entreculturas.org\/wp-content\/uploads\/2025\/10\/ESP.svg","contentUrl":"https:\/\/www.entreculturas.org\/wp-content\/uploads\/2025\/10\/ESP.svg","caption":"Entreculturas"},"image":{"@id":"https:\/\/www.entreculturas.org\/ca\/#\/schema\/logo\/image\/"},"sameAs":["https:\/\/www.facebook.com\/entreculturas","https:\/\/x.com\/Entreculturas","https:\/\/www.instagram.com\/entreculturas\/","https:\/\/www.youtube.com\/user\/entreculturasvideo","https:\/\/www.linkedin.com\/company\/fundacion-entreculturas-ngdo\/","https:\/\/www.flickr.com\/photos\/98455522@N04\/albums\/"]}]}},"_links":{"self":[{"href":"https:\/\/www.entreculturas.org\/ca\/wp-json\/wp\/v2\/noticia\/6930","targetHints":{"allow":["GET"]}}],"collection":[{"href":"https:\/\/www.entreculturas.org\/ca\/wp-json\/wp\/v2\/noticia"}],"about":[{"href":"https:\/\/www.entreculturas.org\/ca\/wp-json\/wp\/v2\/types\/noticia"}],"wp:featuredmedia":[{"embeddable":true,"href":"https:\/\/www.entreculturas.org\/ca\/wp-json\/wp\/v2\/media\/6927"}],"wp:attachment":[{"href":"https:\/\/www.entreculturas.org\/ca\/wp-json\/wp\/v2\/media?parent=6930"}],"wp:term":[{"taxonomy":"category","embeddable":true,"href":"https:\/\/www.entreculturas.org\/ca\/wp-json\/wp\/v2\/categories?post=6930"},{"taxonomy":"post_tag","embeddable":true,"href":"https:\/\/www.entreculturas.org\/ca\/wp-json\/wp\/v2\/tags?post=6930"},{"taxonomy":"country","embeddable":true,"href":"https:\/\/www.entreculturas.org\/ca\/wp-json\/wp\/v2\/country?post=6930"},{"taxonomy":"cause","embeddable":true,"href":"https:\/\/www.entreculturas.org\/ca\/wp-json\/wp\/v2\/cause?post=6930"}],"curies":[{"name":"wp","href":"https:\/\/api.w.org\/{rel}","templated":true}]}}