{"id":6882,"date":"2023-02-27T12:05:15","date_gmt":"2023-02-27T12:05:15","guid":{"rendered":"https:\/\/entreculturasi.wpenginepowered.com\/?noticias=nyota-superviviente-de-violencia-sexual-y-defensora-de-las-personas-albinas-en-rdc"},"modified":"2024-02-14T16:32:53","modified_gmt":"2024-02-14T15:32:53","slug":"nyota-superviviente-de-violencia-sexual-y-defensora-de-las-personas-albinas-en-rdc","status":"publish","type":"noticia","link":"https:\/\/www.entreculturas.org\/ca\/noticia\/nyota-superviviente-de-violencia-sexual-y-defensora-de-las-personas-albinas-en-rdc\/","title":{"rendered":"Nyota: superviviente de violencia sexual y defensora de las personas albinas en RDC"},"content":{"rendered":"<\/p>\n<p>En<strong> Rep\u00fablica Democr\u00e1tica del Congo (RDC)<\/strong>, el n\u00famero de <strong>casos de violencia de g\u00e9nero denunciados aument\u00f3 de 42.920 en 2019 a 70.142 casos en 2020 (dato m\u00e1s reciente)<\/strong>, seg\u00fan un informe de la Oficina de Coordinaci\u00f3n de Asuntos Humanitarios de las Naciones Unidas (OCHA) en la provincia de Kivu Norte, al este de RDC. Nyota Mapendo, a sus 18 a\u00f1os, ha sido v\u00edctima de esta violencia, agravada por el estigma y discriminaci\u00f3n que sufre por ser albina.&nbsp;&nbsp;<\/p>\n<p>&#8220;Cuando nac\u00ed, mis padres aceptaron mi nacimiento, a pesar de mi albinismo&#8221;, cuenta Nyota. &#8220;Mis padres me trataron como a sus otros 11 hijos&#8221;. El apoyo de sus progenitores la ayud\u00f3 a ganarse la aceptaci\u00f3n de su familia y vecinos, aunque en el colegio y en la calle era discriminada. <strong>&#8220;De peque\u00f1a no entend\u00eda por qu\u00e9 me rechazaban, no ten\u00eda muchos amigos en el colegio<\/strong> y, cuando la gente se encontraba conmigo por la calle, me dec\u00edan: \u201cOjal\u00e1 mi madre no d\u00e9 a luz a una persona albina\u201d. Esto me entristec\u00eda y me preguntaba a m\u00ed misma \u201c\u00bfPor qu\u00e9 soy de otra raza?\u201d.<\/p>\n<p>Las <strong>personas con albinismo<\/strong> nacen con falta de pigmentaci\u00f3n en pelo, piel y ojos. En muchas ocasiones se enfrentan a m\u00faltiples riesgos desde su nacimiento, siendo repudiadas por sus familias y, en algunas comunidades de \u00c1frica, incluso asesinadas para vender partes de su cuerpo. Adem\u00e1s, <strong>est\u00e1n m\u00e1s expuestas a la violencia sexual<\/strong>, ya que existe la falsa creencia de que mantener relaciones con una persona albina atrae abundancia econ\u00f3mica.<\/p>\n<p>En 2020, <strong>Nyota fue secuestrada por un grupo de hombres armados<\/strong> que abusaron de ella en una antigua escuela abandonada. Por desgracia, no fue la \u00fanica vez en la que<strong> fue v\u00edctima de violencia sexual. <\/strong>Otro d\u00eda, mientras buscaba agua, un vecino la asalt\u00f3. Tuvo un hijo fruto de esta violaci\u00f3n. Durante el embarazo, la expulsaron de la escuela porque no admit\u00edan a ni\u00f1as embarazadas.<\/p>\n<p>El trabajo del <strong>Servicio Jesuita a Refugiados (JRS)<\/strong>, nuestra organizaci\u00f3n socia en Kivu Norte, no solo ha consistido <strong>en defender el derecho de Nyota a volver a la escuela<\/strong>, sino tambi\u00e9n educar a la comunidad escolar sobre los derechos de las personas con albinismo.<\/p>\n<p>&#8220;Gracias al apoyo psicol\u00f3gico que recib\u00ed de JRS, <strong>recuper\u00e9 la confianza en m\u00ed misma y, cuando tuve a mi beb\u00e9, volv\u00ed a la escuela<\/strong>, a pesar de mi condici\u00f3n de ni\u00f1a-madre. Antes me sent\u00eda discriminada y rechazada por mis compa\u00f1eros, pero desde que recibo visitas regulares del personal de JRS, la \u00fanica organizaci\u00f3n que me apoya, me siento feliz y valorada&#8221;, asegura.<\/p>\n<p>El sue\u00f1o de Nyota es terminar sus estudios y convertirse en cooperante para ayudar a personas en situaci\u00f3n de vulnerabilidad. La joven quiere lanzar un mensaje a las personas con albinismo: &#8220;No desesper\u00e9is ni abandon\u00e9is los estudios&#8221;, y para la sociedad exige:<strong> &#8220;\u00a1Basta ya de discriminaci\u00f3n y estigmatizaci\u00f3n<\/strong>. \u00a1Las personas albinas somos criaturas de Dios como todas las personas!&#8221;.<\/p>\n<h3><span style=\"color:#FF0000\"><strong>VISITA DEL PAPA A RDC Y SUD\u00c1N DEL SUR<\/strong><\/span><\/h3>\n<p>Del 31 de enero al 5 de febrero, <strong>el Papa Francisco viaj\u00f3<\/strong>, durante su visita apost\u00f3lica n\u00famero 40, a <strong>Rep\u00fablica Democr\u00e1tica del Congo (RDC) y Sud\u00e1n del Sur<\/strong>. El lema de la peregrinaci\u00f3n, <strong>\u201cRezo para que todos sean uno\u201d<\/strong>, invocaba a la reconciliaci\u00f3n en las situaciones de conflictos olvidados que sufren ambos pa\u00edses.<\/p>\n<p><strong>En RDC, Nyota, <\/strong>como superviviente de violencia sexual y defensora de las personas albinas,<strong> tuvo la posibilidad de encontrarse con el Papa Francisco.<\/strong><\/p>\n<p>En este viaje, \u201cdeseado desde hace tiempo\u201d para el Papa, tuvo la oportunidad de realizar un sue\u00f1o: \u201cvisitar al pueblo congole\u00f1o, custodio de un pa\u00eds inmenso, pulm\u00f3n verde de \u00c1frica: junto a la Amazonia, son los dos pulmones del mundo. Tierra rica de recursos y ensangrentada por una guerra que no termina nunca porque siempre hay quien alimenta el fuego\u201d.<\/p>\n<p>Despu\u00e9s de pasar tres d\u00edas en RDC, <strong>el Papa continu\u00f3 su peregrinaje por la paz en Sud\u00e1n del Sur<\/strong>, en compa\u00f1\u00eda del arzobispo de Canterbury y del moderador de la asamblea general de la Iglesia Escocesa. En Sud\u00e1n del Sur, una delegaci\u00f3n del JRS particip\u00f3 en el encuentro de Su Santidad con las personas desplazadas.<\/p>\n<p>\u201cEs precisamente a causa de las devastaciones que produce la violencia humana, adem\u00e1s de las que producen las inundaciones, que millones de hermanas y hermanos nuestros, como ustedes, entre los cuales much\u00edsimas madres con sus hijos, tuvieron que dejar sus tierras y abandonar sus aldeas, sus casas. Lamentablemente en este pa\u00eds martirizado <strong>ser desplazado o refugiado se ha convertido en una experiencia normal y colectiva<\/strong>.<\/p>\n<p>Renuevo, por tanto, con todas las fuerzas, el m\u00e1s <strong>apremiante llamamiento a que cese todo conflicto, a retomar seriamente el proceso de paz<\/strong> para que finalicen las agresiones y la gente pueda volver a vivir de manera digna\u201d, afirmaba el Papa respondiendo a Joseph, un ni\u00f1o desplazado que le le preguntaba: <strong>\u00ab\u00bfPor qu\u00e9 estamos sufriendo en un campo para desplazados?\u00bb<\/strong>.<\/p>\n","protected":false},"excerpt":{"rendered":"<p>En Rep\u00fablica Democr\u00e1tica del Congo (RDC), el n\u00famero de casos de violencia de g\u00e9nero denunciados aument\u00f3 de 42.920 en 2019 a 70.142 casos en 2020 (dato m\u00e1s reciente), seg\u00fan un informe de la Oficina de Coordinaci\u00f3n de Asuntos Humanitarios de las Naciones Unidas (OCHA) en la provincia de Kivu Norte, al este de RDC. Nyota Mapendo, a sus 18 a\u00f1os, ha sido v\u00edctima de esta violencia, agravada por el estigma y discriminaci\u00f3n que sufre por ser albina.  <\/p>\n","protected":false},"featured_media":6883,"template":"single-noticia","meta":{"_acf_changed":false},"categories":[7],"tags":[293],"country":[318],"cause":[130],"class_list":["post-6882","noticia","type-noticia","status-publish","has-post-thumbnail","hentry","category-noticia","tag-genero","country-republica-democratica-del-congo","cause-genero"],"acf":[],"yoast_head":"<!-- This site is optimized with the Yoast SEO Premium plugin v21.6 (Yoast SEO v27.5) - https:\/\/yoast.com\/product\/yoast-seo-premium-wordpress\/ -->\n<title>Nyota: superviviente de violencia sexual y defensora de las personas albinas en RDC - Entreculturas<\/title>\n<meta name=\"robots\" content=\"index, follow, max-snippet:-1, max-image-preview:large, max-video-preview:-1\" \/>\n<link rel=\"canonical\" href=\"https:\/\/www.entreculturas.org\/ca\/noticia\/nyota-superviviente-de-violencia-sexual-y-defensora-de-las-personas-albinas-en-rdc\/\" \/>\n<meta property=\"og:locale\" content=\"ca_ES\" \/>\n<meta property=\"og:type\" content=\"article\" \/>\n<meta property=\"og:title\" content=\"Nyota: superviviente de violencia sexual y defensora de las personas albinas en RDC\" \/>\n<meta property=\"og:description\" content=\"En Rep\u00fablica Democr\u00e1tica del Congo (RDC), el n\u00famero de casos de violencia de g\u00e9nero denunciados aument\u00f3 de 42.920 en 2019 a 70.142 casos en 2020 (dato m\u00e1s reciente), seg\u00fan un informe de la Oficina de Coordinaci\u00f3n de Asuntos Humanitarios de las Naciones Unidas (OCHA) en la provincia de Kivu Norte, al este de RDC. Nyota Mapendo, a sus 18 a\u00f1os, ha sido v\u00edctima de esta violencia, agravada por el estigma y discriminaci\u00f3n que sufre por ser albina.\" \/>\n<meta property=\"og:url\" content=\"https:\/\/www.entreculturas.org\/ca\/noticia\/nyota-superviviente-de-violencia-sexual-y-defensora-de-las-personas-albinas-en-rdc\/\" \/>\n<meta property=\"og:site_name\" content=\"Entreculturas\" \/>\n<meta property=\"article:publisher\" content=\"https:\/\/www.facebook.com\/entreculturas\" \/>\n<meta property=\"article:modified_time\" content=\"2024-02-14T15:32:53+00:00\" \/>\n<meta property=\"og:image\" content=\"https:\/\/www.entreculturas.org\/wp-content\/uploads\/2023\/02\/unnamed_2.jpg\" \/>\n\t<meta property=\"og:image:width\" content=\"1080\" \/>\n\t<meta property=\"og:image:height\" content=\"1080\" \/>\n\t<meta property=\"og:image:type\" content=\"image\/jpeg\" \/>\n<meta name=\"twitter:card\" content=\"summary_large_image\" \/>\n<meta name=\"twitter:site\" content=\"@Entreculturas\" \/>\n<script type=\"application\/ld+json\" class=\"yoast-schema-graph\">{\"@context\":\"https:\\\/\\\/schema.org\",\"@graph\":[{\"@type\":\"WebPage\",\"@id\":\"https:\\\/\\\/www.entreculturas.org\\\/ca\\\/noticia\\\/nyota-superviviente-de-violencia-sexual-y-defensora-de-las-personas-albinas-en-rdc\\\/\",\"url\":\"https:\\\/\\\/www.entreculturas.org\\\/ca\\\/noticia\\\/nyota-superviviente-de-violencia-sexual-y-defensora-de-las-personas-albinas-en-rdc\\\/\",\"name\":\"Nyota: superviviente de violencia sexual y defensora de las personas albinas en RDC - Entreculturas\",\"isPartOf\":{\"@id\":\"https:\\\/\\\/www.entreculturas.org\\\/ca\\\/#website\"},\"primaryImageOfPage\":{\"@id\":\"https:\\\/\\\/www.entreculturas.org\\\/ca\\\/noticia\\\/nyota-superviviente-de-violencia-sexual-y-defensora-de-las-personas-albinas-en-rdc\\\/#primaryimage\"},\"image\":{\"@id\":\"https:\\\/\\\/www.entreculturas.org\\\/ca\\\/noticia\\\/nyota-superviviente-de-violencia-sexual-y-defensora-de-las-personas-albinas-en-rdc\\\/#primaryimage\"},\"thumbnailUrl\":\"https:\\\/\\\/www.entreculturas.org\\\/wp-content\\\/uploads\\\/2023\\\/02\\\/unnamed_2.jpg\",\"datePublished\":\"2023-02-27T12:05:15+00:00\",\"dateModified\":\"2024-02-14T15:32:53+00:00\",\"breadcrumb\":{\"@id\":\"https:\\\/\\\/www.entreculturas.org\\\/ca\\\/noticia\\\/nyota-superviviente-de-violencia-sexual-y-defensora-de-las-personas-albinas-en-rdc\\\/#breadcrumb\"},\"inLanguage\":\"ca\",\"potentialAction\":[{\"@type\":\"ReadAction\",\"target\":[\"https:\\\/\\\/www.entreculturas.org\\\/ca\\\/noticia\\\/nyota-superviviente-de-violencia-sexual-y-defensora-de-las-personas-albinas-en-rdc\\\/\"]}]},{\"@type\":\"ImageObject\",\"inLanguage\":\"ca\",\"@id\":\"https:\\\/\\\/www.entreculturas.org\\\/ca\\\/noticia\\\/nyota-superviviente-de-violencia-sexual-y-defensora-de-las-personas-albinas-en-rdc\\\/#primaryimage\",\"url\":\"https:\\\/\\\/www.entreculturas.org\\\/wp-content\\\/uploads\\\/2023\\\/02\\\/unnamed_2.jpg\",\"contentUrl\":\"https:\\\/\\\/www.entreculturas.org\\\/wp-content\\\/uploads\\\/2023\\\/02\\\/unnamed_2.jpg\",\"width\":1080,\"height\":1080,\"caption\":\"unnamed\"},{\"@type\":\"BreadcrumbList\",\"@id\":\"https:\\\/\\\/www.entreculturas.org\\\/ca\\\/noticia\\\/nyota-superviviente-de-violencia-sexual-y-defensora-de-las-personas-albinas-en-rdc\\\/#breadcrumb\",\"itemListElement\":[{\"@type\":\"ListItem\",\"position\":1,\"name\":\"Home\",\"item\":\"https:\\\/\\\/www.entreculturas.org\\\/ca\\\/\"},{\"@type\":\"ListItem\",\"position\":2,\"name\":\"Noticias\",\"item\":\"https:\\\/\\\/www.entreculturas.org\\\/ca\\\/noticias\\\/\"},{\"@type\":\"ListItem\",\"position\":3,\"name\":\"Nyota: superviviente de violencia sexual y defensora de las personas albinas en RDC\"}]},{\"@type\":\"WebSite\",\"@id\":\"https:\\\/\\\/www.entreculturas.org\\\/ca\\\/#website\",\"url\":\"https:\\\/\\\/www.entreculturas.org\\\/ca\\\/\",\"name\":\"Entreculturas\",\"description\":\"\",\"publisher\":{\"@id\":\"https:\\\/\\\/www.entreculturas.org\\\/ca\\\/#organization\"},\"alternateName\":\"Entreculturas\",\"potentialAction\":[{\"@type\":\"SearchAction\",\"target\":{\"@type\":\"EntryPoint\",\"urlTemplate\":\"https:\\\/\\\/www.entreculturas.org\\\/ca\\\/?s={search_term_string}\"},\"query-input\":{\"@type\":\"PropertyValueSpecification\",\"valueRequired\":true,\"valueName\":\"search_term_string\"}}],\"inLanguage\":\"ca\"},{\"@type\":\"Organization\",\"@id\":\"https:\\\/\\\/www.entreculturas.org\\\/ca\\\/#organization\",\"name\":\"Entreculturas\",\"url\":\"https:\\\/\\\/www.entreculturas.org\\\/ca\\\/\",\"logo\":{\"@type\":\"ImageObject\",\"inLanguage\":\"ca\",\"@id\":\"https:\\\/\\\/www.entreculturas.org\\\/ca\\\/#\\\/schema\\\/logo\\\/image\\\/\",\"url\":\"https:\\\/\\\/www.entreculturas.org\\\/wp-content\\\/uploads\\\/2025\\\/10\\\/ESP.svg\",\"contentUrl\":\"https:\\\/\\\/www.entreculturas.org\\\/wp-content\\\/uploads\\\/2025\\\/10\\\/ESP.svg\",\"caption\":\"Entreculturas\"},\"image\":{\"@id\":\"https:\\\/\\\/www.entreculturas.org\\\/ca\\\/#\\\/schema\\\/logo\\\/image\\\/\"},\"sameAs\":[\"https:\\\/\\\/www.facebook.com\\\/entreculturas\",\"https:\\\/\\\/x.com\\\/Entreculturas\",\"https:\\\/\\\/www.instagram.com\\\/entreculturas\\\/\",\"https:\\\/\\\/www.youtube.com\\\/user\\\/entreculturasvideo\",\"https:\\\/\\\/www.linkedin.com\\\/company\\\/fundacion-entreculturas-ngdo\\\/\",\"https:\\\/\\\/www.flickr.com\\\/photos\\\/98455522@N04\\\/albums\\\/\"]}]}<\/script>\n<!-- \/ Yoast SEO Premium plugin. -->","yoast_head_json":{"title":"Nyota: superviviente de violencia sexual y defensora de las personas albinas en RDC - Entreculturas","robots":{"index":"index","follow":"follow","max-snippet":"max-snippet:-1","max-image-preview":"max-image-preview:large","max-video-preview":"max-video-preview:-1"},"canonical":"https:\/\/www.entreculturas.org\/ca\/noticia\/nyota-superviviente-de-violencia-sexual-y-defensora-de-las-personas-albinas-en-rdc\/","og_locale":"ca_ES","og_type":"article","og_title":"Nyota: superviviente de violencia sexual y defensora de las personas albinas en RDC","og_description":"En Rep\u00fablica Democr\u00e1tica del Congo (RDC), el n\u00famero de casos de violencia de g\u00e9nero denunciados aument\u00f3 de 42.920 en 2019 a 70.142 casos en 2020 (dato m\u00e1s reciente), seg\u00fan un informe de la Oficina de Coordinaci\u00f3n de Asuntos Humanitarios de las Naciones Unidas (OCHA) en la provincia de Kivu Norte, al este de RDC. Nyota Mapendo, a sus 18 a\u00f1os, ha sido v\u00edctima de esta violencia, agravada por el estigma y discriminaci\u00f3n que sufre por ser albina.","og_url":"https:\/\/www.entreculturas.org\/ca\/noticia\/nyota-superviviente-de-violencia-sexual-y-defensora-de-las-personas-albinas-en-rdc\/","og_site_name":"Entreculturas","article_publisher":"https:\/\/www.facebook.com\/entreculturas","article_modified_time":"2024-02-14T15:32:53+00:00","og_image":[{"width":1080,"height":1080,"url":"https:\/\/www.entreculturas.org\/wp-content\/uploads\/2023\/02\/unnamed_2.jpg","type":"image\/jpeg"}],"twitter_card":"summary_large_image","twitter_site":"@Entreculturas","schema":{"@context":"https:\/\/schema.org","@graph":[{"@type":"WebPage","@id":"https:\/\/www.entreculturas.org\/ca\/noticia\/nyota-superviviente-de-violencia-sexual-y-defensora-de-las-personas-albinas-en-rdc\/","url":"https:\/\/www.entreculturas.org\/ca\/noticia\/nyota-superviviente-de-violencia-sexual-y-defensora-de-las-personas-albinas-en-rdc\/","name":"Nyota: superviviente de violencia sexual y defensora de las personas albinas en RDC - Entreculturas","isPartOf":{"@id":"https:\/\/www.entreculturas.org\/ca\/#website"},"primaryImageOfPage":{"@id":"https:\/\/www.entreculturas.org\/ca\/noticia\/nyota-superviviente-de-violencia-sexual-y-defensora-de-las-personas-albinas-en-rdc\/#primaryimage"},"image":{"@id":"https:\/\/www.entreculturas.org\/ca\/noticia\/nyota-superviviente-de-violencia-sexual-y-defensora-de-las-personas-albinas-en-rdc\/#primaryimage"},"thumbnailUrl":"https:\/\/www.entreculturas.org\/wp-content\/uploads\/2023\/02\/unnamed_2.jpg","datePublished":"2023-02-27T12:05:15+00:00","dateModified":"2024-02-14T15:32:53+00:00","breadcrumb":{"@id":"https:\/\/www.entreculturas.org\/ca\/noticia\/nyota-superviviente-de-violencia-sexual-y-defensora-de-las-personas-albinas-en-rdc\/#breadcrumb"},"inLanguage":"ca","potentialAction":[{"@type":"ReadAction","target":["https:\/\/www.entreculturas.org\/ca\/noticia\/nyota-superviviente-de-violencia-sexual-y-defensora-de-las-personas-albinas-en-rdc\/"]}]},{"@type":"ImageObject","inLanguage":"ca","@id":"https:\/\/www.entreculturas.org\/ca\/noticia\/nyota-superviviente-de-violencia-sexual-y-defensora-de-las-personas-albinas-en-rdc\/#primaryimage","url":"https:\/\/www.entreculturas.org\/wp-content\/uploads\/2023\/02\/unnamed_2.jpg","contentUrl":"https:\/\/www.entreculturas.org\/wp-content\/uploads\/2023\/02\/unnamed_2.jpg","width":1080,"height":1080,"caption":"unnamed"},{"@type":"BreadcrumbList","@id":"https:\/\/www.entreculturas.org\/ca\/noticia\/nyota-superviviente-de-violencia-sexual-y-defensora-de-las-personas-albinas-en-rdc\/#breadcrumb","itemListElement":[{"@type":"ListItem","position":1,"name":"Home","item":"https:\/\/www.entreculturas.org\/ca\/"},{"@type":"ListItem","position":2,"name":"Noticias","item":"https:\/\/www.entreculturas.org\/ca\/noticias\/"},{"@type":"ListItem","position":3,"name":"Nyota: superviviente de violencia sexual y defensora de las personas albinas en RDC"}]},{"@type":"WebSite","@id":"https:\/\/www.entreculturas.org\/ca\/#website","url":"https:\/\/www.entreculturas.org\/ca\/","name":"Entreculturas","description":"","publisher":{"@id":"https:\/\/www.entreculturas.org\/ca\/#organization"},"alternateName":"Entreculturas","potentialAction":[{"@type":"SearchAction","target":{"@type":"EntryPoint","urlTemplate":"https:\/\/www.entreculturas.org\/ca\/?s={search_term_string}"},"query-input":{"@type":"PropertyValueSpecification","valueRequired":true,"valueName":"search_term_string"}}],"inLanguage":"ca"},{"@type":"Organization","@id":"https:\/\/www.entreculturas.org\/ca\/#organization","name":"Entreculturas","url":"https:\/\/www.entreculturas.org\/ca\/","logo":{"@type":"ImageObject","inLanguage":"ca","@id":"https:\/\/www.entreculturas.org\/ca\/#\/schema\/logo\/image\/","url":"https:\/\/www.entreculturas.org\/wp-content\/uploads\/2025\/10\/ESP.svg","contentUrl":"https:\/\/www.entreculturas.org\/wp-content\/uploads\/2025\/10\/ESP.svg","caption":"Entreculturas"},"image":{"@id":"https:\/\/www.entreculturas.org\/ca\/#\/schema\/logo\/image\/"},"sameAs":["https:\/\/www.facebook.com\/entreculturas","https:\/\/x.com\/Entreculturas","https:\/\/www.instagram.com\/entreculturas\/","https:\/\/www.youtube.com\/user\/entreculturasvideo","https:\/\/www.linkedin.com\/company\/fundacion-entreculturas-ngdo\/","https:\/\/www.flickr.com\/photos\/98455522@N04\/albums\/"]}]}},"_links":{"self":[{"href":"https:\/\/www.entreculturas.org\/ca\/wp-json\/wp\/v2\/noticia\/6882","targetHints":{"allow":["GET"]}}],"collection":[{"href":"https:\/\/www.entreculturas.org\/ca\/wp-json\/wp\/v2\/noticia"}],"about":[{"href":"https:\/\/www.entreculturas.org\/ca\/wp-json\/wp\/v2\/types\/noticia"}],"wp:featuredmedia":[{"embeddable":true,"href":"https:\/\/www.entreculturas.org\/ca\/wp-json\/wp\/v2\/media\/6883"}],"wp:attachment":[{"href":"https:\/\/www.entreculturas.org\/ca\/wp-json\/wp\/v2\/media?parent=6882"}],"wp:term":[{"taxonomy":"category","embeddable":true,"href":"https:\/\/www.entreculturas.org\/ca\/wp-json\/wp\/v2\/categories?post=6882"},{"taxonomy":"post_tag","embeddable":true,"href":"https:\/\/www.entreculturas.org\/ca\/wp-json\/wp\/v2\/tags?post=6882"},{"taxonomy":"country","embeddable":true,"href":"https:\/\/www.entreculturas.org\/ca\/wp-json\/wp\/v2\/country?post=6882"},{"taxonomy":"cause","embeddable":true,"href":"https:\/\/www.entreculturas.org\/ca\/wp-json\/wp\/v2\/cause?post=6882"}],"curies":[{"name":"wp","href":"https:\/\/api.w.org\/{rel}","templated":true}]}}