{"id":6843,"date":"2023-01-19T12:08:35","date_gmt":"2023-01-19T12:08:35","guid":{"rendered":"https:\/\/entreculturasi.wpenginepowered.com\/?noticias=10-volpas-en-salida-en-este-inicio-de-2023"},"modified":"2024-02-14T16:38:25","modified_gmt":"2024-02-14T15:38:25","slug":"10-volpas-en-salida-en-este-inicio-de-2023","status":"publish","type":"noticia","link":"https:\/\/www.entreculturas.org\/ca\/noticia\/10-volpas-en-salida-en-este-inicio-de-2023\/","title":{"rendered":"10 VOLPAs en salida en este inicio de 2023"},"content":{"rendered":"<\/p>\n<p>Este enero de 2023 nos regal\u00f3 una nueva jornada de env\u00edo VOLPA. En esta ocasi\u00f3n <strong>10 voluntarios y voluntarias<\/strong> que, tras la formaci\u00f3n de nueve meses, marchan a sus <strong>proyectos en Am\u00e9rica Latina por uno o dos a\u00f1os<\/strong>, la mayor\u00eda de ellos con Fe y Alegr\u00eda. Esta jornada es la primera organizada conjuntamente entre Alboan y Entreculturas.&nbsp; En esta ocasi\u00f3n las personas voluntarias y destinos son las siguientes:<\/p>\n<ul>\n<li>Alex- VOLPA Zaragoza- Fe y Alegr\u00eda Per\u00fa.<\/li>\n<li>Marisa &#8211; VOLPA Madrid- Fe y Alegr\u00eda Per\u00fa.<\/li>\n<li>Mar\u00eda- VOLPA Madrid &#8211; Fe y Alegr\u00eda Per\u00fa.<\/li>\n<li>Isabel- VOLPA Canarias- Fe y Alegr\u00eda Ecuador.<\/li>\n<li>Fanny- VOLPA Madrid- Fe y Alegr\u00eda Ecuador.<\/li>\n<li>Pilar- VOLPA Sevilla- Una Familia de Familias (Ecuador).<\/li>\n<li>Borja- VOLPA Madrid- SJRM Brasil.<\/li>\n<li>Alba- VOLPA Madrid- Fe y Alegr\u00eda Honduras.<\/li>\n<li>Nagore &#8211; VOLPA Alboan- Fe y Alegr\u00eda Honduras.<\/li>\n<li>Mar\u00eda- VOLPA Canarias- Mi Rancho Bolivia..<br \/>&nbsp;<\/li>\n<\/ul>\n<p>La jornada empez\u00f3 con una din\u00e1mica de bienvenida para reforzar la <strong>identidad de grupo y la pertenencia <\/strong>a ambas instituciones. El d\u00eda estuvo marcado por los nervios de quienes ya marchan en los pr\u00f3ximos d\u00edas y la ilusi\u00f3n de volver a verse y sentir el impulso institucional.<\/p>\n<p>Tras la bienvenida los voluntarios\/as pudieron reunirse con los<strong> t\u00e9cnicos\/as de cooperaci\u00f3n<\/strong> especializados en los pa\u00edses donde viajan para poder enmarcarles el trabajo que ambas instituciones, Alboan y Entreculturas, apoyan en esos pa\u00edses con las organizaciones de acogida.<\/p>\n<p>En el descanso aprovechamos para invitar a un caf\u00e9 a todo el euipo&nbsp;de Entreculturas para que pudieran saludarles y conocerles. Cada uno de los voluntarios y voluntarias pudo contar qui\u00e9nes eran y cu\u00e1les eran sus destinos y proyectos.&nbsp;&nbsp;<\/p>\n<p>En la segunda parte de la ma\u00f1ana estuvimos trabajando los <strong>aspectos comunicativos<\/strong> y compartiendo los <strong>recursos y materiales<\/strong> que Entreculturas ha desarrollado para el trabajo con j\u00f3venes y dando a conocer la Red Generaci\u00f3n 21 presente en muchos de los pa\u00edses y donde van a estar.<\/p>\n<p>La ma\u00f1ana concluy\u00f3 con una <strong>formaci\u00f3n en tema de seguridad en terreno<\/strong>, uso y gesti\u00f3n del seguro y mensajes claves para la etapa que emprenden ya en sus destinos. Las palabras que brotaron al final de la jornada fueron agradecimiento, respaldo, reconectar, nervios\u2026y ganas, muchas ganas de volar y empezar la nueva etapa que les llevar\u00e1 al encuentro con personas, realidades y culturas que cambiar\u00e1n sin duda su forma de mirar el mundo.&nbsp;<\/p>\n<p>&nbsp;<\/p>\n<p>&nbsp;<\/p>\n","protected":false},"excerpt":{"rendered":"<p>Este enero de 2023 nos regal\u00f3 una nueva jornada de env\u00edo VOLPA. En esta ocasi\u00f3n 10 voluntarios y voluntarias que tras la formaci\u00f3n marchan a sus proyectos en Am\u00e9rica Latina por uno o dos a\u00f1os, la mayor\u00eda de ellos con Fe y Alegr\u00eda. Esya jornada es la primera organizada conjuntamente entre Alboan y Entreculturas. <\/p>\n","protected":false},"featured_media":6842,"template":"single-noticia","meta":{"_acf_changed":false},"categories":[7],"tags":[8],"country":[],"cause":[132],"class_list":["post-6843","noticia","type-noticia","status-publish","has-post-thumbnail","hentry","category-noticia","tag-participacion-y-ciudadania-global","cause-participacion-y-ciudadania-global"],"acf":[],"yoast_head":"<!-- This site is optimized with the Yoast SEO Premium plugin v21.6 (Yoast SEO v27.5) - https:\/\/yoast.com\/product\/yoast-seo-premium-wordpress\/ -->\n<title>10 VOLPAs en salida en este inicio de 2023 - Entreculturas<\/title>\n<meta name=\"robots\" content=\"index, follow, max-snippet:-1, max-image-preview:large, max-video-preview:-1\" \/>\n<link rel=\"canonical\" href=\"https:\/\/www.entreculturas.org\/ca\/noticia\/10-volpas-en-salida-en-este-inicio-de-2023\/\" \/>\n<meta property=\"og:locale\" content=\"ca_ES\" \/>\n<meta property=\"og:type\" content=\"article\" \/>\n<meta property=\"og:title\" content=\"10 VOLPAs en salida en este inicio de 2023\" \/>\n<meta property=\"og:description\" content=\"Este enero de 2023 nos regal\u00f3 una nueva jornada de env\u00edo VOLPA. En esta ocasi\u00f3n 10 voluntarios y voluntarias que tras la formaci\u00f3n marchan a sus proyectos en Am\u00e9rica Latina por uno o dos a\u00f1os, la mayor\u00eda de ellos con Fe y Alegr\u00eda. Esya jornada es la primera organizada conjuntamente entre Alboan y Entreculturas.\" \/>\n<meta property=\"og:url\" content=\"https:\/\/www.entreculturas.org\/ca\/noticia\/10-volpas-en-salida-en-este-inicio-de-2023\/\" \/>\n<meta property=\"og:site_name\" content=\"Entreculturas\" \/>\n<meta property=\"article:publisher\" content=\"https:\/\/www.facebook.com\/entreculturas\" \/>\n<meta property=\"article:modified_time\" content=\"2024-02-14T15:38:25+00:00\" \/>\n<meta property=\"og:image\" content=\"https:\/\/www.entreculturas.org\/wp-content\/uploads\/2023\/01\/p3830602.jpg\" \/>\n\t<meta property=\"og:image:width\" content=\"800\" \/>\n\t<meta property=\"og:image:height\" content=\"533\" \/>\n\t<meta property=\"og:image:type\" content=\"image\/jpeg\" \/>\n<meta name=\"twitter:card\" content=\"summary_large_image\" \/>\n<meta name=\"twitter:site\" content=\"@Entreculturas\" \/>\n<script type=\"application\/ld+json\" class=\"yoast-schema-graph\">{\"@context\":\"https:\\\/\\\/schema.org\",\"@graph\":[{\"@type\":\"WebPage\",\"@id\":\"https:\\\/\\\/www.entreculturas.org\\\/ca\\\/noticia\\\/10-volpas-en-salida-en-este-inicio-de-2023\\\/\",\"url\":\"https:\\\/\\\/www.entreculturas.org\\\/ca\\\/noticia\\\/10-volpas-en-salida-en-este-inicio-de-2023\\\/\",\"name\":\"10 VOLPAs en salida en este inicio de 2023 - Entreculturas\",\"isPartOf\":{\"@id\":\"https:\\\/\\\/www.entreculturas.org\\\/ca\\\/#website\"},\"primaryImageOfPage\":{\"@id\":\"https:\\\/\\\/www.entreculturas.org\\\/ca\\\/noticia\\\/10-volpas-en-salida-en-este-inicio-de-2023\\\/#primaryimage\"},\"image\":{\"@id\":\"https:\\\/\\\/www.entreculturas.org\\\/ca\\\/noticia\\\/10-volpas-en-salida-en-este-inicio-de-2023\\\/#primaryimage\"},\"thumbnailUrl\":\"https:\\\/\\\/www.entreculturas.org\\\/wp-content\\\/uploads\\\/2023\\\/01\\\/p3830602.jpg\",\"datePublished\":\"2023-01-19T12:08:35+00:00\",\"dateModified\":\"2024-02-14T15:38:25+00:00\",\"breadcrumb\":{\"@id\":\"https:\\\/\\\/www.entreculturas.org\\\/ca\\\/noticia\\\/10-volpas-en-salida-en-este-inicio-de-2023\\\/#breadcrumb\"},\"inLanguage\":\"ca\",\"potentialAction\":[{\"@type\":\"ReadAction\",\"target\":[\"https:\\\/\\\/www.entreculturas.org\\\/ca\\\/noticia\\\/10-volpas-en-salida-en-este-inicio-de-2023\\\/\"]}]},{\"@type\":\"ImageObject\",\"inLanguage\":\"ca\",\"@id\":\"https:\\\/\\\/www.entreculturas.org\\\/ca\\\/noticia\\\/10-volpas-en-salida-en-este-inicio-de-2023\\\/#primaryimage\",\"url\":\"https:\\\/\\\/www.entreculturas.org\\\/wp-content\\\/uploads\\\/2023\\\/01\\\/p3830602.jpg\",\"contentUrl\":\"https:\\\/\\\/www.entreculturas.org\\\/wp-content\\\/uploads\\\/2023\\\/01\\\/p3830602.jpg\",\"width\":800,\"height\":533},{\"@type\":\"BreadcrumbList\",\"@id\":\"https:\\\/\\\/www.entreculturas.org\\\/ca\\\/noticia\\\/10-volpas-en-salida-en-este-inicio-de-2023\\\/#breadcrumb\",\"itemListElement\":[{\"@type\":\"ListItem\",\"position\":1,\"name\":\"Home\",\"item\":\"https:\\\/\\\/www.entreculturas.org\\\/ca\\\/\"},{\"@type\":\"ListItem\",\"position\":2,\"name\":\"Noticias\",\"item\":\"https:\\\/\\\/www.entreculturas.org\\\/ca\\\/noticias\\\/\"},{\"@type\":\"ListItem\",\"position\":3,\"name\":\"10 VOLPAs en salida en este inicio de 2023\"}]},{\"@type\":\"WebSite\",\"@id\":\"https:\\\/\\\/www.entreculturas.org\\\/ca\\\/#website\",\"url\":\"https:\\\/\\\/www.entreculturas.org\\\/ca\\\/\",\"name\":\"Entreculturas\",\"description\":\"\",\"publisher\":{\"@id\":\"https:\\\/\\\/www.entreculturas.org\\\/ca\\\/#organization\"},\"alternateName\":\"Entreculturas\",\"potentialAction\":[{\"@type\":\"SearchAction\",\"target\":{\"@type\":\"EntryPoint\",\"urlTemplate\":\"https:\\\/\\\/www.entreculturas.org\\\/ca\\\/?s={search_term_string}\"},\"query-input\":{\"@type\":\"PropertyValueSpecification\",\"valueRequired\":true,\"valueName\":\"search_term_string\"}}],\"inLanguage\":\"ca\"},{\"@type\":\"Organization\",\"@id\":\"https:\\\/\\\/www.entreculturas.org\\\/ca\\\/#organization\",\"name\":\"Entreculturas\",\"url\":\"https:\\\/\\\/www.entreculturas.org\\\/ca\\\/\",\"logo\":{\"@type\":\"ImageObject\",\"inLanguage\":\"ca\",\"@id\":\"https:\\\/\\\/www.entreculturas.org\\\/ca\\\/#\\\/schema\\\/logo\\\/image\\\/\",\"url\":\"https:\\\/\\\/www.entreculturas.org\\\/wp-content\\\/uploads\\\/2025\\\/10\\\/ESP.svg\",\"contentUrl\":\"https:\\\/\\\/www.entreculturas.org\\\/wp-content\\\/uploads\\\/2025\\\/10\\\/ESP.svg\",\"caption\":\"Entreculturas\"},\"image\":{\"@id\":\"https:\\\/\\\/www.entreculturas.org\\\/ca\\\/#\\\/schema\\\/logo\\\/image\\\/\"},\"sameAs\":[\"https:\\\/\\\/www.facebook.com\\\/entreculturas\",\"https:\\\/\\\/x.com\\\/Entreculturas\",\"https:\\\/\\\/www.instagram.com\\\/entreculturas\\\/\",\"https:\\\/\\\/www.youtube.com\\\/user\\\/entreculturasvideo\",\"https:\\\/\\\/www.linkedin.com\\\/company\\\/fundacion-entreculturas-ngdo\\\/\",\"https:\\\/\\\/www.flickr.com\\\/photos\\\/98455522@N04\\\/albums\\\/\"]}]}<\/script>\n<!-- \/ Yoast SEO Premium plugin. -->","yoast_head_json":{"title":"10 VOLPAs en salida en este inicio de 2023 - Entreculturas","robots":{"index":"index","follow":"follow","max-snippet":"max-snippet:-1","max-image-preview":"max-image-preview:large","max-video-preview":"max-video-preview:-1"},"canonical":"https:\/\/www.entreculturas.org\/ca\/noticia\/10-volpas-en-salida-en-este-inicio-de-2023\/","og_locale":"ca_ES","og_type":"article","og_title":"10 VOLPAs en salida en este inicio de 2023","og_description":"Este enero de 2023 nos regal\u00f3 una nueva jornada de env\u00edo VOLPA. En esta ocasi\u00f3n 10 voluntarios y voluntarias que tras la formaci\u00f3n marchan a sus proyectos en Am\u00e9rica Latina por uno o dos a\u00f1os, la mayor\u00eda de ellos con Fe y Alegr\u00eda. Esya jornada es la primera organizada conjuntamente entre Alboan y Entreculturas.","og_url":"https:\/\/www.entreculturas.org\/ca\/noticia\/10-volpas-en-salida-en-este-inicio-de-2023\/","og_site_name":"Entreculturas","article_publisher":"https:\/\/www.facebook.com\/entreculturas","article_modified_time":"2024-02-14T15:38:25+00:00","og_image":[{"width":800,"height":533,"url":"https:\/\/www.entreculturas.org\/wp-content\/uploads\/2023\/01\/p3830602.jpg","type":"image\/jpeg"}],"twitter_card":"summary_large_image","twitter_site":"@Entreculturas","schema":{"@context":"https:\/\/schema.org","@graph":[{"@type":"WebPage","@id":"https:\/\/www.entreculturas.org\/ca\/noticia\/10-volpas-en-salida-en-este-inicio-de-2023\/","url":"https:\/\/www.entreculturas.org\/ca\/noticia\/10-volpas-en-salida-en-este-inicio-de-2023\/","name":"10 VOLPAs en salida en este inicio de 2023 - Entreculturas","isPartOf":{"@id":"https:\/\/www.entreculturas.org\/ca\/#website"},"primaryImageOfPage":{"@id":"https:\/\/www.entreculturas.org\/ca\/noticia\/10-volpas-en-salida-en-este-inicio-de-2023\/#primaryimage"},"image":{"@id":"https:\/\/www.entreculturas.org\/ca\/noticia\/10-volpas-en-salida-en-este-inicio-de-2023\/#primaryimage"},"thumbnailUrl":"https:\/\/www.entreculturas.org\/wp-content\/uploads\/2023\/01\/p3830602.jpg","datePublished":"2023-01-19T12:08:35+00:00","dateModified":"2024-02-14T15:38:25+00:00","breadcrumb":{"@id":"https:\/\/www.entreculturas.org\/ca\/noticia\/10-volpas-en-salida-en-este-inicio-de-2023\/#breadcrumb"},"inLanguage":"ca","potentialAction":[{"@type":"ReadAction","target":["https:\/\/www.entreculturas.org\/ca\/noticia\/10-volpas-en-salida-en-este-inicio-de-2023\/"]}]},{"@type":"ImageObject","inLanguage":"ca","@id":"https:\/\/www.entreculturas.org\/ca\/noticia\/10-volpas-en-salida-en-este-inicio-de-2023\/#primaryimage","url":"https:\/\/www.entreculturas.org\/wp-content\/uploads\/2023\/01\/p3830602.jpg","contentUrl":"https:\/\/www.entreculturas.org\/wp-content\/uploads\/2023\/01\/p3830602.jpg","width":800,"height":533},{"@type":"BreadcrumbList","@id":"https:\/\/www.entreculturas.org\/ca\/noticia\/10-volpas-en-salida-en-este-inicio-de-2023\/#breadcrumb","itemListElement":[{"@type":"ListItem","position":1,"name":"Home","item":"https:\/\/www.entreculturas.org\/ca\/"},{"@type":"ListItem","position":2,"name":"Noticias","item":"https:\/\/www.entreculturas.org\/ca\/noticias\/"},{"@type":"ListItem","position":3,"name":"10 VOLPAs en salida en este inicio de 2023"}]},{"@type":"WebSite","@id":"https:\/\/www.entreculturas.org\/ca\/#website","url":"https:\/\/www.entreculturas.org\/ca\/","name":"Entreculturas","description":"","publisher":{"@id":"https:\/\/www.entreculturas.org\/ca\/#organization"},"alternateName":"Entreculturas","potentialAction":[{"@type":"SearchAction","target":{"@type":"EntryPoint","urlTemplate":"https:\/\/www.entreculturas.org\/ca\/?s={search_term_string}"},"query-input":{"@type":"PropertyValueSpecification","valueRequired":true,"valueName":"search_term_string"}}],"inLanguage":"ca"},{"@type":"Organization","@id":"https:\/\/www.entreculturas.org\/ca\/#organization","name":"Entreculturas","url":"https:\/\/www.entreculturas.org\/ca\/","logo":{"@type":"ImageObject","inLanguage":"ca","@id":"https:\/\/www.entreculturas.org\/ca\/#\/schema\/logo\/image\/","url":"https:\/\/www.entreculturas.org\/wp-content\/uploads\/2025\/10\/ESP.svg","contentUrl":"https:\/\/www.entreculturas.org\/wp-content\/uploads\/2025\/10\/ESP.svg","caption":"Entreculturas"},"image":{"@id":"https:\/\/www.entreculturas.org\/ca\/#\/schema\/logo\/image\/"},"sameAs":["https:\/\/www.facebook.com\/entreculturas","https:\/\/x.com\/Entreculturas","https:\/\/www.instagram.com\/entreculturas\/","https:\/\/www.youtube.com\/user\/entreculturasvideo","https:\/\/www.linkedin.com\/company\/fundacion-entreculturas-ngdo\/","https:\/\/www.flickr.com\/photos\/98455522@N04\/albums\/"]}]}},"_links":{"self":[{"href":"https:\/\/www.entreculturas.org\/ca\/wp-json\/wp\/v2\/noticia\/6843","targetHints":{"allow":["GET"]}}],"collection":[{"href":"https:\/\/www.entreculturas.org\/ca\/wp-json\/wp\/v2\/noticia"}],"about":[{"href":"https:\/\/www.entreculturas.org\/ca\/wp-json\/wp\/v2\/types\/noticia"}],"wp:featuredmedia":[{"embeddable":true,"href":"https:\/\/www.entreculturas.org\/ca\/wp-json\/wp\/v2\/media\/6842"}],"wp:attachment":[{"href":"https:\/\/www.entreculturas.org\/ca\/wp-json\/wp\/v2\/media?parent=6843"}],"wp:term":[{"taxonomy":"category","embeddable":true,"href":"https:\/\/www.entreculturas.org\/ca\/wp-json\/wp\/v2\/categories?post=6843"},{"taxonomy":"post_tag","embeddable":true,"href":"https:\/\/www.entreculturas.org\/ca\/wp-json\/wp\/v2\/tags?post=6843"},{"taxonomy":"country","embeddable":true,"href":"https:\/\/www.entreculturas.org\/ca\/wp-json\/wp\/v2\/country?post=6843"},{"taxonomy":"cause","embeddable":true,"href":"https:\/\/www.entreculturas.org\/ca\/wp-json\/wp\/v2\/cause?post=6843"}],"curies":[{"name":"wp","href":"https:\/\/api.w.org\/{rel}","templated":true}]}}