{"id":6804,"date":"2022-12-01T13:37:02","date_gmt":"2022-12-01T13:37:02","guid":{"rendered":"https:\/\/entreculturasi.wpenginepowered.com\/?noticias=desde-el-fondo-de-fundaciones-lanzamos-la-ii-convocatoria-para-proyectos-de-impacto-social"},"modified":"2024-02-14T17:25:55","modified_gmt":"2024-02-14T16:25:55","slug":"desde-el-fondo-de-fundaciones-lanzamos-la-ii-convocatoria-para-proyectos-de-impacto-social","status":"publish","type":"noticia","link":"https:\/\/www.entreculturas.org\/ca\/noticia\/desde-el-fondo-de-fundaciones-lanzamos-la-ii-convocatoria-para-proyectos-de-impacto-social\/","title":{"rendered":"Desde el Fondo de Fundaciones lanzamos la II convocatoria para proyectos de impacto social"},"content":{"rendered":"<\/p>\n<p>Desde el Fondo de Fundaciones de Impacto, coalici\u00f3n de la que formamos parte junto a otras 19&nbsp;fundaciones, lanzamos la <strong>II Convocatoria para proyectos con impacto social<\/strong>. El Fondo de Fundaciones de Impacto es un proyecto pionero en Espa\u00f1a que pretende visibilizar que la contribuci\u00f3n a la <strong>mejora de la sociedad<\/strong> y la obtenci\u00f3n de rentabilidad financiera son compatibles e introducir a las entidades sin \u00e1nimo de lucro en la inversi\u00f3n de impacto de forma pr\u00e1ctica y colaborativa.<\/p>\n<p>En la primera edici\u00f3n se financiaron a dos empresas sociales espa\u00f1olas: Apadrinaunolivo.org y RobinGood para promover la inclusi\u00f3n social y luchar contra la despoblaci\u00f3n rural.&nbsp;<\/p>\n<p>Para dar continuidad al Fondo, las fundaciones participantes hemos lanzado&nbsp;una <strong>segunda convocatoria<\/strong> con una inversi\u00f3n por proyecto de hasta 40.000 euros, dirigida a empresas y proyectos en funcionamiento en Espa\u00f1a que persigan con su actividad un impacto social, y que est\u00e9n orientados a apoyar a colectivos vulnerables o en riesgo de exclusi\u00f3n. Las empresas y proyectos interesados tienen <strong>hasta el pr\u00f3ximo 31 de enero de 2023 para presentar su candidatura<\/strong>.<\/p>\n<p>Las empresas sociales interesadas tendr\u00e1n que cumplir con los siguientes requisitos:<\/p>\n<ul>\n<li>Ser una empresa o proyecto orientado a apoyar a colectivos vulnerables o en riesgo de exclusi\u00f3n.<\/li>\n<li>Con un modelo de negocio sostenible o con proyecci\u00f3n de rentabilidad a medio plazo con impacto social en Espa\u00f1a.<\/li>\n<li>En fase temprana de desarrollo o de crecimiento, que cuente al menos con un producto o servicio en el mercado y ya con primeras ventas con voluntad y potencial de escalabilidad.<\/li>\n<\/ul>\n<p><span style=\"color:#FF0000\"><strong>C\u00f3mo inscribirse<\/strong><\/span>:<br \/>La inscripci\u00f3n debe formalizarse a trav\u00e9s del formulario disponible en la <a href=\"https:\/\/www.openvaluefoundation.org\/es\/convocatoria-fondo-de-fundaciones-de-impacto\" target=\"_blank\" rel=\"noopener\">p\u00e1gina web de Open Value Foundation<\/a> antes del pr\u00f3ximo 31 de enero de 2023.<\/p>\n","protected":false},"excerpt":{"rendered":"<p>Desde el Fondo de Fundaciones de Impacto, coalici\u00f3n de la que formamos parte junto a otras 19 fundaciones, lanzamos la II Convocatoria para proyectos con impacto social. El Fondo de Fundaciones de Impacto es un proyecto pionero en Espa\u00f1a que pretende visibilizar que la contribuci\u00f3n a la mejora de la sociedad y la obtenci\u00f3n de rentabilidad financiera son compatibles e introducir a las entidades sin \u00e1nimo de lucro en la inversi\u00f3n de impacto de forma pr\u00e1ctica y colaborativa.<\/p>\n","protected":false},"featured_media":6803,"template":"single-noticia","meta":{"_acf_changed":false},"categories":[7],"tags":[196],"country":[120],"cause":[132],"class_list":["post-6804","noticia","type-noticia","status-publish","has-post-thumbnail","hentry","category-noticia","tag-rsc","country-espana","cause-participacion-y-ciudadania-global"],"acf":[],"yoast_head":"<!-- This site is optimized with the Yoast SEO Premium plugin v21.6 (Yoast SEO v27.5) - https:\/\/yoast.com\/product\/yoast-seo-premium-wordpress\/ -->\n<title>Desde el Fondo de Fundaciones lanzamos la II convocatoria para proyectos de impacto social - Entreculturas<\/title>\n<meta name=\"robots\" content=\"index, follow, max-snippet:-1, max-image-preview:large, max-video-preview:-1\" \/>\n<link rel=\"canonical\" href=\"https:\/\/www.entreculturas.org\/ca\/noticia\/desde-el-fondo-de-fundaciones-lanzamos-la-ii-convocatoria-para-proyectos-de-impacto-social\/\" \/>\n<meta property=\"og:locale\" content=\"ca_ES\" \/>\n<meta property=\"og:type\" content=\"article\" \/>\n<meta property=\"og:title\" content=\"Desde el Fondo de Fundaciones lanzamos la II convocatoria para proyectos de impacto social\" \/>\n<meta property=\"og:description\" content=\"Desde el Fondo de Fundaciones de Impacto, coalici\u00f3n de la que formamos parte junto a otras 19 fundaciones, lanzamos la II Convocatoria para proyectos con impacto social. El Fondo de Fundaciones de Impacto es un proyecto pionero en Espa\u00f1a que pretende visibilizar que la contribuci\u00f3n a la mejora de la sociedad y la obtenci\u00f3n de rentabilidad financiera son compatibles e introducir a las entidades sin \u00e1nimo de lucro en la inversi\u00f3n de impacto de forma pr\u00e1ctica y colaborativa.\" \/>\n<meta property=\"og:url\" content=\"https:\/\/www.entreculturas.org\/ca\/noticia\/desde-el-fondo-de-fundaciones-lanzamos-la-ii-convocatoria-para-proyectos-de-impacto-social\/\" \/>\n<meta property=\"og:site_name\" content=\"Entreculturas\" \/>\n<meta property=\"article:publisher\" content=\"https:\/\/www.facebook.com\/entreculturas\" \/>\n<meta property=\"article:modified_time\" content=\"2024-02-14T16:25:55+00:00\" \/>\n<meta property=\"og:image\" content=\"https:\/\/www.entreculturas.org\/wp-content\/uploads\/2022\/12\/ii-convocatoria-fdf-2022-tw-1.png\" \/>\n\t<meta property=\"og:image:width\" content=\"1600\" \/>\n\t<meta property=\"og:image:height\" content=\"900\" \/>\n\t<meta property=\"og:image:type\" content=\"image\/png\" \/>\n<meta name=\"twitter:card\" content=\"summary_large_image\" \/>\n<meta name=\"twitter:site\" content=\"@Entreculturas\" \/>\n<script type=\"application\/ld+json\" class=\"yoast-schema-graph\">{\"@context\":\"https:\\\/\\\/schema.org\",\"@graph\":[{\"@type\":\"WebPage\",\"@id\":\"https:\\\/\\\/www.entreculturas.org\\\/ca\\\/noticia\\\/desde-el-fondo-de-fundaciones-lanzamos-la-ii-convocatoria-para-proyectos-de-impacto-social\\\/\",\"url\":\"https:\\\/\\\/www.entreculturas.org\\\/ca\\\/noticia\\\/desde-el-fondo-de-fundaciones-lanzamos-la-ii-convocatoria-para-proyectos-de-impacto-social\\\/\",\"name\":\"Desde el Fondo de Fundaciones lanzamos la II convocatoria para proyectos de impacto social - Entreculturas\",\"isPartOf\":{\"@id\":\"https:\\\/\\\/www.entreculturas.org\\\/ca\\\/#website\"},\"primaryImageOfPage\":{\"@id\":\"https:\\\/\\\/www.entreculturas.org\\\/ca\\\/noticia\\\/desde-el-fondo-de-fundaciones-lanzamos-la-ii-convocatoria-para-proyectos-de-impacto-social\\\/#primaryimage\"},\"image\":{\"@id\":\"https:\\\/\\\/www.entreculturas.org\\\/ca\\\/noticia\\\/desde-el-fondo-de-fundaciones-lanzamos-la-ii-convocatoria-para-proyectos-de-impacto-social\\\/#primaryimage\"},\"thumbnailUrl\":\"https:\\\/\\\/www.entreculturas.org\\\/wp-content\\\/uploads\\\/2022\\\/12\\\/ii-convocatoria-fdf-2022-tw-1.png\",\"datePublished\":\"2022-12-01T13:37:02+00:00\",\"dateModified\":\"2024-02-14T16:25:55+00:00\",\"breadcrumb\":{\"@id\":\"https:\\\/\\\/www.entreculturas.org\\\/ca\\\/noticia\\\/desde-el-fondo-de-fundaciones-lanzamos-la-ii-convocatoria-para-proyectos-de-impacto-social\\\/#breadcrumb\"},\"inLanguage\":\"ca\",\"potentialAction\":[{\"@type\":\"ReadAction\",\"target\":[\"https:\\\/\\\/www.entreculturas.org\\\/ca\\\/noticia\\\/desde-el-fondo-de-fundaciones-lanzamos-la-ii-convocatoria-para-proyectos-de-impacto-social\\\/\"]}]},{\"@type\":\"ImageObject\",\"inLanguage\":\"ca\",\"@id\":\"https:\\\/\\\/www.entreculturas.org\\\/ca\\\/noticia\\\/desde-el-fondo-de-fundaciones-lanzamos-la-ii-convocatoria-para-proyectos-de-impacto-social\\\/#primaryimage\",\"url\":\"https:\\\/\\\/www.entreculturas.org\\\/wp-content\\\/uploads\\\/2022\\\/12\\\/ii-convocatoria-fdf-2022-tw-1.png\",\"contentUrl\":\"https:\\\/\\\/www.entreculturas.org\\\/wp-content\\\/uploads\\\/2022\\\/12\\\/ii-convocatoria-fdf-2022-tw-1.png\",\"width\":1600,\"height\":900},{\"@type\":\"BreadcrumbList\",\"@id\":\"https:\\\/\\\/www.entreculturas.org\\\/ca\\\/noticia\\\/desde-el-fondo-de-fundaciones-lanzamos-la-ii-convocatoria-para-proyectos-de-impacto-social\\\/#breadcrumb\",\"itemListElement\":[{\"@type\":\"ListItem\",\"position\":1,\"name\":\"Home\",\"item\":\"https:\\\/\\\/www.entreculturas.org\\\/ca\\\/\"},{\"@type\":\"ListItem\",\"position\":2,\"name\":\"Noticias\",\"item\":\"https:\\\/\\\/www.entreculturas.org\\\/ca\\\/noticias\\\/\"},{\"@type\":\"ListItem\",\"position\":3,\"name\":\"Desde el Fondo de Fundaciones lanzamos la II convocatoria para proyectos de impacto social\"}]},{\"@type\":\"WebSite\",\"@id\":\"https:\\\/\\\/www.entreculturas.org\\\/ca\\\/#website\",\"url\":\"https:\\\/\\\/www.entreculturas.org\\\/ca\\\/\",\"name\":\"Entreculturas\",\"description\":\"\",\"publisher\":{\"@id\":\"https:\\\/\\\/www.entreculturas.org\\\/ca\\\/#organization\"},\"alternateName\":\"Entreculturas\",\"potentialAction\":[{\"@type\":\"SearchAction\",\"target\":{\"@type\":\"EntryPoint\",\"urlTemplate\":\"https:\\\/\\\/www.entreculturas.org\\\/ca\\\/?s={search_term_string}\"},\"query-input\":{\"@type\":\"PropertyValueSpecification\",\"valueRequired\":true,\"valueName\":\"search_term_string\"}}],\"inLanguage\":\"ca\"},{\"@type\":\"Organization\",\"@id\":\"https:\\\/\\\/www.entreculturas.org\\\/ca\\\/#organization\",\"name\":\"Entreculturas\",\"url\":\"https:\\\/\\\/www.entreculturas.org\\\/ca\\\/\",\"logo\":{\"@type\":\"ImageObject\",\"inLanguage\":\"ca\",\"@id\":\"https:\\\/\\\/www.entreculturas.org\\\/ca\\\/#\\\/schema\\\/logo\\\/image\\\/\",\"url\":\"https:\\\/\\\/www.entreculturas.org\\\/wp-content\\\/uploads\\\/2025\\\/10\\\/ESP.svg\",\"contentUrl\":\"https:\\\/\\\/www.entreculturas.org\\\/wp-content\\\/uploads\\\/2025\\\/10\\\/ESP.svg\",\"caption\":\"Entreculturas\"},\"image\":{\"@id\":\"https:\\\/\\\/www.entreculturas.org\\\/ca\\\/#\\\/schema\\\/logo\\\/image\\\/\"},\"sameAs\":[\"https:\\\/\\\/www.facebook.com\\\/entreculturas\",\"https:\\\/\\\/x.com\\\/Entreculturas\",\"https:\\\/\\\/www.instagram.com\\\/entreculturas\\\/\",\"https:\\\/\\\/www.youtube.com\\\/user\\\/entreculturasvideo\",\"https:\\\/\\\/www.linkedin.com\\\/company\\\/fundacion-entreculturas-ngdo\\\/\",\"https:\\\/\\\/www.flickr.com\\\/photos\\\/98455522@N04\\\/albums\\\/\"]}]}<\/script>\n<!-- \/ Yoast SEO Premium plugin. -->","yoast_head_json":{"title":"Desde el Fondo de Fundaciones lanzamos la II convocatoria para proyectos de impacto social - Entreculturas","robots":{"index":"index","follow":"follow","max-snippet":"max-snippet:-1","max-image-preview":"max-image-preview:large","max-video-preview":"max-video-preview:-1"},"canonical":"https:\/\/www.entreculturas.org\/ca\/noticia\/desde-el-fondo-de-fundaciones-lanzamos-la-ii-convocatoria-para-proyectos-de-impacto-social\/","og_locale":"ca_ES","og_type":"article","og_title":"Desde el Fondo de Fundaciones lanzamos la II convocatoria para proyectos de impacto social","og_description":"Desde el Fondo de Fundaciones de Impacto, coalici\u00f3n de la que formamos parte junto a otras 19 fundaciones, lanzamos la II Convocatoria para proyectos con impacto social. El Fondo de Fundaciones de Impacto es un proyecto pionero en Espa\u00f1a que pretende visibilizar que la contribuci\u00f3n a la mejora de la sociedad y la obtenci\u00f3n de rentabilidad financiera son compatibles e introducir a las entidades sin \u00e1nimo de lucro en la inversi\u00f3n de impacto de forma pr\u00e1ctica y colaborativa.","og_url":"https:\/\/www.entreculturas.org\/ca\/noticia\/desde-el-fondo-de-fundaciones-lanzamos-la-ii-convocatoria-para-proyectos-de-impacto-social\/","og_site_name":"Entreculturas","article_publisher":"https:\/\/www.facebook.com\/entreculturas","article_modified_time":"2024-02-14T16:25:55+00:00","og_image":[{"width":1600,"height":900,"url":"https:\/\/www.entreculturas.org\/wp-content\/uploads\/2022\/12\/ii-convocatoria-fdf-2022-tw-1.png","type":"image\/png"}],"twitter_card":"summary_large_image","twitter_site":"@Entreculturas","schema":{"@context":"https:\/\/schema.org","@graph":[{"@type":"WebPage","@id":"https:\/\/www.entreculturas.org\/ca\/noticia\/desde-el-fondo-de-fundaciones-lanzamos-la-ii-convocatoria-para-proyectos-de-impacto-social\/","url":"https:\/\/www.entreculturas.org\/ca\/noticia\/desde-el-fondo-de-fundaciones-lanzamos-la-ii-convocatoria-para-proyectos-de-impacto-social\/","name":"Desde el Fondo de Fundaciones lanzamos la II convocatoria para proyectos de impacto social - Entreculturas","isPartOf":{"@id":"https:\/\/www.entreculturas.org\/ca\/#website"},"primaryImageOfPage":{"@id":"https:\/\/www.entreculturas.org\/ca\/noticia\/desde-el-fondo-de-fundaciones-lanzamos-la-ii-convocatoria-para-proyectos-de-impacto-social\/#primaryimage"},"image":{"@id":"https:\/\/www.entreculturas.org\/ca\/noticia\/desde-el-fondo-de-fundaciones-lanzamos-la-ii-convocatoria-para-proyectos-de-impacto-social\/#primaryimage"},"thumbnailUrl":"https:\/\/www.entreculturas.org\/wp-content\/uploads\/2022\/12\/ii-convocatoria-fdf-2022-tw-1.png","datePublished":"2022-12-01T13:37:02+00:00","dateModified":"2024-02-14T16:25:55+00:00","breadcrumb":{"@id":"https:\/\/www.entreculturas.org\/ca\/noticia\/desde-el-fondo-de-fundaciones-lanzamos-la-ii-convocatoria-para-proyectos-de-impacto-social\/#breadcrumb"},"inLanguage":"ca","potentialAction":[{"@type":"ReadAction","target":["https:\/\/www.entreculturas.org\/ca\/noticia\/desde-el-fondo-de-fundaciones-lanzamos-la-ii-convocatoria-para-proyectos-de-impacto-social\/"]}]},{"@type":"ImageObject","inLanguage":"ca","@id":"https:\/\/www.entreculturas.org\/ca\/noticia\/desde-el-fondo-de-fundaciones-lanzamos-la-ii-convocatoria-para-proyectos-de-impacto-social\/#primaryimage","url":"https:\/\/www.entreculturas.org\/wp-content\/uploads\/2022\/12\/ii-convocatoria-fdf-2022-tw-1.png","contentUrl":"https:\/\/www.entreculturas.org\/wp-content\/uploads\/2022\/12\/ii-convocatoria-fdf-2022-tw-1.png","width":1600,"height":900},{"@type":"BreadcrumbList","@id":"https:\/\/www.entreculturas.org\/ca\/noticia\/desde-el-fondo-de-fundaciones-lanzamos-la-ii-convocatoria-para-proyectos-de-impacto-social\/#breadcrumb","itemListElement":[{"@type":"ListItem","position":1,"name":"Home","item":"https:\/\/www.entreculturas.org\/ca\/"},{"@type":"ListItem","position":2,"name":"Noticias","item":"https:\/\/www.entreculturas.org\/ca\/noticias\/"},{"@type":"ListItem","position":3,"name":"Desde el Fondo de Fundaciones lanzamos la II convocatoria para proyectos de impacto social"}]},{"@type":"WebSite","@id":"https:\/\/www.entreculturas.org\/ca\/#website","url":"https:\/\/www.entreculturas.org\/ca\/","name":"Entreculturas","description":"","publisher":{"@id":"https:\/\/www.entreculturas.org\/ca\/#organization"},"alternateName":"Entreculturas","potentialAction":[{"@type":"SearchAction","target":{"@type":"EntryPoint","urlTemplate":"https:\/\/www.entreculturas.org\/ca\/?s={search_term_string}"},"query-input":{"@type":"PropertyValueSpecification","valueRequired":true,"valueName":"search_term_string"}}],"inLanguage":"ca"},{"@type":"Organization","@id":"https:\/\/www.entreculturas.org\/ca\/#organization","name":"Entreculturas","url":"https:\/\/www.entreculturas.org\/ca\/","logo":{"@type":"ImageObject","inLanguage":"ca","@id":"https:\/\/www.entreculturas.org\/ca\/#\/schema\/logo\/image\/","url":"https:\/\/www.entreculturas.org\/wp-content\/uploads\/2025\/10\/ESP.svg","contentUrl":"https:\/\/www.entreculturas.org\/wp-content\/uploads\/2025\/10\/ESP.svg","caption":"Entreculturas"},"image":{"@id":"https:\/\/www.entreculturas.org\/ca\/#\/schema\/logo\/image\/"},"sameAs":["https:\/\/www.facebook.com\/entreculturas","https:\/\/x.com\/Entreculturas","https:\/\/www.instagram.com\/entreculturas\/","https:\/\/www.youtube.com\/user\/entreculturasvideo","https:\/\/www.linkedin.com\/company\/fundacion-entreculturas-ngdo\/","https:\/\/www.flickr.com\/photos\/98455522@N04\/albums\/"]}]}},"_links":{"self":[{"href":"https:\/\/www.entreculturas.org\/ca\/wp-json\/wp\/v2\/noticia\/6804","targetHints":{"allow":["GET"]}}],"collection":[{"href":"https:\/\/www.entreculturas.org\/ca\/wp-json\/wp\/v2\/noticia"}],"about":[{"href":"https:\/\/www.entreculturas.org\/ca\/wp-json\/wp\/v2\/types\/noticia"}],"wp:featuredmedia":[{"embeddable":true,"href":"https:\/\/www.entreculturas.org\/ca\/wp-json\/wp\/v2\/media\/6803"}],"wp:attachment":[{"href":"https:\/\/www.entreculturas.org\/ca\/wp-json\/wp\/v2\/media?parent=6804"}],"wp:term":[{"taxonomy":"category","embeddable":true,"href":"https:\/\/www.entreculturas.org\/ca\/wp-json\/wp\/v2\/categories?post=6804"},{"taxonomy":"post_tag","embeddable":true,"href":"https:\/\/www.entreculturas.org\/ca\/wp-json\/wp\/v2\/tags?post=6804"},{"taxonomy":"country","embeddable":true,"href":"https:\/\/www.entreculturas.org\/ca\/wp-json\/wp\/v2\/country?post=6804"},{"taxonomy":"cause","embeddable":true,"href":"https:\/\/www.entreculturas.org\/ca\/wp-json\/wp\/v2\/cause?post=6804"}],"curies":[{"name":"wp","href":"https:\/\/api.w.org\/{rel}","templated":true}]}}