{"id":6733,"date":"2022-10-07T10:11:12","date_gmt":"2022-10-07T10:11:12","guid":{"rendered":"https:\/\/entreculturasi.wpenginepowered.com\/?noticias=el-xxi-festival-intercentros-2023-de-coruna-apoyara-los-proyectos-de-entreculturas"},"modified":"2023-12-18T10:31:16","modified_gmt":"2023-12-18T09:31:16","slug":"el-xxi-festival-intercentros-2023-de-coruna-apoyara-los-proyectos-de-entreculturas","status":"publish","type":"noticia","link":"https:\/\/www.entreculturas.org\/ca\/noticia\/el-xxi-festival-intercentros-2023-de-coruna-apoyara-los-proyectos-de-entreculturas\/","title":{"rendered":"El  XXI Festival Intercentros 2023 de A Coru\u00f1a apoyar\u00e1 los proyectos de Entreculturas"},"content":{"rendered":"<\/p>\n<p>Entreculturas, junto a la Fundaci\u00f3n Amig\u00f3, han sido las dos organizaciones seleccionadas en el <strong>XXI Festival Intercentros 2023<\/strong>, que se present\u00f3 de manera oficial el pasado 29 de septiembre en Afundaci\u00f3n de A Coru\u00f1a.&nbsp;<\/p>\n<p>Los proyectos solidarios escogidos en esta edici\u00f3n tienen dos miradas, una local, a trav\u00e9s de la Fundaci\u00f3n Amig\u00f3, y otra internacional, que es el aporte de Entreculturas. Todo lo recaudado en el Festival ir\u00e1 destinado a los proyectos de ambas organizaciones. <strong>Desde aqu\u00ed queremos agradecer a la organizaci\u00f3n del Festival por el apoyo mostrado.<\/strong><\/p>\n<p>La 21\u00aa edici\u00f3n del Festival Interncentros convocar\u00e1 a la pr\u00e1ctica totalidad de centros educativos de la ciudad: a m\u00e1s de mil ni\u00f1os, ni\u00f1as y j\u00f3venes en torno a la educaci\u00f3n, la m\u00fasica y la solidaridad. La meta de Intercentros es ofrecer una actividad educativa, centrada en valores, que asuma a su vez la m\u00fasica y el arte, como medio de expresi\u00f3n de la sensibilidad de los alumnos.<\/p>\n","protected":false},"excerpt":{"rendered":"<p>Entreculturas, junto a la Fundaci\u00f3n Amig\u00f3, han sido las dos organizaciones seleccionadas en el XXI Festival Intercentros 2023, que se present\u00f3 de manera oficial el pasado 29 de septiembre en Afundaci\u00f3n de A Coru\u00f1a.  Los proyectos solidarios escogidos en esta edici\u00f3n tienen dos miradas, una local, a trav\u00e9s de la Fundaci\u00f3n Amig\u00f3, y otra internacional, que es el aporte de Entreculturas. Todo lo recaudado en el Festival ir\u00e1 destinado a los proyectos de ambas organizaciones. Desde aqu\u00ed queremos agradecer a la organizaci\u00f3n del Festival por el apoyo mostrado.<\/p>\n","protected":false},"featured_media":6732,"template":"single-noticia","meta":{"_acf_changed":false},"categories":[7],"tags":[185],"country":[],"cause":[],"class_list":["post-6733","noticia","type-noticia","status-publish","has-post-thumbnail","hentry","category-noticia","tag-entreculturas"],"acf":[],"yoast_head":"<!-- This site is optimized with the Yoast SEO Premium plugin v21.6 (Yoast SEO v27.5) - https:\/\/yoast.com\/product\/yoast-seo-premium-wordpress\/ -->\n<title>El XXI Festival Intercentros 2023 de A Coru\u00f1a apoyar\u00e1 los proyectos de Entreculturas - Entreculturas<\/title>\n<meta name=\"robots\" content=\"index, follow, max-snippet:-1, max-image-preview:large, max-video-preview:-1\" \/>\n<link rel=\"canonical\" href=\"https:\/\/www.entreculturas.org\/ca\/noticia\/el-xxi-festival-intercentros-2023-de-coruna-apoyara-los-proyectos-de-entreculturas\/\" \/>\n<meta property=\"og:locale\" content=\"ca_ES\" \/>\n<meta property=\"og:type\" content=\"article\" \/>\n<meta property=\"og:title\" content=\"El XXI Festival Intercentros 2023 de A Coru\u00f1a apoyar\u00e1 los proyectos de Entreculturas\" \/>\n<meta property=\"og:description\" content=\"Entreculturas, junto a la Fundaci\u00f3n Amig\u00f3, han sido las dos organizaciones seleccionadas en el XXI Festival Intercentros 2023, que se present\u00f3 de manera oficial el pasado 29 de septiembre en Afundaci\u00f3n de A Coru\u00f1a. Los proyectos solidarios escogidos en esta edici\u00f3n tienen dos miradas, una local, a trav\u00e9s de la Fundaci\u00f3n Amig\u00f3, y otra internacional, que es el aporte de Entreculturas. Todo lo recaudado en el Festival ir\u00e1 destinado a los proyectos de ambas organizaciones. Desde aqu\u00ed queremos agradecer a la organizaci\u00f3n del Festival por el apoyo mostrado.\" \/>\n<meta property=\"og:url\" content=\"https:\/\/www.entreculturas.org\/ca\/noticia\/el-xxi-festival-intercentros-2023-de-coruna-apoyara-los-proyectos-de-entreculturas\/\" \/>\n<meta property=\"og:site_name\" content=\"Entreculturas\" \/>\n<meta property=\"article:publisher\" content=\"https:\/\/www.facebook.com\/entreculturas\" \/>\n<meta property=\"article:modified_time\" content=\"2023-12-18T09:31:16+00:00\" \/>\n<meta property=\"og:image\" content=\"https:\/\/www.entreculturas.org\/wp-content\/uploads\/2022\/10\/intercentros.jpg\" \/>\n\t<meta property=\"og:image:width\" content=\"1462\" \/>\n\t<meta property=\"og:image:height\" content=\"1097\" \/>\n\t<meta property=\"og:image:type\" content=\"image\/jpeg\" \/>\n<meta name=\"twitter:card\" content=\"summary_large_image\" \/>\n<meta name=\"twitter:site\" content=\"@Entreculturas\" \/>\n<script type=\"application\/ld+json\" class=\"yoast-schema-graph\">{\"@context\":\"https:\\\/\\\/schema.org\",\"@graph\":[{\"@type\":\"WebPage\",\"@id\":\"https:\\\/\\\/www.entreculturas.org\\\/ca\\\/noticia\\\/el-xxi-festival-intercentros-2023-de-coruna-apoyara-los-proyectos-de-entreculturas\\\/\",\"url\":\"https:\\\/\\\/www.entreculturas.org\\\/ca\\\/noticia\\\/el-xxi-festival-intercentros-2023-de-coruna-apoyara-los-proyectos-de-entreculturas\\\/\",\"name\":\"El XXI Festival Intercentros 2023 de A Coru\u00f1a apoyar\u00e1 los proyectos de Entreculturas - Entreculturas\",\"isPartOf\":{\"@id\":\"https:\\\/\\\/www.entreculturas.org\\\/ca\\\/#website\"},\"primaryImageOfPage\":{\"@id\":\"https:\\\/\\\/www.entreculturas.org\\\/ca\\\/noticia\\\/el-xxi-festival-intercentros-2023-de-coruna-apoyara-los-proyectos-de-entreculturas\\\/#primaryimage\"},\"image\":{\"@id\":\"https:\\\/\\\/www.entreculturas.org\\\/ca\\\/noticia\\\/el-xxi-festival-intercentros-2023-de-coruna-apoyara-los-proyectos-de-entreculturas\\\/#primaryimage\"},\"thumbnailUrl\":\"https:\\\/\\\/www.entreculturas.org\\\/wp-content\\\/uploads\\\/2022\\\/10\\\/intercentros.jpg\",\"datePublished\":\"2022-10-07T10:11:12+00:00\",\"dateModified\":\"2023-12-18T09:31:16+00:00\",\"breadcrumb\":{\"@id\":\"https:\\\/\\\/www.entreculturas.org\\\/ca\\\/noticia\\\/el-xxi-festival-intercentros-2023-de-coruna-apoyara-los-proyectos-de-entreculturas\\\/#breadcrumb\"},\"inLanguage\":\"ca\",\"potentialAction\":[{\"@type\":\"ReadAction\",\"target\":[\"https:\\\/\\\/www.entreculturas.org\\\/ca\\\/noticia\\\/el-xxi-festival-intercentros-2023-de-coruna-apoyara-los-proyectos-de-entreculturas\\\/\"]}]},{\"@type\":\"ImageObject\",\"inLanguage\":\"ca\",\"@id\":\"https:\\\/\\\/www.entreculturas.org\\\/ca\\\/noticia\\\/el-xxi-festival-intercentros-2023-de-coruna-apoyara-los-proyectos-de-entreculturas\\\/#primaryimage\",\"url\":\"https:\\\/\\\/www.entreculturas.org\\\/wp-content\\\/uploads\\\/2022\\\/10\\\/intercentros.jpg\",\"contentUrl\":\"https:\\\/\\\/www.entreculturas.org\\\/wp-content\\\/uploads\\\/2022\\\/10\\\/intercentros.jpg\",\"width\":1462,\"height\":1097},{\"@type\":\"BreadcrumbList\",\"@id\":\"https:\\\/\\\/www.entreculturas.org\\\/ca\\\/noticia\\\/el-xxi-festival-intercentros-2023-de-coruna-apoyara-los-proyectos-de-entreculturas\\\/#breadcrumb\",\"itemListElement\":[{\"@type\":\"ListItem\",\"position\":1,\"name\":\"Home\",\"item\":\"https:\\\/\\\/www.entreculturas.org\\\/ca\\\/\"},{\"@type\":\"ListItem\",\"position\":2,\"name\":\"Noticias\",\"item\":\"https:\\\/\\\/www.entreculturas.org\\\/ca\\\/noticias\\\/\"},{\"@type\":\"ListItem\",\"position\":3,\"name\":\"El XXI Festival Intercentros 2023 de A Coru\u00f1a apoyar\u00e1 los proyectos de Entreculturas\"}]},{\"@type\":\"WebSite\",\"@id\":\"https:\\\/\\\/www.entreculturas.org\\\/ca\\\/#website\",\"url\":\"https:\\\/\\\/www.entreculturas.org\\\/ca\\\/\",\"name\":\"Entreculturas\",\"description\":\"\",\"publisher\":{\"@id\":\"https:\\\/\\\/www.entreculturas.org\\\/ca\\\/#organization\"},\"alternateName\":\"Entreculturas\",\"potentialAction\":[{\"@type\":\"SearchAction\",\"target\":{\"@type\":\"EntryPoint\",\"urlTemplate\":\"https:\\\/\\\/www.entreculturas.org\\\/ca\\\/?s={search_term_string}\"},\"query-input\":{\"@type\":\"PropertyValueSpecification\",\"valueRequired\":true,\"valueName\":\"search_term_string\"}}],\"inLanguage\":\"ca\"},{\"@type\":\"Organization\",\"@id\":\"https:\\\/\\\/www.entreculturas.org\\\/ca\\\/#organization\",\"name\":\"Entreculturas\",\"url\":\"https:\\\/\\\/www.entreculturas.org\\\/ca\\\/\",\"logo\":{\"@type\":\"ImageObject\",\"inLanguage\":\"ca\",\"@id\":\"https:\\\/\\\/www.entreculturas.org\\\/ca\\\/#\\\/schema\\\/logo\\\/image\\\/\",\"url\":\"https:\\\/\\\/www.entreculturas.org\\\/wp-content\\\/uploads\\\/2025\\\/10\\\/ESP.svg\",\"contentUrl\":\"https:\\\/\\\/www.entreculturas.org\\\/wp-content\\\/uploads\\\/2025\\\/10\\\/ESP.svg\",\"caption\":\"Entreculturas\"},\"image\":{\"@id\":\"https:\\\/\\\/www.entreculturas.org\\\/ca\\\/#\\\/schema\\\/logo\\\/image\\\/\"},\"sameAs\":[\"https:\\\/\\\/www.facebook.com\\\/entreculturas\",\"https:\\\/\\\/x.com\\\/Entreculturas\",\"https:\\\/\\\/www.instagram.com\\\/entreculturas\\\/\",\"https:\\\/\\\/www.youtube.com\\\/user\\\/entreculturasvideo\",\"https:\\\/\\\/www.linkedin.com\\\/company\\\/fundacion-entreculturas-ngdo\\\/\",\"https:\\\/\\\/www.flickr.com\\\/photos\\\/98455522@N04\\\/albums\\\/\"]}]}<\/script>\n<!-- \/ Yoast SEO Premium plugin. -->","yoast_head_json":{"title":"El XXI Festival Intercentros 2023 de A Coru\u00f1a apoyar\u00e1 los proyectos de Entreculturas - Entreculturas","robots":{"index":"index","follow":"follow","max-snippet":"max-snippet:-1","max-image-preview":"max-image-preview:large","max-video-preview":"max-video-preview:-1"},"canonical":"https:\/\/www.entreculturas.org\/ca\/noticia\/el-xxi-festival-intercentros-2023-de-coruna-apoyara-los-proyectos-de-entreculturas\/","og_locale":"ca_ES","og_type":"article","og_title":"El XXI Festival Intercentros 2023 de A Coru\u00f1a apoyar\u00e1 los proyectos de Entreculturas","og_description":"Entreculturas, junto a la Fundaci\u00f3n Amig\u00f3, han sido las dos organizaciones seleccionadas en el XXI Festival Intercentros 2023, que se present\u00f3 de manera oficial el pasado 29 de septiembre en Afundaci\u00f3n de A Coru\u00f1a. Los proyectos solidarios escogidos en esta edici\u00f3n tienen dos miradas, una local, a trav\u00e9s de la Fundaci\u00f3n Amig\u00f3, y otra internacional, que es el aporte de Entreculturas. Todo lo recaudado en el Festival ir\u00e1 destinado a los proyectos de ambas organizaciones. Desde aqu\u00ed queremos agradecer a la organizaci\u00f3n del Festival por el apoyo mostrado.","og_url":"https:\/\/www.entreculturas.org\/ca\/noticia\/el-xxi-festival-intercentros-2023-de-coruna-apoyara-los-proyectos-de-entreculturas\/","og_site_name":"Entreculturas","article_publisher":"https:\/\/www.facebook.com\/entreculturas","article_modified_time":"2023-12-18T09:31:16+00:00","og_image":[{"width":1462,"height":1097,"url":"https:\/\/www.entreculturas.org\/wp-content\/uploads\/2022\/10\/intercentros.jpg","type":"image\/jpeg"}],"twitter_card":"summary_large_image","twitter_site":"@Entreculturas","schema":{"@context":"https:\/\/schema.org","@graph":[{"@type":"WebPage","@id":"https:\/\/www.entreculturas.org\/ca\/noticia\/el-xxi-festival-intercentros-2023-de-coruna-apoyara-los-proyectos-de-entreculturas\/","url":"https:\/\/www.entreculturas.org\/ca\/noticia\/el-xxi-festival-intercentros-2023-de-coruna-apoyara-los-proyectos-de-entreculturas\/","name":"El XXI Festival Intercentros 2023 de A Coru\u00f1a apoyar\u00e1 los proyectos de Entreculturas - Entreculturas","isPartOf":{"@id":"https:\/\/www.entreculturas.org\/ca\/#website"},"primaryImageOfPage":{"@id":"https:\/\/www.entreculturas.org\/ca\/noticia\/el-xxi-festival-intercentros-2023-de-coruna-apoyara-los-proyectos-de-entreculturas\/#primaryimage"},"image":{"@id":"https:\/\/www.entreculturas.org\/ca\/noticia\/el-xxi-festival-intercentros-2023-de-coruna-apoyara-los-proyectos-de-entreculturas\/#primaryimage"},"thumbnailUrl":"https:\/\/www.entreculturas.org\/wp-content\/uploads\/2022\/10\/intercentros.jpg","datePublished":"2022-10-07T10:11:12+00:00","dateModified":"2023-12-18T09:31:16+00:00","breadcrumb":{"@id":"https:\/\/www.entreculturas.org\/ca\/noticia\/el-xxi-festival-intercentros-2023-de-coruna-apoyara-los-proyectos-de-entreculturas\/#breadcrumb"},"inLanguage":"ca","potentialAction":[{"@type":"ReadAction","target":["https:\/\/www.entreculturas.org\/ca\/noticia\/el-xxi-festival-intercentros-2023-de-coruna-apoyara-los-proyectos-de-entreculturas\/"]}]},{"@type":"ImageObject","inLanguage":"ca","@id":"https:\/\/www.entreculturas.org\/ca\/noticia\/el-xxi-festival-intercentros-2023-de-coruna-apoyara-los-proyectos-de-entreculturas\/#primaryimage","url":"https:\/\/www.entreculturas.org\/wp-content\/uploads\/2022\/10\/intercentros.jpg","contentUrl":"https:\/\/www.entreculturas.org\/wp-content\/uploads\/2022\/10\/intercentros.jpg","width":1462,"height":1097},{"@type":"BreadcrumbList","@id":"https:\/\/www.entreculturas.org\/ca\/noticia\/el-xxi-festival-intercentros-2023-de-coruna-apoyara-los-proyectos-de-entreculturas\/#breadcrumb","itemListElement":[{"@type":"ListItem","position":1,"name":"Home","item":"https:\/\/www.entreculturas.org\/ca\/"},{"@type":"ListItem","position":2,"name":"Noticias","item":"https:\/\/www.entreculturas.org\/ca\/noticias\/"},{"@type":"ListItem","position":3,"name":"El XXI Festival Intercentros 2023 de A Coru\u00f1a apoyar\u00e1 los proyectos de Entreculturas"}]},{"@type":"WebSite","@id":"https:\/\/www.entreculturas.org\/ca\/#website","url":"https:\/\/www.entreculturas.org\/ca\/","name":"Entreculturas","description":"","publisher":{"@id":"https:\/\/www.entreculturas.org\/ca\/#organization"},"alternateName":"Entreculturas","potentialAction":[{"@type":"SearchAction","target":{"@type":"EntryPoint","urlTemplate":"https:\/\/www.entreculturas.org\/ca\/?s={search_term_string}"},"query-input":{"@type":"PropertyValueSpecification","valueRequired":true,"valueName":"search_term_string"}}],"inLanguage":"ca"},{"@type":"Organization","@id":"https:\/\/www.entreculturas.org\/ca\/#organization","name":"Entreculturas","url":"https:\/\/www.entreculturas.org\/ca\/","logo":{"@type":"ImageObject","inLanguage":"ca","@id":"https:\/\/www.entreculturas.org\/ca\/#\/schema\/logo\/image\/","url":"https:\/\/www.entreculturas.org\/wp-content\/uploads\/2025\/10\/ESP.svg","contentUrl":"https:\/\/www.entreculturas.org\/wp-content\/uploads\/2025\/10\/ESP.svg","caption":"Entreculturas"},"image":{"@id":"https:\/\/www.entreculturas.org\/ca\/#\/schema\/logo\/image\/"},"sameAs":["https:\/\/www.facebook.com\/entreculturas","https:\/\/x.com\/Entreculturas","https:\/\/www.instagram.com\/entreculturas\/","https:\/\/www.youtube.com\/user\/entreculturasvideo","https:\/\/www.linkedin.com\/company\/fundacion-entreculturas-ngdo\/","https:\/\/www.flickr.com\/photos\/98455522@N04\/albums\/"]}]}},"_links":{"self":[{"href":"https:\/\/www.entreculturas.org\/ca\/wp-json\/wp\/v2\/noticia\/6733","targetHints":{"allow":["GET"]}}],"collection":[{"href":"https:\/\/www.entreculturas.org\/ca\/wp-json\/wp\/v2\/noticia"}],"about":[{"href":"https:\/\/www.entreculturas.org\/ca\/wp-json\/wp\/v2\/types\/noticia"}],"wp:featuredmedia":[{"embeddable":true,"href":"https:\/\/www.entreculturas.org\/ca\/wp-json\/wp\/v2\/media\/6732"}],"wp:attachment":[{"href":"https:\/\/www.entreculturas.org\/ca\/wp-json\/wp\/v2\/media?parent=6733"}],"wp:term":[{"taxonomy":"category","embeddable":true,"href":"https:\/\/www.entreculturas.org\/ca\/wp-json\/wp\/v2\/categories?post=6733"},{"taxonomy":"post_tag","embeddable":true,"href":"https:\/\/www.entreculturas.org\/ca\/wp-json\/wp\/v2\/tags?post=6733"},{"taxonomy":"country","embeddable":true,"href":"https:\/\/www.entreculturas.org\/ca\/wp-json\/wp\/v2\/country?post=6733"},{"taxonomy":"cause","embeddable":true,"href":"https:\/\/www.entreculturas.org\/ca\/wp-json\/wp\/v2\/cause?post=6733"}],"curies":[{"name":"wp","href":"https:\/\/api.w.org\/{rel}","templated":true}]}}