{"id":6598,"date":"2022-06-10T07:54:40","date_gmt":"2022-06-10T07:54:40","guid":{"rendered":"https:\/\/entreculturasi.wpenginepowered.com\/?noticias=chad-sensibilizacion-sobre-la-educacion-de-las-ninas-refugiadas"},"modified":"2024-09-02T13:32:54","modified_gmt":"2024-09-02T11:32:54","slug":"chad-sensibilizacion-sobre-la-educacion-de-las-ninas-refugiadas","status":"publish","type":"noticia","link":"https:\/\/www.entreculturas.org\/ca\/noticia\/chad-sensibilizacion-sobre-la-educacion-de-las-ninas-refugiadas\/","title":{"rendered":"Chad: sensibilizaci\u00f3n sobre la educaci\u00f3n de las ni\u00f1as refugiadas"},"content":{"rendered":"<p>El a\u00f1o pasado, junto al Servicio Jesuita a Refugiados (JRS) Chad, <strong>becamos a cinco j\u00f3venes refugiadas para que se diplomasen en Ense\u00f1anza<\/strong> en la Escuela Normal Superior de Abeche (ENSA). Una de las j\u00f3venes becadas es <strong>Sima<\/strong>, activista por los derechos de las ni\u00f1as (sobre todo en lo que respecta a la <a href=\"https:\/\/www.entreculturas.org\/es\/noticias\/tolerancia-cero-con-la-mutilacion-genital-femenina-cantando-por-sus-derechos-y-sus-suenos\" target=\"_blank\" rel=\"noopener\">erradicaci\u00f3n de la mutilaci\u00f3n genital femenina<\/a>) que particip\u00f3 en nuestro programa <strong>#LaLUZdelasNI\u00d1AS<\/strong> y es una de las protagonistas de la <a href=\"https:\/\/www.entreculturas.org\/es\/noticias\/tolerancia-cero-con-la-mutilacion-genital-femenina-cantando-por-sus-derechos-y-sus-suenos\" target=\"_blank\" rel=\"noopener\">exposici\u00f3n<\/a> de la campa\u00f1a.<\/p>\n<p>Despu\u00e9s de su primer a\u00f1o acad\u00e9mico con esta beca, Sima (del campo de personas refugiadas de Djabal) y otra de las j\u00f3venes becadas, Zenab (del campo de Gaga), en el marco del proyecto impulsado por Entreculturas y JRS, se unieron en la organizaci\u00f3n de una serie de<strong> sesiones de sensibilizaci\u00f3n<\/strong> en las comunidades para <strong>motivar y animar a las ni\u00f1as a estudiar.<\/strong> Estas acciones de sensibilizaci\u00f3n se llevaron a cabo\u00a0 entre el 13 y el 22 del pasado mes de abril, tuvo lugar en la ENSA y en seis campos del este de Chad: Goz-Amir, Djabal, Farchana, Bredjing, Tr\u00e9guine y Gaga.<\/p>\n<p><img decoding=\"async\" src=\"https:\/\/www.entreculturas.org\/wp-content\/uploads\/2022\/06\/micro.jpg\" alt=\"\" width=\"800\" height=\"800\" \/><\/p>\n<p><em>Foto: Irene\u00a0Galera \/ JRS Chad<\/em><\/p>\n<p>A trav\u00e9s de poes\u00edas, canciones, discursos y participaci\u00f3n comunitaria, la campa\u00f1a se centr\u00f3 en los <strong>derechos de las ni\u00f1as<\/strong> y en la importancia y las oportunidades que supone estudiar para ellas. Tambi\u00e9n hablaron de la <strong>higiene menstrual<\/strong> (crucial para garantizar una asistencia regular a la educaci\u00f3n de las ni\u00f1as), as\u00ed como de la importancia de <strong>prevenir el matrimonio precoz y forzado y los embarazos no deseados<\/strong>. Y es que estas cuestiones provocan altas tasas de abandono escolar de las ni\u00f1as en Chad y comprometen su futuro.<\/p>\n<p><strong>Tanto Sima como Zenab lideraron personalmente las actividades de sensibilizaci\u00f3n en la ENSA<\/strong>. Como ten\u00edan que trabajar para los ex\u00e1menes, otras dos ni\u00f1as refugiadas involucradas en los Clubes de Ni\u00f1as en los campos estuvieron presentes en el resto de los eventos.<\/p>\n<p>Fatim\u00e9 cubri\u00f3 las actividades en Gaga, Farchana, Tr\u00e9guine y Bredjing. Hanane estuvo presente en Goz-Amir y Djabal, acompa\u00f1ada de <strong>Aisha, la madre de Sima<\/strong>. Aisha, directora de preescolar en el campamento, es una gran defensora de la educaci\u00f3n en el campo y ha participado en varias actividades de promoci\u00f3n con Entreculturas y otras organizaciones en el pasado. En su discurso, Aisha inst\u00f3 al alumnado a <strong>evitar el matrimonio e invertir en sus estudios<\/strong>.<\/p>\n<p><img decoding=\"async\" src=\"https:\/\/www.entreculturas.org\/wp-content\/uploads\/2022\/06\/pizarra_bebe.jpg\" alt=\"\" width=\"800\" height=\"450\" \/><\/p>\n<p><em>Foto: Irene\u00a0Galera \/ JRS Chad<\/em><\/p>\n<p>Dado que los ex\u00e1menes de Bachillerato (ex\u00e1menes finales de secundaria, obligatorios para acceder a la educaci\u00f3n superior) ser\u00e1n en julio de este a\u00f1o, las sesiones de sensibilizaci\u00f3n de la campa\u00f1a tambi\u00e9n se centraron en <strong>orientar a las ni\u00f1as en su \u00faltimo a\u00f1o de secundaria<\/strong> sobre las oportunidades de becas.<\/p>\n<p>A\u00fan resuenan las palabras de la propia Sima al pasar, con excelentes notas, el examen BAC: \u201c<strong>la educaci\u00f3n es realmente importante para las ni\u00f1as<\/strong>. As\u00ed pueden <strong>asegurar su independencia<\/strong>, no solo en su vida laboral, sino tambi\u00e9n en cuanto al matrimonio\u201d.<\/p>\n","protected":false},"excerpt":{"rendered":"<p>El a\u00f1o pasado, junto al Servicio Jesuita a Refugiados (JRS) Chad, becamos a cinco j\u00f3venes refugiadas para que se diplomasen en Ense\u00f1anza en la Escuela Normal Superior de Abeche (ENSA). Una de las j\u00f3venes becadas es Sima, activista por los derechos de las ni\u00f1as (sobre todo en lo que respecta a la erradicaci\u00f3n de la mutilaci\u00f3n genital femenina) que particip\u00f3 en nuestro programa #LaLUZdelasNI\u00d1AS y es una de las protagonistas de la exposici\u00f3n de la campa\u00f1a.<\/p>\n","protected":false},"featured_media":6595,"template":"single-noticia","meta":{"_acf_changed":false},"categories":[7],"tags":[293],"country":[118],"cause":[130],"class_list":["post-6598","noticia","type-noticia","status-publish","has-post-thumbnail","hentry","category-noticia","tag-genero","country-chad","cause-genero"],"acf":[],"yoast_head":"<!-- This site is optimized with the Yoast SEO Premium plugin v21.6 (Yoast SEO v27.5) - https:\/\/yoast.com\/product\/yoast-seo-premium-wordpress\/ -->\n<title>Chad: sensibilizaci\u00f3n sobre la educaci\u00f3n de las ni\u00f1as refugiadas - Entreculturas<\/title>\n<meta name=\"robots\" content=\"index, follow, max-snippet:-1, max-image-preview:large, max-video-preview:-1\" \/>\n<link rel=\"canonical\" href=\"https:\/\/www.entreculturas.org\/ca\/noticia\/chad-sensibilizacion-sobre-la-educacion-de-las-ninas-refugiadas\/\" \/>\n<meta property=\"og:locale\" content=\"ca_ES\" \/>\n<meta property=\"og:type\" content=\"article\" \/>\n<meta property=\"og:title\" content=\"Chad: sensibilizaci\u00f3n sobre la educaci\u00f3n de las ni\u00f1as refugiadas\" \/>\n<meta property=\"og:description\" content=\"El a\u00f1o pasado, junto al Servicio Jesuita a Refugiados (JRS) Chad, becamos a cinco j\u00f3venes refugiadas para que se diplomasen en Ense\u00f1anza en la Escuela Normal Superior de Abeche (ENSA). Una de las j\u00f3venes becadas es Sima, activista por los derechos de las ni\u00f1as (sobre todo en lo que respecta a la erradicaci\u00f3n de la mutilaci\u00f3n genital femenina) que particip\u00f3 en nuestro programa #LaLUZdelasNI\u00d1AS y es una de las protagonistas de la exposici\u00f3n de la campa\u00f1a.\" \/>\n<meta property=\"og:url\" content=\"https:\/\/www.entreculturas.org\/ca\/noticia\/chad-sensibilizacion-sobre-la-educacion-de-las-ninas-refugiadas\/\" \/>\n<meta property=\"og:site_name\" content=\"Entreculturas\" \/>\n<meta property=\"article:publisher\" content=\"https:\/\/www.facebook.com\/entreculturas\" \/>\n<meta property=\"article:modified_time\" content=\"2024-09-02T11:32:54+00:00\" \/>\n<meta property=\"og:image\" content=\"https:\/\/www.entreculturas.org\/wp-content\/uploads\/2022\/06\/posado_escuela.jpg\" \/>\n\t<meta property=\"og:image:width\" content=\"800\" \/>\n\t<meta property=\"og:image:height\" content=\"450\" \/>\n\t<meta property=\"og:image:type\" content=\"image\/jpeg\" \/>\n<meta name=\"twitter:card\" content=\"summary_large_image\" \/>\n<meta name=\"twitter:site\" content=\"@Entreculturas\" \/>\n<script type=\"application\/ld+json\" class=\"yoast-schema-graph\">{\"@context\":\"https:\\\/\\\/schema.org\",\"@graph\":[{\"@type\":\"WebPage\",\"@id\":\"https:\\\/\\\/www.entreculturas.org\\\/ca\\\/noticia\\\/chad-sensibilizacion-sobre-la-educacion-de-las-ninas-refugiadas\\\/\",\"url\":\"https:\\\/\\\/www.entreculturas.org\\\/ca\\\/noticia\\\/chad-sensibilizacion-sobre-la-educacion-de-las-ninas-refugiadas\\\/\",\"name\":\"Chad: sensibilizaci\u00f3n sobre la educaci\u00f3n de las ni\u00f1as refugiadas - Entreculturas\",\"isPartOf\":{\"@id\":\"https:\\\/\\\/www.entreculturas.org\\\/ca\\\/#website\"},\"primaryImageOfPage\":{\"@id\":\"https:\\\/\\\/www.entreculturas.org\\\/ca\\\/noticia\\\/chad-sensibilizacion-sobre-la-educacion-de-las-ninas-refugiadas\\\/#primaryimage\"},\"image\":{\"@id\":\"https:\\\/\\\/www.entreculturas.org\\\/ca\\\/noticia\\\/chad-sensibilizacion-sobre-la-educacion-de-las-ninas-refugiadas\\\/#primaryimage\"},\"thumbnailUrl\":\"https:\\\/\\\/www.entreculturas.org\\\/wp-content\\\/uploads\\\/2022\\\/06\\\/posado_escuela.jpg\",\"datePublished\":\"2022-06-10T07:54:40+00:00\",\"dateModified\":\"2024-09-02T11:32:54+00:00\",\"breadcrumb\":{\"@id\":\"https:\\\/\\\/www.entreculturas.org\\\/ca\\\/noticia\\\/chad-sensibilizacion-sobre-la-educacion-de-las-ninas-refugiadas\\\/#breadcrumb\"},\"inLanguage\":\"ca\",\"potentialAction\":[{\"@type\":\"ReadAction\",\"target\":[\"https:\\\/\\\/www.entreculturas.org\\\/ca\\\/noticia\\\/chad-sensibilizacion-sobre-la-educacion-de-las-ninas-refugiadas\\\/\"]}]},{\"@type\":\"ImageObject\",\"inLanguage\":\"ca\",\"@id\":\"https:\\\/\\\/www.entreculturas.org\\\/ca\\\/noticia\\\/chad-sensibilizacion-sobre-la-educacion-de-las-ninas-refugiadas\\\/#primaryimage\",\"url\":\"https:\\\/\\\/www.entreculturas.org\\\/wp-content\\\/uploads\\\/2022\\\/06\\\/posado_escuela.jpg\",\"contentUrl\":\"https:\\\/\\\/www.entreculturas.org\\\/wp-content\\\/uploads\\\/2022\\\/06\\\/posado_escuela.jpg\",\"width\":800,\"height\":450},{\"@type\":\"BreadcrumbList\",\"@id\":\"https:\\\/\\\/www.entreculturas.org\\\/ca\\\/noticia\\\/chad-sensibilizacion-sobre-la-educacion-de-las-ninas-refugiadas\\\/#breadcrumb\",\"itemListElement\":[{\"@type\":\"ListItem\",\"position\":1,\"name\":\"Home\",\"item\":\"https:\\\/\\\/www.entreculturas.org\\\/ca\\\/\"},{\"@type\":\"ListItem\",\"position\":2,\"name\":\"Noticias\",\"item\":\"https:\\\/\\\/www.entreculturas.org\\\/ca\\\/noticias\\\/\"},{\"@type\":\"ListItem\",\"position\":3,\"name\":\"Chad: sensibilizaci\u00f3n sobre la educaci\u00f3n de las ni\u00f1as refugiadas\"}]},{\"@type\":\"WebSite\",\"@id\":\"https:\\\/\\\/www.entreculturas.org\\\/ca\\\/#website\",\"url\":\"https:\\\/\\\/www.entreculturas.org\\\/ca\\\/\",\"name\":\"Entreculturas\",\"description\":\"\",\"publisher\":{\"@id\":\"https:\\\/\\\/www.entreculturas.org\\\/ca\\\/#organization\"},\"alternateName\":\"Entreculturas\",\"potentialAction\":[{\"@type\":\"SearchAction\",\"target\":{\"@type\":\"EntryPoint\",\"urlTemplate\":\"https:\\\/\\\/www.entreculturas.org\\\/ca\\\/?s={search_term_string}\"},\"query-input\":{\"@type\":\"PropertyValueSpecification\",\"valueRequired\":true,\"valueName\":\"search_term_string\"}}],\"inLanguage\":\"ca\"},{\"@type\":\"Organization\",\"@id\":\"https:\\\/\\\/www.entreculturas.org\\\/ca\\\/#organization\",\"name\":\"Entreculturas\",\"url\":\"https:\\\/\\\/www.entreculturas.org\\\/ca\\\/\",\"logo\":{\"@type\":\"ImageObject\",\"inLanguage\":\"ca\",\"@id\":\"https:\\\/\\\/www.entreculturas.org\\\/ca\\\/#\\\/schema\\\/logo\\\/image\\\/\",\"url\":\"https:\\\/\\\/www.entreculturas.org\\\/wp-content\\\/uploads\\\/2025\\\/10\\\/ESP.svg\",\"contentUrl\":\"https:\\\/\\\/www.entreculturas.org\\\/wp-content\\\/uploads\\\/2025\\\/10\\\/ESP.svg\",\"caption\":\"Entreculturas\"},\"image\":{\"@id\":\"https:\\\/\\\/www.entreculturas.org\\\/ca\\\/#\\\/schema\\\/logo\\\/image\\\/\"},\"sameAs\":[\"https:\\\/\\\/www.facebook.com\\\/entreculturas\",\"https:\\\/\\\/x.com\\\/Entreculturas\",\"https:\\\/\\\/www.instagram.com\\\/entreculturas\\\/\",\"https:\\\/\\\/www.youtube.com\\\/user\\\/entreculturasvideo\",\"https:\\\/\\\/www.linkedin.com\\\/company\\\/fundacion-entreculturas-ngdo\\\/\",\"https:\\\/\\\/www.flickr.com\\\/photos\\\/98455522@N04\\\/albums\\\/\"]}]}<\/script>\n<!-- \/ Yoast SEO Premium plugin. -->","yoast_head_json":{"title":"Chad: sensibilizaci\u00f3n sobre la educaci\u00f3n de las ni\u00f1as refugiadas - Entreculturas","robots":{"index":"index","follow":"follow","max-snippet":"max-snippet:-1","max-image-preview":"max-image-preview:large","max-video-preview":"max-video-preview:-1"},"canonical":"https:\/\/www.entreculturas.org\/ca\/noticia\/chad-sensibilizacion-sobre-la-educacion-de-las-ninas-refugiadas\/","og_locale":"ca_ES","og_type":"article","og_title":"Chad: sensibilizaci\u00f3n sobre la educaci\u00f3n de las ni\u00f1as refugiadas","og_description":"El a\u00f1o pasado, junto al Servicio Jesuita a Refugiados (JRS) Chad, becamos a cinco j\u00f3venes refugiadas para que se diplomasen en Ense\u00f1anza en la Escuela Normal Superior de Abeche (ENSA). Una de las j\u00f3venes becadas es Sima, activista por los derechos de las ni\u00f1as (sobre todo en lo que respecta a la erradicaci\u00f3n de la mutilaci\u00f3n genital femenina) que particip\u00f3 en nuestro programa #LaLUZdelasNI\u00d1AS y es una de las protagonistas de la exposici\u00f3n de la campa\u00f1a.","og_url":"https:\/\/www.entreculturas.org\/ca\/noticia\/chad-sensibilizacion-sobre-la-educacion-de-las-ninas-refugiadas\/","og_site_name":"Entreculturas","article_publisher":"https:\/\/www.facebook.com\/entreculturas","article_modified_time":"2024-09-02T11:32:54+00:00","og_image":[{"width":800,"height":450,"url":"https:\/\/www.entreculturas.org\/wp-content\/uploads\/2022\/06\/posado_escuela.jpg","type":"image\/jpeg"}],"twitter_card":"summary_large_image","twitter_site":"@Entreculturas","schema":{"@context":"https:\/\/schema.org","@graph":[{"@type":"WebPage","@id":"https:\/\/www.entreculturas.org\/ca\/noticia\/chad-sensibilizacion-sobre-la-educacion-de-las-ninas-refugiadas\/","url":"https:\/\/www.entreculturas.org\/ca\/noticia\/chad-sensibilizacion-sobre-la-educacion-de-las-ninas-refugiadas\/","name":"Chad: sensibilizaci\u00f3n sobre la educaci\u00f3n de las ni\u00f1as refugiadas - Entreculturas","isPartOf":{"@id":"https:\/\/www.entreculturas.org\/ca\/#website"},"primaryImageOfPage":{"@id":"https:\/\/www.entreculturas.org\/ca\/noticia\/chad-sensibilizacion-sobre-la-educacion-de-las-ninas-refugiadas\/#primaryimage"},"image":{"@id":"https:\/\/www.entreculturas.org\/ca\/noticia\/chad-sensibilizacion-sobre-la-educacion-de-las-ninas-refugiadas\/#primaryimage"},"thumbnailUrl":"https:\/\/www.entreculturas.org\/wp-content\/uploads\/2022\/06\/posado_escuela.jpg","datePublished":"2022-06-10T07:54:40+00:00","dateModified":"2024-09-02T11:32:54+00:00","breadcrumb":{"@id":"https:\/\/www.entreculturas.org\/ca\/noticia\/chad-sensibilizacion-sobre-la-educacion-de-las-ninas-refugiadas\/#breadcrumb"},"inLanguage":"ca","potentialAction":[{"@type":"ReadAction","target":["https:\/\/www.entreculturas.org\/ca\/noticia\/chad-sensibilizacion-sobre-la-educacion-de-las-ninas-refugiadas\/"]}]},{"@type":"ImageObject","inLanguage":"ca","@id":"https:\/\/www.entreculturas.org\/ca\/noticia\/chad-sensibilizacion-sobre-la-educacion-de-las-ninas-refugiadas\/#primaryimage","url":"https:\/\/www.entreculturas.org\/wp-content\/uploads\/2022\/06\/posado_escuela.jpg","contentUrl":"https:\/\/www.entreculturas.org\/wp-content\/uploads\/2022\/06\/posado_escuela.jpg","width":800,"height":450},{"@type":"BreadcrumbList","@id":"https:\/\/www.entreculturas.org\/ca\/noticia\/chad-sensibilizacion-sobre-la-educacion-de-las-ninas-refugiadas\/#breadcrumb","itemListElement":[{"@type":"ListItem","position":1,"name":"Home","item":"https:\/\/www.entreculturas.org\/ca\/"},{"@type":"ListItem","position":2,"name":"Noticias","item":"https:\/\/www.entreculturas.org\/ca\/noticias\/"},{"@type":"ListItem","position":3,"name":"Chad: sensibilizaci\u00f3n sobre la educaci\u00f3n de las ni\u00f1as refugiadas"}]},{"@type":"WebSite","@id":"https:\/\/www.entreculturas.org\/ca\/#website","url":"https:\/\/www.entreculturas.org\/ca\/","name":"Entreculturas","description":"","publisher":{"@id":"https:\/\/www.entreculturas.org\/ca\/#organization"},"alternateName":"Entreculturas","potentialAction":[{"@type":"SearchAction","target":{"@type":"EntryPoint","urlTemplate":"https:\/\/www.entreculturas.org\/ca\/?s={search_term_string}"},"query-input":{"@type":"PropertyValueSpecification","valueRequired":true,"valueName":"search_term_string"}}],"inLanguage":"ca"},{"@type":"Organization","@id":"https:\/\/www.entreculturas.org\/ca\/#organization","name":"Entreculturas","url":"https:\/\/www.entreculturas.org\/ca\/","logo":{"@type":"ImageObject","inLanguage":"ca","@id":"https:\/\/www.entreculturas.org\/ca\/#\/schema\/logo\/image\/","url":"https:\/\/www.entreculturas.org\/wp-content\/uploads\/2025\/10\/ESP.svg","contentUrl":"https:\/\/www.entreculturas.org\/wp-content\/uploads\/2025\/10\/ESP.svg","caption":"Entreculturas"},"image":{"@id":"https:\/\/www.entreculturas.org\/ca\/#\/schema\/logo\/image\/"},"sameAs":["https:\/\/www.facebook.com\/entreculturas","https:\/\/x.com\/Entreculturas","https:\/\/www.instagram.com\/entreculturas\/","https:\/\/www.youtube.com\/user\/entreculturasvideo","https:\/\/www.linkedin.com\/company\/fundacion-entreculturas-ngdo\/","https:\/\/www.flickr.com\/photos\/98455522@N04\/albums\/"]}]}},"_links":{"self":[{"href":"https:\/\/www.entreculturas.org\/ca\/wp-json\/wp\/v2\/noticia\/6598","targetHints":{"allow":["GET"]}}],"collection":[{"href":"https:\/\/www.entreculturas.org\/ca\/wp-json\/wp\/v2\/noticia"}],"about":[{"href":"https:\/\/www.entreculturas.org\/ca\/wp-json\/wp\/v2\/types\/noticia"}],"wp:featuredmedia":[{"embeddable":true,"href":"https:\/\/www.entreculturas.org\/ca\/wp-json\/wp\/v2\/media\/6595"}],"wp:attachment":[{"href":"https:\/\/www.entreculturas.org\/ca\/wp-json\/wp\/v2\/media?parent=6598"}],"wp:term":[{"taxonomy":"category","embeddable":true,"href":"https:\/\/www.entreculturas.org\/ca\/wp-json\/wp\/v2\/categories?post=6598"},{"taxonomy":"post_tag","embeddable":true,"href":"https:\/\/www.entreculturas.org\/ca\/wp-json\/wp\/v2\/tags?post=6598"},{"taxonomy":"country","embeddable":true,"href":"https:\/\/www.entreculturas.org\/ca\/wp-json\/wp\/v2\/country?post=6598"},{"taxonomy":"cause","embeddable":true,"href":"https:\/\/www.entreculturas.org\/ca\/wp-json\/wp\/v2\/cause?post=6598"}],"curies":[{"name":"wp","href":"https:\/\/api.w.org\/{rel}","templated":true}]}}