{"id":6590,"date":"2022-06-09T08:52:33","date_gmt":"2022-06-09T08:52:33","guid":{"rendered":"https:\/\/entreculturasi.wpenginepowered.com\/?noticias=empresas-derechos-humanos-y-medioambiente-por-una-ley-made-spain"},"modified":"2024-02-19T11:31:45","modified_gmt":"2024-02-19T10:31:45","slug":"empresas-derechos-humanos-y-medioambiente-por-una-ley-made-spain","status":"publish","type":"noticia","link":"https:\/\/www.entreculturas.org\/ca\/noticia\/empresas-derechos-humanos-y-medioambiente-por-una-ley-made-spain\/","title":{"rendered":"Empresas, Derechos Humanos y Medioambiente:  Por una Ley \u201cMade in Spain\u201d"},"content":{"rendered":"<\/p>\n<p>Desde la <a href=\"https:\/\/empresasresponsables.org\/\" target=\"_blank\" rel=\"noopener\">Plataforma por las Empresas Responsables<\/a>, de la que formamos parte Entreculturas y Alboan, lanzamos hoy la campa\u00f1a por una Ley \u201cMade in Spain\u201d para solicitar una ley espa\u00f1ola de diligencia debida que obligue a las empresas espa\u00f1olas a incorporar medidas para respetar los derechos humanos y medioambientales y facilite el acceso a la justicia de las personas afectadas negativamente por la actividad empresarial en terceros pa\u00edses.&nbsp;<\/p>\n<p>Hablar de responsabilidades en el respeto a los derechos humanos y el cuidado del medioambiente requiere definir cu\u00e1les son esas responsabilidades y de qu\u00e9 manera los diferentes actores p\u00fablicos y privados han de cumplirlas. En los \u00faltimos a\u00f1os, estamos asistiendo a un giro interesante en el debate sobre la responsabilidad empresarial tanto en el plano medioambiental como en el social. Es el giro que va de la apuesta por marcos normativos voluntarios al establecimiento de regulaciones vinculantes. Desde que se aprobaron los Principios Rectores de Naciones Unidas sobre Empresas y Derechos Humanos, hace ya m\u00e1s de una d\u00e9cada, se ha avanzado mucho en la definici\u00f3n de obligaciones de diligencia debida empresarial para identificar, evaluar, prevenir y mitigar los posibles efectos adversos de las empresas sobre los derechos humanos y el medioambiente y los riesgos existentes en las cadenas de valor globales. Basta pensar en las L\u00edneas Directrices de la OCDE para Empresas Multinacionales o las sucesivas ediciones de la&nbsp; Declaraci\u00f3n Tripartita de Principios sobre las Empresas Multinacionales y la Pol\u00edtica Social de la Organizaci\u00f3n Internacional del Trabajo (OIT).&nbsp;<\/p>\n<p>Sin embargo, la eficacia de estas directrices ha resultado limitada tanto en la funci\u00f3n de prevenci\u00f3n de posibles externalidades negativas como, sobre todo, en la eliminaci\u00f3n de las barreras en el acceso a la justicia. En un estudio reciente encargado por la Comisi\u00f3n Europea y la Direcci\u00f3n General de Justicia y Consumidores, se reconoce que las evaluaciones de riesgos empresariales siguen centr\u00e1ndose en la importancia relativa de los riesgos para la empresa, a pesar de que las directrices internacionales recomiendan incluir la evaluaci\u00f3n de los riesgos para las personas afectadas. Las cuales, pese a ser titulares de derechos, a menudo se ven desamparadas cuando se produce un da\u00f1o medioambiental o una vulneraci\u00f3n grave de derechos humanos y laborales. Hay demasiados casos documentados que muestran la facilidad con la que algunas empresas multinacionales han conseguido evadir su responsabilidad, mientras que las v\u00edctimas siguen a la espera de obtener una reparaci\u00f3n.&nbsp;<\/p>\n<p>Algunos pa\u00edses europeos han aprobado ya leyes nacionales que establecen obligaciones vinculantes de diligencia debida empresarial, as\u00ed como reg\u00edmenes sancionadores y disposiciones para facilitar el acceso a la justicia. Primero fue en Francia, en 2017, con la Ley del Deber de Vigilancia; luego vino Holanda, que en 2019 aprob\u00f3 ela Ley de Debida Diligencia en materia de Trabajo infantil; y finalmente en 2021, Alemania y Noruega publicaron sus propias leyes. Por otra parte, a nivel europeo, hay normas de diligencia debida sectoriales, como el reglamento sobre minerales en conflicto, en vigor desde 2021, o el reglamento para luchar contra la \u201cdeforestaci\u00f3n importada\u201d, actualmente en negociaci\u00f3n.&nbsp;&nbsp;<\/p>\n<p>Para homogeneizar el terreno de juego, evitar la fragmentaci\u00f3n y dar seguridad jur\u00eddica a las empresas europeas, el pasado&nbsp; 23 de febrero la Comisi\u00f3n Europea public\u00f3 una propuesta de directiva sobre diligencia debida de las empresas en materia de sostenibilidad que ser\u00e1 debatida pr\u00f3ximamente en el Parlamento Europeo. El pasado mes de mayo m\u00e1s de <a href=\"https:\/\/www.alboan.org\/es\/actualidad\/internacional\/mas-de-220-grupos-de-la-sociedad-civil-piden-que-se-refuerce-la-ley-de\" target=\"_blank\" rel=\"noopener\">220 organizaciones de la sociedad civil denunciamos la existencia de importantes lagunas en el texto<\/a>. Junto con la Red CIDSE, hemos publicado <a href=\"https:\/\/www.cidse.org\/es\/2022\/05\/16\/raising-the-stakes-for-people-and-the-planet\/\" target=\"_blank\" rel=\"noopener\">un an\u00e1lisis detallado del texto de la directiva <\/a>en el que observamos que definici\u00f3n de los impactos adversos a los derechos humanos y el medio ambiente es muy limitada (p.ej., no incluye da\u00f1os por derrames de petr\u00f3leo como el que recientemente sucedi\u00f3 en Per\u00fa), la participaci\u00f3n de las partes interesadas en el proceso de diligencia debida no tiene en cuenta la perspectiva de g\u00e9nero ni las particularidades de algunos grupos vulnerables (defensores de DDHH y pueblos ind\u00edgenas, entre otros) y dejar\u00e1 fuera de obligaci\u00f3n al 99% de las empresas europeas, algo que contradice las directrices internacionales.&nbsp;<\/p>\n<p>En vista de la demora en las negociaciones de la directiva (cuya aprobaci\u00f3n y transposici\u00f3n podr\u00eda tardar hasta 5 a\u00f1os) y sus limitaciones actuales, en B\u00e9lgica, Luxemburgo, Finlandia y Espa\u00f1a hay iniciativas similares para promover leyes nacionales de diligencia debida empresarial. Desde la Plataforma por las Empresas Responsables hemos elaborado una propuesta t\u00e9cnica al respecto, adaptada al contexto de nuestro pa\u00eds, y esperamos que pueda tramitarse una ley similar a la de otros pa\u00edses de nuestro entorno a lo largo de esta legislatura.&nbsp;<\/p>\n<p><a href=\"https:\/\/www.visibles.org\/es\/causas\/empresa-y-derechos-humanos\/apoya-una-ley-made-spain\" target=\"_blank\" rel=\"noopener\"><strong>Firma nuestra petici\u00f3n en visibles.org<\/strong><\/a> y p\u00eddele a nuestros representantes pol\u00edticos en el parlamento que aprueben una #LeyMadeInSpain #PorEmpresasResponsables.<\/p>\n<p><strong>\u00a1El respeto a los derechos humanos y medioambientales no puede esperar<\/strong>!<\/p>\n<p>&nbsp;<\/p>\n","protected":false},"excerpt":{"rendered":"<p>Desde la Plataforma por las Empresas Responsables, de la que formamos parte Entreculturas y Alboan, lanzamos hoy la campa\u00f1a por una Ley \u201cMade in Spain\u201d para solicitar una ley espa\u00f1ola de diligencia debida que obligue a las empresas espa\u00f1olas a incorporar medidas para respetar los derechos humanos y medioambientales y facilite el acceso a la justicia de las personas afectadas negativamente por la actividad empresarial en terceros pa\u00edses. <\/p>\n","protected":false},"featured_media":6591,"template":"single-noticia","meta":{"_acf_changed":false},"categories":[7],"tags":[196],"country":[],"cause":[131],"class_list":["post-6590","noticia","type-noticia","status-publish","has-post-thumbnail","hentry","category-noticia","tag-rsc","cause-justicia-medioambiental"],"acf":[],"yoast_head":"<!-- This site is optimized with the Yoast SEO Premium plugin v21.6 (Yoast SEO v27.5) - https:\/\/yoast.com\/product\/yoast-seo-premium-wordpress\/ -->\n<title>Empresas, Derechos Humanos y Medioambiente: Por una Ley \u201cMade in Spain\u201d - Entreculturas<\/title>\n<meta name=\"robots\" content=\"index, follow, max-snippet:-1, max-image-preview:large, max-video-preview:-1\" \/>\n<link rel=\"canonical\" href=\"https:\/\/www.entreculturas.org\/ca\/noticia\/empresas-derechos-humanos-y-medioambiente-por-una-ley-made-spain\/\" \/>\n<meta property=\"og:locale\" content=\"ca_ES\" \/>\n<meta property=\"og:type\" content=\"article\" \/>\n<meta property=\"og:title\" content=\"Empresas, Derechos Humanos y Medioambiente: Por una Ley \u201cMade in Spain\u201d\" \/>\n<meta property=\"og:description\" content=\"Desde la Plataforma por las Empresas Responsables, de la que formamos parte Entreculturas y Alboan, lanzamos hoy la campa\u00f1a por una Ley \u201cMade in Spain\u201d para solicitar una ley espa\u00f1ola de diligencia debida que obligue a las empresas espa\u00f1olas a incorporar medidas para respetar los derechos humanos y medioambientales y facilite el acceso a la justicia de las personas afectadas negativamente por la actividad empresarial en terceros pa\u00edses.\" \/>\n<meta property=\"og:url\" content=\"https:\/\/www.entreculturas.org\/ca\/noticia\/empresas-derechos-humanos-y-medioambiente-por-una-ley-made-spain\/\" \/>\n<meta property=\"og:site_name\" content=\"Entreculturas\" \/>\n<meta property=\"article:publisher\" content=\"https:\/\/www.facebook.com\/entreculturas\" \/>\n<meta property=\"article:modified_time\" content=\"2024-02-19T10:31:45+00:00\" \/>\n<meta property=\"og:image\" content=\"https:\/\/www.entreculturas.org\/wp-content\/uploads\/2022\/06\/webper-2500x1667-1.jpg\" \/>\n\t<meta property=\"og:image:width\" content=\"800\" \/>\n\t<meta property=\"og:image:height\" content=\"533\" \/>\n\t<meta property=\"og:image:type\" content=\"image\/jpeg\" \/>\n<meta name=\"twitter:card\" content=\"summary_large_image\" \/>\n<meta name=\"twitter:site\" content=\"@Entreculturas\" \/>\n<script type=\"application\/ld+json\" class=\"yoast-schema-graph\">{\"@context\":\"https:\\\/\\\/schema.org\",\"@graph\":[{\"@type\":\"WebPage\",\"@id\":\"https:\\\/\\\/www.entreculturas.org\\\/ca\\\/noticia\\\/empresas-derechos-humanos-y-medioambiente-por-una-ley-made-spain\\\/\",\"url\":\"https:\\\/\\\/www.entreculturas.org\\\/ca\\\/noticia\\\/empresas-derechos-humanos-y-medioambiente-por-una-ley-made-spain\\\/\",\"name\":\"Empresas, Derechos Humanos y Medioambiente: Por una Ley \u201cMade in Spain\u201d - Entreculturas\",\"isPartOf\":{\"@id\":\"https:\\\/\\\/www.entreculturas.org\\\/ca\\\/#website\"},\"primaryImageOfPage\":{\"@id\":\"https:\\\/\\\/www.entreculturas.org\\\/ca\\\/noticia\\\/empresas-derechos-humanos-y-medioambiente-por-una-ley-made-spain\\\/#primaryimage\"},\"image\":{\"@id\":\"https:\\\/\\\/www.entreculturas.org\\\/ca\\\/noticia\\\/empresas-derechos-humanos-y-medioambiente-por-una-ley-made-spain\\\/#primaryimage\"},\"thumbnailUrl\":\"https:\\\/\\\/www.entreculturas.org\\\/wp-content\\\/uploads\\\/2022\\\/06\\\/webper-2500x1667-1.jpg\",\"datePublished\":\"2022-06-09T08:52:33+00:00\",\"dateModified\":\"2024-02-19T10:31:45+00:00\",\"breadcrumb\":{\"@id\":\"https:\\\/\\\/www.entreculturas.org\\\/ca\\\/noticia\\\/empresas-derechos-humanos-y-medioambiente-por-una-ley-made-spain\\\/#breadcrumb\"},\"inLanguage\":\"ca\",\"potentialAction\":[{\"@type\":\"ReadAction\",\"target\":[\"https:\\\/\\\/www.entreculturas.org\\\/ca\\\/noticia\\\/empresas-derechos-humanos-y-medioambiente-por-una-ley-made-spain\\\/\"]}]},{\"@type\":\"ImageObject\",\"inLanguage\":\"ca\",\"@id\":\"https:\\\/\\\/www.entreculturas.org\\\/ca\\\/noticia\\\/empresas-derechos-humanos-y-medioambiente-por-una-ley-made-spain\\\/#primaryimage\",\"url\":\"https:\\\/\\\/www.entreculturas.org\\\/wp-content\\\/uploads\\\/2022\\\/06\\\/webper-2500x1667-1.jpg\",\"contentUrl\":\"https:\\\/\\\/www.entreculturas.org\\\/wp-content\\\/uploads\\\/2022\\\/06\\\/webper-2500x1667-1.jpg\",\"width\":800,\"height\":533,\"caption\":\"webper-2500x1667\"},{\"@type\":\"BreadcrumbList\",\"@id\":\"https:\\\/\\\/www.entreculturas.org\\\/ca\\\/noticia\\\/empresas-derechos-humanos-y-medioambiente-por-una-ley-made-spain\\\/#breadcrumb\",\"itemListElement\":[{\"@type\":\"ListItem\",\"position\":1,\"name\":\"Home\",\"item\":\"https:\\\/\\\/www.entreculturas.org\\\/ca\\\/\"},{\"@type\":\"ListItem\",\"position\":2,\"name\":\"Noticias\",\"item\":\"https:\\\/\\\/www.entreculturas.org\\\/ca\\\/noticias\\\/\"},{\"@type\":\"ListItem\",\"position\":3,\"name\":\"Empresas, Derechos Humanos y Medioambiente: Por una Ley \u201cMade in Spain\u201d\"}]},{\"@type\":\"WebSite\",\"@id\":\"https:\\\/\\\/www.entreculturas.org\\\/ca\\\/#website\",\"url\":\"https:\\\/\\\/www.entreculturas.org\\\/ca\\\/\",\"name\":\"Entreculturas\",\"description\":\"\",\"publisher\":{\"@id\":\"https:\\\/\\\/www.entreculturas.org\\\/ca\\\/#organization\"},\"alternateName\":\"Entreculturas\",\"potentialAction\":[{\"@type\":\"SearchAction\",\"target\":{\"@type\":\"EntryPoint\",\"urlTemplate\":\"https:\\\/\\\/www.entreculturas.org\\\/ca\\\/?s={search_term_string}\"},\"query-input\":{\"@type\":\"PropertyValueSpecification\",\"valueRequired\":true,\"valueName\":\"search_term_string\"}}],\"inLanguage\":\"ca\"},{\"@type\":\"Organization\",\"@id\":\"https:\\\/\\\/www.entreculturas.org\\\/ca\\\/#organization\",\"name\":\"Entreculturas\",\"url\":\"https:\\\/\\\/www.entreculturas.org\\\/ca\\\/\",\"logo\":{\"@type\":\"ImageObject\",\"inLanguage\":\"ca\",\"@id\":\"https:\\\/\\\/www.entreculturas.org\\\/ca\\\/#\\\/schema\\\/logo\\\/image\\\/\",\"url\":\"https:\\\/\\\/www.entreculturas.org\\\/wp-content\\\/uploads\\\/2025\\\/10\\\/ESP.svg\",\"contentUrl\":\"https:\\\/\\\/www.entreculturas.org\\\/wp-content\\\/uploads\\\/2025\\\/10\\\/ESP.svg\",\"caption\":\"Entreculturas\"},\"image\":{\"@id\":\"https:\\\/\\\/www.entreculturas.org\\\/ca\\\/#\\\/schema\\\/logo\\\/image\\\/\"},\"sameAs\":[\"https:\\\/\\\/www.facebook.com\\\/entreculturas\",\"https:\\\/\\\/x.com\\\/Entreculturas\",\"https:\\\/\\\/www.instagram.com\\\/entreculturas\\\/\",\"https:\\\/\\\/www.youtube.com\\\/user\\\/entreculturasvideo\",\"https:\\\/\\\/www.linkedin.com\\\/company\\\/fundacion-entreculturas-ngdo\\\/\",\"https:\\\/\\\/www.flickr.com\\\/photos\\\/98455522@N04\\\/albums\\\/\"]}]}<\/script>\n<!-- \/ Yoast SEO Premium plugin. -->","yoast_head_json":{"title":"Empresas, Derechos Humanos y Medioambiente: Por una Ley \u201cMade in Spain\u201d - Entreculturas","robots":{"index":"index","follow":"follow","max-snippet":"max-snippet:-1","max-image-preview":"max-image-preview:large","max-video-preview":"max-video-preview:-1"},"canonical":"https:\/\/www.entreculturas.org\/ca\/noticia\/empresas-derechos-humanos-y-medioambiente-por-una-ley-made-spain\/","og_locale":"ca_ES","og_type":"article","og_title":"Empresas, Derechos Humanos y Medioambiente: Por una Ley \u201cMade in Spain\u201d","og_description":"Desde la Plataforma por las Empresas Responsables, de la que formamos parte Entreculturas y Alboan, lanzamos hoy la campa\u00f1a por una Ley \u201cMade in Spain\u201d para solicitar una ley espa\u00f1ola de diligencia debida que obligue a las empresas espa\u00f1olas a incorporar medidas para respetar los derechos humanos y medioambientales y facilite el acceso a la justicia de las personas afectadas negativamente por la actividad empresarial en terceros pa\u00edses.","og_url":"https:\/\/www.entreculturas.org\/ca\/noticia\/empresas-derechos-humanos-y-medioambiente-por-una-ley-made-spain\/","og_site_name":"Entreculturas","article_publisher":"https:\/\/www.facebook.com\/entreculturas","article_modified_time":"2024-02-19T10:31:45+00:00","og_image":[{"width":800,"height":533,"url":"https:\/\/www.entreculturas.org\/wp-content\/uploads\/2022\/06\/webper-2500x1667-1.jpg","type":"image\/jpeg"}],"twitter_card":"summary_large_image","twitter_site":"@Entreculturas","schema":{"@context":"https:\/\/schema.org","@graph":[{"@type":"WebPage","@id":"https:\/\/www.entreculturas.org\/ca\/noticia\/empresas-derechos-humanos-y-medioambiente-por-una-ley-made-spain\/","url":"https:\/\/www.entreculturas.org\/ca\/noticia\/empresas-derechos-humanos-y-medioambiente-por-una-ley-made-spain\/","name":"Empresas, Derechos Humanos y Medioambiente: Por una Ley \u201cMade in Spain\u201d - Entreculturas","isPartOf":{"@id":"https:\/\/www.entreculturas.org\/ca\/#website"},"primaryImageOfPage":{"@id":"https:\/\/www.entreculturas.org\/ca\/noticia\/empresas-derechos-humanos-y-medioambiente-por-una-ley-made-spain\/#primaryimage"},"image":{"@id":"https:\/\/www.entreculturas.org\/ca\/noticia\/empresas-derechos-humanos-y-medioambiente-por-una-ley-made-spain\/#primaryimage"},"thumbnailUrl":"https:\/\/www.entreculturas.org\/wp-content\/uploads\/2022\/06\/webper-2500x1667-1.jpg","datePublished":"2022-06-09T08:52:33+00:00","dateModified":"2024-02-19T10:31:45+00:00","breadcrumb":{"@id":"https:\/\/www.entreculturas.org\/ca\/noticia\/empresas-derechos-humanos-y-medioambiente-por-una-ley-made-spain\/#breadcrumb"},"inLanguage":"ca","potentialAction":[{"@type":"ReadAction","target":["https:\/\/www.entreculturas.org\/ca\/noticia\/empresas-derechos-humanos-y-medioambiente-por-una-ley-made-spain\/"]}]},{"@type":"ImageObject","inLanguage":"ca","@id":"https:\/\/www.entreculturas.org\/ca\/noticia\/empresas-derechos-humanos-y-medioambiente-por-una-ley-made-spain\/#primaryimage","url":"https:\/\/www.entreculturas.org\/wp-content\/uploads\/2022\/06\/webper-2500x1667-1.jpg","contentUrl":"https:\/\/www.entreculturas.org\/wp-content\/uploads\/2022\/06\/webper-2500x1667-1.jpg","width":800,"height":533,"caption":"webper-2500x1667"},{"@type":"BreadcrumbList","@id":"https:\/\/www.entreculturas.org\/ca\/noticia\/empresas-derechos-humanos-y-medioambiente-por-una-ley-made-spain\/#breadcrumb","itemListElement":[{"@type":"ListItem","position":1,"name":"Home","item":"https:\/\/www.entreculturas.org\/ca\/"},{"@type":"ListItem","position":2,"name":"Noticias","item":"https:\/\/www.entreculturas.org\/ca\/noticias\/"},{"@type":"ListItem","position":3,"name":"Empresas, Derechos Humanos y Medioambiente: Por una Ley \u201cMade in Spain\u201d"}]},{"@type":"WebSite","@id":"https:\/\/www.entreculturas.org\/ca\/#website","url":"https:\/\/www.entreculturas.org\/ca\/","name":"Entreculturas","description":"","publisher":{"@id":"https:\/\/www.entreculturas.org\/ca\/#organization"},"alternateName":"Entreculturas","potentialAction":[{"@type":"SearchAction","target":{"@type":"EntryPoint","urlTemplate":"https:\/\/www.entreculturas.org\/ca\/?s={search_term_string}"},"query-input":{"@type":"PropertyValueSpecification","valueRequired":true,"valueName":"search_term_string"}}],"inLanguage":"ca"},{"@type":"Organization","@id":"https:\/\/www.entreculturas.org\/ca\/#organization","name":"Entreculturas","url":"https:\/\/www.entreculturas.org\/ca\/","logo":{"@type":"ImageObject","inLanguage":"ca","@id":"https:\/\/www.entreculturas.org\/ca\/#\/schema\/logo\/image\/","url":"https:\/\/www.entreculturas.org\/wp-content\/uploads\/2025\/10\/ESP.svg","contentUrl":"https:\/\/www.entreculturas.org\/wp-content\/uploads\/2025\/10\/ESP.svg","caption":"Entreculturas"},"image":{"@id":"https:\/\/www.entreculturas.org\/ca\/#\/schema\/logo\/image\/"},"sameAs":["https:\/\/www.facebook.com\/entreculturas","https:\/\/x.com\/Entreculturas","https:\/\/www.instagram.com\/entreculturas\/","https:\/\/www.youtube.com\/user\/entreculturasvideo","https:\/\/www.linkedin.com\/company\/fundacion-entreculturas-ngdo\/","https:\/\/www.flickr.com\/photos\/98455522@N04\/albums\/"]}]}},"_links":{"self":[{"href":"https:\/\/www.entreculturas.org\/ca\/wp-json\/wp\/v2\/noticia\/6590","targetHints":{"allow":["GET"]}}],"collection":[{"href":"https:\/\/www.entreculturas.org\/ca\/wp-json\/wp\/v2\/noticia"}],"about":[{"href":"https:\/\/www.entreculturas.org\/ca\/wp-json\/wp\/v2\/types\/noticia"}],"wp:featuredmedia":[{"embeddable":true,"href":"https:\/\/www.entreculturas.org\/ca\/wp-json\/wp\/v2\/media\/6591"}],"wp:attachment":[{"href":"https:\/\/www.entreculturas.org\/ca\/wp-json\/wp\/v2\/media?parent=6590"}],"wp:term":[{"taxonomy":"category","embeddable":true,"href":"https:\/\/www.entreculturas.org\/ca\/wp-json\/wp\/v2\/categories?post=6590"},{"taxonomy":"post_tag","embeddable":true,"href":"https:\/\/www.entreculturas.org\/ca\/wp-json\/wp\/v2\/tags?post=6590"},{"taxonomy":"country","embeddable":true,"href":"https:\/\/www.entreculturas.org\/ca\/wp-json\/wp\/v2\/country?post=6590"},{"taxonomy":"cause","embeddable":true,"href":"https:\/\/www.entreculturas.org\/ca\/wp-json\/wp\/v2\/cause?post=6590"}],"curies":[{"name":"wp","href":"https:\/\/api.w.org\/{rel}","templated":true}]}}