{"id":6450,"date":"2022-03-08T10:23:01","date_gmt":"2022-03-08T10:23:01","guid":{"rendered":"https:\/\/entreculturasi.wpenginepowered.com\/?noticias=voyaser-el-programa-de-santillana-y-entreculturas-apoya-la-educacion-de-150-ninas-en"},"modified":"2024-02-06T11:11:50","modified_gmt":"2024-02-06T10:11:50","slug":"voyaser-el-programa-de-santillana-y-entreculturas-apoya-la-educacion-de-150-ninas-en","status":"publish","type":"noticia","link":"https:\/\/www.entreculturas.org\/ca\/noticia\/voyaser-el-programa-de-santillana-y-entreculturas-apoya-la-educacion-de-150-ninas-en\/","title":{"rendered":"#VoyaSer, el programa de Santillana y Entreculturas apoya la educaci\u00f3n de 150 ni\u00f1as en Guatemala y Per\u00fa"},"content":{"rendered":"<p>&nbsp;<\/p>\n<p>Santillana en alianza con Entreculturas y Fe y Alegr\u00eda pone en marcha <strong>#VoyaSer<\/strong>, un programa de <strong>apoyo integral dirigido a ni\u00f1as en riesgo de exclusi\u00f3n<\/strong> de Latinoam\u00e9rica, que tiene como finalidad acompa\u00f1arlas <strong>durante el \u00faltimo a\u00f1o de la educaci\u00f3n secundaria<\/strong>, ayud\u00e1ndolas a completar la educaci\u00f3n obligatoria, y a adquirir competencias digitales y habilidades socioemocionales. Su objetivo es <strong>combatir el abandono escolar y reducir la brecha digital y la desigualdad.<\/strong><\/p>\n<p>Santillana lleva d\u00e9cadas impulsando la mejora educativa de Am\u00e9rica Latina a trav\u00e9s de distintos proyectos educativos. En los \u00faltimos a\u00f1os, estos proyectos han evolucionado significativamente, adoptando un enfoque integral del alumno y de la escuela en un contexto de alta digitalizaci\u00f3n e innovaci\u00f3n en el aula.&nbsp;<\/p>\n<p><span style=\"color:#FF0000\"><\/span><\/p>\n<p><span style=\"color:#FF0000\"><strong>Los retos de futuro<\/strong><\/span><\/p>\n<p>Sin embargo, el acceso a una educaci\u00f3n de calidad, el manejo de los entornos digitales y el desarrollo de habilidades emocionales sigue siendo un reto para la poblaci\u00f3n estudiantil m\u00e1s vulnerable, sin recursos y en contextos familiares y sociales muy complejos que limitan su progreso.&nbsp;<\/p>\n<p>\u201cEste proyecto nace de la convicci\u00f3n de que <strong>la educaci\u00f3n puede transformar la vida de las personas<\/strong>. Ese es el prop\u00f3sito de Santillana y, con este proyecto, esperamos hacerlo realidad y ayudar a que las ni\u00f1as beneficiarias puedan llegar a ser lo que quieren y merecen ser\u201d, declar\u00f3 Rosa Junquera, directora corporativa de Comunicaci\u00f3n y Sostenibilidad de Santillana.&nbsp;<\/p>\n<p>La pandemia no ha hecho m\u00e1s que agudizar las desigualdades, expulsando a miles de alumnos del sistema educativo. Seg\u00fan UNESCO, <strong>m\u00e1s de 3,1 millones de estudiantes en Am\u00e9rica Latina y el Caribe podr\u00edan abandonar definitivamente la escuela<\/strong>, y esta deserci\u00f3n se produce de manera significativa en la secundaria alta.&nbsp;<\/p>\n<p><strong>Las mujeres ind\u00edgenas y rurales son las que registran los niveles m\u00e1s altos de analfabetismo y de abandono escolar<\/strong>, y tasas mucho m\u00e1s bajas de finalizaci\u00f3n escolar, independientemente de la edad y la zona geogr\u00e1fica, que sus pares hombres, seg\u00fan el Informe Rojo de la Fundaci\u00f3n Entreculturas.<\/p>\n<p>\u201cUrge abordar la desigualdad de g\u00e9nero, profundamente arraigada, que provoca la violencia hacia las ni\u00f1as. Necesitamos apoyos como el de Santillana para impulsar una protecci\u00f3n efectiva de los Derechos de las Ni\u00f1as, para que dejen de ser sujetos de violencia, intimidaci\u00f3n y abusos. Las ni\u00f1as tienen derecho a una infancia en igualdad de oportunidades, libre de miedos, de amenazas y agresiones. En este sentido, la escuela es un espacio seguro donde las ni\u00f1as reciben una educaci\u00f3n de calidad, integral e inclusiva, para convertirse en ciudadanas con conciencia cr\u00edtica, activas y comprometidas con sus comunidades y con los derechos de las ni\u00f1as\u201d, declara Daniel Villanueva, vicepresidente de la Fundaci\u00f3n Entreculturas.&nbsp;<\/p>\n<\/p>\n<p>El programa consta de cuatro ejes: educativo, tecnol\u00f3gico, socioemocional y econ\u00f3mico.&nbsp;<\/p>\n<ul>\n<li>Eje educativo: incluye contenidos y recursos pedag\u00f3gicos de Santillana.<\/li>\n<li>Eje tecnol\u00f3gico: consiste en proporcionar a ni\u00f1as y docentes formaci\u00f3n en habilidades digitales b\u00e1sicas, a trav\u00e9s de un curso online creado por BeJob, y en proveer a los centros educativos de conectividad y computadoras.&nbsp;<\/li>\n<li>Eje social: incide en el desarrollo socioemocional de las estudiantes a trav\u00e9s de otro curso creado a medida tambi\u00e9n por BeJob.<\/li>\n<li>Eje econ\u00f3mico: proporciona becas de estudio para cubrir gastos de matr\u00edcula, material y manutenci\u00f3n.&nbsp;<br \/>&nbsp;<\/li>\n<\/ul>\n<p>\u201cComo compa\u00f1\u00eda educativa tenemos la responsabilidad de ser un agente de transformaci\u00f3n social y desarrollar iniciativas que generen impacto positivo, contribuyendo a una sociedad m\u00e1s sostenible e inclusiva\u201d, afirma Junquera.<\/p>\n<p><span style=\"color:#FF0000\"><strong>Ni\u00f1as con potencial<\/strong><\/span><\/p>\n<p>Esta primera edici\u00f3n se implementa en <strong>centros educativos de Guatemala y Per\u00fa,<\/strong> donde beneficiar\u00e1 a ni\u00f1as ind\u00edgenas con alto potencial de aprendizaje para<strong> convertirse en referentes de su comunidad<\/strong>.&nbsp;<\/p>\n<p>En concreto, el proyecto acompa\u00f1ar\u00e1 a <strong>150 ni\u00f1as y, tambi\u00e9n, a 52 docentes<\/strong> de los centros La Casa del Saber, en Santa Luc\u00eda La Reforma, Totonicap\u00e1n (Guatemala), y el Colegio Fe y Alegr\u00eda n\u00ba 62 San Jos\u00e9 de Chiriaco, en el distrito de Imaza (Per\u00fa).&nbsp;<\/p>\n<p>Se trata de dos centros educativos de Fe y Alegr\u00eda donde la ayuda es especialmente necesaria, al encontrarse en zonas con altos niveles de pobreza y desigualdad: en Totonicap\u00e1n, 9 de cada 10 personas ind\u00edgenas vive en situaci\u00f3n de pobreza. En el caso de Imaza, el n\u00famero de a\u00f1os de escolaridad de la poblaci\u00f3n se encuentra por debajo del promedio nacional.<\/p>\n<p>\u201cEn nuestro colegio estudian 312 ni\u00f1as ind\u00edgenas (huambisas y awajunes), de 114 comunidades. Algunas tienen que caminar hasta 4 d\u00edas para llegar a la escuela. El apoyo de Santillana va a ser muy significativo porque les va a permitir continuar sus estudios, formarse en habilidades digitales y tener la posibilidad de ser mujeres empoderadas, participativas, ciudadanas, comprometidas con su sociedad y con el medioambiente\u201d. Declara Mar\u00eda Jes\u00fas Laorden, directora del Colegio San Jos\u00e9 de Chiriaco.&nbsp;<\/p>\n<p>Por su parte, Fernando Est\u00e9vez, director general de Santillana Per\u00fa, a\u00f1ade que \u201cel proyecto se desarrolla en una zona de la Amazon\u00eda peruana donde la realidad de g\u00e9nero y socioecon\u00f3mica es muy profunda. En l\u00ednea con los Objetivos de Desarrollo Sostenible y la Agenda 2030 hemos procurado un programa que justamente atienda a esta brecha\u201d.<\/p>\n<p>\u201cSon ni\u00f1as que normalmente viven en comunidades aisladas, lejos de sus centros educativos, en situaciones familiares y sociales dif\u00edciles\u201d, asegura Luis Alonso, director general de Santillana Centroam\u00e9rica Norte.<\/p>\n<p>Tanto los centros como las alumnas recibir\u00e1n el apoyo de la red de coaching acad\u00e9mico de Santillana, que las acompa\u00f1ar\u00e1n en la implementaci\u00f3n del programa y su seguimiento.<\/p>\n","protected":false},"excerpt":{"rendered":"<p>\u200bSantillana en alianza con Entreculturas y Fe y Alegr\u00eda pone en marcha #VoyaSer, un programa de apoyo integral dirigido a ni\u00f1as en riesgo de exclusi\u00f3n de Latinoam\u00e9rica, que tiene como finalidad acompa\u00f1arlas durante el \u00faltimo a\u00f1o de la educaci\u00f3n secundaria, ayud\u00e1ndolas a completar la educaci\u00f3n obligatoria, y a adquirir competencias digitales y habilidades socioemocionales. Su objetivo es combatir el abandono escolar y reducir la brecha digital y la desigualdad.<\/p>\n","protected":false},"featured_media":6451,"template":"single-noticia","meta":{"_acf_changed":false},"categories":[7],"tags":[196],"country":[],"cause":[],"class_list":["post-6450","noticia","type-noticia","status-publish","has-post-thumbnail","hentry","category-noticia","tag-rsc"],"acf":[],"yoast_head":"<!-- This site is optimized with the Yoast SEO Premium plugin v21.6 (Yoast SEO v27.5) - https:\/\/yoast.com\/product\/yoast-seo-premium-wordpress\/ -->\n<title>#VoyaSer, el programa de Santillana y Entreculturas apoya la educaci\u00f3n de 150 ni\u00f1as en Guatemala y Per\u00fa - Entreculturas<\/title>\n<meta name=\"robots\" content=\"index, follow, max-snippet:-1, max-image-preview:large, max-video-preview:-1\" \/>\n<link rel=\"canonical\" href=\"https:\/\/www.entreculturas.org\/ca\/noticia\/voyaser-el-programa-de-santillana-y-entreculturas-apoya-la-educacion-de-150-ninas-en\/\" \/>\n<meta property=\"og:locale\" content=\"ca_ES\" \/>\n<meta property=\"og:type\" content=\"article\" \/>\n<meta property=\"og:title\" content=\"#VoyaSer, el programa de Santillana y Entreculturas apoya la educaci\u00f3n de 150 ni\u00f1as en Guatemala y Per\u00fa\" \/>\n<meta property=\"og:description\" content=\"\u200bSantillana en alianza con Entreculturas y Fe y Alegr\u00eda pone en marcha #VoyaSer, un programa de apoyo integral dirigido a ni\u00f1as en riesgo de exclusi\u00f3n de Latinoam\u00e9rica, que tiene como finalidad acompa\u00f1arlas durante el \u00faltimo a\u00f1o de la educaci\u00f3n secundaria, ayud\u00e1ndolas a completar la educaci\u00f3n obligatoria, y a adquirir competencias digitales y habilidades socioemocionales. Su objetivo es combatir el abandono escolar y reducir la brecha digital y la desigualdad.\" \/>\n<meta property=\"og:url\" content=\"https:\/\/www.entreculturas.org\/ca\/noticia\/voyaser-el-programa-de-santillana-y-entreculturas-apoya-la-educacion-de-150-ninas-en\/\" \/>\n<meta property=\"og:site_name\" content=\"Entreculturas\" \/>\n<meta property=\"article:publisher\" content=\"https:\/\/www.facebook.com\/entreculturas\" \/>\n<meta property=\"article:modified_time\" content=\"2024-02-06T10:11:50+00:00\" \/>\n<meta property=\"og:image\" content=\"https:\/\/www.entreculturas.org\/wp-content\/uploads\/2022\/03\/voyaser_vertical.png\" \/>\n\t<meta property=\"og:image:width\" content=\"800\" \/>\n\t<meta property=\"og:image:height\" content=\"544\" \/>\n\t<meta property=\"og:image:type\" content=\"image\/png\" \/>\n<meta name=\"twitter:card\" content=\"summary_large_image\" \/>\n<meta name=\"twitter:site\" content=\"@Entreculturas\" \/>\n<script type=\"application\/ld+json\" class=\"yoast-schema-graph\">{\"@context\":\"https:\\\/\\\/schema.org\",\"@graph\":[{\"@type\":\"WebPage\",\"@id\":\"https:\\\/\\\/www.entreculturas.org\\\/ca\\\/noticia\\\/voyaser-el-programa-de-santillana-y-entreculturas-apoya-la-educacion-de-150-ninas-en\\\/\",\"url\":\"https:\\\/\\\/www.entreculturas.org\\\/ca\\\/noticia\\\/voyaser-el-programa-de-santillana-y-entreculturas-apoya-la-educacion-de-150-ninas-en\\\/\",\"name\":\"#VoyaSer, el programa de Santillana y Entreculturas apoya la educaci\u00f3n de 150 ni\u00f1as en Guatemala y Per\u00fa - Entreculturas\",\"isPartOf\":{\"@id\":\"https:\\\/\\\/www.entreculturas.org\\\/ca\\\/#website\"},\"primaryImageOfPage\":{\"@id\":\"https:\\\/\\\/www.entreculturas.org\\\/ca\\\/noticia\\\/voyaser-el-programa-de-santillana-y-entreculturas-apoya-la-educacion-de-150-ninas-en\\\/#primaryimage\"},\"image\":{\"@id\":\"https:\\\/\\\/www.entreculturas.org\\\/ca\\\/noticia\\\/voyaser-el-programa-de-santillana-y-entreculturas-apoya-la-educacion-de-150-ninas-en\\\/#primaryimage\"},\"thumbnailUrl\":\"https:\\\/\\\/www.entreculturas.org\\\/wp-content\\\/uploads\\\/2022\\\/03\\\/voyaser_vertical.png\",\"datePublished\":\"2022-03-08T10:23:01+00:00\",\"dateModified\":\"2024-02-06T10:11:50+00:00\",\"breadcrumb\":{\"@id\":\"https:\\\/\\\/www.entreculturas.org\\\/ca\\\/noticia\\\/voyaser-el-programa-de-santillana-y-entreculturas-apoya-la-educacion-de-150-ninas-en\\\/#breadcrumb\"},\"inLanguage\":\"ca\",\"potentialAction\":[{\"@type\":\"ReadAction\",\"target\":[\"https:\\\/\\\/www.entreculturas.org\\\/ca\\\/noticia\\\/voyaser-el-programa-de-santillana-y-entreculturas-apoya-la-educacion-de-150-ninas-en\\\/\"]}]},{\"@type\":\"ImageObject\",\"inLanguage\":\"ca\",\"@id\":\"https:\\\/\\\/www.entreculturas.org\\\/ca\\\/noticia\\\/voyaser-el-programa-de-santillana-y-entreculturas-apoya-la-educacion-de-150-ninas-en\\\/#primaryimage\",\"url\":\"https:\\\/\\\/www.entreculturas.org\\\/wp-content\\\/uploads\\\/2022\\\/03\\\/voyaser_vertical.png\",\"contentUrl\":\"https:\\\/\\\/www.entreculturas.org\\\/wp-content\\\/uploads\\\/2022\\\/03\\\/voyaser_vertical.png\",\"width\":800,\"height\":544,\"caption\":\"voyaser_vertical\"},{\"@type\":\"BreadcrumbList\",\"@id\":\"https:\\\/\\\/www.entreculturas.org\\\/ca\\\/noticia\\\/voyaser-el-programa-de-santillana-y-entreculturas-apoya-la-educacion-de-150-ninas-en\\\/#breadcrumb\",\"itemListElement\":[{\"@type\":\"ListItem\",\"position\":1,\"name\":\"Home\",\"item\":\"https:\\\/\\\/www.entreculturas.org\\\/ca\\\/\"},{\"@type\":\"ListItem\",\"position\":2,\"name\":\"Noticias\",\"item\":\"https:\\\/\\\/www.entreculturas.org\\\/ca\\\/noticias\\\/\"},{\"@type\":\"ListItem\",\"position\":3,\"name\":\"#VoyaSer, el programa de Santillana y Entreculturas apoya la educaci\u00f3n de 150 ni\u00f1as en Guatemala y Per\u00fa\"}]},{\"@type\":\"WebSite\",\"@id\":\"https:\\\/\\\/www.entreculturas.org\\\/ca\\\/#website\",\"url\":\"https:\\\/\\\/www.entreculturas.org\\\/ca\\\/\",\"name\":\"Entreculturas\",\"description\":\"\",\"publisher\":{\"@id\":\"https:\\\/\\\/www.entreculturas.org\\\/ca\\\/#organization\"},\"alternateName\":\"Entreculturas\",\"potentialAction\":[{\"@type\":\"SearchAction\",\"target\":{\"@type\":\"EntryPoint\",\"urlTemplate\":\"https:\\\/\\\/www.entreculturas.org\\\/ca\\\/?s={search_term_string}\"},\"query-input\":{\"@type\":\"PropertyValueSpecification\",\"valueRequired\":true,\"valueName\":\"search_term_string\"}}],\"inLanguage\":\"ca\"},{\"@type\":\"Organization\",\"@id\":\"https:\\\/\\\/www.entreculturas.org\\\/ca\\\/#organization\",\"name\":\"Entreculturas\",\"url\":\"https:\\\/\\\/www.entreculturas.org\\\/ca\\\/\",\"logo\":{\"@type\":\"ImageObject\",\"inLanguage\":\"ca\",\"@id\":\"https:\\\/\\\/www.entreculturas.org\\\/ca\\\/#\\\/schema\\\/logo\\\/image\\\/\",\"url\":\"https:\\\/\\\/www.entreculturas.org\\\/wp-content\\\/uploads\\\/2025\\\/10\\\/ESP.svg\",\"contentUrl\":\"https:\\\/\\\/www.entreculturas.org\\\/wp-content\\\/uploads\\\/2025\\\/10\\\/ESP.svg\",\"caption\":\"Entreculturas\"},\"image\":{\"@id\":\"https:\\\/\\\/www.entreculturas.org\\\/ca\\\/#\\\/schema\\\/logo\\\/image\\\/\"},\"sameAs\":[\"https:\\\/\\\/www.facebook.com\\\/entreculturas\",\"https:\\\/\\\/x.com\\\/Entreculturas\",\"https:\\\/\\\/www.instagram.com\\\/entreculturas\\\/\",\"https:\\\/\\\/www.youtube.com\\\/user\\\/entreculturasvideo\",\"https:\\\/\\\/www.linkedin.com\\\/company\\\/fundacion-entreculturas-ngdo\\\/\",\"https:\\\/\\\/www.flickr.com\\\/photos\\\/98455522@N04\\\/albums\\\/\"]}]}<\/script>\n<!-- \/ Yoast SEO Premium plugin. -->","yoast_head_json":{"title":"#VoyaSer, el programa de Santillana y Entreculturas apoya la educaci\u00f3n de 150 ni\u00f1as en Guatemala y Per\u00fa - Entreculturas","robots":{"index":"index","follow":"follow","max-snippet":"max-snippet:-1","max-image-preview":"max-image-preview:large","max-video-preview":"max-video-preview:-1"},"canonical":"https:\/\/www.entreculturas.org\/ca\/noticia\/voyaser-el-programa-de-santillana-y-entreculturas-apoya-la-educacion-de-150-ninas-en\/","og_locale":"ca_ES","og_type":"article","og_title":"#VoyaSer, el programa de Santillana y Entreculturas apoya la educaci\u00f3n de 150 ni\u00f1as en Guatemala y Per\u00fa","og_description":"\u200bSantillana en alianza con Entreculturas y Fe y Alegr\u00eda pone en marcha #VoyaSer, un programa de apoyo integral dirigido a ni\u00f1as en riesgo de exclusi\u00f3n de Latinoam\u00e9rica, que tiene como finalidad acompa\u00f1arlas durante el \u00faltimo a\u00f1o de la educaci\u00f3n secundaria, ayud\u00e1ndolas a completar la educaci\u00f3n obligatoria, y a adquirir competencias digitales y habilidades socioemocionales. Su objetivo es combatir el abandono escolar y reducir la brecha digital y la desigualdad.","og_url":"https:\/\/www.entreculturas.org\/ca\/noticia\/voyaser-el-programa-de-santillana-y-entreculturas-apoya-la-educacion-de-150-ninas-en\/","og_site_name":"Entreculturas","article_publisher":"https:\/\/www.facebook.com\/entreculturas","article_modified_time":"2024-02-06T10:11:50+00:00","og_image":[{"width":800,"height":544,"url":"https:\/\/www.entreculturas.org\/wp-content\/uploads\/2022\/03\/voyaser_vertical.png","type":"image\/png"}],"twitter_card":"summary_large_image","twitter_site":"@Entreculturas","schema":{"@context":"https:\/\/schema.org","@graph":[{"@type":"WebPage","@id":"https:\/\/www.entreculturas.org\/ca\/noticia\/voyaser-el-programa-de-santillana-y-entreculturas-apoya-la-educacion-de-150-ninas-en\/","url":"https:\/\/www.entreculturas.org\/ca\/noticia\/voyaser-el-programa-de-santillana-y-entreculturas-apoya-la-educacion-de-150-ninas-en\/","name":"#VoyaSer, el programa de Santillana y Entreculturas apoya la educaci\u00f3n de 150 ni\u00f1as en Guatemala y Per\u00fa - Entreculturas","isPartOf":{"@id":"https:\/\/www.entreculturas.org\/ca\/#website"},"primaryImageOfPage":{"@id":"https:\/\/www.entreculturas.org\/ca\/noticia\/voyaser-el-programa-de-santillana-y-entreculturas-apoya-la-educacion-de-150-ninas-en\/#primaryimage"},"image":{"@id":"https:\/\/www.entreculturas.org\/ca\/noticia\/voyaser-el-programa-de-santillana-y-entreculturas-apoya-la-educacion-de-150-ninas-en\/#primaryimage"},"thumbnailUrl":"https:\/\/www.entreculturas.org\/wp-content\/uploads\/2022\/03\/voyaser_vertical.png","datePublished":"2022-03-08T10:23:01+00:00","dateModified":"2024-02-06T10:11:50+00:00","breadcrumb":{"@id":"https:\/\/www.entreculturas.org\/ca\/noticia\/voyaser-el-programa-de-santillana-y-entreculturas-apoya-la-educacion-de-150-ninas-en\/#breadcrumb"},"inLanguage":"ca","potentialAction":[{"@type":"ReadAction","target":["https:\/\/www.entreculturas.org\/ca\/noticia\/voyaser-el-programa-de-santillana-y-entreculturas-apoya-la-educacion-de-150-ninas-en\/"]}]},{"@type":"ImageObject","inLanguage":"ca","@id":"https:\/\/www.entreculturas.org\/ca\/noticia\/voyaser-el-programa-de-santillana-y-entreculturas-apoya-la-educacion-de-150-ninas-en\/#primaryimage","url":"https:\/\/www.entreculturas.org\/wp-content\/uploads\/2022\/03\/voyaser_vertical.png","contentUrl":"https:\/\/www.entreculturas.org\/wp-content\/uploads\/2022\/03\/voyaser_vertical.png","width":800,"height":544,"caption":"voyaser_vertical"},{"@type":"BreadcrumbList","@id":"https:\/\/www.entreculturas.org\/ca\/noticia\/voyaser-el-programa-de-santillana-y-entreculturas-apoya-la-educacion-de-150-ninas-en\/#breadcrumb","itemListElement":[{"@type":"ListItem","position":1,"name":"Home","item":"https:\/\/www.entreculturas.org\/ca\/"},{"@type":"ListItem","position":2,"name":"Noticias","item":"https:\/\/www.entreculturas.org\/ca\/noticias\/"},{"@type":"ListItem","position":3,"name":"#VoyaSer, el programa de Santillana y Entreculturas apoya la educaci\u00f3n de 150 ni\u00f1as en Guatemala y Per\u00fa"}]},{"@type":"WebSite","@id":"https:\/\/www.entreculturas.org\/ca\/#website","url":"https:\/\/www.entreculturas.org\/ca\/","name":"Entreculturas","description":"","publisher":{"@id":"https:\/\/www.entreculturas.org\/ca\/#organization"},"alternateName":"Entreculturas","potentialAction":[{"@type":"SearchAction","target":{"@type":"EntryPoint","urlTemplate":"https:\/\/www.entreculturas.org\/ca\/?s={search_term_string}"},"query-input":{"@type":"PropertyValueSpecification","valueRequired":true,"valueName":"search_term_string"}}],"inLanguage":"ca"},{"@type":"Organization","@id":"https:\/\/www.entreculturas.org\/ca\/#organization","name":"Entreculturas","url":"https:\/\/www.entreculturas.org\/ca\/","logo":{"@type":"ImageObject","inLanguage":"ca","@id":"https:\/\/www.entreculturas.org\/ca\/#\/schema\/logo\/image\/","url":"https:\/\/www.entreculturas.org\/wp-content\/uploads\/2025\/10\/ESP.svg","contentUrl":"https:\/\/www.entreculturas.org\/wp-content\/uploads\/2025\/10\/ESP.svg","caption":"Entreculturas"},"image":{"@id":"https:\/\/www.entreculturas.org\/ca\/#\/schema\/logo\/image\/"},"sameAs":["https:\/\/www.facebook.com\/entreculturas","https:\/\/x.com\/Entreculturas","https:\/\/www.instagram.com\/entreculturas\/","https:\/\/www.youtube.com\/user\/entreculturasvideo","https:\/\/www.linkedin.com\/company\/fundacion-entreculturas-ngdo\/","https:\/\/www.flickr.com\/photos\/98455522@N04\/albums\/"]}]}},"_links":{"self":[{"href":"https:\/\/www.entreculturas.org\/ca\/wp-json\/wp\/v2\/noticia\/6450","targetHints":{"allow":["GET"]}}],"collection":[{"href":"https:\/\/www.entreculturas.org\/ca\/wp-json\/wp\/v2\/noticia"}],"about":[{"href":"https:\/\/www.entreculturas.org\/ca\/wp-json\/wp\/v2\/types\/noticia"}],"wp:featuredmedia":[{"embeddable":true,"href":"https:\/\/www.entreculturas.org\/ca\/wp-json\/wp\/v2\/media\/6451"}],"wp:attachment":[{"href":"https:\/\/www.entreculturas.org\/ca\/wp-json\/wp\/v2\/media?parent=6450"}],"wp:term":[{"taxonomy":"category","embeddable":true,"href":"https:\/\/www.entreculturas.org\/ca\/wp-json\/wp\/v2\/categories?post=6450"},{"taxonomy":"post_tag","embeddable":true,"href":"https:\/\/www.entreculturas.org\/ca\/wp-json\/wp\/v2\/tags?post=6450"},{"taxonomy":"country","embeddable":true,"href":"https:\/\/www.entreculturas.org\/ca\/wp-json\/wp\/v2\/country?post=6450"},{"taxonomy":"cause","embeddable":true,"href":"https:\/\/www.entreculturas.org\/ca\/wp-json\/wp\/v2\/cause?post=6450"}],"curies":[{"name":"wp","href":"https:\/\/api.w.org\/{rel}","templated":true}]}}