{"id":6407,"date":"2022-01-21T08:50:40","date_gmt":"2022-01-21T08:50:40","guid":{"rendered":"https:\/\/entreculturasi.wpenginepowered.com\/?noticias=entreculturas-y-fuhem-celebran-el-laboratorio-madrid-nuestro-momento-es-ahora"},"modified":"2023-12-18T10:31:25","modified_gmt":"2023-12-18T09:31:25","slug":"entreculturas-y-fuhem-celebran-el-laboratorio-madrid-nuestro-momento-es-ahora","status":"publish","type":"noticia","link":"https:\/\/www.entreculturas.org\/ca\/noticia\/entreculturas-y-fuhem-celebran-el-laboratorio-madrid-nuestro-momento-es-ahora\/","title":{"rendered":"Entreculturas y FUHEM celebran el Laboratorio \u2018Madrid: nuestro momento es ahora\u2019"},"content":{"rendered":"<p>El pasado 3 de noviembre tuvo lugar en la Casa de la Juventud y la Casa de San Ignacio el <strong>Laboratorio \u201cMadrid: nuestro momento es ahora\u201d<\/strong>, con el objetivo de promover el fomento del liderazgo juvenil, la resiliencia (empat\u00eda, autoestima, autoconciencia, y afrontamiento positivo de la adversidad), y los conocimientos y capacidades para la sostenibilidad medioambiental. En \u00e9l, participaron un total de <strong>90 j\u00f3venes y 12 docentes de siete centros educativos de Madrid<\/strong>: BVM Irlandesas Madrid, Divino Coraz\u00f3n, Hipatia (FUHEM); Lourdes (FUHEM), Nuestra Se\u00f1ora del Recuerdo, Padre Piquer y San Ignacio de Alcal\u00e1 de Henares.<\/p>\n<p>Tras un largo y duro periodo en el que nuestras acciones se reduc\u00edan a la virtualidad siendo imposible reunir tanto a j\u00f3venes como a docentes de forma presencial, este curso, respetando todos los protocolos,&nbsp; hemos podido retomar la presencialidad para generar este <strong>espacio de formaci\u00f3n, motivaci\u00f3n y encuentro.<\/strong><\/p>\n<\/p>\n<p>Las y los j\u00f3venes participantes del Laboratorio han recibido una plaza para la <strong>Academia de Agentes de Cambio 4.7<\/strong> (por la meta 4.7 del Objetivo de Desarrollo Sostenible 4, dedicada a la Educaci\u00f3n para la Ciudadan\u00eda Global). En ella se han formado en c\u00f3mo ser agentes de cambio en su entorno m\u00e1s cercano, pero tambi\u00e9n teniendo una mirada m\u00e1s global, para posteriormente poder realizar acciones transformadoras durante todo el curso.<\/p>\n<p>Dentro de este itinerario para ser agentes de cambio se puso la mirada en la propuesta de Redes 4.7 donde se pone el foco en la igualdad de g\u00e9nero (Red Violeta); migraciones forzosas (Red Azul); y justicia medio ambiental (Red Verde). De esta manera, se form\u00f3 tanto a j\u00f3venes como docentes para ser agentes resilientes para&nbsp; construir, desde el marco de la Agenda 2030, <strong>propuestas transformadoras con una perspectiva global y local.<\/strong><\/p>\n<p>A partir de esta concisa y profunda formaci\u00f3n, j\u00f3venes y docentes iniciaron el dise\u00f1o de las propuestas de acci\u00f3n para responder a los <strong>desaf\u00edos sociales y medioambientales <\/strong>que previamente hab\u00edan identificado. De esta forma, comenzaron a desarrollar capacidades para generar y difundir en los pr\u00f3ximos meses propuestas creativas e innovadoras de acci\u00f3n que impulsen la resiliencia ciudadana y la sostenibilidad medioambiental en Madrid y Alcal\u00e1 de Henares,&nbsp;<\/p>\n<p><img decoding=\"async\" alt=\"\" height=\"533\" src=\"https:\/\/www.entreculturas.org\/wp-content\/uploads\/2022\/01\/copia_de_huerto_encuentro_entreculturas_agentes_del_cambio_img_3716.jpg\" width=\"800\"><\/p>\n<p>Para concluir, el cierre del Laboratorio tuvo lugar en el huerto comunitario de la Ventilla. El lugar fue escogido como forma d<strong>e expresi\u00f3n del compromiso vecinal <\/strong>y como ejemplo de c\u00f3mo las diferentes acciones que realizamos en nuestro entorno m\u00e1s cercano, siempre tienen un reflejo global, especialmente cuando hablamos del cuidado del planeta. Para explicarnos el sentido y la importancia de este espacio comunitario nos acompa\u00f1\u00f3 Isis, la dinamizadora vecinal que vio nacer el huerto y nos pudo hablar de \u00e9l.<\/p>\n","protected":false},"excerpt":{"rendered":"<p>El pasado 3 de noviembre tuvo lugar en la Casa de la Juventud y la Casa de San Ignacio el Laboratorio \u201cMadrid: nuestro momento es ahora\u201d, con el objetivo de promover el fomento del liderazgo juvenil, la resiliencia (empat\u00eda, autoestima, autoconciencia, y afrontamiento positivo de la adversidad), y los conocimientos y capacidades para la sostenibilidad medioambiental<\/p>\n","protected":false},"featured_media":6408,"template":"single-noticia","meta":{"_acf_changed":false},"categories":[7],"tags":[185],"country":[],"cause":[],"class_list":["post-6407","noticia","type-noticia","status-publish","has-post-thumbnail","hentry","category-noticia","tag-entreculturas"],"acf":[],"yoast_head":"<!-- This site is optimized with the Yoast SEO Premium plugin v21.6 (Yoast SEO v27.5) - https:\/\/yoast.com\/product\/yoast-seo-premium-wordpress\/ -->\n<title>Entreculturas y FUHEM celebran el Laboratorio \u2018Madrid: nuestro momento es ahora\u2019 - Entreculturas<\/title>\n<meta name=\"robots\" content=\"index, follow, max-snippet:-1, max-image-preview:large, max-video-preview:-1\" \/>\n<link rel=\"canonical\" href=\"https:\/\/www.entreculturas.org\/ca\/noticia\/entreculturas-y-fuhem-celebran-el-laboratorio-madrid-nuestro-momento-es-ahora\/\" \/>\n<meta property=\"og:locale\" content=\"ca_ES\" \/>\n<meta property=\"og:type\" content=\"article\" \/>\n<meta property=\"og:title\" content=\"Entreculturas y FUHEM celebran el Laboratorio \u2018Madrid: nuestro momento es ahora\u2019\" \/>\n<meta property=\"og:description\" content=\"El pasado 3 de noviembre tuvo lugar en la Casa de la Juventud y la Casa de San Ignacio el Laboratorio \u201cMadrid: nuestro momento es ahora\u201d, con el objetivo de promover el fomento del liderazgo juvenil, la resiliencia (empat\u00eda, autoestima, autoconciencia, y afrontamiento positivo de la adversidad), y los conocimientos y capacidades para la sostenibilidad medioambiental\" \/>\n<meta property=\"og:url\" content=\"https:\/\/www.entreculturas.org\/ca\/noticia\/entreculturas-y-fuhem-celebran-el-laboratorio-madrid-nuestro-momento-es-ahora\/\" \/>\n<meta property=\"og:site_name\" content=\"Entreculturas\" \/>\n<meta property=\"article:publisher\" content=\"https:\/\/www.facebook.com\/entreculturas\" \/>\n<meta property=\"article:modified_time\" content=\"2023-12-18T09:31:25+00:00\" \/>\n<meta property=\"og:image\" content=\"https:\/\/www.entreculturas.org\/wp-content\/uploads\/2022\/01\/imagen_principal_-_noticia_2_-_proyecto_madrid.png\" \/>\n\t<meta property=\"og:image:width\" content=\"800\" \/>\n\t<meta property=\"og:image:height\" content=\"800\" \/>\n\t<meta property=\"og:image:type\" content=\"image\/png\" \/>\n<meta name=\"twitter:card\" content=\"summary_large_image\" \/>\n<meta name=\"twitter:site\" content=\"@Entreculturas\" \/>\n<script type=\"application\/ld+json\" class=\"yoast-schema-graph\">{\"@context\":\"https:\\\/\\\/schema.org\",\"@graph\":[{\"@type\":\"WebPage\",\"@id\":\"https:\\\/\\\/www.entreculturas.org\\\/ca\\\/noticia\\\/entreculturas-y-fuhem-celebran-el-laboratorio-madrid-nuestro-momento-es-ahora\\\/\",\"url\":\"https:\\\/\\\/www.entreculturas.org\\\/ca\\\/noticia\\\/entreculturas-y-fuhem-celebran-el-laboratorio-madrid-nuestro-momento-es-ahora\\\/\",\"name\":\"Entreculturas y FUHEM celebran el Laboratorio \u2018Madrid: nuestro momento es ahora\u2019 - Entreculturas\",\"isPartOf\":{\"@id\":\"https:\\\/\\\/www.entreculturas.org\\\/ca\\\/#website\"},\"primaryImageOfPage\":{\"@id\":\"https:\\\/\\\/www.entreculturas.org\\\/ca\\\/noticia\\\/entreculturas-y-fuhem-celebran-el-laboratorio-madrid-nuestro-momento-es-ahora\\\/#primaryimage\"},\"image\":{\"@id\":\"https:\\\/\\\/www.entreculturas.org\\\/ca\\\/noticia\\\/entreculturas-y-fuhem-celebran-el-laboratorio-madrid-nuestro-momento-es-ahora\\\/#primaryimage\"},\"thumbnailUrl\":\"https:\\\/\\\/www.entreculturas.org\\\/wp-content\\\/uploads\\\/2022\\\/01\\\/imagen_principal_-_noticia_2_-_proyecto_madrid.png\",\"datePublished\":\"2022-01-21T08:50:40+00:00\",\"dateModified\":\"2023-12-18T09:31:25+00:00\",\"breadcrumb\":{\"@id\":\"https:\\\/\\\/www.entreculturas.org\\\/ca\\\/noticia\\\/entreculturas-y-fuhem-celebran-el-laboratorio-madrid-nuestro-momento-es-ahora\\\/#breadcrumb\"},\"inLanguage\":\"ca\",\"potentialAction\":[{\"@type\":\"ReadAction\",\"target\":[\"https:\\\/\\\/www.entreculturas.org\\\/ca\\\/noticia\\\/entreculturas-y-fuhem-celebran-el-laboratorio-madrid-nuestro-momento-es-ahora\\\/\"]}]},{\"@type\":\"ImageObject\",\"inLanguage\":\"ca\",\"@id\":\"https:\\\/\\\/www.entreculturas.org\\\/ca\\\/noticia\\\/entreculturas-y-fuhem-celebran-el-laboratorio-madrid-nuestro-momento-es-ahora\\\/#primaryimage\",\"url\":\"https:\\\/\\\/www.entreculturas.org\\\/wp-content\\\/uploads\\\/2022\\\/01\\\/imagen_principal_-_noticia_2_-_proyecto_madrid.png\",\"contentUrl\":\"https:\\\/\\\/www.entreculturas.org\\\/wp-content\\\/uploads\\\/2022\\\/01\\\/imagen_principal_-_noticia_2_-_proyecto_madrid.png\",\"width\":800,\"height\":800,\"caption\":\"imagen_principal_-_noticia_2_-_proyecto_madrid\"},{\"@type\":\"BreadcrumbList\",\"@id\":\"https:\\\/\\\/www.entreculturas.org\\\/ca\\\/noticia\\\/entreculturas-y-fuhem-celebran-el-laboratorio-madrid-nuestro-momento-es-ahora\\\/#breadcrumb\",\"itemListElement\":[{\"@type\":\"ListItem\",\"position\":1,\"name\":\"Home\",\"item\":\"https:\\\/\\\/www.entreculturas.org\\\/ca\\\/\"},{\"@type\":\"ListItem\",\"position\":2,\"name\":\"Noticias\",\"item\":\"https:\\\/\\\/www.entreculturas.org\\\/ca\\\/noticias\\\/\"},{\"@type\":\"ListItem\",\"position\":3,\"name\":\"Entreculturas y FUHEM celebran el Laboratorio \u2018Madrid: nuestro momento es ahora\u2019\"}]},{\"@type\":\"WebSite\",\"@id\":\"https:\\\/\\\/www.entreculturas.org\\\/ca\\\/#website\",\"url\":\"https:\\\/\\\/www.entreculturas.org\\\/ca\\\/\",\"name\":\"Entreculturas\",\"description\":\"\",\"publisher\":{\"@id\":\"https:\\\/\\\/www.entreculturas.org\\\/ca\\\/#organization\"},\"alternateName\":\"Entreculturas\",\"potentialAction\":[{\"@type\":\"SearchAction\",\"target\":{\"@type\":\"EntryPoint\",\"urlTemplate\":\"https:\\\/\\\/www.entreculturas.org\\\/ca\\\/?s={search_term_string}\"},\"query-input\":{\"@type\":\"PropertyValueSpecification\",\"valueRequired\":true,\"valueName\":\"search_term_string\"}}],\"inLanguage\":\"ca\"},{\"@type\":\"Organization\",\"@id\":\"https:\\\/\\\/www.entreculturas.org\\\/ca\\\/#organization\",\"name\":\"Entreculturas\",\"url\":\"https:\\\/\\\/www.entreculturas.org\\\/ca\\\/\",\"logo\":{\"@type\":\"ImageObject\",\"inLanguage\":\"ca\",\"@id\":\"https:\\\/\\\/www.entreculturas.org\\\/ca\\\/#\\\/schema\\\/logo\\\/image\\\/\",\"url\":\"https:\\\/\\\/www.entreculturas.org\\\/wp-content\\\/uploads\\\/2025\\\/10\\\/ESP.svg\",\"contentUrl\":\"https:\\\/\\\/www.entreculturas.org\\\/wp-content\\\/uploads\\\/2025\\\/10\\\/ESP.svg\",\"caption\":\"Entreculturas\"},\"image\":{\"@id\":\"https:\\\/\\\/www.entreculturas.org\\\/ca\\\/#\\\/schema\\\/logo\\\/image\\\/\"},\"sameAs\":[\"https:\\\/\\\/www.facebook.com\\\/entreculturas\",\"https:\\\/\\\/x.com\\\/Entreculturas\",\"https:\\\/\\\/www.instagram.com\\\/entreculturas\\\/\",\"https:\\\/\\\/www.youtube.com\\\/user\\\/entreculturasvideo\",\"https:\\\/\\\/www.linkedin.com\\\/company\\\/fundacion-entreculturas-ngdo\\\/\",\"https:\\\/\\\/www.flickr.com\\\/photos\\\/98455522@N04\\\/albums\\\/\"]}]}<\/script>\n<!-- \/ Yoast SEO Premium plugin. -->","yoast_head_json":{"title":"Entreculturas y FUHEM celebran el Laboratorio \u2018Madrid: nuestro momento es ahora\u2019 - Entreculturas","robots":{"index":"index","follow":"follow","max-snippet":"max-snippet:-1","max-image-preview":"max-image-preview:large","max-video-preview":"max-video-preview:-1"},"canonical":"https:\/\/www.entreculturas.org\/ca\/noticia\/entreculturas-y-fuhem-celebran-el-laboratorio-madrid-nuestro-momento-es-ahora\/","og_locale":"ca_ES","og_type":"article","og_title":"Entreculturas y FUHEM celebran el Laboratorio \u2018Madrid: nuestro momento es ahora\u2019","og_description":"El pasado 3 de noviembre tuvo lugar en la Casa de la Juventud y la Casa de San Ignacio el Laboratorio \u201cMadrid: nuestro momento es ahora\u201d, con el objetivo de promover el fomento del liderazgo juvenil, la resiliencia (empat\u00eda, autoestima, autoconciencia, y afrontamiento positivo de la adversidad), y los conocimientos y capacidades para la sostenibilidad medioambiental","og_url":"https:\/\/www.entreculturas.org\/ca\/noticia\/entreculturas-y-fuhem-celebran-el-laboratorio-madrid-nuestro-momento-es-ahora\/","og_site_name":"Entreculturas","article_publisher":"https:\/\/www.facebook.com\/entreculturas","article_modified_time":"2023-12-18T09:31:25+00:00","og_image":[{"width":800,"height":800,"url":"https:\/\/www.entreculturas.org\/wp-content\/uploads\/2022\/01\/imagen_principal_-_noticia_2_-_proyecto_madrid.png","type":"image\/png"}],"twitter_card":"summary_large_image","twitter_site":"@Entreculturas","schema":{"@context":"https:\/\/schema.org","@graph":[{"@type":"WebPage","@id":"https:\/\/www.entreculturas.org\/ca\/noticia\/entreculturas-y-fuhem-celebran-el-laboratorio-madrid-nuestro-momento-es-ahora\/","url":"https:\/\/www.entreculturas.org\/ca\/noticia\/entreculturas-y-fuhem-celebran-el-laboratorio-madrid-nuestro-momento-es-ahora\/","name":"Entreculturas y FUHEM celebran el Laboratorio \u2018Madrid: nuestro momento es ahora\u2019 - Entreculturas","isPartOf":{"@id":"https:\/\/www.entreculturas.org\/ca\/#website"},"primaryImageOfPage":{"@id":"https:\/\/www.entreculturas.org\/ca\/noticia\/entreculturas-y-fuhem-celebran-el-laboratorio-madrid-nuestro-momento-es-ahora\/#primaryimage"},"image":{"@id":"https:\/\/www.entreculturas.org\/ca\/noticia\/entreculturas-y-fuhem-celebran-el-laboratorio-madrid-nuestro-momento-es-ahora\/#primaryimage"},"thumbnailUrl":"https:\/\/www.entreculturas.org\/wp-content\/uploads\/2022\/01\/imagen_principal_-_noticia_2_-_proyecto_madrid.png","datePublished":"2022-01-21T08:50:40+00:00","dateModified":"2023-12-18T09:31:25+00:00","breadcrumb":{"@id":"https:\/\/www.entreculturas.org\/ca\/noticia\/entreculturas-y-fuhem-celebran-el-laboratorio-madrid-nuestro-momento-es-ahora\/#breadcrumb"},"inLanguage":"ca","potentialAction":[{"@type":"ReadAction","target":["https:\/\/www.entreculturas.org\/ca\/noticia\/entreculturas-y-fuhem-celebran-el-laboratorio-madrid-nuestro-momento-es-ahora\/"]}]},{"@type":"ImageObject","inLanguage":"ca","@id":"https:\/\/www.entreculturas.org\/ca\/noticia\/entreculturas-y-fuhem-celebran-el-laboratorio-madrid-nuestro-momento-es-ahora\/#primaryimage","url":"https:\/\/www.entreculturas.org\/wp-content\/uploads\/2022\/01\/imagen_principal_-_noticia_2_-_proyecto_madrid.png","contentUrl":"https:\/\/www.entreculturas.org\/wp-content\/uploads\/2022\/01\/imagen_principal_-_noticia_2_-_proyecto_madrid.png","width":800,"height":800,"caption":"imagen_principal_-_noticia_2_-_proyecto_madrid"},{"@type":"BreadcrumbList","@id":"https:\/\/www.entreculturas.org\/ca\/noticia\/entreculturas-y-fuhem-celebran-el-laboratorio-madrid-nuestro-momento-es-ahora\/#breadcrumb","itemListElement":[{"@type":"ListItem","position":1,"name":"Home","item":"https:\/\/www.entreculturas.org\/ca\/"},{"@type":"ListItem","position":2,"name":"Noticias","item":"https:\/\/www.entreculturas.org\/ca\/noticias\/"},{"@type":"ListItem","position":3,"name":"Entreculturas y FUHEM celebran el Laboratorio \u2018Madrid: nuestro momento es ahora\u2019"}]},{"@type":"WebSite","@id":"https:\/\/www.entreculturas.org\/ca\/#website","url":"https:\/\/www.entreculturas.org\/ca\/","name":"Entreculturas","description":"","publisher":{"@id":"https:\/\/www.entreculturas.org\/ca\/#organization"},"alternateName":"Entreculturas","potentialAction":[{"@type":"SearchAction","target":{"@type":"EntryPoint","urlTemplate":"https:\/\/www.entreculturas.org\/ca\/?s={search_term_string}"},"query-input":{"@type":"PropertyValueSpecification","valueRequired":true,"valueName":"search_term_string"}}],"inLanguage":"ca"},{"@type":"Organization","@id":"https:\/\/www.entreculturas.org\/ca\/#organization","name":"Entreculturas","url":"https:\/\/www.entreculturas.org\/ca\/","logo":{"@type":"ImageObject","inLanguage":"ca","@id":"https:\/\/www.entreculturas.org\/ca\/#\/schema\/logo\/image\/","url":"https:\/\/www.entreculturas.org\/wp-content\/uploads\/2025\/10\/ESP.svg","contentUrl":"https:\/\/www.entreculturas.org\/wp-content\/uploads\/2025\/10\/ESP.svg","caption":"Entreculturas"},"image":{"@id":"https:\/\/www.entreculturas.org\/ca\/#\/schema\/logo\/image\/"},"sameAs":["https:\/\/www.facebook.com\/entreculturas","https:\/\/x.com\/Entreculturas","https:\/\/www.instagram.com\/entreculturas\/","https:\/\/www.youtube.com\/user\/entreculturasvideo","https:\/\/www.linkedin.com\/company\/fundacion-entreculturas-ngdo\/","https:\/\/www.flickr.com\/photos\/98455522@N04\/albums\/"]}]}},"_links":{"self":[{"href":"https:\/\/www.entreculturas.org\/ca\/wp-json\/wp\/v2\/noticia\/6407","targetHints":{"allow":["GET"]}}],"collection":[{"href":"https:\/\/www.entreculturas.org\/ca\/wp-json\/wp\/v2\/noticia"}],"about":[{"href":"https:\/\/www.entreculturas.org\/ca\/wp-json\/wp\/v2\/types\/noticia"}],"wp:featuredmedia":[{"embeddable":true,"href":"https:\/\/www.entreculturas.org\/ca\/wp-json\/wp\/v2\/media\/6408"}],"wp:attachment":[{"href":"https:\/\/www.entreculturas.org\/ca\/wp-json\/wp\/v2\/media?parent=6407"}],"wp:term":[{"taxonomy":"category","embeddable":true,"href":"https:\/\/www.entreculturas.org\/ca\/wp-json\/wp\/v2\/categories?post=6407"},{"taxonomy":"post_tag","embeddable":true,"href":"https:\/\/www.entreculturas.org\/ca\/wp-json\/wp\/v2\/tags?post=6407"},{"taxonomy":"country","embeddable":true,"href":"https:\/\/www.entreculturas.org\/ca\/wp-json\/wp\/v2\/country?post=6407"},{"taxonomy":"cause","embeddable":true,"href":"https:\/\/www.entreculturas.org\/ca\/wp-json\/wp\/v2\/cause?post=6407"}],"curies":[{"name":"wp","href":"https:\/\/api.w.org\/{rel}","templated":true}]}}