{"id":6404,"date":"2022-01-14T09:54:30","date_gmt":"2022-01-14T09:54:30","guid":{"rendered":"https:\/\/entreculturasi.wpenginepowered.com\/?noticias=celebramos-la-jornada-de-envio-de-10-volpas"},"modified":"2024-02-19T16:24:27","modified_gmt":"2024-02-19T15:24:27","slug":"celebramos-la-jornada-de-envio-de-10-volpas","status":"publish","type":"noticia","link":"https:\/\/www.entreculturas.org\/ca\/noticia\/celebramos-la-jornada-de-envio-de-10-volpas\/","title":{"rendered":"Celebramos la jornada de env\u00edo de 10 VOLPAS"},"content":{"rendered":"<p>En VOLPA empezamos el 2022 con la jornada de env\u00edo de los voluntarios y voluntarias que viajar\u00e1n a los proyectos donde van a colaborar durante el pr\u00f3ximo a\u00f1o o en algunos casos hasta dos a\u00f1os con el programa VOLPA. Una jornada siempre emocionante e intensa por el momento y por la importancia de este evento como paso previo a su viaje.&nbsp;<\/p>\n<p>En esta ocasi\u00f3n han sido <strong>10 personas de las siguientes delegaciones y con los siguientes destinos:<\/strong><\/p>\n<ul>\n<li>Elisa (Madrid)- CCAIJO, Per\u00fa<\/li>\n<li>Ana Mar\u00eda (Burgos)- Fe y Alegr\u00eda Per\u00fa y Wayra<\/li>\n<li>Gemma (Barcelona)- Fe y Alegr\u00eda Per\u00fa<\/li>\n<li>Cristina (Sevilla)- Centro Una Familia de Familias, Ecuador<\/li>\n<li>David (Barcelona)- CIMI Amazon\u00eda, Brasil<\/li>\n<li>Javier (Madrid)- Fe y Alegr\u00eda Honduras<\/li>\n<li>Silvia y Jes\u00fas (Madrid)- Fe y Alegr\u00eda Guatemala<\/li>\n<li>Gemma (Madrid)- Fe y Alegr\u00eda Guinea<\/li>\n<li>Luc\u00eda (Sevilla)- IRFA Bolivia<\/li>\n<\/ul>\n<p>&nbsp;<\/p>\n<\/p>\n<p>El evento comenz\u00f3 con la bienvenida de Ram\u00f3n Almansa, Director Ejecutivo de Entreculturas, que les dirigi\u00f3 unas palabras inspiradoras y claves para la experiencia VOLPA que van a vivir. Ram\u00f3n empez\u00f3 agradeciendo su paciencia y espera, y recordando que este tiempo de incertidumbre provocada por la pandemia nos conecta con nuestra fragilidad y la fragilidad del mundo. Adem\u00e1s, record\u00f3<strong> 4 actitudes VOLPA<\/strong> que tienen que llevar en la mochila: <strong>empat\u00eda, calidez, vivir la experiencia en clave de agradecimiento y vivirla desde la sencillez<\/strong>.&nbsp;<\/p>\n<p>Tras Ram\u00f3n, los y las VOLPA tuvieron espacio para conversar sobre el trabajo que Entreculturas acompa\u00f1a en los pa\u00edses de destino. Para ellos los compa\u00f1eros y compa\u00f1eras del \u00e1rea de cooperaci\u00f3n responsables de estos pa\u00edses se reunieron con los voluntarios y voluntarias para compartir en esta clave. Tras la mirada de<strong> cooperaci\u00f3n<\/strong> nos sumergimos en las <strong>claves comunicativas<\/strong> y nos acercamos al paradigma de <strong>ciudadan\u00eda global<\/strong> que Entreculturas impulsa y del que los VOLPA son clave.&nbsp;<\/p>\n<p>La \u00faltima parte de la jornada ten\u00eda lugar con la coordinaci\u00f3n de VOLPA para tratar temas de procedimientos, seguridad, coordinaci\u00f3n en la siguiente etapa y para recordarles una vez m\u00e1s que se van enviados y enviadas por Entreculturas, que desde el momento que pisen terreno son representante de la instituci\u00f3n all\u00e1 y que este nuevo paso no lo emprenden solos, van con otros y otras y con toda una instituci\u00f3n que les respalda.<\/p>\n<p>Estas 10 personas estar\u00e1n viajando a sus destinos durante los dos pr\u00f3ximos meses, y de esta manera se unir\u00e1n a los 7 voluntarios y voluntarias que ya est\u00e1n en terreno. Por lo que si todo va bien en 2022 llegaremos a tener a<strong> 17 personas voluntarias internacionales<\/strong> en destinos muy diversos de Am\u00e9rica Latina y Africa.<\/p>\n<p>La jornada cerr\u00f3 en clave de agradecimiento, m\u00e1s ilusionados y a un paso de poder salir a sus destinos.&nbsp;<\/p>\n<p>Los voluntarios y voluntarias <strong>VOLPA son parte de Entreculturas <\/strong>y ese fue uno de los objetivos, que se sintieran parte de una organizaci\u00f3n que les ha acompa\u00f1ado y acompa\u00f1ar\u00e1 tambi\u00e9n ahora en su tiempo en terreno.<\/p>\n<p>Los VOLPAs que participaron en la jornada saldr\u00e1n si todo va bien en pr\u00f3ximas semana. Son voluntarios y voluntarias que han vivido un tiempo largo de espera, lleno de incertidumbre, pero que han mantenido la ilusi\u00f3n y las ganas de vivir y ser parte de esta experiencia VOLPA que en este 2021 cumple 30 a\u00f1os de vida y que como llevamos compartiendo estos meses, transforma vidas. Los siete voluntarios\/as se sumar\u00e1n a proyectos, equipos&nbsp; y comunidades apoyadas por Entreculturas tanto en el \u00e1mbito educativo como en el migratorio.&nbsp;<\/p>\n<p>Con enorme ilusi\u00f3n, nervios, ganas y mucha informaci\u00f3n cerraron la jornada junto al equipo de coordinaci\u00f3n VOLPA que sigue su proceso. Palabras de agradecimiento abrieron la jornada y tambi\u00e9n la cerraron. Es mucho lo vivido y aprendido, y es mucho lo que queda por vivir y aprender en este tiempo en terreno.<\/p>\n<p>Si t\u00fa tambi\u00e9n quieres lanzarte al encuentro de otras personas o culturas entra aqu\u00ed e <a href=\"https:\/\/www.entreculturas.org\/es\/volpa\" target=\"_blank\" rel=\"noopener\">inscr\u00edbete a la pr\u00f3xima edici\u00f3n de VOLPA.<\/a><\/p>\n","protected":false},"excerpt":{"rendered":"<p>En VOLPA empezamos el 2022 con la jornada de env\u00edo de los voluntarios y voluntarias que viajar\u00e1n a los proyectos donde van a colaborar durante el pr\u00f3ximo a\u00f1o o en algunos casos hasta dos a\u00f1os con el programa VOLPA. Una jornada siempre emocionante e intensa por el momento y por la importancia de este evento como paso previo a su viaje. <\/p>\n","protected":false},"featured_media":6403,"template":"single-noticia","meta":{"_acf_changed":false},"categories":[7],"tags":[8],"country":[],"cause":[132],"class_list":["post-6404","noticia","type-noticia","status-publish","has-post-thumbnail","hentry","category-noticia","tag-participacion-y-ciudadania-global","cause-participacion-y-ciudadania-global"],"acf":[],"yoast_head":"<!-- This site is optimized with the Yoast SEO Premium plugin v21.6 (Yoast SEO v27.5) - https:\/\/yoast.com\/product\/yoast-seo-premium-wordpress\/ -->\n<title>Celebramos la jornada de env\u00edo de 10 VOLPAS - Entreculturas<\/title>\n<meta name=\"robots\" content=\"index, follow, max-snippet:-1, max-image-preview:large, max-video-preview:-1\" \/>\n<link rel=\"canonical\" href=\"https:\/\/www.entreculturas.org\/ca\/noticia\/celebramos-la-jornada-de-envio-de-10-volpas\/\" \/>\n<meta property=\"og:locale\" content=\"ca_ES\" \/>\n<meta property=\"og:type\" content=\"article\" \/>\n<meta property=\"og:title\" content=\"Celebramos la jornada de env\u00edo de 10 VOLPAS\" \/>\n<meta property=\"og:description\" content=\"En VOLPA empezamos el 2022 con la jornada de env\u00edo de los voluntarios y voluntarias que viajar\u00e1n a los proyectos donde van a colaborar durante el pr\u00f3ximo a\u00f1o o en algunos casos hasta dos a\u00f1os con el programa VOLPA. Una jornada siempre emocionante e intensa por el momento y por la importancia de este evento como paso previo a su viaje.\" \/>\n<meta property=\"og:url\" content=\"https:\/\/www.entreculturas.org\/ca\/noticia\/celebramos-la-jornada-de-envio-de-10-volpas\/\" \/>\n<meta property=\"og:site_name\" content=\"Entreculturas\" \/>\n<meta property=\"article:publisher\" content=\"https:\/\/www.facebook.com\/entreculturas\" \/>\n<meta property=\"article:modified_time\" content=\"2024-02-19T15:24:27+00:00\" \/>\n<meta property=\"og:image\" content=\"https:\/\/www.entreculturas.org\/wp-content\/uploads\/2022\/01\/image2.png\" \/>\n\t<meta property=\"og:image:width\" content=\"800\" \/>\n\t<meta property=\"og:image:height\" content=\"345\" \/>\n\t<meta property=\"og:image:type\" content=\"image\/png\" \/>\n<meta name=\"twitter:card\" content=\"summary_large_image\" \/>\n<meta name=\"twitter:site\" content=\"@Entreculturas\" \/>\n<script type=\"application\/ld+json\" class=\"yoast-schema-graph\">{\"@context\":\"https:\\\/\\\/schema.org\",\"@graph\":[{\"@type\":\"WebPage\",\"@id\":\"https:\\\/\\\/www.entreculturas.org\\\/ca\\\/noticia\\\/celebramos-la-jornada-de-envio-de-10-volpas\\\/\",\"url\":\"https:\\\/\\\/www.entreculturas.org\\\/ca\\\/noticia\\\/celebramos-la-jornada-de-envio-de-10-volpas\\\/\",\"name\":\"Celebramos la jornada de env\u00edo de 10 VOLPAS - Entreculturas\",\"isPartOf\":{\"@id\":\"https:\\\/\\\/www.entreculturas.org\\\/ca\\\/#website\"},\"primaryImageOfPage\":{\"@id\":\"https:\\\/\\\/www.entreculturas.org\\\/ca\\\/noticia\\\/celebramos-la-jornada-de-envio-de-10-volpas\\\/#primaryimage\"},\"image\":{\"@id\":\"https:\\\/\\\/www.entreculturas.org\\\/ca\\\/noticia\\\/celebramos-la-jornada-de-envio-de-10-volpas\\\/#primaryimage\"},\"thumbnailUrl\":\"https:\\\/\\\/www.entreculturas.org\\\/wp-content\\\/uploads\\\/2022\\\/01\\\/image2.png\",\"datePublished\":\"2022-01-14T09:54:30+00:00\",\"dateModified\":\"2024-02-19T15:24:27+00:00\",\"breadcrumb\":{\"@id\":\"https:\\\/\\\/www.entreculturas.org\\\/ca\\\/noticia\\\/celebramos-la-jornada-de-envio-de-10-volpas\\\/#breadcrumb\"},\"inLanguage\":\"ca\",\"potentialAction\":[{\"@type\":\"ReadAction\",\"target\":[\"https:\\\/\\\/www.entreculturas.org\\\/ca\\\/noticia\\\/celebramos-la-jornada-de-envio-de-10-volpas\\\/\"]}]},{\"@type\":\"ImageObject\",\"inLanguage\":\"ca\",\"@id\":\"https:\\\/\\\/www.entreculturas.org\\\/ca\\\/noticia\\\/celebramos-la-jornada-de-envio-de-10-volpas\\\/#primaryimage\",\"url\":\"https:\\\/\\\/www.entreculturas.org\\\/wp-content\\\/uploads\\\/2022\\\/01\\\/image2.png\",\"contentUrl\":\"https:\\\/\\\/www.entreculturas.org\\\/wp-content\\\/uploads\\\/2022\\\/01\\\/image2.png\",\"width\":800,\"height\":345},{\"@type\":\"BreadcrumbList\",\"@id\":\"https:\\\/\\\/www.entreculturas.org\\\/ca\\\/noticia\\\/celebramos-la-jornada-de-envio-de-10-volpas\\\/#breadcrumb\",\"itemListElement\":[{\"@type\":\"ListItem\",\"position\":1,\"name\":\"Home\",\"item\":\"https:\\\/\\\/www.entreculturas.org\\\/ca\\\/\"},{\"@type\":\"ListItem\",\"position\":2,\"name\":\"Noticias\",\"item\":\"https:\\\/\\\/www.entreculturas.org\\\/ca\\\/noticias\\\/\"},{\"@type\":\"ListItem\",\"position\":3,\"name\":\"Celebramos la jornada de env\u00edo de 10 VOLPAS\"}]},{\"@type\":\"WebSite\",\"@id\":\"https:\\\/\\\/www.entreculturas.org\\\/ca\\\/#website\",\"url\":\"https:\\\/\\\/www.entreculturas.org\\\/ca\\\/\",\"name\":\"Entreculturas\",\"description\":\"\",\"publisher\":{\"@id\":\"https:\\\/\\\/www.entreculturas.org\\\/ca\\\/#organization\"},\"alternateName\":\"Entreculturas\",\"potentialAction\":[{\"@type\":\"SearchAction\",\"target\":{\"@type\":\"EntryPoint\",\"urlTemplate\":\"https:\\\/\\\/www.entreculturas.org\\\/ca\\\/?s={search_term_string}\"},\"query-input\":{\"@type\":\"PropertyValueSpecification\",\"valueRequired\":true,\"valueName\":\"search_term_string\"}}],\"inLanguage\":\"ca\"},{\"@type\":\"Organization\",\"@id\":\"https:\\\/\\\/www.entreculturas.org\\\/ca\\\/#organization\",\"name\":\"Entreculturas\",\"url\":\"https:\\\/\\\/www.entreculturas.org\\\/ca\\\/\",\"logo\":{\"@type\":\"ImageObject\",\"inLanguage\":\"ca\",\"@id\":\"https:\\\/\\\/www.entreculturas.org\\\/ca\\\/#\\\/schema\\\/logo\\\/image\\\/\",\"url\":\"https:\\\/\\\/www.entreculturas.org\\\/wp-content\\\/uploads\\\/2025\\\/10\\\/ESP.svg\",\"contentUrl\":\"https:\\\/\\\/www.entreculturas.org\\\/wp-content\\\/uploads\\\/2025\\\/10\\\/ESP.svg\",\"caption\":\"Entreculturas\"},\"image\":{\"@id\":\"https:\\\/\\\/www.entreculturas.org\\\/ca\\\/#\\\/schema\\\/logo\\\/image\\\/\"},\"sameAs\":[\"https:\\\/\\\/www.facebook.com\\\/entreculturas\",\"https:\\\/\\\/x.com\\\/Entreculturas\",\"https:\\\/\\\/www.instagram.com\\\/entreculturas\\\/\",\"https:\\\/\\\/www.youtube.com\\\/user\\\/entreculturasvideo\",\"https:\\\/\\\/www.linkedin.com\\\/company\\\/fundacion-entreculturas-ngdo\\\/\",\"https:\\\/\\\/www.flickr.com\\\/photos\\\/98455522@N04\\\/albums\\\/\"]}]}<\/script>\n<!-- \/ Yoast SEO Premium plugin. -->","yoast_head_json":{"title":"Celebramos la jornada de env\u00edo de 10 VOLPAS - Entreculturas","robots":{"index":"index","follow":"follow","max-snippet":"max-snippet:-1","max-image-preview":"max-image-preview:large","max-video-preview":"max-video-preview:-1"},"canonical":"https:\/\/www.entreculturas.org\/ca\/noticia\/celebramos-la-jornada-de-envio-de-10-volpas\/","og_locale":"ca_ES","og_type":"article","og_title":"Celebramos la jornada de env\u00edo de 10 VOLPAS","og_description":"En VOLPA empezamos el 2022 con la jornada de env\u00edo de los voluntarios y voluntarias que viajar\u00e1n a los proyectos donde van a colaborar durante el pr\u00f3ximo a\u00f1o o en algunos casos hasta dos a\u00f1os con el programa VOLPA. Una jornada siempre emocionante e intensa por el momento y por la importancia de este evento como paso previo a su viaje.","og_url":"https:\/\/www.entreculturas.org\/ca\/noticia\/celebramos-la-jornada-de-envio-de-10-volpas\/","og_site_name":"Entreculturas","article_publisher":"https:\/\/www.facebook.com\/entreculturas","article_modified_time":"2024-02-19T15:24:27+00:00","og_image":[{"width":800,"height":345,"url":"https:\/\/www.entreculturas.org\/wp-content\/uploads\/2022\/01\/image2.png","type":"image\/png"}],"twitter_card":"summary_large_image","twitter_site":"@Entreculturas","schema":{"@context":"https:\/\/schema.org","@graph":[{"@type":"WebPage","@id":"https:\/\/www.entreculturas.org\/ca\/noticia\/celebramos-la-jornada-de-envio-de-10-volpas\/","url":"https:\/\/www.entreculturas.org\/ca\/noticia\/celebramos-la-jornada-de-envio-de-10-volpas\/","name":"Celebramos la jornada de env\u00edo de 10 VOLPAS - Entreculturas","isPartOf":{"@id":"https:\/\/www.entreculturas.org\/ca\/#website"},"primaryImageOfPage":{"@id":"https:\/\/www.entreculturas.org\/ca\/noticia\/celebramos-la-jornada-de-envio-de-10-volpas\/#primaryimage"},"image":{"@id":"https:\/\/www.entreculturas.org\/ca\/noticia\/celebramos-la-jornada-de-envio-de-10-volpas\/#primaryimage"},"thumbnailUrl":"https:\/\/www.entreculturas.org\/wp-content\/uploads\/2022\/01\/image2.png","datePublished":"2022-01-14T09:54:30+00:00","dateModified":"2024-02-19T15:24:27+00:00","breadcrumb":{"@id":"https:\/\/www.entreculturas.org\/ca\/noticia\/celebramos-la-jornada-de-envio-de-10-volpas\/#breadcrumb"},"inLanguage":"ca","potentialAction":[{"@type":"ReadAction","target":["https:\/\/www.entreculturas.org\/ca\/noticia\/celebramos-la-jornada-de-envio-de-10-volpas\/"]}]},{"@type":"ImageObject","inLanguage":"ca","@id":"https:\/\/www.entreculturas.org\/ca\/noticia\/celebramos-la-jornada-de-envio-de-10-volpas\/#primaryimage","url":"https:\/\/www.entreculturas.org\/wp-content\/uploads\/2022\/01\/image2.png","contentUrl":"https:\/\/www.entreculturas.org\/wp-content\/uploads\/2022\/01\/image2.png","width":800,"height":345},{"@type":"BreadcrumbList","@id":"https:\/\/www.entreculturas.org\/ca\/noticia\/celebramos-la-jornada-de-envio-de-10-volpas\/#breadcrumb","itemListElement":[{"@type":"ListItem","position":1,"name":"Home","item":"https:\/\/www.entreculturas.org\/ca\/"},{"@type":"ListItem","position":2,"name":"Noticias","item":"https:\/\/www.entreculturas.org\/ca\/noticias\/"},{"@type":"ListItem","position":3,"name":"Celebramos la jornada de env\u00edo de 10 VOLPAS"}]},{"@type":"WebSite","@id":"https:\/\/www.entreculturas.org\/ca\/#website","url":"https:\/\/www.entreculturas.org\/ca\/","name":"Entreculturas","description":"","publisher":{"@id":"https:\/\/www.entreculturas.org\/ca\/#organization"},"alternateName":"Entreculturas","potentialAction":[{"@type":"SearchAction","target":{"@type":"EntryPoint","urlTemplate":"https:\/\/www.entreculturas.org\/ca\/?s={search_term_string}"},"query-input":{"@type":"PropertyValueSpecification","valueRequired":true,"valueName":"search_term_string"}}],"inLanguage":"ca"},{"@type":"Organization","@id":"https:\/\/www.entreculturas.org\/ca\/#organization","name":"Entreculturas","url":"https:\/\/www.entreculturas.org\/ca\/","logo":{"@type":"ImageObject","inLanguage":"ca","@id":"https:\/\/www.entreculturas.org\/ca\/#\/schema\/logo\/image\/","url":"https:\/\/www.entreculturas.org\/wp-content\/uploads\/2025\/10\/ESP.svg","contentUrl":"https:\/\/www.entreculturas.org\/wp-content\/uploads\/2025\/10\/ESP.svg","caption":"Entreculturas"},"image":{"@id":"https:\/\/www.entreculturas.org\/ca\/#\/schema\/logo\/image\/"},"sameAs":["https:\/\/www.facebook.com\/entreculturas","https:\/\/x.com\/Entreculturas","https:\/\/www.instagram.com\/entreculturas\/","https:\/\/www.youtube.com\/user\/entreculturasvideo","https:\/\/www.linkedin.com\/company\/fundacion-entreculturas-ngdo\/","https:\/\/www.flickr.com\/photos\/98455522@N04\/albums\/"]}]}},"_links":{"self":[{"href":"https:\/\/www.entreculturas.org\/ca\/wp-json\/wp\/v2\/noticia\/6404","targetHints":{"allow":["GET"]}}],"collection":[{"href":"https:\/\/www.entreculturas.org\/ca\/wp-json\/wp\/v2\/noticia"}],"about":[{"href":"https:\/\/www.entreculturas.org\/ca\/wp-json\/wp\/v2\/types\/noticia"}],"wp:featuredmedia":[{"embeddable":true,"href":"https:\/\/www.entreculturas.org\/ca\/wp-json\/wp\/v2\/media\/6403"}],"wp:attachment":[{"href":"https:\/\/www.entreculturas.org\/ca\/wp-json\/wp\/v2\/media?parent=6404"}],"wp:term":[{"taxonomy":"category","embeddable":true,"href":"https:\/\/www.entreculturas.org\/ca\/wp-json\/wp\/v2\/categories?post=6404"},{"taxonomy":"post_tag","embeddable":true,"href":"https:\/\/www.entreculturas.org\/ca\/wp-json\/wp\/v2\/tags?post=6404"},{"taxonomy":"country","embeddable":true,"href":"https:\/\/www.entreculturas.org\/ca\/wp-json\/wp\/v2\/country?post=6404"},{"taxonomy":"cause","embeddable":true,"href":"https:\/\/www.entreculturas.org\/ca\/wp-json\/wp\/v2\/cause?post=6404"}],"curies":[{"name":"wp","href":"https:\/\/api.w.org\/{rel}","templated":true}]}}