{"id":6393,"date":"2021-12-24T12:13:44","date_gmt":"2021-12-24T12:13:44","guid":{"rendered":"https:\/\/entreculturasi.wpenginepowered.com\/?noticias=entrevista-ara-malikian"},"modified":"2023-12-18T10:31:26","modified_gmt":"2023-12-18T09:31:26","slug":"entrevista-ara-malikian","status":"publish","type":"noticia","link":"https:\/\/www.entreculturas.org\/ca\/noticia\/entrevista-ara-malikian\/","title":{"rendered":"Entrevista a Ara Malikian"},"content":{"rendered":"<p>Ara Malikian es un violinista liban\u00e9s de nacimiento, de ascendencia armenia y con nacionalidad espa\u00f1ola. Su talento fue reconocido tempranamente, a los 12 a\u00f1os de edad, a pesar de las dif\u00edciles circunstancias que la guerra civil libanesa le oblig\u00f3 a vivir, forz\u00e1ndole incluso a estudiar durante largos periodos en los refugios antia\u00e9reos. En esta Navidad, en la que colabora con Entreculturas, quiere que su tour mundial sea \u201cun encuentro con el ni\u00f1o que no pude ser y hubiera so\u00f1ado ser. Es un homenaje a esos seres que son tan libres como un p\u00e1jaro libre\u201d.<\/p>\n[video:https:\/\/youtu.be\/o0GYdBZ-5iQ width:648 height:350 align:center]\n<p><strong>La m\u00fasica nos ha salvado a muchas personas en la pandemia. \u00bfTu arte te ha salvado a ti?&nbsp;<\/strong><br \/>Es verdad que en la pandemia nos hemos dado cuenta que el arte y la cultura nos han ayudado. A m\u00ed la m\u00fasica me ha salvado la vida: gracias al viol\u00edn he podido viajar, he podido dejar el L\u00edbano en un momento muy dif\u00edcil, cuando era imposible dejarlo y sobrevivir. He podido vivir de ella. Pero tambi\u00e9n creo que no todos los migrantes o refugiados necesitan tocar el viol\u00edn para ser salvados: creo que hay que salvarlos a cada uno, sin condici\u00f3n.&nbsp;<\/p>\n<p><strong>\u00bfQu\u00e9 significa para ti ser ciudadano del mundo? Sabiendo que tu m\u00fasica puede conectar a personas de cualquier latitud.<\/strong><br \/>Fue un aprendizaje muy grande que tuve al considerarme del mundo y no de un lugar. Creo que es lo que tenemos a veces los seres humanos, que queremos etiquetar y catalogar a cada uno en un lugar. Yo tuve un recorrido muy grande, un aprendizaje muy grande para aprender que eso no existe: somos todos diferentes, y es muy bonito, tenemos que respetar esas diferencias, vivir con esas diferencias y aprender el uno del otro y considerarnos todos del mundo entero.<\/p>\n<p><strong>\u00bfQu\u00e9 es lo que tenemos que saber de lo que est\u00e1 viviendo un ni\u00f1o o una ni\u00f1a refugiada?<\/strong><br \/>Obviamente, no somos conscientes de lo que sufren porque no somos conscientes de que existan refugiados por una raz\u00f3n muy determinada: no, no son vacaciones por lo que estas personas han dejado su casa, su pa\u00eds, su trabajo, su familia. He tenido la oportunidad de visitar campos de refugiados y cuando ves ni\u00f1os que directamente han nacido en los campos y que todo lo que conocen es eso, te sale como un grito&#8230; \u00a1C\u00f3mo podemos permitir esto!&nbsp;<\/p>\n<p><strong>\u00bfQu\u00e9 significa para ti apoyar la educaci\u00f3n?<\/strong><br \/>Creo que es la base de todo. La educaci\u00f3n -desde los m\u00e1s peque\u00f1os- es el futuro de nuestra sociedad: educamos a seres m\u00e1s sensibles, educamos a entender el mundo, educamos a ser respetuosos con los dem\u00e1s. Yo creo que sin educaci\u00f3n ah\u00ed s\u00ed que volveremos a la violencia, volveremos a la intolerancia, volveremos a las guerras\u2026 Creo que todo tiene que empezar con la educaci\u00f3n.<\/p>\n<p><strong>En Navidad reivindicamos el derecho a jugar de los ni\u00f1os y ni\u00f1as como parte de su desarrollo y de su educaci\u00f3n. \u00bfCrees que es importante para los ni\u00f1os y ni\u00f1as defender este derecho?<\/strong><br \/>Jugar y la palabra \u201clibre\u201d es lo m\u00e1s bonito para un ni\u00f1o. Un ni\u00f1o es una persona libre\u2026 pero luego nos pasan cosas en la cabeza, en la mente, y nos volvemos esclavos de nosotros mismos. Los ni\u00f1os deben ser libres: deben jugar, sonre\u00edr, pasarlo bien&#8230; por eso son ni\u00f1os.<\/p>\n","protected":false},"excerpt":{"rendered":"<p>Violinista liban\u00e9s de nacimiento, de ascendencia armenia y con nacionalidad espa\u00f1ola. Su talento fue reconocido tempranamente, a los 12 a\u00f1os de edad, a pesar de las dif\u00edciles circunstancias que la guerra civil libanesa le oblig\u00f3 a vivir, forz\u00e1ndole incluso a estudiar durante largos periodos en los refugios antia\u00e9reos. En esta Navidad, en la que colabora con Entreculturas, quiere que su tour mundial sea \u201cun encuentro con el ni\u00f1o que no pude ser y hubiera so\u00f1ado ser. Es un homenaje a esos seres que son tan libres como un p\u00e1jaro libre\u201d.<\/p>\n","protected":false},"featured_media":6394,"template":"single-noticia","meta":{"_acf_changed":false},"categories":[7],"tags":[185],"country":[],"cause":[],"class_list":["post-6393","noticia","type-noticia","status-publish","has-post-thumbnail","hentry","category-noticia","tag-entreculturas"],"acf":[],"yoast_head":"<!-- This site is optimized with the Yoast SEO Premium plugin v21.6 (Yoast SEO v27.5) - https:\/\/yoast.com\/product\/yoast-seo-premium-wordpress\/ -->\n<title>Entrevista a Ara Malikian - Entreculturas<\/title>\n<meta name=\"robots\" content=\"index, follow, max-snippet:-1, max-image-preview:large, max-video-preview:-1\" \/>\n<link rel=\"canonical\" href=\"https:\/\/www.entreculturas.org\/ca\/noticia\/entrevista-ara-malikian\/\" \/>\n<meta property=\"og:locale\" content=\"ca_ES\" \/>\n<meta property=\"og:type\" content=\"article\" \/>\n<meta property=\"og:title\" content=\"Entrevista a Ara Malikian\" \/>\n<meta property=\"og:description\" content=\"Violinista liban\u00e9s de nacimiento, de ascendencia armenia y con nacionalidad espa\u00f1ola. Su talento fue reconocido tempranamente, a los 12 a\u00f1os de edad, a pesar de las dif\u00edciles circunstancias que la guerra civil libanesa le oblig\u00f3 a vivir, forz\u00e1ndole incluso a estudiar durante largos periodos en los refugios antia\u00e9reos. En esta Navidad, en la que colabora con Entreculturas, quiere que su tour mundial sea \u201cun encuentro con el ni\u00f1o que no pude ser y hubiera so\u00f1ado ser. Es un homenaje a esos seres que son tan libres como un p\u00e1jaro libre\u201d.\" \/>\n<meta property=\"og:url\" content=\"https:\/\/www.entreculturas.org\/ca\/noticia\/entrevista-ara-malikian\/\" \/>\n<meta property=\"og:site_name\" content=\"Entreculturas\" \/>\n<meta property=\"article:publisher\" content=\"https:\/\/www.facebook.com\/entreculturas\" \/>\n<meta property=\"article:modified_time\" content=\"2023-12-18T09:31:26+00:00\" \/>\n<meta property=\"og:image\" content=\"https:\/\/www.entreculturas.org\/wp-content\/uploads\/2021\/12\/malikian_en_oficina.jpeg\" \/>\n\t<meta property=\"og:image:width\" content=\"1600\" \/>\n\t<meta property=\"og:image:height\" content=\"1066\" \/>\n\t<meta property=\"og:image:type\" content=\"image\/jpeg\" \/>\n<meta name=\"twitter:card\" content=\"summary_large_image\" \/>\n<meta name=\"twitter:site\" content=\"@Entreculturas\" \/>\n<script type=\"application\/ld+json\" class=\"yoast-schema-graph\">{\"@context\":\"https:\\\/\\\/schema.org\",\"@graph\":[{\"@type\":\"WebPage\",\"@id\":\"https:\\\/\\\/www.entreculturas.org\\\/ca\\\/noticia\\\/entrevista-ara-malikian\\\/\",\"url\":\"https:\\\/\\\/www.entreculturas.org\\\/ca\\\/noticia\\\/entrevista-ara-malikian\\\/\",\"name\":\"Entrevista a Ara Malikian - Entreculturas\",\"isPartOf\":{\"@id\":\"https:\\\/\\\/www.entreculturas.org\\\/ca\\\/#website\"},\"primaryImageOfPage\":{\"@id\":\"https:\\\/\\\/www.entreculturas.org\\\/ca\\\/noticia\\\/entrevista-ara-malikian\\\/#primaryimage\"},\"image\":{\"@id\":\"https:\\\/\\\/www.entreculturas.org\\\/ca\\\/noticia\\\/entrevista-ara-malikian\\\/#primaryimage\"},\"thumbnailUrl\":\"https:\\\/\\\/www.entreculturas.org\\\/wp-content\\\/uploads\\\/2021\\\/12\\\/malikian_en_oficina.jpeg\",\"datePublished\":\"2021-12-24T12:13:44+00:00\",\"dateModified\":\"2023-12-18T09:31:26+00:00\",\"breadcrumb\":{\"@id\":\"https:\\\/\\\/www.entreculturas.org\\\/ca\\\/noticia\\\/entrevista-ara-malikian\\\/#breadcrumb\"},\"inLanguage\":\"ca\",\"potentialAction\":[{\"@type\":\"ReadAction\",\"target\":[\"https:\\\/\\\/www.entreculturas.org\\\/ca\\\/noticia\\\/entrevista-ara-malikian\\\/\"]}]},{\"@type\":\"ImageObject\",\"inLanguage\":\"ca\",\"@id\":\"https:\\\/\\\/www.entreculturas.org\\\/ca\\\/noticia\\\/entrevista-ara-malikian\\\/#primaryimage\",\"url\":\"https:\\\/\\\/www.entreculturas.org\\\/wp-content\\\/uploads\\\/2021\\\/12\\\/malikian_en_oficina.jpeg\",\"contentUrl\":\"https:\\\/\\\/www.entreculturas.org\\\/wp-content\\\/uploads\\\/2021\\\/12\\\/malikian_en_oficina.jpeg\",\"width\":1600,\"height\":1066,\"caption\":\"malikian_en_oficina\"},{\"@type\":\"BreadcrumbList\",\"@id\":\"https:\\\/\\\/www.entreculturas.org\\\/ca\\\/noticia\\\/entrevista-ara-malikian\\\/#breadcrumb\",\"itemListElement\":[{\"@type\":\"ListItem\",\"position\":1,\"name\":\"Home\",\"item\":\"https:\\\/\\\/www.entreculturas.org\\\/ca\\\/\"},{\"@type\":\"ListItem\",\"position\":2,\"name\":\"Noticias\",\"item\":\"https:\\\/\\\/www.entreculturas.org\\\/ca\\\/noticias\\\/\"},{\"@type\":\"ListItem\",\"position\":3,\"name\":\"Entrevista a Ara Malikian\"}]},{\"@type\":\"WebSite\",\"@id\":\"https:\\\/\\\/www.entreculturas.org\\\/ca\\\/#website\",\"url\":\"https:\\\/\\\/www.entreculturas.org\\\/ca\\\/\",\"name\":\"Entreculturas\",\"description\":\"\",\"publisher\":{\"@id\":\"https:\\\/\\\/www.entreculturas.org\\\/ca\\\/#organization\"},\"alternateName\":\"Entreculturas\",\"potentialAction\":[{\"@type\":\"SearchAction\",\"target\":{\"@type\":\"EntryPoint\",\"urlTemplate\":\"https:\\\/\\\/www.entreculturas.org\\\/ca\\\/?s={search_term_string}\"},\"query-input\":{\"@type\":\"PropertyValueSpecification\",\"valueRequired\":true,\"valueName\":\"search_term_string\"}}],\"inLanguage\":\"ca\"},{\"@type\":\"Organization\",\"@id\":\"https:\\\/\\\/www.entreculturas.org\\\/ca\\\/#organization\",\"name\":\"Entreculturas\",\"url\":\"https:\\\/\\\/www.entreculturas.org\\\/ca\\\/\",\"logo\":{\"@type\":\"ImageObject\",\"inLanguage\":\"ca\",\"@id\":\"https:\\\/\\\/www.entreculturas.org\\\/ca\\\/#\\\/schema\\\/logo\\\/image\\\/\",\"url\":\"https:\\\/\\\/www.entreculturas.org\\\/wp-content\\\/uploads\\\/2025\\\/10\\\/ESP.svg\",\"contentUrl\":\"https:\\\/\\\/www.entreculturas.org\\\/wp-content\\\/uploads\\\/2025\\\/10\\\/ESP.svg\",\"caption\":\"Entreculturas\"},\"image\":{\"@id\":\"https:\\\/\\\/www.entreculturas.org\\\/ca\\\/#\\\/schema\\\/logo\\\/image\\\/\"},\"sameAs\":[\"https:\\\/\\\/www.facebook.com\\\/entreculturas\",\"https:\\\/\\\/x.com\\\/Entreculturas\",\"https:\\\/\\\/www.instagram.com\\\/entreculturas\\\/\",\"https:\\\/\\\/www.youtube.com\\\/user\\\/entreculturasvideo\",\"https:\\\/\\\/www.linkedin.com\\\/company\\\/fundacion-entreculturas-ngdo\\\/\",\"https:\\\/\\\/www.flickr.com\\\/photos\\\/98455522@N04\\\/albums\\\/\"]}]}<\/script>\n<!-- \/ Yoast SEO Premium plugin. -->","yoast_head_json":{"title":"Entrevista a Ara Malikian - Entreculturas","robots":{"index":"index","follow":"follow","max-snippet":"max-snippet:-1","max-image-preview":"max-image-preview:large","max-video-preview":"max-video-preview:-1"},"canonical":"https:\/\/www.entreculturas.org\/ca\/noticia\/entrevista-ara-malikian\/","og_locale":"ca_ES","og_type":"article","og_title":"Entrevista a Ara Malikian","og_description":"Violinista liban\u00e9s de nacimiento, de ascendencia armenia y con nacionalidad espa\u00f1ola. Su talento fue reconocido tempranamente, a los 12 a\u00f1os de edad, a pesar de las dif\u00edciles circunstancias que la guerra civil libanesa le oblig\u00f3 a vivir, forz\u00e1ndole incluso a estudiar durante largos periodos en los refugios antia\u00e9reos. En esta Navidad, en la que colabora con Entreculturas, quiere que su tour mundial sea \u201cun encuentro con el ni\u00f1o que no pude ser y hubiera so\u00f1ado ser. Es un homenaje a esos seres que son tan libres como un p\u00e1jaro libre\u201d.","og_url":"https:\/\/www.entreculturas.org\/ca\/noticia\/entrevista-ara-malikian\/","og_site_name":"Entreculturas","article_publisher":"https:\/\/www.facebook.com\/entreculturas","article_modified_time":"2023-12-18T09:31:26+00:00","og_image":[{"width":1600,"height":1066,"url":"https:\/\/www.entreculturas.org\/wp-content\/uploads\/2021\/12\/malikian_en_oficina.jpeg","type":"image\/jpeg"}],"twitter_card":"summary_large_image","twitter_site":"@Entreculturas","schema":{"@context":"https:\/\/schema.org","@graph":[{"@type":"WebPage","@id":"https:\/\/www.entreculturas.org\/ca\/noticia\/entrevista-ara-malikian\/","url":"https:\/\/www.entreculturas.org\/ca\/noticia\/entrevista-ara-malikian\/","name":"Entrevista a Ara Malikian - Entreculturas","isPartOf":{"@id":"https:\/\/www.entreculturas.org\/ca\/#website"},"primaryImageOfPage":{"@id":"https:\/\/www.entreculturas.org\/ca\/noticia\/entrevista-ara-malikian\/#primaryimage"},"image":{"@id":"https:\/\/www.entreculturas.org\/ca\/noticia\/entrevista-ara-malikian\/#primaryimage"},"thumbnailUrl":"https:\/\/www.entreculturas.org\/wp-content\/uploads\/2021\/12\/malikian_en_oficina.jpeg","datePublished":"2021-12-24T12:13:44+00:00","dateModified":"2023-12-18T09:31:26+00:00","breadcrumb":{"@id":"https:\/\/www.entreculturas.org\/ca\/noticia\/entrevista-ara-malikian\/#breadcrumb"},"inLanguage":"ca","potentialAction":[{"@type":"ReadAction","target":["https:\/\/www.entreculturas.org\/ca\/noticia\/entrevista-ara-malikian\/"]}]},{"@type":"ImageObject","inLanguage":"ca","@id":"https:\/\/www.entreculturas.org\/ca\/noticia\/entrevista-ara-malikian\/#primaryimage","url":"https:\/\/www.entreculturas.org\/wp-content\/uploads\/2021\/12\/malikian_en_oficina.jpeg","contentUrl":"https:\/\/www.entreculturas.org\/wp-content\/uploads\/2021\/12\/malikian_en_oficina.jpeg","width":1600,"height":1066,"caption":"malikian_en_oficina"},{"@type":"BreadcrumbList","@id":"https:\/\/www.entreculturas.org\/ca\/noticia\/entrevista-ara-malikian\/#breadcrumb","itemListElement":[{"@type":"ListItem","position":1,"name":"Home","item":"https:\/\/www.entreculturas.org\/ca\/"},{"@type":"ListItem","position":2,"name":"Noticias","item":"https:\/\/www.entreculturas.org\/ca\/noticias\/"},{"@type":"ListItem","position":3,"name":"Entrevista a Ara Malikian"}]},{"@type":"WebSite","@id":"https:\/\/www.entreculturas.org\/ca\/#website","url":"https:\/\/www.entreculturas.org\/ca\/","name":"Entreculturas","description":"","publisher":{"@id":"https:\/\/www.entreculturas.org\/ca\/#organization"},"alternateName":"Entreculturas","potentialAction":[{"@type":"SearchAction","target":{"@type":"EntryPoint","urlTemplate":"https:\/\/www.entreculturas.org\/ca\/?s={search_term_string}"},"query-input":{"@type":"PropertyValueSpecification","valueRequired":true,"valueName":"search_term_string"}}],"inLanguage":"ca"},{"@type":"Organization","@id":"https:\/\/www.entreculturas.org\/ca\/#organization","name":"Entreculturas","url":"https:\/\/www.entreculturas.org\/ca\/","logo":{"@type":"ImageObject","inLanguage":"ca","@id":"https:\/\/www.entreculturas.org\/ca\/#\/schema\/logo\/image\/","url":"https:\/\/www.entreculturas.org\/wp-content\/uploads\/2025\/10\/ESP.svg","contentUrl":"https:\/\/www.entreculturas.org\/wp-content\/uploads\/2025\/10\/ESP.svg","caption":"Entreculturas"},"image":{"@id":"https:\/\/www.entreculturas.org\/ca\/#\/schema\/logo\/image\/"},"sameAs":["https:\/\/www.facebook.com\/entreculturas","https:\/\/x.com\/Entreculturas","https:\/\/www.instagram.com\/entreculturas\/","https:\/\/www.youtube.com\/user\/entreculturasvideo","https:\/\/www.linkedin.com\/company\/fundacion-entreculturas-ngdo\/","https:\/\/www.flickr.com\/photos\/98455522@N04\/albums\/"]}]}},"_links":{"self":[{"href":"https:\/\/www.entreculturas.org\/ca\/wp-json\/wp\/v2\/noticia\/6393","targetHints":{"allow":["GET"]}}],"collection":[{"href":"https:\/\/www.entreculturas.org\/ca\/wp-json\/wp\/v2\/noticia"}],"about":[{"href":"https:\/\/www.entreculturas.org\/ca\/wp-json\/wp\/v2\/types\/noticia"}],"wp:featuredmedia":[{"embeddable":true,"href":"https:\/\/www.entreculturas.org\/ca\/wp-json\/wp\/v2\/media\/6394"}],"wp:attachment":[{"href":"https:\/\/www.entreculturas.org\/ca\/wp-json\/wp\/v2\/media?parent=6393"}],"wp:term":[{"taxonomy":"category","embeddable":true,"href":"https:\/\/www.entreculturas.org\/ca\/wp-json\/wp\/v2\/categories?post=6393"},{"taxonomy":"post_tag","embeddable":true,"href":"https:\/\/www.entreculturas.org\/ca\/wp-json\/wp\/v2\/tags?post=6393"},{"taxonomy":"country","embeddable":true,"href":"https:\/\/www.entreculturas.org\/ca\/wp-json\/wp\/v2\/country?post=6393"},{"taxonomy":"cause","embeddable":true,"href":"https:\/\/www.entreculturas.org\/ca\/wp-json\/wp\/v2\/cause?post=6393"}],"curies":[{"name":"wp","href":"https:\/\/api.w.org\/{rel}","templated":true}]}}