{"id":6365,"date":"2021-12-21T09:56:42","date_gmt":"2021-12-21T09:56:42","guid":{"rendered":"https:\/\/entreculturasi.wpenginepowered.com\/?noticias=jugar-es-cosa-de-todas-y-no-puede-ser-tener-ninas-sin-ganas-de-jugar"},"modified":"2024-09-02T13:40:41","modified_gmt":"2024-09-02T11:40:41","slug":"jugar-es-cosa-de-todas-y-no-puede-ser-tener-ninas-sin-ganas-de-jugar","status":"publish","type":"noticia","link":"https:\/\/www.entreculturas.org\/ca\/noticia\/jugar-es-cosa-de-todas-y-no-puede-ser-tener-ninas-sin-ganas-de-jugar\/","title":{"rendered":"&#8220;Jugar es cosa de todas y no puede ser tener a ni\u00f1as sin ganas de jugar&#8221;"},"content":{"rendered":"<p><strong>\u201c<em>La capacidad que pueden tener los ni\u00f1os y ni\u00f1as de jugar es muy importante porque aprenden jugando y hay necesidad de que jueguen para estimular sus emociones y hacer amigos.<\/em>\u201d<\/strong><\/p>\n<p>Alba Caballero es una joven de 14 a\u00f1os que vive en el barrio madrile\u00f1o de El Pozo. Con tan solo 6 a\u00f1os de edad empez\u00f3 a participar en las actividades que desarrolla la <strong>Fundaci\u00f3n Amoverse <\/strong>en su barrio: un espacio destinado a desarrollar la autonom\u00eda y la confianza de los ni\u00f1os, ni\u00f1as, j\u00f3venes y sus familias para mejorar su calidad de vida a trav\u00e9s del acompa\u00f1amiento y el juego.<\/p>\n<p>Saltar, trepar, esconderse, correr\u2026 Jugar es mucho m\u00e1s que eso. <strong>Jugar es dejar volar la imaginaci\u00f3n, es compartir, convivir, explorar y comunicarse. <\/strong>Es una forma de manifestar personalidades a la vez que aprendes y te diviertes. Una ciudad sin ni\u00f1os y ni\u00f1as jugando en la calle es una ciudad vac\u00eda. Sin embargo, por dif\u00edcil de imaginar que parezca, siguen existiendo contextos donde la infancia no tiene el tiempo o el espacio adecuado para ejercer su derecho al juego.<\/p>\n<p>Ante esta realidad, desde Entreculturas y la Fundaci\u00f3n Amoverse nos hemos unido en la campa\u00f1a <strong>\u201c<a href=\"https:\/\/www.soycometa.org\/\">Soy Cometa<\/a>\u201d<\/strong>. Una iniciativa educativa que lanzamos en Madrid, avalada por los 20 a\u00f1os de recorrido de la Fundaci\u00f3n Amoverse, cuyos profesionales acompa\u00f1an a 150 ni\u00f1os y ni\u00f1as en situaci\u00f3n de vulnerabilidad social en los barrios madrile\u00f1os de<strong> El Pozo del T\u00edo Raimundo y La Ventilla. <\/strong>A trav\u00e9s de sus centros de d\u00eda, acompa\u00f1amiento semanal, campamentos y salidas l\u00fadicas, Amoverse impulsa su desarrollo emocional, f\u00edsico y cognitivo.<\/p>\n<p>\u201c<em>El perfil de los ni\u00f1os y ni\u00f1as se caracteriza por presentar dificultades acad\u00e9micas y tener muchas ganas de conocer y relacionarse m\u00e1s all\u00e1 del colegio, de abrir puertas y mirar hacia fuera<\/em>\u201d, comenta Ana, educadora social de la Fundaci\u00f3n. \u201c<em>Intentamos estar con el barrio y para el barrio, trabajando en red, comunicadas con la asociaci\u00f3n de vecinos, con el centro c\u00edvico&#8230;<\/em>\u201d<\/p>\n<p><img decoding=\"async\" src=\"https:\/\/www.entreculturas.org\/wp-content\/uploads\/2021\/12\/img_9548.jpg\" alt=\"\" width=\"800\" height=\"533\" \/><\/p>\n<p><em style=\"font-size: 10px;\">\u00a9 Elisa Garc\u00eda \/ Entreculturas<\/em><\/p>\n<p>Mamen, una de las ni\u00f1as que participa en las actividades del barrio El Pozo, nos explica desde el parque c\u00f3mo son sus d\u00edas en Amoverse. \u201c<em>Yo vengo a las 16h y salgo a las 19h. La primera hora es para aprender, pero jugando, la segunda para hacer tarea y la tercera para jugar. Por ejemplo, hay algunas veces que te dejan jugar a juego libre, te sacan la comba, la pelota\u2026<\/em>\u201d<\/p>\n<p><strong>La Fundaci\u00f3n tiene como objetivo impulsar las oportunidades de los ni\u00f1os, ni\u00f1as y adolescentes que participan en ella poniendo tambi\u00e9n el foco en las familias.<\/strong> Su labor se lleva a cabo a trav\u00e9s de tres \u00e1reas de intervenci\u00f3n: \u201c<em>est\u00e1 la parte de atenci\u00f3n a la infancia y a la adolescencia en los centros de d\u00eda, la parte de acompa\u00f1amiento familiar y el acompa\u00f1amiento sociolaboral<\/em>\u201d, comparte Ana.<\/p>\n<p>En medio de un a\u00f1o marcado por la pandemia, la Fundaci\u00f3n Amoverse ha dado continuidad a su intervenci\u00f3n socioeducativa adapt\u00e1ndose a las circunstancias de la mejor manera posible. Todo ello poniendo siempre en \u00e9nfasis el cuidado de la salud tanto de los ni\u00f1os, ni\u00f1as y j\u00f3venes, como de sus familiares y todo el equipo que forma parte de la Fundaci\u00f3n.<\/p>\n<p><img decoding=\"async\" src=\"https:\/\/www.entreculturas.org\/wp-content\/uploads\/2021\/12\/img_9608.jpg\" alt=\"\" width=\"800\" height=\"533\" \/><\/p>\n<p><em style=\"font-size: 10px;\">\u00a9 Elisa Garc\u00eda \/ Entreculturas<\/em><\/p>\n<p>\u201c<em>Lo que m\u00e1s he echado de menos fueron los monitores, porque te sacan una sonrisa de vez en cuando, estudiar porque era lo m\u00e1s importante cuando estabas encerrada porque ten\u00edas mucho l\u00edo y los amigos\u201d<\/em>, nos comparte Alba al recordar los meses dif\u00edciles de confinamiento.<\/p>\n<p>\u201c<em><strong>Durante la pandemia se hace especialmente dif\u00edcil intervenir y mantener nuestro trabajo porque es vivencial.<\/strong> Nosotras es estar, es jugar, es tocar, aprendemos a trav\u00e9s del juego los l\u00edmites, aprendemos a expresarnos, aprendemos a relacionarnos con iguales\u2026<\/em>\u201d, a\u00f1ade Ana.<\/p>\n<p>Uno de los principales problemas que se encontraron cuando Amoverse volvi\u00f3 a abrir sus puertas tras el confinamiento fue ver a los ni\u00f1os y a las ni\u00f1as con el \u00e1nimo bajo y desmotivados. \u201c<em>Cuando nos dimos cuenta y observamos que no quer\u00edan jugar, tambi\u00e9n fue un indicador de decir: \u00bfqu\u00e9 est\u00e1 pasando? Que esto va en nuestros genes, que jugar es cosa de todas y no puede ser tener a ni\u00f1as sin ganas de jugar<\/em>\u201d, explica Ana.<\/p>\n<p><img decoding=\"async\" src=\"https:\/\/www.entreculturas.org\/wp-content\/uploads\/2021\/12\/img_9593.jpg\" alt=\"\" width=\"800\" height=\"533\" \/><\/p>\n<p><em style=\"font-size: 10px;\">\u00a9 Elisa Garc\u00eda \/ Entreculturas<\/em><\/p>\n<h3><span style=\"color: #ff0000;\"><strong>Reivindicando un espacio de libertad para la infancia<\/strong><\/span><\/h3>\n<p><strong>Con la campa\u00f1a \u201cSoy Cometa\u201d simbolizamos la libertad para la infancia, <\/strong>una v\u00eda de escape del suelo hacia el cielo infinito, donde los ni\u00f1os y ni\u00f1as conviven como iguales y acceden a las mismas oportunidades. Es una iniciativa que lanzamos con motivo al <strong>D\u00eda de la Infancia del pasado 20 de noviembre, <\/strong>un momento para reinvindicar el derecho de todos los ni\u00f1os y ni\u00f1as a disfrutar sin discriminaci\u00f3n alguna: el derecho a la supervivencia; al desarrollo pleno; a la protecci\u00f3n contra las influencias peligrosas, contra el maltrato y la explotaci\u00f3n; al juego y la diversi\u00f3n y a la plena participaci\u00f3n en la vida familiar, cultural y social.<\/p>\n<p>Soy Cometa presenta a su vez una unidad did\u00e1ctica para que tanto ni\u00f1os, ni\u00f1as, padres, madres y profesorado puedan formar parte de esta iniciativa. En ella se encuentra una gu\u00eda para construir en equipo una cometa y hacerla volar mientras leemos y nos comprometemos a las peticiones del \u201c<a href=\"https:\/\/www.soycometa.org\/#manifiesto\"><strong>Manifiesto Cometa<\/strong><\/a>\u201d. Para que en casa haya tiempo de calidad para jugar en familia: salir de las pantallas, pasar tiempo juntas, aprender juegos nuevos y antiguos\u2026 Para que nadie sea castigado sin jugar, que por las tardes podamos tener tiempo m\u00e1s all\u00e1 de hacer los deberes y que los centros educativos respeten los espacios de juego.<\/p>\n<p><img decoding=\"async\" src=\"https:\/\/www.entreculturas.org\/wp-content\/uploads\/2021\/12\/img_9708.jpg\" alt=\"\" width=\"800\" height=\"533\" \/><\/p>\n<p><em style=\"font-size: 10px;\">\u00a9 Elisa Garc\u00eda \/ Entreculturas<\/em><\/p>\n<p>Para que las pol\u00edticas p\u00fablicas de conciliaci\u00f3n sean reales, poder tener tiempo libre en casa, tiempo de disfrutar sin tareas pendientes. Para que el juego pueda darse en los espacios p\u00fablicos de forma segura, que los barrios cuenten con espacios de juegos dignos para todas las edades y diversidades. Y, sobre todo, <strong>para que la infancia sea cuidada, protegida, protagonista de sus historias, como ciudadan\u00eda de pleno derecho del presente.<\/strong><\/p>\n<p>Para volar, las cometas necesitan un cielo abierto, ser impulsadas por el viento, <strong>necesitan libertad para moverse y expresarse en un espacio infinito. <\/strong>\u201c<em>Me hablas de ni\u00f1a cometa y se me viene a la cabeza como: \u00a1te paso la cometa! Como esa energ\u00eda, esas ganas de jugar, que vuelen y que se entere todo el mundo que este es un derecho que yo tengo y que quiero luchar por \u00e9l, que quiero jugar<\/em>\u201d, afirma Ana.<\/p>\n<p>De esta manera, juntos y juntas podemos tender el hilo de la gran cometa que nos une y que nos lleva directo al gozo olvidado de la infancia, una v\u00eda de escape que trasciende el asfalto y los edificios para dar un gran salto a un mundo infinito de esperanza. <strong>En esta Navidad hagamos del juego una herramienta para educar y construir un mejor futuro.<\/strong><\/p>\n","protected":false},"excerpt":{"rendered":"<p>Desde Entreculturas y la Fundaci\u00f3n Amoverse nos hemos unido en la campa\u00f1a \u201cSoy Cometa\u201d para tender el hilo de la gran cometa que nos une y que nos lleva directo al gozo olvidado de la infancia, un gran salto a un mundo infinito de esperanza. En esta Navidad hagamos del juego una herramienta para educar y construir un mejor futuro.<\/p>\n","protected":false},"featured_media":6358,"template":"single-noticia","meta":{"_acf_changed":false},"categories":[7],"tags":[293],"country":[],"cause":[130],"class_list":["post-6365","noticia","type-noticia","status-publish","has-post-thumbnail","hentry","category-noticia","tag-genero","cause-genero"],"acf":[],"yoast_head":"<!-- This site is optimized with the Yoast SEO Premium plugin v21.6 (Yoast SEO v27.5) - https:\/\/yoast.com\/product\/yoast-seo-premium-wordpress\/ -->\n<title>&quot;Jugar es cosa de todas y no puede ser tener a ni\u00f1as sin ganas de jugar&quot; - Entreculturas<\/title>\n<meta name=\"robots\" content=\"index, follow, max-snippet:-1, max-image-preview:large, max-video-preview:-1\" \/>\n<link rel=\"canonical\" href=\"https:\/\/www.entreculturas.org\/ca\/noticia\/jugar-es-cosa-de-todas-y-no-puede-ser-tener-ninas-sin-ganas-de-jugar\/\" \/>\n<meta property=\"og:locale\" content=\"ca_ES\" \/>\n<meta property=\"og:type\" content=\"article\" \/>\n<meta property=\"og:title\" content=\"&quot;Jugar es cosa de todas y no puede ser tener a ni\u00f1as sin ganas de jugar&quot;\" \/>\n<meta property=\"og:description\" content=\"Desde Entreculturas y la Fundaci\u00f3n Amoverse nos hemos unido en la campa\u00f1a \u201cSoy Cometa\u201d para tender el hilo de la gran cometa que nos une y que nos lleva directo al gozo olvidado de la infancia, un gran salto a un mundo infinito de esperanza. En esta Navidad hagamos del juego una herramienta para educar y construir un mejor futuro.\" \/>\n<meta property=\"og:url\" content=\"https:\/\/www.entreculturas.org\/ca\/noticia\/jugar-es-cosa-de-todas-y-no-puede-ser-tener-ninas-sin-ganas-de-jugar\/\" \/>\n<meta property=\"og:site_name\" content=\"Entreculturas\" \/>\n<meta property=\"article:publisher\" content=\"https:\/\/www.facebook.com\/entreculturas\" \/>\n<meta property=\"article:modified_time\" content=\"2024-09-02T11:40:41+00:00\" \/>\n<meta property=\"og:image\" content=\"https:\/\/www.entreculturas.org\/wp-content\/uploads\/2021\/12\/img_9548.jpg\" \/>\n\t<meta property=\"og:image:width\" content=\"800\" \/>\n\t<meta property=\"og:image:height\" content=\"533\" \/>\n\t<meta property=\"og:image:type\" content=\"image\/jpeg\" \/>\n<meta name=\"twitter:card\" content=\"summary_large_image\" \/>\n<meta name=\"twitter:site\" content=\"@Entreculturas\" \/>\n<script type=\"application\/ld+json\" class=\"yoast-schema-graph\">{\"@context\":\"https:\\\/\\\/schema.org\",\"@graph\":[{\"@type\":\"WebPage\",\"@id\":\"https:\\\/\\\/www.entreculturas.org\\\/ca\\\/noticia\\\/jugar-es-cosa-de-todas-y-no-puede-ser-tener-ninas-sin-ganas-de-jugar\\\/\",\"url\":\"https:\\\/\\\/www.entreculturas.org\\\/ca\\\/noticia\\\/jugar-es-cosa-de-todas-y-no-puede-ser-tener-ninas-sin-ganas-de-jugar\\\/\",\"name\":\"\\\"Jugar es cosa de todas y no puede ser tener a ni\u00f1as sin ganas de jugar\\\" - Entreculturas\",\"isPartOf\":{\"@id\":\"https:\\\/\\\/www.entreculturas.org\\\/ca\\\/#website\"},\"primaryImageOfPage\":{\"@id\":\"https:\\\/\\\/www.entreculturas.org\\\/ca\\\/noticia\\\/jugar-es-cosa-de-todas-y-no-puede-ser-tener-ninas-sin-ganas-de-jugar\\\/#primaryimage\"},\"image\":{\"@id\":\"https:\\\/\\\/www.entreculturas.org\\\/ca\\\/noticia\\\/jugar-es-cosa-de-todas-y-no-puede-ser-tener-ninas-sin-ganas-de-jugar\\\/#primaryimage\"},\"thumbnailUrl\":\"https:\\\/\\\/www.entreculturas.org\\\/wp-content\\\/uploads\\\/2021\\\/12\\\/img_9548.jpg\",\"datePublished\":\"2021-12-21T09:56:42+00:00\",\"dateModified\":\"2024-09-02T11:40:41+00:00\",\"breadcrumb\":{\"@id\":\"https:\\\/\\\/www.entreculturas.org\\\/ca\\\/noticia\\\/jugar-es-cosa-de-todas-y-no-puede-ser-tener-ninas-sin-ganas-de-jugar\\\/#breadcrumb\"},\"inLanguage\":\"ca\",\"potentialAction\":[{\"@type\":\"ReadAction\",\"target\":[\"https:\\\/\\\/www.entreculturas.org\\\/ca\\\/noticia\\\/jugar-es-cosa-de-todas-y-no-puede-ser-tener-ninas-sin-ganas-de-jugar\\\/\"]}]},{\"@type\":\"ImageObject\",\"inLanguage\":\"ca\",\"@id\":\"https:\\\/\\\/www.entreculturas.org\\\/ca\\\/noticia\\\/jugar-es-cosa-de-todas-y-no-puede-ser-tener-ninas-sin-ganas-de-jugar\\\/#primaryimage\",\"url\":\"https:\\\/\\\/www.entreculturas.org\\\/wp-content\\\/uploads\\\/2021\\\/12\\\/img_9548.jpg\",\"contentUrl\":\"https:\\\/\\\/www.entreculturas.org\\\/wp-content\\\/uploads\\\/2021\\\/12\\\/img_9548.jpg\",\"width\":800,\"height\":533,\"caption\":\"\u00a9 Elisa Garc\u00eda \\\/ Entreculturas\"},{\"@type\":\"BreadcrumbList\",\"@id\":\"https:\\\/\\\/www.entreculturas.org\\\/ca\\\/noticia\\\/jugar-es-cosa-de-todas-y-no-puede-ser-tener-ninas-sin-ganas-de-jugar\\\/#breadcrumb\",\"itemListElement\":[{\"@type\":\"ListItem\",\"position\":1,\"name\":\"Home\",\"item\":\"https:\\\/\\\/www.entreculturas.org\\\/ca\\\/\"},{\"@type\":\"ListItem\",\"position\":2,\"name\":\"Noticias\",\"item\":\"https:\\\/\\\/www.entreculturas.org\\\/ca\\\/noticias\\\/\"},{\"@type\":\"ListItem\",\"position\":3,\"name\":\"&#8220;Jugar es cosa de todas y no puede ser tener a ni\u00f1as sin ganas de jugar&#8221;\"}]},{\"@type\":\"WebSite\",\"@id\":\"https:\\\/\\\/www.entreculturas.org\\\/ca\\\/#website\",\"url\":\"https:\\\/\\\/www.entreculturas.org\\\/ca\\\/\",\"name\":\"Entreculturas\",\"description\":\"\",\"publisher\":{\"@id\":\"https:\\\/\\\/www.entreculturas.org\\\/ca\\\/#organization\"},\"alternateName\":\"Entreculturas\",\"potentialAction\":[{\"@type\":\"SearchAction\",\"target\":{\"@type\":\"EntryPoint\",\"urlTemplate\":\"https:\\\/\\\/www.entreculturas.org\\\/ca\\\/?s={search_term_string}\"},\"query-input\":{\"@type\":\"PropertyValueSpecification\",\"valueRequired\":true,\"valueName\":\"search_term_string\"}}],\"inLanguage\":\"ca\"},{\"@type\":\"Organization\",\"@id\":\"https:\\\/\\\/www.entreculturas.org\\\/ca\\\/#organization\",\"name\":\"Entreculturas\",\"url\":\"https:\\\/\\\/www.entreculturas.org\\\/ca\\\/\",\"logo\":{\"@type\":\"ImageObject\",\"inLanguage\":\"ca\",\"@id\":\"https:\\\/\\\/www.entreculturas.org\\\/ca\\\/#\\\/schema\\\/logo\\\/image\\\/\",\"url\":\"https:\\\/\\\/www.entreculturas.org\\\/wp-content\\\/uploads\\\/2025\\\/10\\\/ESP.svg\",\"contentUrl\":\"https:\\\/\\\/www.entreculturas.org\\\/wp-content\\\/uploads\\\/2025\\\/10\\\/ESP.svg\",\"caption\":\"Entreculturas\"},\"image\":{\"@id\":\"https:\\\/\\\/www.entreculturas.org\\\/ca\\\/#\\\/schema\\\/logo\\\/image\\\/\"},\"sameAs\":[\"https:\\\/\\\/www.facebook.com\\\/entreculturas\",\"https:\\\/\\\/x.com\\\/Entreculturas\",\"https:\\\/\\\/www.instagram.com\\\/entreculturas\\\/\",\"https:\\\/\\\/www.youtube.com\\\/user\\\/entreculturasvideo\",\"https:\\\/\\\/www.linkedin.com\\\/company\\\/fundacion-entreculturas-ngdo\\\/\",\"https:\\\/\\\/www.flickr.com\\\/photos\\\/98455522@N04\\\/albums\\\/\"]}]}<\/script>\n<!-- \/ Yoast SEO Premium plugin. -->","yoast_head_json":{"title":"\"Jugar es cosa de todas y no puede ser tener a ni\u00f1as sin ganas de jugar\" - Entreculturas","robots":{"index":"index","follow":"follow","max-snippet":"max-snippet:-1","max-image-preview":"max-image-preview:large","max-video-preview":"max-video-preview:-1"},"canonical":"https:\/\/www.entreculturas.org\/ca\/noticia\/jugar-es-cosa-de-todas-y-no-puede-ser-tener-ninas-sin-ganas-de-jugar\/","og_locale":"ca_ES","og_type":"article","og_title":"\"Jugar es cosa de todas y no puede ser tener a ni\u00f1as sin ganas de jugar\"","og_description":"Desde Entreculturas y la Fundaci\u00f3n Amoverse nos hemos unido en la campa\u00f1a \u201cSoy Cometa\u201d para tender el hilo de la gran cometa que nos une y que nos lleva directo al gozo olvidado de la infancia, un gran salto a un mundo infinito de esperanza. En esta Navidad hagamos del juego una herramienta para educar y construir un mejor futuro.","og_url":"https:\/\/www.entreculturas.org\/ca\/noticia\/jugar-es-cosa-de-todas-y-no-puede-ser-tener-ninas-sin-ganas-de-jugar\/","og_site_name":"Entreculturas","article_publisher":"https:\/\/www.facebook.com\/entreculturas","article_modified_time":"2024-09-02T11:40:41+00:00","og_image":[{"width":800,"height":533,"url":"https:\/\/www.entreculturas.org\/wp-content\/uploads\/2021\/12\/img_9548.jpg","type":"image\/jpeg"}],"twitter_card":"summary_large_image","twitter_site":"@Entreculturas","schema":{"@context":"https:\/\/schema.org","@graph":[{"@type":"WebPage","@id":"https:\/\/www.entreculturas.org\/ca\/noticia\/jugar-es-cosa-de-todas-y-no-puede-ser-tener-ninas-sin-ganas-de-jugar\/","url":"https:\/\/www.entreculturas.org\/ca\/noticia\/jugar-es-cosa-de-todas-y-no-puede-ser-tener-ninas-sin-ganas-de-jugar\/","name":"\"Jugar es cosa de todas y no puede ser tener a ni\u00f1as sin ganas de jugar\" - Entreculturas","isPartOf":{"@id":"https:\/\/www.entreculturas.org\/ca\/#website"},"primaryImageOfPage":{"@id":"https:\/\/www.entreculturas.org\/ca\/noticia\/jugar-es-cosa-de-todas-y-no-puede-ser-tener-ninas-sin-ganas-de-jugar\/#primaryimage"},"image":{"@id":"https:\/\/www.entreculturas.org\/ca\/noticia\/jugar-es-cosa-de-todas-y-no-puede-ser-tener-ninas-sin-ganas-de-jugar\/#primaryimage"},"thumbnailUrl":"https:\/\/www.entreculturas.org\/wp-content\/uploads\/2021\/12\/img_9548.jpg","datePublished":"2021-12-21T09:56:42+00:00","dateModified":"2024-09-02T11:40:41+00:00","breadcrumb":{"@id":"https:\/\/www.entreculturas.org\/ca\/noticia\/jugar-es-cosa-de-todas-y-no-puede-ser-tener-ninas-sin-ganas-de-jugar\/#breadcrumb"},"inLanguage":"ca","potentialAction":[{"@type":"ReadAction","target":["https:\/\/www.entreculturas.org\/ca\/noticia\/jugar-es-cosa-de-todas-y-no-puede-ser-tener-ninas-sin-ganas-de-jugar\/"]}]},{"@type":"ImageObject","inLanguage":"ca","@id":"https:\/\/www.entreculturas.org\/ca\/noticia\/jugar-es-cosa-de-todas-y-no-puede-ser-tener-ninas-sin-ganas-de-jugar\/#primaryimage","url":"https:\/\/www.entreculturas.org\/wp-content\/uploads\/2021\/12\/img_9548.jpg","contentUrl":"https:\/\/www.entreculturas.org\/wp-content\/uploads\/2021\/12\/img_9548.jpg","width":800,"height":533,"caption":"\u00a9 Elisa Garc\u00eda \/ Entreculturas"},{"@type":"BreadcrumbList","@id":"https:\/\/www.entreculturas.org\/ca\/noticia\/jugar-es-cosa-de-todas-y-no-puede-ser-tener-ninas-sin-ganas-de-jugar\/#breadcrumb","itemListElement":[{"@type":"ListItem","position":1,"name":"Home","item":"https:\/\/www.entreculturas.org\/ca\/"},{"@type":"ListItem","position":2,"name":"Noticias","item":"https:\/\/www.entreculturas.org\/ca\/noticias\/"},{"@type":"ListItem","position":3,"name":"&#8220;Jugar es cosa de todas y no puede ser tener a ni\u00f1as sin ganas de jugar&#8221;"}]},{"@type":"WebSite","@id":"https:\/\/www.entreculturas.org\/ca\/#website","url":"https:\/\/www.entreculturas.org\/ca\/","name":"Entreculturas","description":"","publisher":{"@id":"https:\/\/www.entreculturas.org\/ca\/#organization"},"alternateName":"Entreculturas","potentialAction":[{"@type":"SearchAction","target":{"@type":"EntryPoint","urlTemplate":"https:\/\/www.entreculturas.org\/ca\/?s={search_term_string}"},"query-input":{"@type":"PropertyValueSpecification","valueRequired":true,"valueName":"search_term_string"}}],"inLanguage":"ca"},{"@type":"Organization","@id":"https:\/\/www.entreculturas.org\/ca\/#organization","name":"Entreculturas","url":"https:\/\/www.entreculturas.org\/ca\/","logo":{"@type":"ImageObject","inLanguage":"ca","@id":"https:\/\/www.entreculturas.org\/ca\/#\/schema\/logo\/image\/","url":"https:\/\/www.entreculturas.org\/wp-content\/uploads\/2025\/10\/ESP.svg","contentUrl":"https:\/\/www.entreculturas.org\/wp-content\/uploads\/2025\/10\/ESP.svg","caption":"Entreculturas"},"image":{"@id":"https:\/\/www.entreculturas.org\/ca\/#\/schema\/logo\/image\/"},"sameAs":["https:\/\/www.facebook.com\/entreculturas","https:\/\/x.com\/Entreculturas","https:\/\/www.instagram.com\/entreculturas\/","https:\/\/www.youtube.com\/user\/entreculturasvideo","https:\/\/www.linkedin.com\/company\/fundacion-entreculturas-ngdo\/","https:\/\/www.flickr.com\/photos\/98455522@N04\/albums\/"]}]}},"_links":{"self":[{"href":"https:\/\/www.entreculturas.org\/ca\/wp-json\/wp\/v2\/noticia\/6365","targetHints":{"allow":["GET"]}}],"collection":[{"href":"https:\/\/www.entreculturas.org\/ca\/wp-json\/wp\/v2\/noticia"}],"about":[{"href":"https:\/\/www.entreculturas.org\/ca\/wp-json\/wp\/v2\/types\/noticia"}],"wp:featuredmedia":[{"embeddable":true,"href":"https:\/\/www.entreculturas.org\/ca\/wp-json\/wp\/v2\/media\/6358"}],"wp:attachment":[{"href":"https:\/\/www.entreculturas.org\/ca\/wp-json\/wp\/v2\/media?parent=6365"}],"wp:term":[{"taxonomy":"category","embeddable":true,"href":"https:\/\/www.entreculturas.org\/ca\/wp-json\/wp\/v2\/categories?post=6365"},{"taxonomy":"post_tag","embeddable":true,"href":"https:\/\/www.entreculturas.org\/ca\/wp-json\/wp\/v2\/tags?post=6365"},{"taxonomy":"country","embeddable":true,"href":"https:\/\/www.entreculturas.org\/ca\/wp-json\/wp\/v2\/country?post=6365"},{"taxonomy":"cause","embeddable":true,"href":"https:\/\/www.entreculturas.org\/ca\/wp-json\/wp\/v2\/cause?post=6365"}],"curies":[{"name":"wp","href":"https:\/\/api.w.org\/{rel}","templated":true}]}}