{"id":6337,"date":"2020-12-09T10:29:14","date_gmt":"2020-12-09T10:29:14","guid":{"rendered":"https:\/\/entreculturasi.wpenginepowered.com\/?noticias=trabajamos-en-el-apoyo-psicosocial-y-la-insercion-laboral-de-cerca-de-2000-jovenes-y"},"modified":"2024-03-06T15:33:16","modified_gmt":"2024-03-06T14:33:16","slug":"trabajamos-en-el-apoyo-psicosocial-y-la-insercion-laboral-de-cerca-de-2000-jovenes-y","status":"publish","type":"noticia","link":"https:\/\/www.entreculturas.org\/ca\/noticia\/trabajamos-en-el-apoyo-psicosocial-y-la-insercion-laboral-de-cerca-de-2000-jovenes-y\/","title":{"rendered":"Trabajamos en el apoyo psicosocial y la inserci\u00f3n laboral de cerca de 2000 j\u00f3venes y mujeres desplazadas de Goma y Masisi (R. D. del Congo) de la mano de la AACID"},"content":{"rendered":"<p><strong>\u201c<em>Siempre he so\u00f1ado en poder terminar mi formaci\u00f3n en la universidad. JRS me ha hecho so\u00f1ar en llegar a ser una ingeniera<\/em>\u201d.<\/strong><\/p>\n<\/p>\n<p><em><span style=\"font-size:10px\">\u00a9 Irene Galera \/ JRS RDC<\/span><\/em><\/p>\n<p>Hace unos meses, Naomi empez\u00f3 con las clases de electricidad en los centros educativos del Servicio Jesuita a Refugiados (JRS) de Goma (Nord Kivu), en Rep\u00fablica Democr\u00e1tica del Congo (RDC). Una de las formaciones que desde Entreculturas y JRS apoyamos, gracias a la financiaci\u00f3n de la <strong>Agencia Andaluza de Cooperaci\u00f3n Internacional para el Desarrollo (AACID)<\/strong>, con el objetivo de formar y acompa\u00f1ar a las personas refugiadas en su proceso de inserci\u00f3n laboral.<\/p>\n<p>A d\u00eda de hoy, m\u00e1s de 5 millones de personas como Naomi se han visto obligadas a desplazarse internamente debido a la violencia persistente que azota el pa\u00eds desde hace d\u00e9cadas. <strong>La provincia de Nord Kivu ha sido una de las zonas m\u00e1s afectadas por la presencia de grupos armados, <\/strong>que utilizan la violencia indiscriminada contra la poblaci\u00f3n para la desestructuraci\u00f3n comunitaria y el control de los recursos naturales de la zona. Estos grupos son responsables de los abusos cometidos contra civiles, del uso de la violencia sexual contra mujeres y ni\u00f1as como arma de guerra, as\u00ed como, del reclutamiento forzoso de ni\u00f1os y ni\u00f1as.<\/p>\n<p>Otra de las causas estructurales de la crisis en la RDC y del desplazamiento de la poblaci\u00f3n es <strong>el conflicto por el acceso a la tierra y los recursos que deja a los agricultores locales sin medios de vida. <\/strong>Este conflicto sobre la tierra tiene severas consecuencias sobre la poblaci\u00f3n, por un lado, es la causa de la violencia intercomunitaria que actualmente provoca grandes flujos de desplazamiento, y por otro, disminuye el acceso a la tierra y a los ingresos.<\/p>\n<p><img decoding=\"async\" alt=\"\" height=\"450\" src=\"https:\/\/www.entreculturas.org\/wp-content\/uploads\/2020\/12\/aacid4.png\" width=\"800\"><\/p>\n<p><em><span style=\"font-size: 10px\">\u00a9 Irene Galera \/ JRS RDC<\/span><\/em><\/p>\n<p>La poblaci\u00f3n desplazada y refugiada vive en un contexto de insuficiencia de tierra para la agricultura y condiciones de vulnerabilidad extrema por la falta de ingresos vinculados al acceso a actividades productivas. <strong>La mayor\u00eda de la poblaci\u00f3n desplazada, mayores de 18 a\u00f1os, son mujeres, frecuentemente solas y con ni\u00f1os a su cargo.<\/strong><br \/>&nbsp;<br \/>Es por eso que en Entreculturas, de la mano de JRS, trabajamos desde hace a\u00f1os en la zona este de RDC con proyectos centrados en el acompa\u00f1amiento y en atender las necesidades de la poblaci\u00f3n desplazada m\u00e1s vulnerable, especialmente j\u00f3venes y mujeres en riesgo de exclusi\u00f3n social.<\/p>\n<p>&nbsp;<\/p>\n<h3><strong><span style=\"color:#FF0000\">Inserci\u00f3n laboral en Goma<\/span><\/strong><\/h3>\n<p>Uno de los dos grandes proyectos de <strong>Cooperaci\u00f3n Internacional para el Desarrollo <\/strong>que ha apoyado recientemente la <strong>AACID <\/strong>ha sido el de formar y acompa\u00f1ar a las personas refugiadas en su proceso de<strong> <\/strong>inserci\u00f3n laboral en Goma.&nbsp;<\/p>\n<p>Desde sus inicios en enero del 2018, y hasta diciembre de 2021 en el que finalizar\u00e1, un total de 320 personas como Naomi <strong>han podido desarrollar sus habilidades tanto en electricidad como en arte culinario<\/strong> <strong>y apicultura,<\/strong>&nbsp;form\u00e1ndose&nbsp;para entrar en el mundo laboral y\/o emprender su propio negocio. \u201c<em>Gracias a la formaci\u00f3n en artes culinarias, ahora puedo vender rosquillas para ayudar econ\u00f3micamente a mi familia y, en un futuro, me gustar\u00eda abrir mi propia panader\u00eda y vender pasteles<\/em>\u201d, afirma Bahashi, alumna de arte culinario.<\/p>\n<p><img decoding=\"async\" alt=\"\" height=\"447\" src=\"https:\/\/www.entreculturas.org\/wp-content\/uploads\/2020\/12\/aacid3.png\" width=\"800\"><\/p>\n<p><em><span style=\"font-size: 10px\">\u00a9 Irene Galera \/ JRS RDC<\/span><\/em><\/p>\n<p>A trav\u00e9s de las formaciones, algunos beneficiarios ya disfrutan del fruto de su formaci\u00f3n y logran independizarse econ\u00f3micamente de forma paulatina. <strong>En la formaci\u00f3n de apicultura, tambi\u00e9n el resultado obtenido est\u00e1 siendo muy satisfactorio. <\/strong>Algunos apicultores y apicultoras est\u00e1n poniendo en pr\u00e1ctica los valores adquiridos mediante la instalaci\u00f3n de colmenas de fabricaci\u00f3n local. Las lecciones te\u00f3ricas son seguidas de una pr\u00e1ctica sobre el uso de equipo de protecci\u00f3n, la fabricaci\u00f3n de colmenas tradicionales y el mantenimiento de las colmenas. Adem\u00e1s, estas lecciones se complementaron con la teor\u00eda sobre enfermedades y enemigos de las abejas; los criterios que debe cumplir un buen apicultor; las fuentes de satisfacci\u00f3n y vocaci\u00f3n del apicultor en su profesi\u00f3n, etc.<\/p>\n<p>En una visita domiciliaria a los hogares de Minova que han completado la capacitaci\u00f3n en artes culinarias y apicultura para comprobar el progreso en la aplicaci\u00f3n de los conocimientos adquiridos, Sr. Jean Batiste de la oficina de correos del campamento expres\u00f3 estas palabras de agradecimiento:<\/p>\n<p>\u201c<em>Estoy agradecido al JRS por esta formaci\u00f3n en apicultura porque es una profesi\u00f3n del futuro. No solo es un trabajo satisfactorio sino tambi\u00e9n productivo. Ya domino todas las t\u00e9cnicas, desde recolectar abejas hasta producir miel, algo que pens\u00e9 que era m\u00e1gico cuando vi a mis ancestros haci\u00e9ndolo. Ya he montado 8 colmenas en mi pueblo y s\u00e9 que con una tendr\u00e9 al menos 3 litros de miel. Ya he recogido 3 litros de una de mis colmenas. <strong>Fue una sensaci\u00f3n incre\u00edble ver el primer fruto de mi entrenamiento.<\/strong><\/em>\u201d<\/p>\n[video:https:\/\/youtu.be\/zRtPNZ30Ofo]\n<p>Adem\u00e1s, <strong>esta formaci\u00f3n tambi\u00e9n ha ayudado a muchas familias a luchar contra la desnutrici\u00f3n<\/strong>, como a Sylvie, que decidi\u00f3 seguir con las clases de arte culinario de JRS por su familia, para que su hermano peque\u00f1o y su hermana peque\u00f1a no caigan en la desnutrici\u00f3n.<\/p>\n<p>Cada una de las formaciones consta de dos ciclos de seis meses con contenido te\u00f3rico y pr\u00e1ctico, y dos ciclos de seis meses centrados en la gesti\u00f3n de peque\u00f1os negocios y actividades productivas orientadas a la generaci\u00f3n de ingresos propios donde el alumnado puede agruparse con sus compa\u00f1eros y compa\u00f1eras para emprender sus actividades productivas de forma conjunta y lanzar sus peque\u00f1os negocios comunitarios.<\/p>\n<p><strong>Para facilitar el seguimiento de las formaciones, hay un componente de alfabetizaci\u00f3n en lengua swahili<\/strong>, el idioma principal entre la poblaci\u00f3n, y un servicio de guarder\u00eda que permite a las alumnas que son madres reservarse unas horas para asistir a los cursos, dejando a sus hijas\/os en espacios seguros, donde est\u00e1n protegidos y se les proporciona una comida al d\u00eda.<\/p>\n<p><img decoding=\"async\" alt=\"\" height=\"446\" src=\"https:\/\/www.entreculturas.org\/wp-content\/uploads\/2020\/12\/aacid2.png\" width=\"800\"><\/p>\n<p><em><span style=\"font-size:10px\">\u00a9 Irene Galera \/ JRS RDC<\/span><\/em><\/p>\n<p>Fifi, docente del curso de alfabetizaci\u00f3n en Goma, imparte clase a un total de 50 alumnas, todas ellas mujeres y de edades muy diferentes: \u201c<em>hay quienes tienen 45 a\u00f1os, hay tambi\u00e9n de 25 a\u00f1os\u2026<\/em>\u201d Florida es una de las alumnas m\u00e1s veteranas del grupo. Para ella, aprender a leer y escribir a su edad ha sido todo un reto: \u201c<em>la gente se burlaba de m\u00ed diciendo que c\u00f3mo puede estudiar una mujer mayor, pero no me importaba. <strong>Decid\u00ed no rendirme y ahora incluso puedo escribir mi propio nombre<\/strong><\/em>\u201d.<\/p>\n[video:https:\/\/youtu.be\/iNQqzQRl-50]\n<p><strong>El servicio de guarder\u00eda es un gran apoyo para las madres que participan en el proyecto. <\/strong>Seg\u00fan Nana, t\u00e9cnica de protecci\u00f3n a la infancia de JRS RDC, el problema con el que se encontraron fue que las mujeres no ten\u00edan a nadie que cuidara de sus hijos, as\u00ed que se pens\u00f3 en crear una guarder\u00eda para atenderlos. Y mientras los ni\u00f1os est\u00e1n en la guarder\u00eda, la madre est\u00e1 tranquila recibiendo su formaci\u00f3n.<\/p>\n<p>Adem\u00e1s, la guarder\u00eda no solo act\u00faa como espacio de protecci\u00f3n de la infancia ofreci\u00e9ndoles una buena alimentaci\u00f3n y cuidados b\u00e1sicos, sino que tambi\u00e9n <strong>es un lugar donde los ni\u00f1os y las ni\u00f1as aprenden y se preparan para integrarse en la escuela.<\/strong><\/p>\n[video:https:\/\/youtu.be\/YQiVhRDixbI]\n<p>El aumento de la autoestima, el empoderamiento de las personas participantes, la mejora de la salud nutricional de los ni\u00f1os y ni\u00f1as de la guarder\u00eda y el aumento de empleabilidad del alumnado de JRS demuestran que <strong>el impacto del proyecto en las vidas de las personas refugiadas en Goma ha sido muy positivo. <\/strong>Gracias a la apuesta de la Junta de Andaluc\u00eda por las crisis prolongadas y de larga duraci\u00f3n, as\u00ed como su enfoque en la poblaci\u00f3n desplazada m\u00e1s vulnerable, cientos de j\u00f3venes y mujeres como Naomi han dado luz a sus sue\u00f1os.<\/p>\n[video:https:\/\/youtu.be\/Hk-pHflc_2M]\n<h3><strong><span style=\"color:#FF0000\">Resiliencia y apoyo psicosocial en Masisi<\/span><\/strong><\/h3>\n<p>Al mismo tiempo, en enero de 2018, se inici\u00f3 un segundo proyecto de Acci\u00f3n Humanitaria en la provincia de Nord Kivu, Masisi. Un total de <strong>1599 personas desplazadas y refugiadas<\/strong>, principalmente jovenes menores de edad y mujeres v\u00edctimas de violencia sexual, han sido atendidas con apoyo psicosocial integral y se les ha brindado servicios b\u00e1sicos de seguridad alimentaria, cobijo e higiene.&nbsp;<\/p>\n<p>El objetivo de este segundo proyecto ha sido <strong>reforzar la resiliencia y aliviar el sufrimiento de la poblaci\u00f3n desplazada vulnerable <\/strong>a trav\u00e9s de un trabajo conjunto de JRS y Entreculturas y gracias al apoyo y financiaci\u00f3n de la<strong> Agencia Andaluza para la Cooperaci\u00f3n Internacional para el Desarrollo (AACID)<\/strong>. La principal labor ha sido responder a los graves problemas socio-emocionales y necesidades identificadas: la inseguridad alimentaria, la pobreza extrema, la violencia sexual, la ausencia de proteginitores (alto \u00edndice de madres adolescentes y solteras), la situaci\u00f3n de personas con discapacidad o enfermedades cr\u00f3nicas y los traumas provocados por la violencia, en particular, la violencia y el abuso sexual a adolescentes y mujeres.<\/p>\n<p><img decoding=\"async\" alt=\"\" height=\"533\" src=\"https:\/\/www.entreculturas.org\/wp-content\/uploads\/2020\/12\/aacid5.jpg\" width=\"800\"><\/p>\n<p><em><span style=\"font-size:10px\">\u00a9 Sergi C\u00e1mara\/Entreculturas<\/span><\/em><\/p>\n<p>El apoyo psicosocial se revela como una gran necesidad entre la comunidad de personas desplazadas por la falta de autoestima, empoderamiento y esperanza de cara a su futuro. A trav\u00e9s de visitas domiciliarias, atenci\u00f3n individualizada, grupos de escucha de mujeres v\u00edctimas de la violencia sexual y otros tipos de violencia, as\u00ed como, actividades con j\u00f3venes en riesgo de exclusi\u00f3n, <strong>la comunidad de Masisi ha logrado mitigar las graves barreras psicoemocionales<\/strong> que se han producido a causa del adverso contexto y la continua crisis humanitaria que sufre la Rep\u00fablica Democr\u00e1tica del Congo.<\/p>\n<p>Adem\u00e1s, el proyecto ha facilitado el acceso a los servicios b\u00e1sicos de nutrici\u00f3n, cobijo e higiene de los grupos m\u00e1s vulnerables a trav\u00e9s de distribuci\u00f3n de v\u00edveres o kits de higiene, y un componente de acompa\u00f1amiento, escucha y formativo muy importante centrado en la resiliencia y en la intervenci\u00f3n psicosocial que se ha trabajado desde el centro de las poblaciones afectadas de la mano de JRS.<\/p>\n<p><img decoding=\"async\" alt=\"\" height=\"531\" src=\"https:\/\/www.entreculturas.org\/wp-content\/uploads\/2020\/12\/aacid6.png\" width=\"800\"><\/p>\n<p><em><span style=\"font-size:10px\">\u00a9 Sergi C\u00e1mara\/Entreculturas<\/span><\/em><\/p>\n<p>Los retos humanitarios en la Rep\u00fablica Democr\u00e1tica del Congo son innumerables. Sin embargo, acciones como las desarrolladas en el marco de<strong> los dos proyectos presentados apoyados por la Agencia Extreme\u00f1a de Cooperaci\u00f3n al Desarrollo (AEXCID) traen un rayo de esperanza a las poblaciones desplazadas y refugiadas<\/strong>, con las que en Entreculturas, junto con nuestra organizaci\u00f3n socia local en terreno, JRS, estamos profundamente comprometidas y comprometidos.<\/p>\n<p>JRS y Entreculturas trabajamos desde hace a\u00f1os para acompa\u00f1ar, aliviar el sufrimiento y superar las graves dificultades de miles de personas atrapadas en una de las m\u00e1s severas y prolongadas crisis humanitarias del planeta. Para ello, <strong>necesitamos garantizar la continuidad de las intervenciones iniciadas, <\/strong>as\u00ed como, desarrollar nuevos proyectos que permitan ofrecer a las mujeres y los hombres de todas las edades en situaci\u00f3n de m\u00e1xima vulnerabilidad y extrema pobreza, la posibilidad de una vida digna y un futuro en el que poder confiar.<\/p>\n","protected":false},"excerpt":{"rendered":"<p>Entreculturas y JRS, gracias a la financiaci\u00f3n de la Agencia Andaluza de Cooperaci\u00f3n Internacional para el Desarrollo (AACID), hemos apoyado dos grandes proyectos de Cooperaci\u00f3n Internacional para el Desarrollo y Acci\u00f3n Humanitaria centrados en formar y acompa\u00f1ar a j\u00f3venes y mujeres desplazadas en Goma y Masisi (R.D. del Congo).<\/p>\n","protected":false},"featured_media":6324,"template":"single-noticia","meta":{"_acf_changed":false},"categories":[7],"tags":[10],"country":[318],"cause":[129],"class_list":["post-6337","noticia","type-noticia","status-publish","has-post-thumbnail","hentry","category-noticia","tag-migracion-y-refugio","country-republica-democratica-del-congo","cause-migracion-y-refugio"],"acf":[],"yoast_head":"<!-- This site is optimized with the Yoast SEO Premium plugin v21.6 (Yoast SEO v27.5) - https:\/\/yoast.com\/product\/yoast-seo-premium-wordpress\/ -->\n<title>Trabajamos en el apoyo psicosocial y la inserci\u00f3n laboral de cerca de 2000 j\u00f3venes y mujeres desplazadas de Goma y Masisi (R. D. del Congo) de la mano de la AACID - Entreculturas<\/title>\n<meta name=\"robots\" content=\"index, follow, max-snippet:-1, max-image-preview:large, max-video-preview:-1\" \/>\n<link rel=\"canonical\" href=\"https:\/\/www.entreculturas.org\/ca\/noticia\/trabajamos-en-el-apoyo-psicosocial-y-la-insercion-laboral-de-cerca-de-2000-jovenes-y\/\" \/>\n<meta property=\"og:locale\" content=\"ca_ES\" \/>\n<meta property=\"og:type\" content=\"article\" \/>\n<meta property=\"og:title\" content=\"Trabajamos en el apoyo psicosocial y la inserci\u00f3n laboral de cerca de 2000 j\u00f3venes y mujeres desplazadas de Goma y Masisi (R. D. del Congo) de la mano de la AACID\" \/>\n<meta property=\"og:description\" content=\"Entreculturas y JRS, gracias a la financiaci\u00f3n de la Agencia Andaluza de Cooperaci\u00f3n Internacional para el Desarrollo (AACID), hemos apoyado dos grandes proyectos de Cooperaci\u00f3n Internacional para el Desarrollo y Acci\u00f3n Humanitaria centrados en formar y acompa\u00f1ar a j\u00f3venes y mujeres desplazadas en Goma y Masisi (R.D. del Congo).\" \/>\n<meta property=\"og:url\" content=\"https:\/\/www.entreculturas.org\/ca\/noticia\/trabajamos-en-el-apoyo-psicosocial-y-la-insercion-laboral-de-cerca-de-2000-jovenes-y\/\" \/>\n<meta property=\"og:site_name\" content=\"Entreculturas\" \/>\n<meta property=\"article:publisher\" content=\"https:\/\/www.facebook.com\/entreculturas\" \/>\n<meta property=\"article:modified_time\" content=\"2024-03-06T14:33:16+00:00\" \/>\n<meta property=\"og:image\" content=\"https:\/\/www.entreculturas.org\/wp-content\/uploads\/2020\/12\/aacid1.png\" \/>\n\t<meta property=\"og:image:width\" content=\"800\" \/>\n\t<meta property=\"og:image:height\" content=\"448\" \/>\n\t<meta property=\"og:image:type\" content=\"image\/png\" \/>\n<meta name=\"twitter:card\" content=\"summary_large_image\" \/>\n<meta name=\"twitter:site\" content=\"@Entreculturas\" \/>\n<script type=\"application\/ld+json\" class=\"yoast-schema-graph\">{\"@context\":\"https:\\\/\\\/schema.org\",\"@graph\":[{\"@type\":\"WebPage\",\"@id\":\"https:\\\/\\\/www.entreculturas.org\\\/ca\\\/noticia\\\/trabajamos-en-el-apoyo-psicosocial-y-la-insercion-laboral-de-cerca-de-2000-jovenes-y\\\/\",\"url\":\"https:\\\/\\\/www.entreculturas.org\\\/ca\\\/noticia\\\/trabajamos-en-el-apoyo-psicosocial-y-la-insercion-laboral-de-cerca-de-2000-jovenes-y\\\/\",\"name\":\"Trabajamos en el apoyo psicosocial y la inserci\u00f3n laboral de cerca de 2000 j\u00f3venes y mujeres desplazadas de Goma y Masisi (R. D. del Congo) de la mano de la AACID - Entreculturas\",\"isPartOf\":{\"@id\":\"https:\\\/\\\/www.entreculturas.org\\\/ca\\\/#website\"},\"primaryImageOfPage\":{\"@id\":\"https:\\\/\\\/www.entreculturas.org\\\/ca\\\/noticia\\\/trabajamos-en-el-apoyo-psicosocial-y-la-insercion-laboral-de-cerca-de-2000-jovenes-y\\\/#primaryimage\"},\"image\":{\"@id\":\"https:\\\/\\\/www.entreculturas.org\\\/ca\\\/noticia\\\/trabajamos-en-el-apoyo-psicosocial-y-la-insercion-laboral-de-cerca-de-2000-jovenes-y\\\/#primaryimage\"},\"thumbnailUrl\":\"https:\\\/\\\/www.entreculturas.org\\\/wp-content\\\/uploads\\\/2020\\\/12\\\/aacid1.png\",\"datePublished\":\"2020-12-09T10:29:14+00:00\",\"dateModified\":\"2024-03-06T14:33:16+00:00\",\"breadcrumb\":{\"@id\":\"https:\\\/\\\/www.entreculturas.org\\\/ca\\\/noticia\\\/trabajamos-en-el-apoyo-psicosocial-y-la-insercion-laboral-de-cerca-de-2000-jovenes-y\\\/#breadcrumb\"},\"inLanguage\":\"ca\",\"potentialAction\":[{\"@type\":\"ReadAction\",\"target\":[\"https:\\\/\\\/www.entreculturas.org\\\/ca\\\/noticia\\\/trabajamos-en-el-apoyo-psicosocial-y-la-insercion-laboral-de-cerca-de-2000-jovenes-y\\\/\"]}]},{\"@type\":\"ImageObject\",\"inLanguage\":\"ca\",\"@id\":\"https:\\\/\\\/www.entreculturas.org\\\/ca\\\/noticia\\\/trabajamos-en-el-apoyo-psicosocial-y-la-insercion-laboral-de-cerca-de-2000-jovenes-y\\\/#primaryimage\",\"url\":\"https:\\\/\\\/www.entreculturas.org\\\/wp-content\\\/uploads\\\/2020\\\/12\\\/aacid1.png\",\"contentUrl\":\"https:\\\/\\\/www.entreculturas.org\\\/wp-content\\\/uploads\\\/2020\\\/12\\\/aacid1.png\",\"width\":800,\"height\":448,\"caption\":\"aacid1\"},{\"@type\":\"BreadcrumbList\",\"@id\":\"https:\\\/\\\/www.entreculturas.org\\\/ca\\\/noticia\\\/trabajamos-en-el-apoyo-psicosocial-y-la-insercion-laboral-de-cerca-de-2000-jovenes-y\\\/#breadcrumb\",\"itemListElement\":[{\"@type\":\"ListItem\",\"position\":1,\"name\":\"Home\",\"item\":\"https:\\\/\\\/www.entreculturas.org\\\/ca\\\/\"},{\"@type\":\"ListItem\",\"position\":2,\"name\":\"Noticias\",\"item\":\"https:\\\/\\\/www.entreculturas.org\\\/ca\\\/noticias\\\/\"},{\"@type\":\"ListItem\",\"position\":3,\"name\":\"Trabajamos en el apoyo psicosocial y la inserci\u00f3n laboral de cerca de 2000 j\u00f3venes y mujeres desplazadas de Goma y Masisi (R. D. del Congo) de la mano de la AACID\"}]},{\"@type\":\"WebSite\",\"@id\":\"https:\\\/\\\/www.entreculturas.org\\\/ca\\\/#website\",\"url\":\"https:\\\/\\\/www.entreculturas.org\\\/ca\\\/\",\"name\":\"Entreculturas\",\"description\":\"\",\"publisher\":{\"@id\":\"https:\\\/\\\/www.entreculturas.org\\\/ca\\\/#organization\"},\"alternateName\":\"Entreculturas\",\"potentialAction\":[{\"@type\":\"SearchAction\",\"target\":{\"@type\":\"EntryPoint\",\"urlTemplate\":\"https:\\\/\\\/www.entreculturas.org\\\/ca\\\/?s={search_term_string}\"},\"query-input\":{\"@type\":\"PropertyValueSpecification\",\"valueRequired\":true,\"valueName\":\"search_term_string\"}}],\"inLanguage\":\"ca\"},{\"@type\":\"Organization\",\"@id\":\"https:\\\/\\\/www.entreculturas.org\\\/ca\\\/#organization\",\"name\":\"Entreculturas\",\"url\":\"https:\\\/\\\/www.entreculturas.org\\\/ca\\\/\",\"logo\":{\"@type\":\"ImageObject\",\"inLanguage\":\"ca\",\"@id\":\"https:\\\/\\\/www.entreculturas.org\\\/ca\\\/#\\\/schema\\\/logo\\\/image\\\/\",\"url\":\"https:\\\/\\\/www.entreculturas.org\\\/wp-content\\\/uploads\\\/2025\\\/10\\\/ESP.svg\",\"contentUrl\":\"https:\\\/\\\/www.entreculturas.org\\\/wp-content\\\/uploads\\\/2025\\\/10\\\/ESP.svg\",\"caption\":\"Entreculturas\"},\"image\":{\"@id\":\"https:\\\/\\\/www.entreculturas.org\\\/ca\\\/#\\\/schema\\\/logo\\\/image\\\/\"},\"sameAs\":[\"https:\\\/\\\/www.facebook.com\\\/entreculturas\",\"https:\\\/\\\/x.com\\\/Entreculturas\",\"https:\\\/\\\/www.instagram.com\\\/entreculturas\\\/\",\"https:\\\/\\\/www.youtube.com\\\/user\\\/entreculturasvideo\",\"https:\\\/\\\/www.linkedin.com\\\/company\\\/fundacion-entreculturas-ngdo\\\/\",\"https:\\\/\\\/www.flickr.com\\\/photos\\\/98455522@N04\\\/albums\\\/\"]}]}<\/script>\n<!-- \/ Yoast SEO Premium plugin. -->","yoast_head_json":{"title":"Trabajamos en el apoyo psicosocial y la inserci\u00f3n laboral de cerca de 2000 j\u00f3venes y mujeres desplazadas de Goma y Masisi (R. D. del Congo) de la mano de la AACID - Entreculturas","robots":{"index":"index","follow":"follow","max-snippet":"max-snippet:-1","max-image-preview":"max-image-preview:large","max-video-preview":"max-video-preview:-1"},"canonical":"https:\/\/www.entreculturas.org\/ca\/noticia\/trabajamos-en-el-apoyo-psicosocial-y-la-insercion-laboral-de-cerca-de-2000-jovenes-y\/","og_locale":"ca_ES","og_type":"article","og_title":"Trabajamos en el apoyo psicosocial y la inserci\u00f3n laboral de cerca de 2000 j\u00f3venes y mujeres desplazadas de Goma y Masisi (R. D. del Congo) de la mano de la AACID","og_description":"Entreculturas y JRS, gracias a la financiaci\u00f3n de la Agencia Andaluza de Cooperaci\u00f3n Internacional para el Desarrollo (AACID), hemos apoyado dos grandes proyectos de Cooperaci\u00f3n Internacional para el Desarrollo y Acci\u00f3n Humanitaria centrados en formar y acompa\u00f1ar a j\u00f3venes y mujeres desplazadas en Goma y Masisi (R.D. del Congo).","og_url":"https:\/\/www.entreculturas.org\/ca\/noticia\/trabajamos-en-el-apoyo-psicosocial-y-la-insercion-laboral-de-cerca-de-2000-jovenes-y\/","og_site_name":"Entreculturas","article_publisher":"https:\/\/www.facebook.com\/entreculturas","article_modified_time":"2024-03-06T14:33:16+00:00","og_image":[{"width":800,"height":448,"url":"https:\/\/www.entreculturas.org\/wp-content\/uploads\/2020\/12\/aacid1.png","type":"image\/png"}],"twitter_card":"summary_large_image","twitter_site":"@Entreculturas","schema":{"@context":"https:\/\/schema.org","@graph":[{"@type":"WebPage","@id":"https:\/\/www.entreculturas.org\/ca\/noticia\/trabajamos-en-el-apoyo-psicosocial-y-la-insercion-laboral-de-cerca-de-2000-jovenes-y\/","url":"https:\/\/www.entreculturas.org\/ca\/noticia\/trabajamos-en-el-apoyo-psicosocial-y-la-insercion-laboral-de-cerca-de-2000-jovenes-y\/","name":"Trabajamos en el apoyo psicosocial y la inserci\u00f3n laboral de cerca de 2000 j\u00f3venes y mujeres desplazadas de Goma y Masisi (R. D. del Congo) de la mano de la AACID - Entreculturas","isPartOf":{"@id":"https:\/\/www.entreculturas.org\/ca\/#website"},"primaryImageOfPage":{"@id":"https:\/\/www.entreculturas.org\/ca\/noticia\/trabajamos-en-el-apoyo-psicosocial-y-la-insercion-laboral-de-cerca-de-2000-jovenes-y\/#primaryimage"},"image":{"@id":"https:\/\/www.entreculturas.org\/ca\/noticia\/trabajamos-en-el-apoyo-psicosocial-y-la-insercion-laboral-de-cerca-de-2000-jovenes-y\/#primaryimage"},"thumbnailUrl":"https:\/\/www.entreculturas.org\/wp-content\/uploads\/2020\/12\/aacid1.png","datePublished":"2020-12-09T10:29:14+00:00","dateModified":"2024-03-06T14:33:16+00:00","breadcrumb":{"@id":"https:\/\/www.entreculturas.org\/ca\/noticia\/trabajamos-en-el-apoyo-psicosocial-y-la-insercion-laboral-de-cerca-de-2000-jovenes-y\/#breadcrumb"},"inLanguage":"ca","potentialAction":[{"@type":"ReadAction","target":["https:\/\/www.entreculturas.org\/ca\/noticia\/trabajamos-en-el-apoyo-psicosocial-y-la-insercion-laboral-de-cerca-de-2000-jovenes-y\/"]}]},{"@type":"ImageObject","inLanguage":"ca","@id":"https:\/\/www.entreculturas.org\/ca\/noticia\/trabajamos-en-el-apoyo-psicosocial-y-la-insercion-laboral-de-cerca-de-2000-jovenes-y\/#primaryimage","url":"https:\/\/www.entreculturas.org\/wp-content\/uploads\/2020\/12\/aacid1.png","contentUrl":"https:\/\/www.entreculturas.org\/wp-content\/uploads\/2020\/12\/aacid1.png","width":800,"height":448,"caption":"aacid1"},{"@type":"BreadcrumbList","@id":"https:\/\/www.entreculturas.org\/ca\/noticia\/trabajamos-en-el-apoyo-psicosocial-y-la-insercion-laboral-de-cerca-de-2000-jovenes-y\/#breadcrumb","itemListElement":[{"@type":"ListItem","position":1,"name":"Home","item":"https:\/\/www.entreculturas.org\/ca\/"},{"@type":"ListItem","position":2,"name":"Noticias","item":"https:\/\/www.entreculturas.org\/ca\/noticias\/"},{"@type":"ListItem","position":3,"name":"Trabajamos en el apoyo psicosocial y la inserci\u00f3n laboral de cerca de 2000 j\u00f3venes y mujeres desplazadas de Goma y Masisi (R. D. del Congo) de la mano de la AACID"}]},{"@type":"WebSite","@id":"https:\/\/www.entreculturas.org\/ca\/#website","url":"https:\/\/www.entreculturas.org\/ca\/","name":"Entreculturas","description":"","publisher":{"@id":"https:\/\/www.entreculturas.org\/ca\/#organization"},"alternateName":"Entreculturas","potentialAction":[{"@type":"SearchAction","target":{"@type":"EntryPoint","urlTemplate":"https:\/\/www.entreculturas.org\/ca\/?s={search_term_string}"},"query-input":{"@type":"PropertyValueSpecification","valueRequired":true,"valueName":"search_term_string"}}],"inLanguage":"ca"},{"@type":"Organization","@id":"https:\/\/www.entreculturas.org\/ca\/#organization","name":"Entreculturas","url":"https:\/\/www.entreculturas.org\/ca\/","logo":{"@type":"ImageObject","inLanguage":"ca","@id":"https:\/\/www.entreculturas.org\/ca\/#\/schema\/logo\/image\/","url":"https:\/\/www.entreculturas.org\/wp-content\/uploads\/2025\/10\/ESP.svg","contentUrl":"https:\/\/www.entreculturas.org\/wp-content\/uploads\/2025\/10\/ESP.svg","caption":"Entreculturas"},"image":{"@id":"https:\/\/www.entreculturas.org\/ca\/#\/schema\/logo\/image\/"},"sameAs":["https:\/\/www.facebook.com\/entreculturas","https:\/\/x.com\/Entreculturas","https:\/\/www.instagram.com\/entreculturas\/","https:\/\/www.youtube.com\/user\/entreculturasvideo","https:\/\/www.linkedin.com\/company\/fundacion-entreculturas-ngdo\/","https:\/\/www.flickr.com\/photos\/98455522@N04\/albums\/"]}]}},"_links":{"self":[{"href":"https:\/\/www.entreculturas.org\/ca\/wp-json\/wp\/v2\/noticia\/6337","targetHints":{"allow":["GET"]}}],"collection":[{"href":"https:\/\/www.entreculturas.org\/ca\/wp-json\/wp\/v2\/noticia"}],"about":[{"href":"https:\/\/www.entreculturas.org\/ca\/wp-json\/wp\/v2\/types\/noticia"}],"wp:featuredmedia":[{"embeddable":true,"href":"https:\/\/www.entreculturas.org\/ca\/wp-json\/wp\/v2\/media\/6324"}],"wp:attachment":[{"href":"https:\/\/www.entreculturas.org\/ca\/wp-json\/wp\/v2\/media?parent=6337"}],"wp:term":[{"taxonomy":"category","embeddable":true,"href":"https:\/\/www.entreculturas.org\/ca\/wp-json\/wp\/v2\/categories?post=6337"},{"taxonomy":"post_tag","embeddable":true,"href":"https:\/\/www.entreculturas.org\/ca\/wp-json\/wp\/v2\/tags?post=6337"},{"taxonomy":"country","embeddable":true,"href":"https:\/\/www.entreculturas.org\/ca\/wp-json\/wp\/v2\/country?post=6337"},{"taxonomy":"cause","embeddable":true,"href":"https:\/\/www.entreculturas.org\/ca\/wp-json\/wp\/v2\/cause?post=6337"}],"curies":[{"name":"wp","href":"https:\/\/api.w.org\/{rel}","templated":true}]}}