{"id":6116,"date":"2021-08-15T14:36:37","date_gmt":"2021-08-15T14:36:37","guid":{"rendered":"https:\/\/entreculturasi.wpenginepowered.com\/?noticias=un-terremoto-sacude-haiti"},"modified":"2024-02-19T17:50:09","modified_gmt":"2024-02-19T16:50:09","slug":"un-terremoto-sacude-haiti","status":"publish","type":"noticia","link":"https:\/\/www.entreculturas.org\/ca\/noticia\/un-terremoto-sacude-haiti\/","title":{"rendered":"Un terremoto de magnitud 7,2 sacude Hait\u00ed"},"content":{"rendered":"<p>El s\u00e1bado 14 de agosto Hait\u00ed volvi\u00f3 a temblar. Un terremoto de <strong>magnitud 7,2<\/strong> seg\u00fan la escala de Richter sacudi\u00f3 el suroeste del pa\u00eds,&nbsp;a 12 kil\u00f3metros de la ciudad de Saint-Louis du Sud.&nbsp;<\/p>\n<p>El primer ministro de Hait\u00ed declar\u00f3 el Estado de Emergencia y defini\u00f3 la situaci\u00f3n como &#8220;dram\u00e1tica&#8221;. Hasta ahora, el recuento asciente a m\u00e1s de&nbsp;<strong>1.400 personas fallecidas<\/strong> y m\u00e1s de 5.000 heridos. El se\u00edsmo ha causado graves da\u00f1os en las infraestructuras, especialmente en&nbsp;las localidades de J\u00e9r\u00e9mie y Les Cayes.<\/p>\n<p>Estamos al habla con nuestros compa\u00f1eros y compa\u00f1eras de <strong>Fe y Alegr\u00eda<\/strong> y del <strong>Servicio Jesuita a Migrantes<\/strong> en Hait\u00ed.&nbsp;<strong>Michaud Levelt, S.J.<\/strong>, Director Nacional del Servicio Jesuita a Migrantes, nos enviaba esta ma\u00f1ana estas palabras:<\/p>\n<p><em>Desde el terremoto del 12 de enero de 2010, Hait\u00ed experimenta considerables olas de migraci\u00f3n. Sus hijas e hijos, que tienen lo m\u00ednimo, han intentado por todos los medios salir del pa\u00eds. En los \u00faltimos a\u00f1os&nbsp;hemos pasado de una cat\u00e1strofe a otra sin tener tiempo para digerirlas. \u00a1Qu\u00e9 miseria!<\/em><\/p>\n<p><em>Apenas empezamos a llorar la muerte del presidente Jovenel Mo\u00efse, nos despertamos con la tierra movi\u00e9ndose bajo nuestros pies por un terremoto de magnitud 7,2. Todo el pa\u00eds lo ha sentido. Sin embargo, s\u00f3lo el Gran Sur est\u00e1 de rodillas. Una regi\u00f3n que se qued\u00f3 muy afectada por el hurac\u00e1n Matthew hace cuatro a\u00f1os. Hogares y vidas han sido&nbsp;arrasadas. Las im\u00e1genes son impactantes.<\/em><\/p>\n<p><em>Una evaluaci\u00f3n parcial disponible en la web del Sistema Nacional de Gesti\u00f3n de Riesgos y Desastres menciona &#8220;doscientos veintinueve muertos, un n\u00famero considerable de heridos y cientos de viviendas, iglesias y escuelas da\u00f1adas o destruidas&#8221;.&nbsp;Por ejemplo, seg\u00fan el obispo de Nippes, Andr\u00e9 Dumas, siete de cada diez casas est\u00e1n destruidas. En el departamento de Grand&#8217;Anse, el puente sobre el r\u00edo J\u00e9r\u00e9mie se derrumb\u00f3, y en Rivi\u00e8re Glace la carretera est\u00e1 completamente bloqueada a causa del deslizamiento de tierra. Grandes inquietudes en medio de la gente. Miles de familias y ni\u00f1os est\u00e1n en la calle. La ayuda humanitaria es urgente. Hay necesidades.&nbsp;<\/em><\/p>\n<p><em>En este sentido, el SJM-Hait\u00ed est\u00e1 pidiendo su apoyo en lo que puede para poder intervenir urgentemente en estos d\u00edas. Como se sabe, en medio de estas grandes tragedias, los art\u00edculos m\u00e1s necesarios son los de primera necesidad y no perecederos.<\/em><\/p>\n<p><em>Todo el equipo de SJM-Hait\u00ed est\u00e1 movilizado. Uno de nuestros colegas est\u00e1 prepar\u00e1ndose para ir al Sur para recoger datos de primera mano que nos permitir\u00e1n intervenir a largo plazo. Por ahora, en nombre de estas v\u00edctimas y en nombre de la direcci\u00f3n del SJM-Hait\u00ed les pido su indulgencia.<\/em><\/p>\n<p><em>Gracias&nbsp;<\/em><\/p>\n<p>&nbsp;<\/p>\n<p>En la Cadena SER, el periodista Nicol\u00e1s Castellano se puso en contacto con <strong>Paul-Fils Belotte S.J.<\/strong>, Director de Fe y Alegr\u00eda Hait\u00ed (minuto 2.05)<\/p>\n<p><a target=\"_blank\" href=\"https:\/\/play.cadenaser.com\/audio\/1628960407_9526\" title=\"Las noticias de las 18:44 | Audio | Play SER\" rel=\"noopener\">Escucha &#8220;Las noticias de las 18:44&#8221; en Play SER<\/a><\/p>\n","protected":false},"excerpt":{"rendered":"<p>El s\u00e1bado 14 de agosto Hait\u00ed volvi\u00f3 a temblar. Un terremoto de magnitud 7,2 seg\u00fan la escala de Richter sacudi\u00f3 el suroeste del pa\u00eds,&nbsp;a 12 kil\u00f3metros de la ciudad de Saint-Louis du Sud.&nbsp; El primer ministro de Hait\u00ed declar\u00f3 el Estado de Emergencia y defini\u00f3 la situaci\u00f3n como &#8220;dram\u00e1tica&#8221;. Hasta ahora, el recuento asciente a m\u00e1s de&nbsp;1.400 personas fallecidas y m\u00e1s de 5.000 heridos. El se\u00edsmo ha causado graves da\u00f1os en las infraestructuras, especialmente en&nbsp;las localidades de J\u00e9r\u00e9mie y Les Cayes. Estamos al habla con nuestros compa\u00f1eros y compa\u00f1eras de Fe y Alegr\u00eda y del Servicio Jesuita a Migrantes en Hait\u00ed.&nbsp;Michaud Levelt, S.J., Director Nacional del Servicio Jesuita a Migrantes, nos enviaba esta ma\u00f1ana estas palabras: Desde el terremoto del 12 de enero de 2010, Hait\u00ed experimenta considerables olas de migraci\u00f3n. Sus hijas e hijos, que tienen lo m\u00ednimo, han intentado por todos los medios salir del pa\u00eds. En los [&hellip;]<\/p>\n","protected":false},"featured_media":6115,"template":"single-noticia","meta":{"_acf_changed":false},"categories":[7],"tags":[185],"country":[148],"cause":[],"class_list":["post-6116","noticia","type-noticia","status-publish","has-post-thumbnail","hentry","category-noticia","tag-entreculturas","country-haiti"],"acf":[],"yoast_head":"<!-- This site is optimized with the Yoast SEO Premium plugin v21.6 (Yoast SEO v27.5) - https:\/\/yoast.com\/product\/yoast-seo-premium-wordpress\/ -->\n<title>Un terremoto de magnitud 7,2 sacude Hait\u00ed - Entreculturas<\/title>\n<meta name=\"robots\" content=\"index, follow, max-snippet:-1, max-image-preview:large, max-video-preview:-1\" \/>\n<link rel=\"canonical\" href=\"https:\/\/www.entreculturas.org\/ca\/noticia\/un-terremoto-sacude-haiti\/\" \/>\n<meta property=\"og:locale\" content=\"ca_ES\" \/>\n<meta property=\"og:type\" content=\"article\" \/>\n<meta property=\"og:title\" content=\"Un terremoto de magnitud 7,2 sacude Hait\u00ed\" \/>\n<meta property=\"og:description\" content=\"El s\u00e1bado 14 de agosto Hait\u00ed volvi\u00f3 a temblar. Un terremoto de magnitud 7,2 seg\u00fan la escala de Richter sacudi\u00f3 el suroeste del pa\u00eds,&nbsp;a 12 kil\u00f3metros de la ciudad de Saint-Louis du Sud.&nbsp; El primer ministro de Hait\u00ed declar\u00f3 el Estado de Emergencia y defini\u00f3 la situaci\u00f3n como &#8220;dram\u00e1tica&#8221;. Hasta ahora, el recuento asciente a m\u00e1s de&nbsp;1.400 personas fallecidas y m\u00e1s de 5.000 heridos. El se\u00edsmo ha causado graves da\u00f1os en las infraestructuras, especialmente en&nbsp;las localidades de J\u00e9r\u00e9mie y Les Cayes. Estamos al habla con nuestros compa\u00f1eros y compa\u00f1eras de Fe y Alegr\u00eda y del Servicio Jesuita a Migrantes en Hait\u00ed.&nbsp;Michaud Levelt, S.J., Director Nacional del Servicio Jesuita a Migrantes, nos enviaba esta ma\u00f1ana estas palabras: Desde el terremoto del 12 de enero de 2010, Hait\u00ed experimenta considerables olas de migraci\u00f3n. Sus hijas e hijos, que tienen lo m\u00ednimo, han intentado por todos los medios salir del pa\u00eds. En los [&hellip;]\" \/>\n<meta property=\"og:url\" content=\"https:\/\/www.entreculturas.org\/ca\/noticia\/un-terremoto-sacude-haiti\/\" \/>\n<meta property=\"og:site_name\" content=\"Entreculturas\" \/>\n<meta property=\"article:publisher\" content=\"https:\/\/www.facebook.com\/entreculturas\" \/>\n<meta property=\"article:modified_time\" content=\"2024-02-19T16:50:09+00:00\" \/>\n<meta property=\"og:image\" content=\"https:\/\/www.entreculturas.org\/wp-content\/uploads\/2021\/08\/terremoto-haiti-14082021_0.jpg\" \/>\n\t<meta property=\"og:image:width\" content=\"1055\" \/>\n\t<meta property=\"og:image:height\" content=\"670\" \/>\n\t<meta property=\"og:image:type\" content=\"image\/jpeg\" \/>\n<meta name=\"twitter:card\" content=\"summary_large_image\" \/>\n<meta name=\"twitter:site\" content=\"@Entreculturas\" \/>\n<script type=\"application\/ld+json\" class=\"yoast-schema-graph\">{\"@context\":\"https:\\\/\\\/schema.org\",\"@graph\":[{\"@type\":\"WebPage\",\"@id\":\"https:\\\/\\\/www.entreculturas.org\\\/ca\\\/noticia\\\/un-terremoto-sacude-haiti\\\/\",\"url\":\"https:\\\/\\\/www.entreculturas.org\\\/ca\\\/noticia\\\/un-terremoto-sacude-haiti\\\/\",\"name\":\"Un terremoto de magnitud 7,2 sacude Hait\u00ed - Entreculturas\",\"isPartOf\":{\"@id\":\"https:\\\/\\\/www.entreculturas.org\\\/ca\\\/#website\"},\"primaryImageOfPage\":{\"@id\":\"https:\\\/\\\/www.entreculturas.org\\\/ca\\\/noticia\\\/un-terremoto-sacude-haiti\\\/#primaryimage\"},\"image\":{\"@id\":\"https:\\\/\\\/www.entreculturas.org\\\/ca\\\/noticia\\\/un-terremoto-sacude-haiti\\\/#primaryimage\"},\"thumbnailUrl\":\"https:\\\/\\\/www.entreculturas.org\\\/wp-content\\\/uploads\\\/2021\\\/08\\\/terremoto-haiti-14082021_0.jpg\",\"datePublished\":\"2021-08-15T14:36:37+00:00\",\"dateModified\":\"2024-02-19T16:50:09+00:00\",\"breadcrumb\":{\"@id\":\"https:\\\/\\\/www.entreculturas.org\\\/ca\\\/noticia\\\/un-terremoto-sacude-haiti\\\/#breadcrumb\"},\"inLanguage\":\"ca\",\"potentialAction\":[{\"@type\":\"ReadAction\",\"target\":[\"https:\\\/\\\/www.entreculturas.org\\\/ca\\\/noticia\\\/un-terremoto-sacude-haiti\\\/\"]}]},{\"@type\":\"ImageObject\",\"inLanguage\":\"ca\",\"@id\":\"https:\\\/\\\/www.entreculturas.org\\\/ca\\\/noticia\\\/un-terremoto-sacude-haiti\\\/#primaryimage\",\"url\":\"https:\\\/\\\/www.entreculturas.org\\\/wp-content\\\/uploads\\\/2021\\\/08\\\/terremoto-haiti-14082021_0.jpg\",\"contentUrl\":\"https:\\\/\\\/www.entreculturas.org\\\/wp-content\\\/uploads\\\/2021\\\/08\\\/terremoto-haiti-14082021_0.jpg\",\"width\":1055,\"height\":670,\"caption\":\"terremoto-haiti-14082021\"},{\"@type\":\"BreadcrumbList\",\"@id\":\"https:\\\/\\\/www.entreculturas.org\\\/ca\\\/noticia\\\/un-terremoto-sacude-haiti\\\/#breadcrumb\",\"itemListElement\":[{\"@type\":\"ListItem\",\"position\":1,\"name\":\"Home\",\"item\":\"https:\\\/\\\/www.entreculturas.org\\\/ca\\\/\"},{\"@type\":\"ListItem\",\"position\":2,\"name\":\"Noticias\",\"item\":\"https:\\\/\\\/www.entreculturas.org\\\/ca\\\/noticias\\\/\"},{\"@type\":\"ListItem\",\"position\":3,\"name\":\"Un terremoto de magnitud 7,2 sacude Hait\u00ed\"}]},{\"@type\":\"WebSite\",\"@id\":\"https:\\\/\\\/www.entreculturas.org\\\/ca\\\/#website\",\"url\":\"https:\\\/\\\/www.entreculturas.org\\\/ca\\\/\",\"name\":\"Entreculturas\",\"description\":\"\",\"publisher\":{\"@id\":\"https:\\\/\\\/www.entreculturas.org\\\/ca\\\/#organization\"},\"alternateName\":\"Entreculturas\",\"potentialAction\":[{\"@type\":\"SearchAction\",\"target\":{\"@type\":\"EntryPoint\",\"urlTemplate\":\"https:\\\/\\\/www.entreculturas.org\\\/ca\\\/?s={search_term_string}\"},\"query-input\":{\"@type\":\"PropertyValueSpecification\",\"valueRequired\":true,\"valueName\":\"search_term_string\"}}],\"inLanguage\":\"ca\"},{\"@type\":\"Organization\",\"@id\":\"https:\\\/\\\/www.entreculturas.org\\\/ca\\\/#organization\",\"name\":\"Entreculturas\",\"url\":\"https:\\\/\\\/www.entreculturas.org\\\/ca\\\/\",\"logo\":{\"@type\":\"ImageObject\",\"inLanguage\":\"ca\",\"@id\":\"https:\\\/\\\/www.entreculturas.org\\\/ca\\\/#\\\/schema\\\/logo\\\/image\\\/\",\"url\":\"https:\\\/\\\/www.entreculturas.org\\\/wp-content\\\/uploads\\\/2025\\\/10\\\/ESP.svg\",\"contentUrl\":\"https:\\\/\\\/www.entreculturas.org\\\/wp-content\\\/uploads\\\/2025\\\/10\\\/ESP.svg\",\"caption\":\"Entreculturas\"},\"image\":{\"@id\":\"https:\\\/\\\/www.entreculturas.org\\\/ca\\\/#\\\/schema\\\/logo\\\/image\\\/\"},\"sameAs\":[\"https:\\\/\\\/www.facebook.com\\\/entreculturas\",\"https:\\\/\\\/x.com\\\/Entreculturas\",\"https:\\\/\\\/www.instagram.com\\\/entreculturas\\\/\",\"https:\\\/\\\/www.youtube.com\\\/user\\\/entreculturasvideo\",\"https:\\\/\\\/www.linkedin.com\\\/company\\\/fundacion-entreculturas-ngdo\\\/\",\"https:\\\/\\\/www.flickr.com\\\/photos\\\/98455522@N04\\\/albums\\\/\"]}]}<\/script>\n<!-- \/ Yoast SEO Premium plugin. -->","yoast_head_json":{"title":"Un terremoto de magnitud 7,2 sacude Hait\u00ed - Entreculturas","robots":{"index":"index","follow":"follow","max-snippet":"max-snippet:-1","max-image-preview":"max-image-preview:large","max-video-preview":"max-video-preview:-1"},"canonical":"https:\/\/www.entreculturas.org\/ca\/noticia\/un-terremoto-sacude-haiti\/","og_locale":"ca_ES","og_type":"article","og_title":"Un terremoto de magnitud 7,2 sacude Hait\u00ed","og_description":"El s\u00e1bado 14 de agosto Hait\u00ed volvi\u00f3 a temblar. Un terremoto de magnitud 7,2 seg\u00fan la escala de Richter sacudi\u00f3 el suroeste del pa\u00eds,&nbsp;a 12 kil\u00f3metros de la ciudad de Saint-Louis du Sud.&nbsp; El primer ministro de Hait\u00ed declar\u00f3 el Estado de Emergencia y defini\u00f3 la situaci\u00f3n como &#8220;dram\u00e1tica&#8221;. Hasta ahora, el recuento asciente a m\u00e1s de&nbsp;1.400 personas fallecidas y m\u00e1s de 5.000 heridos. El se\u00edsmo ha causado graves da\u00f1os en las infraestructuras, especialmente en&nbsp;las localidades de J\u00e9r\u00e9mie y Les Cayes. Estamos al habla con nuestros compa\u00f1eros y compa\u00f1eras de Fe y Alegr\u00eda y del Servicio Jesuita a Migrantes en Hait\u00ed.&nbsp;Michaud Levelt, S.J., Director Nacional del Servicio Jesuita a Migrantes, nos enviaba esta ma\u00f1ana estas palabras: Desde el terremoto del 12 de enero de 2010, Hait\u00ed experimenta considerables olas de migraci\u00f3n. Sus hijas e hijos, que tienen lo m\u00ednimo, han intentado por todos los medios salir del pa\u00eds. En los [&hellip;]","og_url":"https:\/\/www.entreculturas.org\/ca\/noticia\/un-terremoto-sacude-haiti\/","og_site_name":"Entreculturas","article_publisher":"https:\/\/www.facebook.com\/entreculturas","article_modified_time":"2024-02-19T16:50:09+00:00","og_image":[{"width":1055,"height":670,"url":"https:\/\/www.entreculturas.org\/wp-content\/uploads\/2021\/08\/terremoto-haiti-14082021_0.jpg","type":"image\/jpeg"}],"twitter_card":"summary_large_image","twitter_site":"@Entreculturas","schema":{"@context":"https:\/\/schema.org","@graph":[{"@type":"WebPage","@id":"https:\/\/www.entreculturas.org\/ca\/noticia\/un-terremoto-sacude-haiti\/","url":"https:\/\/www.entreculturas.org\/ca\/noticia\/un-terremoto-sacude-haiti\/","name":"Un terremoto de magnitud 7,2 sacude Hait\u00ed - Entreculturas","isPartOf":{"@id":"https:\/\/www.entreculturas.org\/ca\/#website"},"primaryImageOfPage":{"@id":"https:\/\/www.entreculturas.org\/ca\/noticia\/un-terremoto-sacude-haiti\/#primaryimage"},"image":{"@id":"https:\/\/www.entreculturas.org\/ca\/noticia\/un-terremoto-sacude-haiti\/#primaryimage"},"thumbnailUrl":"https:\/\/www.entreculturas.org\/wp-content\/uploads\/2021\/08\/terremoto-haiti-14082021_0.jpg","datePublished":"2021-08-15T14:36:37+00:00","dateModified":"2024-02-19T16:50:09+00:00","breadcrumb":{"@id":"https:\/\/www.entreculturas.org\/ca\/noticia\/un-terremoto-sacude-haiti\/#breadcrumb"},"inLanguage":"ca","potentialAction":[{"@type":"ReadAction","target":["https:\/\/www.entreculturas.org\/ca\/noticia\/un-terremoto-sacude-haiti\/"]}]},{"@type":"ImageObject","inLanguage":"ca","@id":"https:\/\/www.entreculturas.org\/ca\/noticia\/un-terremoto-sacude-haiti\/#primaryimage","url":"https:\/\/www.entreculturas.org\/wp-content\/uploads\/2021\/08\/terremoto-haiti-14082021_0.jpg","contentUrl":"https:\/\/www.entreculturas.org\/wp-content\/uploads\/2021\/08\/terremoto-haiti-14082021_0.jpg","width":1055,"height":670,"caption":"terremoto-haiti-14082021"},{"@type":"BreadcrumbList","@id":"https:\/\/www.entreculturas.org\/ca\/noticia\/un-terremoto-sacude-haiti\/#breadcrumb","itemListElement":[{"@type":"ListItem","position":1,"name":"Home","item":"https:\/\/www.entreculturas.org\/ca\/"},{"@type":"ListItem","position":2,"name":"Noticias","item":"https:\/\/www.entreculturas.org\/ca\/noticias\/"},{"@type":"ListItem","position":3,"name":"Un terremoto de magnitud 7,2 sacude Hait\u00ed"}]},{"@type":"WebSite","@id":"https:\/\/www.entreculturas.org\/ca\/#website","url":"https:\/\/www.entreculturas.org\/ca\/","name":"Entreculturas","description":"","publisher":{"@id":"https:\/\/www.entreculturas.org\/ca\/#organization"},"alternateName":"Entreculturas","potentialAction":[{"@type":"SearchAction","target":{"@type":"EntryPoint","urlTemplate":"https:\/\/www.entreculturas.org\/ca\/?s={search_term_string}"},"query-input":{"@type":"PropertyValueSpecification","valueRequired":true,"valueName":"search_term_string"}}],"inLanguage":"ca"},{"@type":"Organization","@id":"https:\/\/www.entreculturas.org\/ca\/#organization","name":"Entreculturas","url":"https:\/\/www.entreculturas.org\/ca\/","logo":{"@type":"ImageObject","inLanguage":"ca","@id":"https:\/\/www.entreculturas.org\/ca\/#\/schema\/logo\/image\/","url":"https:\/\/www.entreculturas.org\/wp-content\/uploads\/2025\/10\/ESP.svg","contentUrl":"https:\/\/www.entreculturas.org\/wp-content\/uploads\/2025\/10\/ESP.svg","caption":"Entreculturas"},"image":{"@id":"https:\/\/www.entreculturas.org\/ca\/#\/schema\/logo\/image\/"},"sameAs":["https:\/\/www.facebook.com\/entreculturas","https:\/\/x.com\/Entreculturas","https:\/\/www.instagram.com\/entreculturas\/","https:\/\/www.youtube.com\/user\/entreculturasvideo","https:\/\/www.linkedin.com\/company\/fundacion-entreculturas-ngdo\/","https:\/\/www.flickr.com\/photos\/98455522@N04\/albums\/"]}]}},"_links":{"self":[{"href":"https:\/\/www.entreculturas.org\/ca\/wp-json\/wp\/v2\/noticia\/6116","targetHints":{"allow":["GET"]}}],"collection":[{"href":"https:\/\/www.entreculturas.org\/ca\/wp-json\/wp\/v2\/noticia"}],"about":[{"href":"https:\/\/www.entreculturas.org\/ca\/wp-json\/wp\/v2\/types\/noticia"}],"wp:featuredmedia":[{"embeddable":true,"href":"https:\/\/www.entreculturas.org\/ca\/wp-json\/wp\/v2\/media\/6115"}],"wp:attachment":[{"href":"https:\/\/www.entreculturas.org\/ca\/wp-json\/wp\/v2\/media?parent=6116"}],"wp:term":[{"taxonomy":"category","embeddable":true,"href":"https:\/\/www.entreculturas.org\/ca\/wp-json\/wp\/v2\/categories?post=6116"},{"taxonomy":"post_tag","embeddable":true,"href":"https:\/\/www.entreculturas.org\/ca\/wp-json\/wp\/v2\/tags?post=6116"},{"taxonomy":"country","embeddable":true,"href":"https:\/\/www.entreculturas.org\/ca\/wp-json\/wp\/v2\/country?post=6116"},{"taxonomy":"cause","embeddable":true,"href":"https:\/\/www.entreculturas.org\/ca\/wp-json\/wp\/v2\/cause?post=6116"}],"curies":[{"name":"wp","href":"https:\/\/api.w.org\/{rel}","templated":true}]}}