{"id":6051,"date":"2021-07-27T09:40:13","date_gmt":"2021-07-27T09:40:13","guid":{"rendered":"https:\/\/entreculturasi.wpenginepowered.com\/?noticias=la-colaboracion-entre-entreculturas-e-inditex-apoyara-mas-de-200000-personas-vulnerables"},"modified":"2024-02-19T17:41:48","modified_gmt":"2024-02-19T16:41:48","slug":"la-colaboracion-entre-entreculturas-e-inditex-apoyara-mas-de-200000-personas-vulnerables","status":"publish","type":"noticia","link":"https:\/\/www.entreculturas.org\/ca\/noticia\/la-colaboracion-entre-entreculturas-e-inditex-apoyara-mas-de-200000-personas-vulnerables\/","title":{"rendered":"La colaboraci\u00f3n entre Entreculturas e Inditex apoyar\u00e1 a m\u00e1s de 200.000 personas vulnerables hasta 2022"},"content":{"rendered":"<p style=\"text-align: justify\">Tras 20 a\u00f1os colaborando para la cooperaci\u00f3n internacional y la promoci\u00f3n de los derechos humanos, Entreculturas e Inditex <a href=\"https:\/\/www.educargeneraoportunidades.org\/\">siguen trabajando de forma conjunta<\/a> para sumar acompa\u00f1amiento y apoyo a las m\u00e1s de un mill\u00f3n de personas en 28 pa\u00edses de Am\u00e9rica Latina, \u00c1frica y Asia que han atendido a lo largo de estos a\u00f1os. Sus programas de cooperaci\u00f3n internacional pretenden promocionar el desarrollo de las personas m\u00e1s vulnerables, reduciendo las desigualdades, las situaciones de violencia y de discriminaci\u00f3n a trav\u00e9s de una educaci\u00f3n integral y de calidad y la respuesta humanitaria.<\/p>\n<p style=\"text-align: justify\">El programa trienal \u201cEducar Personas, Generar Oportunidades\u201d (EPGO) ha sido indudablemente el que ha generado mayor impacto en la vida de estas personas. Despu\u00e9s del gran \u00e9xito de la primera implementaci\u00f3n (2014-2016) y su continuaci\u00f3n (2017-2019), <strong>se encuentran en medio del tercer proyecto, cuyo objetivo consiste en multiplicar las oportunidades hasta 2022 de m\u00e1s de 200.000 personas que viven en contexto de pobreza, exclusi\u00f3n y emergencia humanitaria en diferentes puntos del mundo.&nbsp;<\/strong><\/p>\n<p style=\"text-align: justify\">El programa EPGO III se centra en tres l\u00edneas de trabajo: la Educaci\u00f3n en contextos de violencia y exclusi\u00f3n, Formaci\u00f3n para el Empleo de las personas m\u00e1s vulnerables y Ayuda Humanitaria e Integraci\u00f3n en situaciones de desplazamiento forzoso. \u00c9stas se llevan a cabo en los mismos 11 pa\u00edses que participaron en la segunda edici\u00f3n del programa (M\u00e9xico, Venezuela, Bolivia, Ecuador, Argentina, Brasil, Paraguay, Per\u00fa, Uruguay, L\u00edbano y Sud\u00e1frica). Como novedad, este programa incorpora por primera vez un intenso trabajo en Espa\u00f1a con los colectivos m\u00e1s vulnerables y excluidos, en respuesta a una creciente necesidad de trabajar para la transformaci\u00f3n y la justicia social desde un enfoque de ciudadan\u00eda global.<\/p>\n<p style=\"text-align: justify\">Desafortunadamente, la pandemia provocada por la COVID-19 ha impactado de tal manera que nos ha obligado a todos y a todas a pasar por un proceso de adaptaci\u00f3n y lucha contra los grandes desaf\u00edos que nos hemos ido encontrado por el camino. La pandemia ha visibilizado y agravado aquellas desigualdades ya existentes, ha puesto en valor el cuidado y el apoyo de las personas m\u00e1s necesitadas y ha creado nuevas vulnerabilidades espec\u00edficas de esta nueva situaci\u00f3n. Es por ello que Entreculturas, junto a Inditex, se han visto obligados a analizar el contexto, reflexionar y adaptar gran parte de los proyectos que ya estaban en marcha para dar respuesta a las urgentes necesidades del momento, siendo la atenci\u00f3n a las personas m\u00e1s necesitadas y la flexibilidad sobre d\u00f3nde y en qu\u00e9 se destinan los fondos, una de sus principales virtudes por parte de Inditex. En palabras de <strong>Ram\u00f3n Almansa, Director Ejecutivo de Entreculturas, <\/strong>\u201cInditex ha sido uno de nuestros principales aliados para responder de manera concreta a las necesidades que nos transmit\u00edan las personas a las que atendemos. En un contexto tan cambiante, ha sido fundamental contar con su respaldo para adaptar nuestros proyectos. Gracias a ello hemos podido concentrar nuestros esfuerzos en entender los nuevos retos que trajo la pandemia y responder a ellos\u201d. &nbsp;<\/p>\n<p style=\"text-align: justify\"><span style=\"color:#FF0000\"><strong>Educaci\u00f3n en contextos de violencia y exclusi\u00f3n<\/strong><\/span><\/p>\n<p style=\"text-align: justify\">La educaci\u00f3n ha sido uno de los sectores m\u00e1s afectados por la pandemia de la COVID-19. El futuro de 1.500 millones de alumnos y alumnas de diferentes partes del mundo se ha puesto en riesgo por el cierre de las escuelas y la interrupci\u00f3n de su aprendizaje, ya que se trata de un derecho humano fundamental que repercute por completo en el desarrollo de su vida. La escuela no s\u00f3lo es un espacio de aprendizaje, sino tambi\u00e9n un espacio de protecci\u00f3n y seguridad alimentaria para aquellos ni\u00f1os, ni\u00f1as y adolescentes cuyo contexto se encuentra en situaciones de violencia dom\u00e9stica, explotaci\u00f3n infantil o extrema pobreza.&nbsp;<\/p>\n<p style=\"text-align: justify\">La propuesta del programa EPGO III se basa en un<strong> acompa\u00f1amiento personalizado a un total de 12.713 personas<\/strong> a trav\u00e9s de actividades como lectura, talleres art\u00edsticos, refuerzo escolar o capacitaci\u00f3n digital. Adem\u00e1s de fomentar la convivencia en los centros educativos promocionando valores en igualdad, h\u00e1bitos saludables y educaci\u00f3n emocional, tanto a los ni\u00f1os, ni\u00f1as y adolescentes como a sus familiares.<\/p>\n<p style=\"text-align: justify\">Con la irrupci\u00f3n de la COVID-19, centros como el de Fe y Alegr\u00eda Argentina, organizaci\u00f3n socia de Entreculturas, han conseguido superar y reducir el impacto de la pandemia en el derecho a la educaci\u00f3n. \u201cHe aprendido el valor de la fortaleza espiritual y comunitaria para hacer frente a las dificultades\u201d, expone <strong>Silvia Argota, directora de secundaria del colegio Fe y Alegr\u00eda del barrio Solidaridad, en Salta Capital.&nbsp;<\/strong><\/p>\n<p style=\"text-align: justify\">Muchas familias del pa\u00eds no disponen de conexi\u00f3n a Internet ni de recursos suficientes para poder seguir con la educaci\u00f3n a distancia. Frente a esta situaci\u00f3n, se han destinado parte de los recursos del proyecto en llamadas telef\u00f3nicas y visitas domiciliarias a esas familias m\u00e1s necesitadas y a la creaci\u00f3n de una plataforma educativa que permite al equipo docente seguir con la ense\u00f1anza y a acompa\u00f1arlos en todo momento durante el proceso de adaptaci\u00f3n.<strong> Gustavo Calder\u00f3n, alumno egresado del colegio Fe y Alegr\u00eda en Solidaridad,<\/strong> regala estas inspiradoras palabras: \u201cA pesar de las barreras que surgieron, hoy estamos aqu\u00ed: guerreros y guerreras que lucharon hasta el final\u201d.<\/p>\n<p style=\"text-align: justify\">\n<p style=\"text-align: justify\"><span style=\"color:#FF0000\"><strong>Formaci\u00f3n para el Empleo de las personas m\u00e1s vulnerables<\/strong><\/span><\/p>\n<p style=\"text-align: justify\">Otro de los sectores m\u00e1s afectados por la pandemia ha sido el laboral, poniendo en riesgo de pobreza a millones de personas en el mundo, ya sea por la falta de formaci\u00f3n como por el contexto en que se encuentran. Por eso, a trav\u00e9s del proyecto EPGO III, Entreculturas e Inditex buscan mejorar las <strong>oportunidades laborales de las 27.461 personas beneficiarias<\/strong>, no s\u00f3lo como lucha contra la pobreza, sino tambi\u00e9n como herramienta de cohesi\u00f3n social, motivaci\u00f3n de la juventud, prevenci\u00f3n de la violencia y, por supuesto, para lograr un desarrollo personal que conduzca a unas condiciones de trabajo dignas.<\/p>\n<p style=\"text-align: justify\">Uno de los programas que se ha financiado y apoyado bajo el paraguas de EPGO III es la empresa \u2018Ellas lo Bordan\u2019, en Madrid. Se trata de una iniciativa de inserci\u00f3n laboral a mujeres en situaciones de vulnerabilidad encargadas de elaborar distintos materiales de tela como mascarillas y bolsas. \u201cEl empleo es clave para que las mujeres se empoderen, desarrollen su autonom\u00eda y puedan salir adelante\u201d, comenta Cristina, jefa del taller. \u201cEs b\u00e1sico para la igualdad de oportunidades\u201d, a\u00f1ade.&nbsp;<\/p>\n<p style=\"text-align: justify\">\u2018Ellas lo Bordan&#8221; es ejemplo de proyecto que enfatiza el papel de las mujeres en el mundo laboral, como s\u00edmbolo de denuncia hacia las desigualdades a\u00fan existentes que las sit\u00faa en puestos de trabajo vulnerables, menor sueldo y mayor probabilidad de estar empleadas en el sector informal.<\/p>\n<p style=\"text-align: justify\"><span style=\"color:#FF0000\"><strong>Ayuda Humanitaria e Integraci\u00f3n en situaciones de desplazamiento forzoso<\/strong><\/span><\/p>\n<p style=\"text-align: justify\">La crisis sanitaria por la que estamos pasando prolonga el resto de crisis ya existentes en el mundo como en la que se encuentran miles de personas refugiadas que se han visto obligadas a huir de la guerra, la violencia o la pobreza extrema. Pablo Funes, coordinador de Cooperaci\u00f3n Internacional de Entreculturas, recuerda que el 3,6 % (280,6 millones) de la poblaci\u00f3n mundial reside en un pa\u00eds distinto al de nacimiento, \u201centre quienes 79,5 millones son personas que se han visto forzadas a abandonar su pa\u00eds\u201d.&nbsp;<\/p>\n<p style=\"text-align: justify\">Tal y como hemos presenciado, si ya de por s\u00ed los pa\u00edses desarrollados se han mostrado d\u00e9biles frente a esta situaci\u00f3n de la COVID-19, la capacidad de respuesta escasea a\u00fan m\u00e1s en los pa\u00edses cuyos sistemas sanitarios y socio-econ\u00f3micos eran ya d\u00e9biles. Como en L\u00edbano, uno de los pa\u00edses que acoge a m\u00e1s personas refugiadas, solicitantes de asilo, migrantes o familias en contextos de crisis prolongadas que buscan nuevas oportunidades de vida.<\/p>\n<p style=\"text-align: justify\">\u201cEs absolutamente necesario recuperar el tiempo perdido durante el conflicto y desplazamiento, facilitando el acceso al aprendizaje, el juego y un presente y futuro dignos para todos y todas\u201d, comparte<strong> Rania, profesora en la escuela de Al Tayaani en L\u00edbano.<\/strong> Por ello, a trav\u00e9s del programa EPGO III se tiene por objetivo <strong>ofrecer ayuda humanitaria a 159.919 personas<\/strong> a fin de que puedan mejorar sus ingresos, su proceso de integraci\u00f3n y su situaci\u00f3n legal, as\u00ed como garantizar una atenci\u00f3n psicosocial poniendo siempre el foco en los Derechos Humanos, de las cuales m\u00e1s cerca de 3.500 viven en L\u00edbano.<\/p>\n<p style=\"text-align: justify\">Tras la pandemia, el proyecto continuar\u00e1 dando respuesta educativa a estudiantes menores que viven en asentamientos informales de refugiados y brindando procesos de aprendizajes centrados en el desarrollo individual, el empoderamiento y en la conciliaci\u00f3n de un futuro digno y lejos de la violencia.<\/p>\n","protected":false},"excerpt":{"rendered":"<p>Tras 20 a\u00f1os colaborando para la cooperaci\u00f3n internacional y la promoci\u00f3n de los derechos humanos, Entreculturas e Inditex siguen trabajando de forma conjunta para sumar acompa\u00f1amiento y apoyo a las m\u00e1s de un mill\u00f3n de personas en 28 pa\u00edses de Am\u00e9rica Latina, \u00c1frica y Asia que han atendido a lo largo de estos a\u00f1os. <\/p>\n","protected":false},"featured_media":6050,"template":"single-noticia","meta":{"_acf_changed":false},"categories":[7],"tags":[196],"country":[],"cause":[128],"class_list":["post-6051","noticia","type-noticia","status-publish","has-post-thumbnail","hentry","category-noticia","tag-rsc","cause-educacion"],"acf":[],"yoast_head":"<!-- This site is optimized with the Yoast SEO Premium plugin v21.6 (Yoast SEO v27.5) - https:\/\/yoast.com\/product\/yoast-seo-premium-wordpress\/ -->\n<title>La colaboraci\u00f3n entre Entreculturas e Inditex apoyar\u00e1 a m\u00e1s de 200.000 personas vulnerables hasta 2022 - Entreculturas<\/title>\n<meta name=\"robots\" content=\"index, follow, max-snippet:-1, max-image-preview:large, max-video-preview:-1\" \/>\n<link rel=\"canonical\" href=\"https:\/\/www.entreculturas.org\/ca\/noticia\/la-colaboracion-entre-entreculturas-e-inditex-apoyara-mas-de-200000-personas-vulnerables\/\" \/>\n<meta property=\"og:locale\" content=\"ca_ES\" \/>\n<meta property=\"og:type\" content=\"article\" \/>\n<meta property=\"og:title\" content=\"La colaboraci\u00f3n entre Entreculturas e Inditex apoyar\u00e1 a m\u00e1s de 200.000 personas vulnerables hasta 2022\" \/>\n<meta property=\"og:description\" content=\"Tras 20 a\u00f1os colaborando para la cooperaci\u00f3n internacional y la promoci\u00f3n de los derechos humanos, Entreculturas e Inditex siguen trabajando de forma conjunta para sumar acompa\u00f1amiento y apoyo a las m\u00e1s de un mill\u00f3n de personas en 28 pa\u00edses de Am\u00e9rica Latina, \u00c1frica y Asia que han atendido a lo largo de estos a\u00f1os.\" \/>\n<meta property=\"og:url\" content=\"https:\/\/www.entreculturas.org\/ca\/noticia\/la-colaboracion-entre-entreculturas-e-inditex-apoyara-mas-de-200000-personas-vulnerables\/\" \/>\n<meta property=\"og:site_name\" content=\"Entreculturas\" \/>\n<meta property=\"article:publisher\" content=\"https:\/\/www.facebook.com\/entreculturas\" \/>\n<meta property=\"article:modified_time\" content=\"2024-02-19T16:41:48+00:00\" \/>\n<meta property=\"og:image\" content=\"https:\/\/www.entreculturas.org\/wp-content\/uploads\/2021\/07\/nadine_malli_1.jpg\" \/>\n\t<meta property=\"og:image:width\" content=\"800\" \/>\n\t<meta property=\"og:image:height\" content=\"533\" \/>\n\t<meta property=\"og:image:type\" content=\"image\/jpeg\" \/>\n<meta name=\"twitter:card\" content=\"summary_large_image\" \/>\n<meta name=\"twitter:site\" content=\"@Entreculturas\" \/>\n<script type=\"application\/ld+json\" class=\"yoast-schema-graph\">{\"@context\":\"https:\\\/\\\/schema.org\",\"@graph\":[{\"@type\":\"WebPage\",\"@id\":\"https:\\\/\\\/www.entreculturas.org\\\/ca\\\/noticia\\\/la-colaboracion-entre-entreculturas-e-inditex-apoyara-mas-de-200000-personas-vulnerables\\\/\",\"url\":\"https:\\\/\\\/www.entreculturas.org\\\/ca\\\/noticia\\\/la-colaboracion-entre-entreculturas-e-inditex-apoyara-mas-de-200000-personas-vulnerables\\\/\",\"name\":\"La colaboraci\u00f3n entre Entreculturas e Inditex apoyar\u00e1 a m\u00e1s de 200.000 personas vulnerables hasta 2022 - Entreculturas\",\"isPartOf\":{\"@id\":\"https:\\\/\\\/www.entreculturas.org\\\/ca\\\/#website\"},\"primaryImageOfPage\":{\"@id\":\"https:\\\/\\\/www.entreculturas.org\\\/ca\\\/noticia\\\/la-colaboracion-entre-entreculturas-e-inditex-apoyara-mas-de-200000-personas-vulnerables\\\/#primaryimage\"},\"image\":{\"@id\":\"https:\\\/\\\/www.entreculturas.org\\\/ca\\\/noticia\\\/la-colaboracion-entre-entreculturas-e-inditex-apoyara-mas-de-200000-personas-vulnerables\\\/#primaryimage\"},\"thumbnailUrl\":\"https:\\\/\\\/www.entreculturas.org\\\/wp-content\\\/uploads\\\/2021\\\/07\\\/nadine_malli_1.jpg\",\"datePublished\":\"2021-07-27T09:40:13+00:00\",\"dateModified\":\"2024-02-19T16:41:48+00:00\",\"breadcrumb\":{\"@id\":\"https:\\\/\\\/www.entreculturas.org\\\/ca\\\/noticia\\\/la-colaboracion-entre-entreculturas-e-inditex-apoyara-mas-de-200000-personas-vulnerables\\\/#breadcrumb\"},\"inLanguage\":\"ca\",\"potentialAction\":[{\"@type\":\"ReadAction\",\"target\":[\"https:\\\/\\\/www.entreculturas.org\\\/ca\\\/noticia\\\/la-colaboracion-entre-entreculturas-e-inditex-apoyara-mas-de-200000-personas-vulnerables\\\/\"]}]},{\"@type\":\"ImageObject\",\"inLanguage\":\"ca\",\"@id\":\"https:\\\/\\\/www.entreculturas.org\\\/ca\\\/noticia\\\/la-colaboracion-entre-entreculturas-e-inditex-apoyara-mas-de-200000-personas-vulnerables\\\/#primaryimage\",\"url\":\"https:\\\/\\\/www.entreculturas.org\\\/wp-content\\\/uploads\\\/2021\\\/07\\\/nadine_malli_1.jpg\",\"contentUrl\":\"https:\\\/\\\/www.entreculturas.org\\\/wp-content\\\/uploads\\\/2021\\\/07\\\/nadine_malli_1.jpg\",\"width\":800,\"height\":533},{\"@type\":\"BreadcrumbList\",\"@id\":\"https:\\\/\\\/www.entreculturas.org\\\/ca\\\/noticia\\\/la-colaboracion-entre-entreculturas-e-inditex-apoyara-mas-de-200000-personas-vulnerables\\\/#breadcrumb\",\"itemListElement\":[{\"@type\":\"ListItem\",\"position\":1,\"name\":\"Home\",\"item\":\"https:\\\/\\\/www.entreculturas.org\\\/ca\\\/\"},{\"@type\":\"ListItem\",\"position\":2,\"name\":\"Noticias\",\"item\":\"https:\\\/\\\/www.entreculturas.org\\\/ca\\\/noticias\\\/\"},{\"@type\":\"ListItem\",\"position\":3,\"name\":\"La colaboraci\u00f3n entre Entreculturas e Inditex apoyar\u00e1 a m\u00e1s de 200.000 personas vulnerables hasta 2022\"}]},{\"@type\":\"WebSite\",\"@id\":\"https:\\\/\\\/www.entreculturas.org\\\/ca\\\/#website\",\"url\":\"https:\\\/\\\/www.entreculturas.org\\\/ca\\\/\",\"name\":\"Entreculturas\",\"description\":\"\",\"publisher\":{\"@id\":\"https:\\\/\\\/www.entreculturas.org\\\/ca\\\/#organization\"},\"alternateName\":\"Entreculturas\",\"potentialAction\":[{\"@type\":\"SearchAction\",\"target\":{\"@type\":\"EntryPoint\",\"urlTemplate\":\"https:\\\/\\\/www.entreculturas.org\\\/ca\\\/?s={search_term_string}\"},\"query-input\":{\"@type\":\"PropertyValueSpecification\",\"valueRequired\":true,\"valueName\":\"search_term_string\"}}],\"inLanguage\":\"ca\"},{\"@type\":\"Organization\",\"@id\":\"https:\\\/\\\/www.entreculturas.org\\\/ca\\\/#organization\",\"name\":\"Entreculturas\",\"url\":\"https:\\\/\\\/www.entreculturas.org\\\/ca\\\/\",\"logo\":{\"@type\":\"ImageObject\",\"inLanguage\":\"ca\",\"@id\":\"https:\\\/\\\/www.entreculturas.org\\\/ca\\\/#\\\/schema\\\/logo\\\/image\\\/\",\"url\":\"https:\\\/\\\/www.entreculturas.org\\\/wp-content\\\/uploads\\\/2025\\\/10\\\/ESP.svg\",\"contentUrl\":\"https:\\\/\\\/www.entreculturas.org\\\/wp-content\\\/uploads\\\/2025\\\/10\\\/ESP.svg\",\"caption\":\"Entreculturas\"},\"image\":{\"@id\":\"https:\\\/\\\/www.entreculturas.org\\\/ca\\\/#\\\/schema\\\/logo\\\/image\\\/\"},\"sameAs\":[\"https:\\\/\\\/www.facebook.com\\\/entreculturas\",\"https:\\\/\\\/x.com\\\/Entreculturas\",\"https:\\\/\\\/www.instagram.com\\\/entreculturas\\\/\",\"https:\\\/\\\/www.youtube.com\\\/user\\\/entreculturasvideo\",\"https:\\\/\\\/www.linkedin.com\\\/company\\\/fundacion-entreculturas-ngdo\\\/\",\"https:\\\/\\\/www.flickr.com\\\/photos\\\/98455522@N04\\\/albums\\\/\"]}]}<\/script>\n<!-- \/ Yoast SEO Premium plugin. -->","yoast_head_json":{"title":"La colaboraci\u00f3n entre Entreculturas e Inditex apoyar\u00e1 a m\u00e1s de 200.000 personas vulnerables hasta 2022 - Entreculturas","robots":{"index":"index","follow":"follow","max-snippet":"max-snippet:-1","max-image-preview":"max-image-preview:large","max-video-preview":"max-video-preview:-1"},"canonical":"https:\/\/www.entreculturas.org\/ca\/noticia\/la-colaboracion-entre-entreculturas-e-inditex-apoyara-mas-de-200000-personas-vulnerables\/","og_locale":"ca_ES","og_type":"article","og_title":"La colaboraci\u00f3n entre Entreculturas e Inditex apoyar\u00e1 a m\u00e1s de 200.000 personas vulnerables hasta 2022","og_description":"Tras 20 a\u00f1os colaborando para la cooperaci\u00f3n internacional y la promoci\u00f3n de los derechos humanos, Entreculturas e Inditex siguen trabajando de forma conjunta para sumar acompa\u00f1amiento y apoyo a las m\u00e1s de un mill\u00f3n de personas en 28 pa\u00edses de Am\u00e9rica Latina, \u00c1frica y Asia que han atendido a lo largo de estos a\u00f1os.","og_url":"https:\/\/www.entreculturas.org\/ca\/noticia\/la-colaboracion-entre-entreculturas-e-inditex-apoyara-mas-de-200000-personas-vulnerables\/","og_site_name":"Entreculturas","article_publisher":"https:\/\/www.facebook.com\/entreculturas","article_modified_time":"2024-02-19T16:41:48+00:00","og_image":[{"width":800,"height":533,"url":"https:\/\/www.entreculturas.org\/wp-content\/uploads\/2021\/07\/nadine_malli_1.jpg","type":"image\/jpeg"}],"twitter_card":"summary_large_image","twitter_site":"@Entreculturas","schema":{"@context":"https:\/\/schema.org","@graph":[{"@type":"WebPage","@id":"https:\/\/www.entreculturas.org\/ca\/noticia\/la-colaboracion-entre-entreculturas-e-inditex-apoyara-mas-de-200000-personas-vulnerables\/","url":"https:\/\/www.entreculturas.org\/ca\/noticia\/la-colaboracion-entre-entreculturas-e-inditex-apoyara-mas-de-200000-personas-vulnerables\/","name":"La colaboraci\u00f3n entre Entreculturas e Inditex apoyar\u00e1 a m\u00e1s de 200.000 personas vulnerables hasta 2022 - Entreculturas","isPartOf":{"@id":"https:\/\/www.entreculturas.org\/ca\/#website"},"primaryImageOfPage":{"@id":"https:\/\/www.entreculturas.org\/ca\/noticia\/la-colaboracion-entre-entreculturas-e-inditex-apoyara-mas-de-200000-personas-vulnerables\/#primaryimage"},"image":{"@id":"https:\/\/www.entreculturas.org\/ca\/noticia\/la-colaboracion-entre-entreculturas-e-inditex-apoyara-mas-de-200000-personas-vulnerables\/#primaryimage"},"thumbnailUrl":"https:\/\/www.entreculturas.org\/wp-content\/uploads\/2021\/07\/nadine_malli_1.jpg","datePublished":"2021-07-27T09:40:13+00:00","dateModified":"2024-02-19T16:41:48+00:00","breadcrumb":{"@id":"https:\/\/www.entreculturas.org\/ca\/noticia\/la-colaboracion-entre-entreculturas-e-inditex-apoyara-mas-de-200000-personas-vulnerables\/#breadcrumb"},"inLanguage":"ca","potentialAction":[{"@type":"ReadAction","target":["https:\/\/www.entreculturas.org\/ca\/noticia\/la-colaboracion-entre-entreculturas-e-inditex-apoyara-mas-de-200000-personas-vulnerables\/"]}]},{"@type":"ImageObject","inLanguage":"ca","@id":"https:\/\/www.entreculturas.org\/ca\/noticia\/la-colaboracion-entre-entreculturas-e-inditex-apoyara-mas-de-200000-personas-vulnerables\/#primaryimage","url":"https:\/\/www.entreculturas.org\/wp-content\/uploads\/2021\/07\/nadine_malli_1.jpg","contentUrl":"https:\/\/www.entreculturas.org\/wp-content\/uploads\/2021\/07\/nadine_malli_1.jpg","width":800,"height":533},{"@type":"BreadcrumbList","@id":"https:\/\/www.entreculturas.org\/ca\/noticia\/la-colaboracion-entre-entreculturas-e-inditex-apoyara-mas-de-200000-personas-vulnerables\/#breadcrumb","itemListElement":[{"@type":"ListItem","position":1,"name":"Home","item":"https:\/\/www.entreculturas.org\/ca\/"},{"@type":"ListItem","position":2,"name":"Noticias","item":"https:\/\/www.entreculturas.org\/ca\/noticias\/"},{"@type":"ListItem","position":3,"name":"La colaboraci\u00f3n entre Entreculturas e Inditex apoyar\u00e1 a m\u00e1s de 200.000 personas vulnerables hasta 2022"}]},{"@type":"WebSite","@id":"https:\/\/www.entreculturas.org\/ca\/#website","url":"https:\/\/www.entreculturas.org\/ca\/","name":"Entreculturas","description":"","publisher":{"@id":"https:\/\/www.entreculturas.org\/ca\/#organization"},"alternateName":"Entreculturas","potentialAction":[{"@type":"SearchAction","target":{"@type":"EntryPoint","urlTemplate":"https:\/\/www.entreculturas.org\/ca\/?s={search_term_string}"},"query-input":{"@type":"PropertyValueSpecification","valueRequired":true,"valueName":"search_term_string"}}],"inLanguage":"ca"},{"@type":"Organization","@id":"https:\/\/www.entreculturas.org\/ca\/#organization","name":"Entreculturas","url":"https:\/\/www.entreculturas.org\/ca\/","logo":{"@type":"ImageObject","inLanguage":"ca","@id":"https:\/\/www.entreculturas.org\/ca\/#\/schema\/logo\/image\/","url":"https:\/\/www.entreculturas.org\/wp-content\/uploads\/2025\/10\/ESP.svg","contentUrl":"https:\/\/www.entreculturas.org\/wp-content\/uploads\/2025\/10\/ESP.svg","caption":"Entreculturas"},"image":{"@id":"https:\/\/www.entreculturas.org\/ca\/#\/schema\/logo\/image\/"},"sameAs":["https:\/\/www.facebook.com\/entreculturas","https:\/\/x.com\/Entreculturas","https:\/\/www.instagram.com\/entreculturas\/","https:\/\/www.youtube.com\/user\/entreculturasvideo","https:\/\/www.linkedin.com\/company\/fundacion-entreculturas-ngdo\/","https:\/\/www.flickr.com\/photos\/98455522@N04\/albums\/"]}]}},"_links":{"self":[{"href":"https:\/\/www.entreculturas.org\/ca\/wp-json\/wp\/v2\/noticia\/6051","targetHints":{"allow":["GET"]}}],"collection":[{"href":"https:\/\/www.entreculturas.org\/ca\/wp-json\/wp\/v2\/noticia"}],"about":[{"href":"https:\/\/www.entreculturas.org\/ca\/wp-json\/wp\/v2\/types\/noticia"}],"wp:featuredmedia":[{"embeddable":true,"href":"https:\/\/www.entreculturas.org\/ca\/wp-json\/wp\/v2\/media\/6050"}],"wp:attachment":[{"href":"https:\/\/www.entreculturas.org\/ca\/wp-json\/wp\/v2\/media?parent=6051"}],"wp:term":[{"taxonomy":"category","embeddable":true,"href":"https:\/\/www.entreculturas.org\/ca\/wp-json\/wp\/v2\/categories?post=6051"},{"taxonomy":"post_tag","embeddable":true,"href":"https:\/\/www.entreculturas.org\/ca\/wp-json\/wp\/v2\/tags?post=6051"},{"taxonomy":"country","embeddable":true,"href":"https:\/\/www.entreculturas.org\/ca\/wp-json\/wp\/v2\/country?post=6051"},{"taxonomy":"cause","embeddable":true,"href":"https:\/\/www.entreculturas.org\/ca\/wp-json\/wp\/v2\/cause?post=6051"}],"curies":[{"name":"wp","href":"https:\/\/api.w.org\/{rel}","templated":true}]}}