{"id":6008,"date":"2021-07-07T07:23:25","date_gmt":"2021-07-07T07:23:25","guid":{"rendered":"https:\/\/entreculturasi.wpenginepowered.com\/?noticias=brasil-acogida-y-dignidad-para-las-personas-migrantes-y-refugiadas-en-boa-vista"},"modified":"2024-02-19T17:36:37","modified_gmt":"2024-02-19T16:36:37","slug":"brasil-acogida-y-dignidad-para-las-personas-migrantes-y-refugiadas-en-boa-vista","status":"publish","type":"noticia","link":"https:\/\/www.entreculturas.org\/ca\/noticia\/brasil-acogida-y-dignidad-para-las-personas-migrantes-y-refugiadas-en-boa-vista\/","title":{"rendered":"Brasil: acogida y dignidad para las personas migrantes y refugiadas en Boa Vista"},"content":{"rendered":"<p>El pasado 20 de junio, D\u00eda Mundial de las Personas Refugiadas,&nbsp;conocimos las \u00faltimas cifras de refugio en el mundo, corroborando la tendencia al alza de los venezolanos y venezolanas que dejan su pa\u00eds de manera forzosa. 4 millones viven fuera de sus pa\u00edses, cifra a la que hay que sumar las personas solicitantes de asilo y refugiadas. En total, <strong>se calcula que hay 5,4 millones de migrantes y refugiados\/as venezolanos.<\/strong><\/p>\n<p>Las ciudades que quedan en los l\u00edmites fronterizos de Venezuela son las que m\u00e1s flujo migratorio reciben. Boa Vista, en el Estado brasile\u00f1o de Roraima, es una de ellas. En esta ciudad de cerca de 350 mil habitantes se estima que viven m\u00e1s de 45.000 venezolanos\/as, de los cuales <strong>m\u00e1s de 2.000 viven en situaci\u00f3n de calle<\/strong>, entre ellos, menores y j\u00f3venes.<\/p>\n<p>Ante esta realidad,<strong> junto a Fe y Alegr\u00eda Brasil hemos puesto en marcha un proyecto de acci\u00f3n humanitaria y asistencia social y educativa<\/strong> dirigido a la poblaci\u00f3n migrante y refugiada venezolana en Boa Vista. Fruto de esta intervenci\u00f3n ha sido la reciente inauguraci\u00f3n de la <strong>Casa de Passagem Pe. Jos\u00e9 Maria V\u00e9laz, SJ,<\/strong> un albergue que no solo ofrece un espacio seguro donde dormir y donde acceder a una alimentaci\u00f3n completa, sino que brinda otros servicios b\u00e1sicos como son internet, transporte local, actividades socioeducativas y de prevenci\u00f3n de riesgos.<\/p>\n<\/p>\n<p>La Casa de Passagem, que ha sido posible gracias al trabajo y la colaboraci\u00f3n con el Servicio Jesuita a Migrantes y Refugiados (SJMR Brasil) y al apoyo de la Di\u00f3cesis de Rottenburg, tiene la <strong>capacidad para acoger a 100 personas (50 mujeres y 50 hombres) entre adultos\/as y ni\u00f1os\/as<\/strong>. El albergue est\u00e1 pensado, sobre todo, para dar un espacio a aquellas personas en proceso de interiorizaci\u00f3n, es decir, para las que Boa Vista es un lugar de paso. En \u00e9l pueden consolidar sus v\u00ednculos familiares y tener un primer contacto con la sociedad de acogida antes de emprender su viaje hacia su lugar de destino.&nbsp;<\/p>\n<p><span style=\"color:#FF0000\"><strong>Otras l\u00edneas de trabajo<\/strong><\/span><\/p>\n<p>Nuestro proyecto de asistencia humanitaria ofrece tambi\u00e9n educaci\u00f3n no formal y asistencia social a ni\u00f1os y ni\u00f1as de 6 a 12 a\u00f1os. Asimismo, contempla la atenci\u00f3n a j\u00f3venes y adolescentes en las instalaciones del SJMR (con capacidad para atender a 40 j\u00f3venes al d\u00eda).&nbsp;<\/p>\n<p>En paralelo, tambi\u00e9n estamos t<strong>rabajando para cubrir las necesidades de alimentaci\u00f3n e higiene<\/strong> de la poblaci\u00f3n migrante y refugiada venezolana, <strong>necesidades que se han visto incrementadas por la crisis de la COVID-19.<\/strong><\/p>\n<p>En total, el proyecto contempla atender a 790 personas que van a encontrar acogida, acompa\u00f1amiento y, en definitiva, dignidad humana en una situaci\u00f3n de gran vulnerabilidad.<\/p>\n","protected":false},"excerpt":{"rendered":"<p>Junto a Fe y Alegr\u00eda Brasil hemos puesto en marcha un proyecto de acci\u00f3n humanitaria y asistencia social y educativa dirigido a la poblaci\u00f3n migrante y refugiada venezolana en Boa Vista. Fruto de esta intervenci\u00f3n ha sido la reciente inauguraci\u00f3n de la Casa de Passagem Pe. Jos\u00e9 Maria V\u00e9laz, SJ.<\/p>\n","protected":false},"featured_media":6007,"template":"single-noticia","meta":{"_acf_changed":false},"categories":[7],"tags":[10],"country":[117],"cause":[129],"class_list":["post-6008","noticia","type-noticia","status-publish","has-post-thumbnail","hentry","category-noticia","tag-migracion-y-refugio","country-brasil","cause-migracion-y-refugio"],"acf":[],"yoast_head":"<!-- This site is optimized with the Yoast SEO Premium plugin v21.6 (Yoast SEO v27.5) - https:\/\/yoast.com\/product\/yoast-seo-premium-wordpress\/ -->\n<title>Brasil: acogida y dignidad para las personas migrantes y refugiadas en Boa Vista - Entreculturas<\/title>\n<meta name=\"robots\" content=\"index, follow, max-snippet:-1, max-image-preview:large, max-video-preview:-1\" \/>\n<link rel=\"canonical\" href=\"https:\/\/www.entreculturas.org\/ca\/noticia\/brasil-acogida-y-dignidad-para-las-personas-migrantes-y-refugiadas-en-boa-vista\/\" \/>\n<meta property=\"og:locale\" content=\"ca_ES\" \/>\n<meta property=\"og:type\" content=\"article\" \/>\n<meta property=\"og:title\" content=\"Brasil: acogida y dignidad para las personas migrantes y refugiadas en Boa Vista\" \/>\n<meta property=\"og:description\" content=\"Junto a Fe y Alegr\u00eda Brasil hemos puesto en marcha un proyecto de acci\u00f3n humanitaria y asistencia social y educativa dirigido a la poblaci\u00f3n migrante y refugiada venezolana en Boa Vista. Fruto de esta intervenci\u00f3n ha sido la reciente inauguraci\u00f3n de la Casa de Passagem Pe. Jos\u00e9 Maria V\u00e9laz, SJ.\" \/>\n<meta property=\"og:url\" content=\"https:\/\/www.entreculturas.org\/ca\/noticia\/brasil-acogida-y-dignidad-para-las-personas-migrantes-y-refugiadas-en-boa-vista\/\" \/>\n<meta property=\"og:site_name\" content=\"Entreculturas\" \/>\n<meta property=\"article:publisher\" content=\"https:\/\/www.facebook.com\/entreculturas\" \/>\n<meta property=\"article:modified_time\" content=\"2024-02-19T16:36:37+00:00\" \/>\n<meta property=\"og:image\" content=\"https:\/\/www.entreculturas.org\/wp-content\/uploads\/2021\/07\/img_2275.jpg\" \/>\n\t<meta property=\"og:image:width\" content=\"1200\" \/>\n\t<meta property=\"og:image:height\" content=\"838\" \/>\n\t<meta property=\"og:image:type\" content=\"image\/jpeg\" \/>\n<meta name=\"twitter:card\" content=\"summary_large_image\" \/>\n<meta name=\"twitter:site\" content=\"@Entreculturas\" \/>\n<script type=\"application\/ld+json\" class=\"yoast-schema-graph\">{\"@context\":\"https:\\\/\\\/schema.org\",\"@graph\":[{\"@type\":\"WebPage\",\"@id\":\"https:\\\/\\\/www.entreculturas.org\\\/ca\\\/noticia\\\/brasil-acogida-y-dignidad-para-las-personas-migrantes-y-refugiadas-en-boa-vista\\\/\",\"url\":\"https:\\\/\\\/www.entreculturas.org\\\/ca\\\/noticia\\\/brasil-acogida-y-dignidad-para-las-personas-migrantes-y-refugiadas-en-boa-vista\\\/\",\"name\":\"Brasil: acogida y dignidad para las personas migrantes y refugiadas en Boa Vista - Entreculturas\",\"isPartOf\":{\"@id\":\"https:\\\/\\\/www.entreculturas.org\\\/ca\\\/#website\"},\"primaryImageOfPage\":{\"@id\":\"https:\\\/\\\/www.entreculturas.org\\\/ca\\\/noticia\\\/brasil-acogida-y-dignidad-para-las-personas-migrantes-y-refugiadas-en-boa-vista\\\/#primaryimage\"},\"image\":{\"@id\":\"https:\\\/\\\/www.entreculturas.org\\\/ca\\\/noticia\\\/brasil-acogida-y-dignidad-para-las-personas-migrantes-y-refugiadas-en-boa-vista\\\/#primaryimage\"},\"thumbnailUrl\":\"https:\\\/\\\/www.entreculturas.org\\\/wp-content\\\/uploads\\\/2021\\\/07\\\/img_2275.jpg\",\"datePublished\":\"2021-07-07T07:23:25+00:00\",\"dateModified\":\"2024-02-19T16:36:37+00:00\",\"breadcrumb\":{\"@id\":\"https:\\\/\\\/www.entreculturas.org\\\/ca\\\/noticia\\\/brasil-acogida-y-dignidad-para-las-personas-migrantes-y-refugiadas-en-boa-vista\\\/#breadcrumb\"},\"inLanguage\":\"ca\",\"potentialAction\":[{\"@type\":\"ReadAction\",\"target\":[\"https:\\\/\\\/www.entreculturas.org\\\/ca\\\/noticia\\\/brasil-acogida-y-dignidad-para-las-personas-migrantes-y-refugiadas-en-boa-vista\\\/\"]}]},{\"@type\":\"ImageObject\",\"inLanguage\":\"ca\",\"@id\":\"https:\\\/\\\/www.entreculturas.org\\\/ca\\\/noticia\\\/brasil-acogida-y-dignidad-para-las-personas-migrantes-y-refugiadas-en-boa-vista\\\/#primaryimage\",\"url\":\"https:\\\/\\\/www.entreculturas.org\\\/wp-content\\\/uploads\\\/2021\\\/07\\\/img_2275.jpg\",\"contentUrl\":\"https:\\\/\\\/www.entreculturas.org\\\/wp-content\\\/uploads\\\/2021\\\/07\\\/img_2275.jpg\",\"width\":1200,\"height\":838},{\"@type\":\"BreadcrumbList\",\"@id\":\"https:\\\/\\\/www.entreculturas.org\\\/ca\\\/noticia\\\/brasil-acogida-y-dignidad-para-las-personas-migrantes-y-refugiadas-en-boa-vista\\\/#breadcrumb\",\"itemListElement\":[{\"@type\":\"ListItem\",\"position\":1,\"name\":\"Home\",\"item\":\"https:\\\/\\\/www.entreculturas.org\\\/ca\\\/\"},{\"@type\":\"ListItem\",\"position\":2,\"name\":\"Noticias\",\"item\":\"https:\\\/\\\/www.entreculturas.org\\\/ca\\\/noticias\\\/\"},{\"@type\":\"ListItem\",\"position\":3,\"name\":\"Brasil: acogida y dignidad para las personas migrantes y refugiadas en Boa Vista\"}]},{\"@type\":\"WebSite\",\"@id\":\"https:\\\/\\\/www.entreculturas.org\\\/ca\\\/#website\",\"url\":\"https:\\\/\\\/www.entreculturas.org\\\/ca\\\/\",\"name\":\"Entreculturas\",\"description\":\"\",\"publisher\":{\"@id\":\"https:\\\/\\\/www.entreculturas.org\\\/ca\\\/#organization\"},\"alternateName\":\"Entreculturas\",\"potentialAction\":[{\"@type\":\"SearchAction\",\"target\":{\"@type\":\"EntryPoint\",\"urlTemplate\":\"https:\\\/\\\/www.entreculturas.org\\\/ca\\\/?s={search_term_string}\"},\"query-input\":{\"@type\":\"PropertyValueSpecification\",\"valueRequired\":true,\"valueName\":\"search_term_string\"}}],\"inLanguage\":\"ca\"},{\"@type\":\"Organization\",\"@id\":\"https:\\\/\\\/www.entreculturas.org\\\/ca\\\/#organization\",\"name\":\"Entreculturas\",\"url\":\"https:\\\/\\\/www.entreculturas.org\\\/ca\\\/\",\"logo\":{\"@type\":\"ImageObject\",\"inLanguage\":\"ca\",\"@id\":\"https:\\\/\\\/www.entreculturas.org\\\/ca\\\/#\\\/schema\\\/logo\\\/image\\\/\",\"url\":\"https:\\\/\\\/www.entreculturas.org\\\/wp-content\\\/uploads\\\/2025\\\/10\\\/ESP.svg\",\"contentUrl\":\"https:\\\/\\\/www.entreculturas.org\\\/wp-content\\\/uploads\\\/2025\\\/10\\\/ESP.svg\",\"caption\":\"Entreculturas\"},\"image\":{\"@id\":\"https:\\\/\\\/www.entreculturas.org\\\/ca\\\/#\\\/schema\\\/logo\\\/image\\\/\"},\"sameAs\":[\"https:\\\/\\\/www.facebook.com\\\/entreculturas\",\"https:\\\/\\\/x.com\\\/Entreculturas\",\"https:\\\/\\\/www.instagram.com\\\/entreculturas\\\/\",\"https:\\\/\\\/www.youtube.com\\\/user\\\/entreculturasvideo\",\"https:\\\/\\\/www.linkedin.com\\\/company\\\/fundacion-entreculturas-ngdo\\\/\",\"https:\\\/\\\/www.flickr.com\\\/photos\\\/98455522@N04\\\/albums\\\/\"]}]}<\/script>\n<!-- \/ Yoast SEO Premium plugin. -->","yoast_head_json":{"title":"Brasil: acogida y dignidad para las personas migrantes y refugiadas en Boa Vista - Entreculturas","robots":{"index":"index","follow":"follow","max-snippet":"max-snippet:-1","max-image-preview":"max-image-preview:large","max-video-preview":"max-video-preview:-1"},"canonical":"https:\/\/www.entreculturas.org\/ca\/noticia\/brasil-acogida-y-dignidad-para-las-personas-migrantes-y-refugiadas-en-boa-vista\/","og_locale":"ca_ES","og_type":"article","og_title":"Brasil: acogida y dignidad para las personas migrantes y refugiadas en Boa Vista","og_description":"Junto a Fe y Alegr\u00eda Brasil hemos puesto en marcha un proyecto de acci\u00f3n humanitaria y asistencia social y educativa dirigido a la poblaci\u00f3n migrante y refugiada venezolana en Boa Vista. Fruto de esta intervenci\u00f3n ha sido la reciente inauguraci\u00f3n de la Casa de Passagem Pe. Jos\u00e9 Maria V\u00e9laz, SJ.","og_url":"https:\/\/www.entreculturas.org\/ca\/noticia\/brasil-acogida-y-dignidad-para-las-personas-migrantes-y-refugiadas-en-boa-vista\/","og_site_name":"Entreculturas","article_publisher":"https:\/\/www.facebook.com\/entreculturas","article_modified_time":"2024-02-19T16:36:37+00:00","og_image":[{"width":1200,"height":838,"url":"https:\/\/www.entreculturas.org\/wp-content\/uploads\/2021\/07\/img_2275.jpg","type":"image\/jpeg"}],"twitter_card":"summary_large_image","twitter_site":"@Entreculturas","schema":{"@context":"https:\/\/schema.org","@graph":[{"@type":"WebPage","@id":"https:\/\/www.entreculturas.org\/ca\/noticia\/brasil-acogida-y-dignidad-para-las-personas-migrantes-y-refugiadas-en-boa-vista\/","url":"https:\/\/www.entreculturas.org\/ca\/noticia\/brasil-acogida-y-dignidad-para-las-personas-migrantes-y-refugiadas-en-boa-vista\/","name":"Brasil: acogida y dignidad para las personas migrantes y refugiadas en Boa Vista - Entreculturas","isPartOf":{"@id":"https:\/\/www.entreculturas.org\/ca\/#website"},"primaryImageOfPage":{"@id":"https:\/\/www.entreculturas.org\/ca\/noticia\/brasil-acogida-y-dignidad-para-las-personas-migrantes-y-refugiadas-en-boa-vista\/#primaryimage"},"image":{"@id":"https:\/\/www.entreculturas.org\/ca\/noticia\/brasil-acogida-y-dignidad-para-las-personas-migrantes-y-refugiadas-en-boa-vista\/#primaryimage"},"thumbnailUrl":"https:\/\/www.entreculturas.org\/wp-content\/uploads\/2021\/07\/img_2275.jpg","datePublished":"2021-07-07T07:23:25+00:00","dateModified":"2024-02-19T16:36:37+00:00","breadcrumb":{"@id":"https:\/\/www.entreculturas.org\/ca\/noticia\/brasil-acogida-y-dignidad-para-las-personas-migrantes-y-refugiadas-en-boa-vista\/#breadcrumb"},"inLanguage":"ca","potentialAction":[{"@type":"ReadAction","target":["https:\/\/www.entreculturas.org\/ca\/noticia\/brasil-acogida-y-dignidad-para-las-personas-migrantes-y-refugiadas-en-boa-vista\/"]}]},{"@type":"ImageObject","inLanguage":"ca","@id":"https:\/\/www.entreculturas.org\/ca\/noticia\/brasil-acogida-y-dignidad-para-las-personas-migrantes-y-refugiadas-en-boa-vista\/#primaryimage","url":"https:\/\/www.entreculturas.org\/wp-content\/uploads\/2021\/07\/img_2275.jpg","contentUrl":"https:\/\/www.entreculturas.org\/wp-content\/uploads\/2021\/07\/img_2275.jpg","width":1200,"height":838},{"@type":"BreadcrumbList","@id":"https:\/\/www.entreculturas.org\/ca\/noticia\/brasil-acogida-y-dignidad-para-las-personas-migrantes-y-refugiadas-en-boa-vista\/#breadcrumb","itemListElement":[{"@type":"ListItem","position":1,"name":"Home","item":"https:\/\/www.entreculturas.org\/ca\/"},{"@type":"ListItem","position":2,"name":"Noticias","item":"https:\/\/www.entreculturas.org\/ca\/noticias\/"},{"@type":"ListItem","position":3,"name":"Brasil: acogida y dignidad para las personas migrantes y refugiadas en Boa Vista"}]},{"@type":"WebSite","@id":"https:\/\/www.entreculturas.org\/ca\/#website","url":"https:\/\/www.entreculturas.org\/ca\/","name":"Entreculturas","description":"","publisher":{"@id":"https:\/\/www.entreculturas.org\/ca\/#organization"},"alternateName":"Entreculturas","potentialAction":[{"@type":"SearchAction","target":{"@type":"EntryPoint","urlTemplate":"https:\/\/www.entreculturas.org\/ca\/?s={search_term_string}"},"query-input":{"@type":"PropertyValueSpecification","valueRequired":true,"valueName":"search_term_string"}}],"inLanguage":"ca"},{"@type":"Organization","@id":"https:\/\/www.entreculturas.org\/ca\/#organization","name":"Entreculturas","url":"https:\/\/www.entreculturas.org\/ca\/","logo":{"@type":"ImageObject","inLanguage":"ca","@id":"https:\/\/www.entreculturas.org\/ca\/#\/schema\/logo\/image\/","url":"https:\/\/www.entreculturas.org\/wp-content\/uploads\/2025\/10\/ESP.svg","contentUrl":"https:\/\/www.entreculturas.org\/wp-content\/uploads\/2025\/10\/ESP.svg","caption":"Entreculturas"},"image":{"@id":"https:\/\/www.entreculturas.org\/ca\/#\/schema\/logo\/image\/"},"sameAs":["https:\/\/www.facebook.com\/entreculturas","https:\/\/x.com\/Entreculturas","https:\/\/www.instagram.com\/entreculturas\/","https:\/\/www.youtube.com\/user\/entreculturasvideo","https:\/\/www.linkedin.com\/company\/fundacion-entreculturas-ngdo\/","https:\/\/www.flickr.com\/photos\/98455522@N04\/albums\/"]}]}},"_links":{"self":[{"href":"https:\/\/www.entreculturas.org\/ca\/wp-json\/wp\/v2\/noticia\/6008","targetHints":{"allow":["GET"]}}],"collection":[{"href":"https:\/\/www.entreculturas.org\/ca\/wp-json\/wp\/v2\/noticia"}],"about":[{"href":"https:\/\/www.entreculturas.org\/ca\/wp-json\/wp\/v2\/types\/noticia"}],"wp:featuredmedia":[{"embeddable":true,"href":"https:\/\/www.entreculturas.org\/ca\/wp-json\/wp\/v2\/media\/6007"}],"wp:attachment":[{"href":"https:\/\/www.entreculturas.org\/ca\/wp-json\/wp\/v2\/media?parent=6008"}],"wp:term":[{"taxonomy":"category","embeddable":true,"href":"https:\/\/www.entreculturas.org\/ca\/wp-json\/wp\/v2\/categories?post=6008"},{"taxonomy":"post_tag","embeddable":true,"href":"https:\/\/www.entreculturas.org\/ca\/wp-json\/wp\/v2\/tags?post=6008"},{"taxonomy":"country","embeddable":true,"href":"https:\/\/www.entreculturas.org\/ca\/wp-json\/wp\/v2\/country?post=6008"},{"taxonomy":"cause","embeddable":true,"href":"https:\/\/www.entreculturas.org\/ca\/wp-json\/wp\/v2\/cause?post=6008"}],"curies":[{"name":"wp","href":"https:\/\/api.w.org\/{rel}","templated":true}]}}