{"id":5944,"date":"2021-06-17T10:57:59","date_gmt":"2021-06-17T10:57:59","guid":{"rendered":"https:\/\/entreculturasi.wpenginepowered.com\/?noticias=sumomicamino-caminatas-solidarias-por-una-sociedad-de-hospitalidad-con-las-personas"},"modified":"2024-02-19T17:24:54","modified_gmt":"2024-02-19T16:24:54","slug":"sumomicamino-caminatas-solidarias-por-una-sociedad-de-hospitalidad-con-las-personas","status":"publish","type":"noticia","link":"https:\/\/www.entreculturas.org\/ca\/noticia\/sumomicamino-caminatas-solidarias-por-una-sociedad-de-hospitalidad-con-las-personas\/","title":{"rendered":"#SumoMiCamino: caminatas solidarias por una sociedad de hospitalidad con las personas refugiadas"},"content":{"rendered":"<\/p>\n<p>Con motivo del D\u00eda Mundial de las Personas Refugiadas (que se celebra el pr\u00f3ximo 20 de junio), las organizaciones del Sector Social de la Compa\u00f1\u00eda de Jes\u00fas en Espa\u00f1a (Red Mimbre, Servicio Jesuita a Migrantes, Alboan y Entreculturas) hemos&nbsp;reclamado esta ma\u00f1ana en una rueda de prensa (<a href=\"https:\/\/www.youtube.com\/watch?v=1u52iaeEkhk\" target=\"_blank\" rel=\"noopener\">que se puede ver aqu\u00ed<\/a>)&nbsp;<strong>una Europa de Hospitalidad y de defensa de los Derechos Humanos<\/strong> a trav\u00e9s de la iniciativa Caminos de Hospitalidad.&nbsp;<\/p>\n<p>Estos caminos se inspiran en el legado del jesuita Frans Van der Lugt&nbsp; que vivi\u00f3 durante 50 a\u00f1os en Siria donde fue asesinado en 2014 y donde realizaba caminos de fraternidad con personas de diferentes or\u00edgenes y creencias religiosas. \u201cEn homenaje a ello seguimos promoviendo caminos para simbolizar esa esencia de<strong> unidad de los pueblos m\u00e1s all\u00e1 de ideolog\u00edas, creencias religiosas, origen, g\u00e9nero<\/strong>: la voluntad de la fraternidad, la convivencia armoniosa entre diferentes religiones y culturas, el rechazo a toda forma de violencia armada y a la desigualdad y la hostilidad\u201d ha explicado Raquel Mart\u00edn, Directora de Comunicaci\u00f3n y Relaciones Institucionales de Entreculturas.&nbsp;<\/p>\n<p>El contexto actual caracterizado por tensiones sociales y pol\u00edticas provocadas por la Covid-19 y por otras crisis estructurales que se prolongan en el tiempo que afectan en mayor medida a los colectivos m\u00e1s vulnerables lleva a miles de personas refugiadas a ponerse en movimiento, a <strong>emprender caminos inciertos en los que viven situaciones de desprotecci\u00f3n, discriminaci\u00f3n y de vulneraci\u00f3n constante de sus derechos<\/strong>. Son caminos peligrosos en los que arriesgan e incluso pierden la vida y buen ejemplo de ello son las recientes im\u00e1genes de miles de personas que tratan de llegar a las Islas Canarias y Ceuta. Luis Arancibia, Delegado del Sector Social de la Compa\u00f1ia de Jes\u00fas ha explicado que \u201c<strong>ante esta realidad no nos conformamos<\/strong>, desde las obras del Sector Social de la Compa\u00f1\u00eda de Jes\u00fas lanzamos esta propuesta en la que invitamos a la ciudadan\u00eda a ponerse en el lugar de las personas refugiadas y desplazadas, a movilizarse por los valores de la hospitalidad y la acogida digna a trav\u00e9s de un <a href=\"https:\/\/www.hospitalidad.es\/caminosdehospitalidad\/CdeHospitalidad_2021\/PactoPorLaHospitalidad.pdf\" target=\"_blank\" rel=\"noopener\"><strong>Pacto por la Hospitalidad<\/strong><\/a>\u201d.<br \/>&nbsp;<br \/>Los \u00faltimos datos, de mediados de 2020, muestran que el 3,6% (280.6 millones) de la poblaci\u00f3n mundial reside en un pa\u00eds distinto al de nacimiento, \u201c<strong>entre quienes 79,5 millones (alrededor del 1% de la poblaci\u00f3n mundial) son personas que se han visto forzadas a abandonar su pa\u00eds<\/strong>; la mayor\u00eda (el 73%) traslad\u00e1ndose a pa\u00edses vecinos al de origen\u201d ha recordado Pablo Funes, Coordinador de Cooperaci\u00f3n Internacional de Entreculturas. Las causas que provocan la huida de las personas desplazadas forzosamente, los obst\u00e1culos que se encuentran en el tr\u00e1nsito y las condiciones a las que se enfrentan en el pa\u00eds de destino sit\u00faan a las personas refugiadas y migrantes en situaciones de desprotecci\u00f3n, discriminaci\u00f3n y de vulneraci\u00f3n constante de sus derechos.&nbsp;<\/p>\n<p><img decoding=\"async\" alt=\"\" src=\"https:\/\/www.entreculturas.org\/wp-content\/uploads\/2021\/06\/sineyi.jpg\" style=\"width: 800px;height: 600px\"><\/p>\n<p>Durante la rueda de prensa se han podido escuchar testimonios como los de <strong>Abir Ahmad Sabra, profesora de ingl\u00e9s en el centro educativo de Servicio Jesuita a Refugiados Nicolas Kluiters, L\u00edbano<\/strong>, quien ha hablado de la <strong>importancia de la educaci\u00f3n para los menores refugiado<\/strong>s y de la \u201cenorme responsabilidad que tenemos acompa\u00f1ando a las personas refugiadas en su camino, su camino es nuestro camino\u201d. En esta l\u00ednea, <strong>Sineyi Zambrano, solicitante de asilo en Espa\u00f1a ha relatado su camino de refugio<\/strong> desde que sali\u00f3 de Venezuela en 2018 hasta el d\u00eda de hoy y c\u00f3mo de importante est\u00e1n siendo para ella los pisos de acogida del Servicio Jesuita a Migrantes.<strong> \u201cHace tres a\u00f1os que llegu\u00e9 a Espa\u00f1a y ahora siento que estoy comenzando mi camino, que estoy construyendo mi futuro<\/strong>. Mi hija y yo tenemos una estabilidad. Es fundamental para nosotras sentirnos acogidas, acompa\u00f1adas y sentir que hay personas e instituciones que se preocupan por nosotras\u201d ha explicado.<\/p>\n<p>Esta situaci\u00f3n \u201cnos llama a<strong> tratar de cubrir cinco brechas<\/strong>: la brecha del viaje ante la ausencia de v\u00edas seguras y legales; la de las fronteras, donde se deben respetar los derechos humanos; la de la inclusi\u00f3n para evitar desprotecci\u00f3n e irregularidad; la de construir tejidos sociocomunitarios; y la brecha de convivencia para construir nuevos discursos, valores y modos de convivencia que nos permitan caminar en la construcci\u00f3n de una familia humana y una nueva sociedad\u201d seg\u00fan&nbsp; ha declarado Jaime Pons, Coordinador del \u00c1rea de Hospitalidad en el Servicio Jesuita a Migrantes. Adem\u00e1s, se han presentado <strong><a href=\"https:\/\/www.hospitalidad.es\/caminosdehospitalidad\/CdeHospitalidad_2021\/NuestrasDemandas2021.pdf\" target=\"_blank\" rel=\"noopener\">diez medidas<\/a> necesarias que hay que poner en marcha para garantizar los Derechos Humanos y la inclusi\u00f3n de las personas desplazadas forzosamente.&nbsp;<\/strong><\/p>\n<p>Todas las personas que quieran sumarse a esta iniciativa \u201cpodr\u00e1n hacerlo a trav\u00e9s de diferentes iniciativas que encontrar\u00e1n en la<a href=\"https:\/\/www.hospitalidad.es\/caminosdehospitalidad\/\" target=\"_blank\" rel=\"noopener\"> web de Caminos de Hospitalidad<\/a> o a trav\u00e9s de #SumoMiCamino\u201d conclu\u00eda Dani Mart\u00ednez, Coordinador de la Campa\u00f1a Hospitalidad.<\/p>\n","protected":false},"excerpt":{"rendered":"<p>Con motivo del D\u00eda Mundial de las Personas Refugiadas (que se celebra el pr\u00f3ximo 20 de junio), las organizaciones del Sector Social de la Compa\u00f1\u00eda de Jes\u00fas en Espa\u00f1a (Red Mimbre, Servicio Jesuita a Migrantes, Alboan y Entreculturas) hemos reclamado esta ma\u00f1ana en una rueda de prensa (que se puede ver aqu\u00ed) una Europa de Hospitalidad y de defensa de los Derechos Humanos a trav\u00e9s de la iniciativa Caminos de Hospitalidad. <\/p>\n","protected":false},"featured_media":5945,"template":"single-noticia","meta":{"_acf_changed":false},"categories":[7],"tags":[10],"country":[],"cause":[129],"class_list":["post-5944","noticia","type-noticia","status-publish","has-post-thumbnail","hentry","category-noticia","tag-migracion-y-refugio","cause-migracion-y-refugio"],"acf":[],"yoast_head":"<!-- This site is optimized with the Yoast SEO Premium plugin v21.6 (Yoast SEO v27.5) - https:\/\/yoast.com\/product\/yoast-seo-premium-wordpress\/ -->\n<title>#SumoMiCamino: caminatas solidarias por una sociedad de hospitalidad con las personas refugiadas - Entreculturas<\/title>\n<meta name=\"robots\" content=\"index, follow, max-snippet:-1, max-image-preview:large, max-video-preview:-1\" \/>\n<link rel=\"canonical\" href=\"https:\/\/www.entreculturas.org\/ca\/noticia\/sumomicamino-caminatas-solidarias-por-una-sociedad-de-hospitalidad-con-las-personas\/\" \/>\n<meta property=\"og:locale\" content=\"ca_ES\" \/>\n<meta property=\"og:type\" content=\"article\" \/>\n<meta property=\"og:title\" content=\"#SumoMiCamino: caminatas solidarias por una sociedad de hospitalidad con las personas refugiadas\" \/>\n<meta property=\"og:description\" content=\"Con motivo del D\u00eda Mundial de las Personas Refugiadas (que se celebra el pr\u00f3ximo 20 de junio), las organizaciones del Sector Social de la Compa\u00f1\u00eda de Jes\u00fas en Espa\u00f1a (Red Mimbre, Servicio Jesuita a Migrantes, Alboan y Entreculturas) hemos reclamado esta ma\u00f1ana en una rueda de prensa (que se puede ver aqu\u00ed) una Europa de Hospitalidad y de defensa de los Derechos Humanos a trav\u00e9s de la iniciativa Caminos de Hospitalidad.\" \/>\n<meta property=\"og:url\" content=\"https:\/\/www.entreculturas.org\/ca\/noticia\/sumomicamino-caminatas-solidarias-por-una-sociedad-de-hospitalidad-con-las-personas\/\" \/>\n<meta property=\"og:site_name\" content=\"Entreculturas\" \/>\n<meta property=\"article:publisher\" content=\"https:\/\/www.facebook.com\/entreculturas\" \/>\n<meta property=\"article:modified_time\" content=\"2024-02-19T16:24:54+00:00\" \/>\n<meta property=\"og:image\" content=\"https:\/\/www.entreculturas.org\/wp-content\/uploads\/2021\/06\/whatsapp_image_2021-06-17_at_10.38.22.jpeg\" \/>\n\t<meta property=\"og:image:width\" content=\"2016\" \/>\n\t<meta property=\"og:image:height\" content=\"1508\" \/>\n\t<meta property=\"og:image:type\" content=\"image\/jpeg\" \/>\n<meta name=\"twitter:card\" content=\"summary_large_image\" \/>\n<meta name=\"twitter:site\" content=\"@Entreculturas\" \/>\n<script type=\"application\/ld+json\" class=\"yoast-schema-graph\">{\"@context\":\"https:\\\/\\\/schema.org\",\"@graph\":[{\"@type\":\"WebPage\",\"@id\":\"https:\\\/\\\/www.entreculturas.org\\\/ca\\\/noticia\\\/sumomicamino-caminatas-solidarias-por-una-sociedad-de-hospitalidad-con-las-personas\\\/\",\"url\":\"https:\\\/\\\/www.entreculturas.org\\\/ca\\\/noticia\\\/sumomicamino-caminatas-solidarias-por-una-sociedad-de-hospitalidad-con-las-personas\\\/\",\"name\":\"#SumoMiCamino: caminatas solidarias por una sociedad de hospitalidad con las personas refugiadas - Entreculturas\",\"isPartOf\":{\"@id\":\"https:\\\/\\\/www.entreculturas.org\\\/ca\\\/#website\"},\"primaryImageOfPage\":{\"@id\":\"https:\\\/\\\/www.entreculturas.org\\\/ca\\\/noticia\\\/sumomicamino-caminatas-solidarias-por-una-sociedad-de-hospitalidad-con-las-personas\\\/#primaryimage\"},\"image\":{\"@id\":\"https:\\\/\\\/www.entreculturas.org\\\/ca\\\/noticia\\\/sumomicamino-caminatas-solidarias-por-una-sociedad-de-hospitalidad-con-las-personas\\\/#primaryimage\"},\"thumbnailUrl\":\"https:\\\/\\\/www.entreculturas.org\\\/wp-content\\\/uploads\\\/2021\\\/06\\\/whatsapp_image_2021-06-17_at_10.38.22.jpeg\",\"datePublished\":\"2021-06-17T10:57:59+00:00\",\"dateModified\":\"2024-02-19T16:24:54+00:00\",\"breadcrumb\":{\"@id\":\"https:\\\/\\\/www.entreculturas.org\\\/ca\\\/noticia\\\/sumomicamino-caminatas-solidarias-por-una-sociedad-de-hospitalidad-con-las-personas\\\/#breadcrumb\"},\"inLanguage\":\"ca\",\"potentialAction\":[{\"@type\":\"ReadAction\",\"target\":[\"https:\\\/\\\/www.entreculturas.org\\\/ca\\\/noticia\\\/sumomicamino-caminatas-solidarias-por-una-sociedad-de-hospitalidad-con-las-personas\\\/\"]}]},{\"@type\":\"ImageObject\",\"inLanguage\":\"ca\",\"@id\":\"https:\\\/\\\/www.entreculturas.org\\\/ca\\\/noticia\\\/sumomicamino-caminatas-solidarias-por-una-sociedad-de-hospitalidad-con-las-personas\\\/#primaryimage\",\"url\":\"https:\\\/\\\/www.entreculturas.org\\\/wp-content\\\/uploads\\\/2021\\\/06\\\/whatsapp_image_2021-06-17_at_10.38.22.jpeg\",\"contentUrl\":\"https:\\\/\\\/www.entreculturas.org\\\/wp-content\\\/uploads\\\/2021\\\/06\\\/whatsapp_image_2021-06-17_at_10.38.22.jpeg\",\"width\":2016,\"height\":1508,\"caption\":\"whatsapp_image_2021-06-17_at_10\"},{\"@type\":\"BreadcrumbList\",\"@id\":\"https:\\\/\\\/www.entreculturas.org\\\/ca\\\/noticia\\\/sumomicamino-caminatas-solidarias-por-una-sociedad-de-hospitalidad-con-las-personas\\\/#breadcrumb\",\"itemListElement\":[{\"@type\":\"ListItem\",\"position\":1,\"name\":\"Home\",\"item\":\"https:\\\/\\\/www.entreculturas.org\\\/ca\\\/\"},{\"@type\":\"ListItem\",\"position\":2,\"name\":\"Noticias\",\"item\":\"https:\\\/\\\/www.entreculturas.org\\\/ca\\\/noticias\\\/\"},{\"@type\":\"ListItem\",\"position\":3,\"name\":\"#SumoMiCamino: caminatas solidarias por una sociedad de hospitalidad con las personas refugiadas\"}]},{\"@type\":\"WebSite\",\"@id\":\"https:\\\/\\\/www.entreculturas.org\\\/ca\\\/#website\",\"url\":\"https:\\\/\\\/www.entreculturas.org\\\/ca\\\/\",\"name\":\"Entreculturas\",\"description\":\"\",\"publisher\":{\"@id\":\"https:\\\/\\\/www.entreculturas.org\\\/ca\\\/#organization\"},\"alternateName\":\"Entreculturas\",\"potentialAction\":[{\"@type\":\"SearchAction\",\"target\":{\"@type\":\"EntryPoint\",\"urlTemplate\":\"https:\\\/\\\/www.entreculturas.org\\\/ca\\\/?s={search_term_string}\"},\"query-input\":{\"@type\":\"PropertyValueSpecification\",\"valueRequired\":true,\"valueName\":\"search_term_string\"}}],\"inLanguage\":\"ca\"},{\"@type\":\"Organization\",\"@id\":\"https:\\\/\\\/www.entreculturas.org\\\/ca\\\/#organization\",\"name\":\"Entreculturas\",\"url\":\"https:\\\/\\\/www.entreculturas.org\\\/ca\\\/\",\"logo\":{\"@type\":\"ImageObject\",\"inLanguage\":\"ca\",\"@id\":\"https:\\\/\\\/www.entreculturas.org\\\/ca\\\/#\\\/schema\\\/logo\\\/image\\\/\",\"url\":\"https:\\\/\\\/www.entreculturas.org\\\/wp-content\\\/uploads\\\/2025\\\/10\\\/ESP.svg\",\"contentUrl\":\"https:\\\/\\\/www.entreculturas.org\\\/wp-content\\\/uploads\\\/2025\\\/10\\\/ESP.svg\",\"caption\":\"Entreculturas\"},\"image\":{\"@id\":\"https:\\\/\\\/www.entreculturas.org\\\/ca\\\/#\\\/schema\\\/logo\\\/image\\\/\"},\"sameAs\":[\"https:\\\/\\\/www.facebook.com\\\/entreculturas\",\"https:\\\/\\\/x.com\\\/Entreculturas\",\"https:\\\/\\\/www.instagram.com\\\/entreculturas\\\/\",\"https:\\\/\\\/www.youtube.com\\\/user\\\/entreculturasvideo\",\"https:\\\/\\\/www.linkedin.com\\\/company\\\/fundacion-entreculturas-ngdo\\\/\",\"https:\\\/\\\/www.flickr.com\\\/photos\\\/98455522@N04\\\/albums\\\/\"]}]}<\/script>\n<!-- \/ Yoast SEO Premium plugin. -->","yoast_head_json":{"title":"#SumoMiCamino: caminatas solidarias por una sociedad de hospitalidad con las personas refugiadas - Entreculturas","robots":{"index":"index","follow":"follow","max-snippet":"max-snippet:-1","max-image-preview":"max-image-preview:large","max-video-preview":"max-video-preview:-1"},"canonical":"https:\/\/www.entreculturas.org\/ca\/noticia\/sumomicamino-caminatas-solidarias-por-una-sociedad-de-hospitalidad-con-las-personas\/","og_locale":"ca_ES","og_type":"article","og_title":"#SumoMiCamino: caminatas solidarias por una sociedad de hospitalidad con las personas refugiadas","og_description":"Con motivo del D\u00eda Mundial de las Personas Refugiadas (que se celebra el pr\u00f3ximo 20 de junio), las organizaciones del Sector Social de la Compa\u00f1\u00eda de Jes\u00fas en Espa\u00f1a (Red Mimbre, Servicio Jesuita a Migrantes, Alboan y Entreculturas) hemos reclamado esta ma\u00f1ana en una rueda de prensa (que se puede ver aqu\u00ed) una Europa de Hospitalidad y de defensa de los Derechos Humanos a trav\u00e9s de la iniciativa Caminos de Hospitalidad.","og_url":"https:\/\/www.entreculturas.org\/ca\/noticia\/sumomicamino-caminatas-solidarias-por-una-sociedad-de-hospitalidad-con-las-personas\/","og_site_name":"Entreculturas","article_publisher":"https:\/\/www.facebook.com\/entreculturas","article_modified_time":"2024-02-19T16:24:54+00:00","og_image":[{"width":2016,"height":1508,"url":"https:\/\/www.entreculturas.org\/wp-content\/uploads\/2021\/06\/whatsapp_image_2021-06-17_at_10.38.22.jpeg","type":"image\/jpeg"}],"twitter_card":"summary_large_image","twitter_site":"@Entreculturas","schema":{"@context":"https:\/\/schema.org","@graph":[{"@type":"WebPage","@id":"https:\/\/www.entreculturas.org\/ca\/noticia\/sumomicamino-caminatas-solidarias-por-una-sociedad-de-hospitalidad-con-las-personas\/","url":"https:\/\/www.entreculturas.org\/ca\/noticia\/sumomicamino-caminatas-solidarias-por-una-sociedad-de-hospitalidad-con-las-personas\/","name":"#SumoMiCamino: caminatas solidarias por una sociedad de hospitalidad con las personas refugiadas - Entreculturas","isPartOf":{"@id":"https:\/\/www.entreculturas.org\/ca\/#website"},"primaryImageOfPage":{"@id":"https:\/\/www.entreculturas.org\/ca\/noticia\/sumomicamino-caminatas-solidarias-por-una-sociedad-de-hospitalidad-con-las-personas\/#primaryimage"},"image":{"@id":"https:\/\/www.entreculturas.org\/ca\/noticia\/sumomicamino-caminatas-solidarias-por-una-sociedad-de-hospitalidad-con-las-personas\/#primaryimage"},"thumbnailUrl":"https:\/\/www.entreculturas.org\/wp-content\/uploads\/2021\/06\/whatsapp_image_2021-06-17_at_10.38.22.jpeg","datePublished":"2021-06-17T10:57:59+00:00","dateModified":"2024-02-19T16:24:54+00:00","breadcrumb":{"@id":"https:\/\/www.entreculturas.org\/ca\/noticia\/sumomicamino-caminatas-solidarias-por-una-sociedad-de-hospitalidad-con-las-personas\/#breadcrumb"},"inLanguage":"ca","potentialAction":[{"@type":"ReadAction","target":["https:\/\/www.entreculturas.org\/ca\/noticia\/sumomicamino-caminatas-solidarias-por-una-sociedad-de-hospitalidad-con-las-personas\/"]}]},{"@type":"ImageObject","inLanguage":"ca","@id":"https:\/\/www.entreculturas.org\/ca\/noticia\/sumomicamino-caminatas-solidarias-por-una-sociedad-de-hospitalidad-con-las-personas\/#primaryimage","url":"https:\/\/www.entreculturas.org\/wp-content\/uploads\/2021\/06\/whatsapp_image_2021-06-17_at_10.38.22.jpeg","contentUrl":"https:\/\/www.entreculturas.org\/wp-content\/uploads\/2021\/06\/whatsapp_image_2021-06-17_at_10.38.22.jpeg","width":2016,"height":1508,"caption":"whatsapp_image_2021-06-17_at_10"},{"@type":"BreadcrumbList","@id":"https:\/\/www.entreculturas.org\/ca\/noticia\/sumomicamino-caminatas-solidarias-por-una-sociedad-de-hospitalidad-con-las-personas\/#breadcrumb","itemListElement":[{"@type":"ListItem","position":1,"name":"Home","item":"https:\/\/www.entreculturas.org\/ca\/"},{"@type":"ListItem","position":2,"name":"Noticias","item":"https:\/\/www.entreculturas.org\/ca\/noticias\/"},{"@type":"ListItem","position":3,"name":"#SumoMiCamino: caminatas solidarias por una sociedad de hospitalidad con las personas refugiadas"}]},{"@type":"WebSite","@id":"https:\/\/www.entreculturas.org\/ca\/#website","url":"https:\/\/www.entreculturas.org\/ca\/","name":"Entreculturas","description":"","publisher":{"@id":"https:\/\/www.entreculturas.org\/ca\/#organization"},"alternateName":"Entreculturas","potentialAction":[{"@type":"SearchAction","target":{"@type":"EntryPoint","urlTemplate":"https:\/\/www.entreculturas.org\/ca\/?s={search_term_string}"},"query-input":{"@type":"PropertyValueSpecification","valueRequired":true,"valueName":"search_term_string"}}],"inLanguage":"ca"},{"@type":"Organization","@id":"https:\/\/www.entreculturas.org\/ca\/#organization","name":"Entreculturas","url":"https:\/\/www.entreculturas.org\/ca\/","logo":{"@type":"ImageObject","inLanguage":"ca","@id":"https:\/\/www.entreculturas.org\/ca\/#\/schema\/logo\/image\/","url":"https:\/\/www.entreculturas.org\/wp-content\/uploads\/2025\/10\/ESP.svg","contentUrl":"https:\/\/www.entreculturas.org\/wp-content\/uploads\/2025\/10\/ESP.svg","caption":"Entreculturas"},"image":{"@id":"https:\/\/www.entreculturas.org\/ca\/#\/schema\/logo\/image\/"},"sameAs":["https:\/\/www.facebook.com\/entreculturas","https:\/\/x.com\/Entreculturas","https:\/\/www.instagram.com\/entreculturas\/","https:\/\/www.youtube.com\/user\/entreculturasvideo","https:\/\/www.linkedin.com\/company\/fundacion-entreculturas-ngdo\/","https:\/\/www.flickr.com\/photos\/98455522@N04\/albums\/"]}]}},"_links":{"self":[{"href":"https:\/\/www.entreculturas.org\/ca\/wp-json\/wp\/v2\/noticia\/5944","targetHints":{"allow":["GET"]}}],"collection":[{"href":"https:\/\/www.entreculturas.org\/ca\/wp-json\/wp\/v2\/noticia"}],"about":[{"href":"https:\/\/www.entreculturas.org\/ca\/wp-json\/wp\/v2\/types\/noticia"}],"wp:featuredmedia":[{"embeddable":true,"href":"https:\/\/www.entreculturas.org\/ca\/wp-json\/wp\/v2\/media\/5945"}],"wp:attachment":[{"href":"https:\/\/www.entreculturas.org\/ca\/wp-json\/wp\/v2\/media?parent=5944"}],"wp:term":[{"taxonomy":"category","embeddable":true,"href":"https:\/\/www.entreculturas.org\/ca\/wp-json\/wp\/v2\/categories?post=5944"},{"taxonomy":"post_tag","embeddable":true,"href":"https:\/\/www.entreculturas.org\/ca\/wp-json\/wp\/v2\/tags?post=5944"},{"taxonomy":"country","embeddable":true,"href":"https:\/\/www.entreculturas.org\/ca\/wp-json\/wp\/v2\/country?post=5944"},{"taxonomy":"cause","embeddable":true,"href":"https:\/\/www.entreculturas.org\/ca\/wp-json\/wp\/v2\/cause?post=5944"}],"curies":[{"name":"wp","href":"https:\/\/api.w.org\/{rel}","templated":true}]}}