{"id":5864,"date":"2021-06-02T12:43:19","date_gmt":"2021-06-02T12:43:19","guid":{"rendered":"https:\/\/entreculturasi.wpenginepowered.com\/?noticias=el-momento-es-ahora-ya-puedes-descubrir-los-materiales-educativos-de-entreculturas-para-el"},"modified":"2024-02-28T16:41:04","modified_gmt":"2024-02-28T15:41:04","slug":"el-momento-es-ahora-ya-puedes-descubrir-los-materiales-educativos-de-entreculturas-para-el","status":"publish","type":"noticia","link":"https:\/\/www.entreculturas.org\/ca\/noticia\/el-momento-es-ahora-ya-puedes-descubrir-los-materiales-educativos-de-entreculturas-para-el\/","title":{"rendered":"\u201cEl momento es ahora\u201d: ya puedes descubrir los materiales educativos de Entreculturas para el curso escolar 2021\/2022"},"content":{"rendered":"<p style=\"text-align: justify\">Este mes de junio, bajo el t\u00edtulo \u201cEl momento es ahora\u201d, os presentamos los <strong>nuevos materiales educativos de Entreculturas para el pr\u00f3ximo curso escolar 2021\/2022<\/strong>.<\/p>\n<p style=\"text-align: justify\">abemos que estamos ante un momento educativo complejo, en el que afrontamos muchos retos educativos que marcar\u00e1n la marcha de las pr\u00f3ximas d\u00e9cadas. Sin embargo, a pesar de las dificultades, creemos que este escenario nos brinda tambi\u00e9n una oportunidad educativa \u00fanica para trabajar con nuestras y nuestros j\u00f3venes. Para trabajar en clave de ciudadan\u00eda global, de manera que puedan comprender mejor el mundo en el que viven y van a vivir, y se articulen para trabajar en red por la mejora de nuestros entornos locales y globales. <strong>Este, a pesar de todo y m\u00e1s que nunca, sigue siendo su momento<\/strong>.<\/p>\n<p style=\"text-align: justify\">Para contribuir a este objetivo, <strong>ponemos a disposici\u00f3n los materiales educativos del curso 2021\/2022<\/strong>, que como cada a\u00f1o, se encuadran dentro de \u201c<a href=\"https:\/\/mundoentusmanos.org\/materiales-didacticos\/\">Un Mundo en tus Manos<\/a>\u201d, la propuesta pedag\u00f3gica de Entreculturas para educar en ciudadan\u00eda global.<\/p>\n<p style=\"text-align: justify\"><span style=\"color:#ed1c24\"><strong>MATERIALES DID\u00c1CTICOS DEL PROYECTO D\u00cdAS D:<\/strong><\/span><\/p>\n<p style=\"text-align: justify;margin-left: 40px\"><span style=\"font-family: Arial\">\u25cf<\/span><strong>CALENDARIO ESCOLAR DEL CURSO 2021\/2022:<\/strong> Im\u00e1genes, lemas educativos, un mapa de A.Peters y una selecci\u00f3n de D\u00edas Internacionales se\u00f1alados, relacionados con la solidaridad y la justicia social.<\/p>\n<p style=\"text-align: justify;margin-left: 40px\"><span style=\"font-family: Arial\">\u25cf<\/span><strong>PACK DE 5 CARTELES:<\/strong> Im\u00e1genes y lemas educativos, que tratan las principales tem\u00e1ticas se\u00f1aladas en los d\u00edas internacionales del calendario: derechos de la infancia, migraciones forzosas, cultura de paz, igualdad de g\u00e9nero y defensa del medioambiente. Estos carteles incluyen un <strong>c\u00f3digo QR <\/strong>que os enlazar\u00e1 a la p\u00e1gina web <a href=\"https:\/\/redec.es\/es\/redec\/home\">www.redec.es<\/a>, en cuyo apartado de &#8220;Recursos&#8221; podr\u00e9is encontrar un buscador en el que podr\u00e9is encontrar mucho material did\u00e1ctico con propuestas y actividades para trabajar estas tem\u00e1ticas.&nbsp;<\/p>\n<p style=\"text-align: justify\"><span><strong>UN MUNDO EN MOVIMIENTO<\/strong><\/span><br \/>Tras &#8220;<a href=\"https:\/\/redec.es\/es\/publicaciones\/un-mundo-en-igualdad\">Un Mundo en Igualdad<\/a>&#8220;, llega la segunda recopilaci\u00f3n de actividades did\u00e1cticas por tem\u00e1ticas dise\u00f1adas por Entreculturas. &#8220;<a href=\"https:\/\/redec.es\/es\/publicaciones\/un-mundo-en-movimiento\">Un Mundo en Movimiento<\/a>&#8221; recoge 4 bloques con actividades divididas por franjas de edad para&nbsp;<strong>trabajar con grupos de 4 a 18 a\u00f1os sobre interculturalidad y migraciones forzosas<\/strong>.<\/p>\n<p style=\"text-align: justify\">Adem\u00e1s, al inicio os dejamos tambi\u00e9n una selecci\u00f3n de pistas para educar en diversidad, con consejos para aplicar las actividades recogidas en este material, y al final podr\u00e1s acceder a una&nbsp;<strong>yincana que recoge distintas pruebas para trabajar esta tem\u00e1tica de forma l\u00fadica<\/strong>, as\u00ed como a todos los anexos necesarios para llevar a cabo las actividades.&nbsp;<\/p>\n<p style=\"text-align: justify\"><img decoding=\"async\" alt=\"\" src=\"https:\/\/www.entreculturas.org\/wp-content\/uploads\/2021\/06\/un_mundo_de_cuento.jpg\" style=\"width: 248px;height: 350px;margin-left: 10px;margin-right: 10px;float: right\"><\/p>\n<p style=\"text-align: justify\">&nbsp;<\/p>\n<p style=\"text-align: justify\"><span><strong>UN MUNDO DE CUENTO<\/strong><\/span><br \/>Presentamos \u201c<a href=\"https:\/\/redec.es\/es\/publicaciones\/un-mundo-de-cuento\">Un Mundo de Cuento<\/a>\u201d: un material did\u00e1ctico con&nbsp;<strong>m\u00e1s de 18 cuentos educativos y actividades<\/strong>&nbsp;basadas en la herramienta de la narraci\u00f3n y el storytelling, para trabajar con ni\u00f1os, ni\u00f1as y j\u00f3venes de 4+ a\u00f1os sobre cultura de acogida, igualdad de g\u00e9nero, medio ambiente, derecho a la educaci\u00f3n y Ciudadan\u00eda Global.<\/p>\n<p style=\"text-align: justify\">Tras la publicaci\u00f3n de \u201c<a href=\"https:\/\/redec.es\/es\/publicaciones\/el-mundo-en-juego\">El Mundo en Juego<\/a>\u201d y \u201c<a href=\"https:\/\/redec.es\/es\/publicaciones\/un-mundo-de-teatro\">Un Mundo de Teatro<\/a>\u201d, en las que utiliz\u00e1bamos metodolog\u00edas l\u00fadicas y herramientas teatrales respectivamente, en esta publicaci\u00f3n apostamos por el potencial educativo de los cuentos, la narraci\u00f3n y el storytelling para trabajar con grupos de infancia y juventud. En ella, podr\u00e1s encontrar un itinerario de actividades \u201c<strong>Del cuento a la acci\u00f3n\u201d<\/strong>&nbsp;adaptadas a franjas de edad de 4+ a\u00f1os, junto a una propuesta para elaborar vuestros propios cuentos, poemas e historias capaces de construir un mundo de acogida, en igualdad, cuidador de la Tierra y defensor de una Educaci\u00f3n para la Ciudadan\u00eda Global.<\/p>\n<p style=\"text-align: justify\">&nbsp;<\/p>\n<p style=\"text-align: justify\"><span style=\"color:#ed1c24\"><strong>DECIDE &#8211; CONVIVE: EDUCACI\u00d3N PARA LA CIUDADAN\u00cdA GLOBAL EN CONTEXTOS DE EXCLUSI\u00d3N<\/strong><\/span><br \/>Os recordamos, adem\u00e1s, que ten\u00e9is a vuestra disposici\u00f3n esta <a href=\"https:\/\/redec.es\/es\/publicaciones\/decide-convive-educacion-para-la-ciudadania-global-en-contextos-de-exclusion\">publicaci\u00f3n<\/a>,&nbsp; en la que sistematizamos nuestra experiencia a la hora de <strong>aplicar el enfoque de Educaci\u00f3n para la Ciudadan\u00eda Global (EpDCG) en el trabajo con j\u00f3venes en contextos de exclusi\u00f3n<\/strong>, y sus efectos en la mejora de la convivencia y la inclusi\u00f3n social.<br \/>&nbsp;<br \/>Esta publicaci\u00f3n forma parte de Educar para cambiar el Mundo, la l\u00ednea de publicaciones de Entreculturas a trav\u00e9s de la cual sistematizamos nuestra pr\u00e1ctica y la ponemos a disposici\u00f3n de toda la comunidad educativa.<\/p>\n<p style=\"text-align: justify\"><span style=\"color:#ed1c24\"><strong>D\u00d3NDE ENCONTRARLOS<\/strong><\/span><br \/>Todos estos materiales educativos est\u00e1n disponibles para <strong>libre difusi\u00f3n y descarga en hasta cinco idiomas<\/strong> (castellano, catal\u00e1n, valenciano, gallego e ingl\u00e9s) a trav\u00e9s de la <a href=\"https:\/\/redec.es\/es\/redec\/home\">p\u00e1gina web de Redec<\/a>, plataforma educativa online de Entreculturas. En el buscador de la pesta\u00f1a de \u201cRecursos\u201d, pod\u00e9is acceder a este y a otros materiales para educar en ciudadan\u00eda global.&nbsp;<\/p>\n<p style=\"text-align: justify\">El env\u00edo f\u00edsico de los materiales a centros educativos y delegaciones, se realizar\u00e1 durante la primera semana de septiembre, pero con este lanzamiento ya pueden comenzar a utilizarse y difundirse los materiales v\u00eda online.<\/p>\n<p style=\"text-align: justify\">Para cualquier consulta sobre el material, no dud\u00e9is en contactarnos en la direcci\u00f3n de correo educacion@entreculturas.org.&nbsp;<\/p>\n<p style=\"text-align: justify\"><em>Esperamos que estos materiales sean de utilidad y brinden oportunidades educativas de ciudadan\u00eda global para el pr\u00f3ximo curso. Juntas y juntos en esta red de educaci\u00f3n transformadora, podemos trabajar para contribuir a este tipo de educaci\u00f3n que sabemos que no solo es necesaria, sino tambi\u00e9n posible.&nbsp;<\/em><\/p>\n","protected":false},"excerpt":{"rendered":"<p>Este mes de junio, bajo el t\u00edtulo \u201cEl momento es ahora\u201d, os presentamos los nuevos materiales educativos de Entreculturas para el pr\u00f3ximo curso escolar 2021\/2022.<\/p>\n","protected":false},"featured_media":5865,"template":"single-noticia","meta":{"_acf_changed":false},"categories":[7],"tags":[289],"country":[],"cause":[128],"class_list":["post-5864","noticia","type-noticia","status-publish","has-post-thumbnail","hentry","category-noticia","tag-educacion","cause-educacion"],"acf":[],"yoast_head":"<!-- This site is optimized with the Yoast SEO Premium plugin v21.6 (Yoast SEO v27.5) - https:\/\/yoast.com\/product\/yoast-seo-premium-wordpress\/ -->\n<title>\u201cEl momento es ahora\u201d: ya puedes descubrir los materiales educativos de Entreculturas para el curso escolar 2021\/2022 - Entreculturas<\/title>\n<meta name=\"robots\" content=\"index, follow, max-snippet:-1, max-image-preview:large, max-video-preview:-1\" \/>\n<link rel=\"canonical\" href=\"https:\/\/www.entreculturas.org\/ca\/noticia\/el-momento-es-ahora-ya-puedes-descubrir-los-materiales-educativos-de-entreculturas-para-el\/\" \/>\n<meta property=\"og:locale\" content=\"ca_ES\" \/>\n<meta property=\"og:type\" content=\"article\" \/>\n<meta property=\"og:title\" content=\"\u201cEl momento es ahora\u201d: ya puedes descubrir los materiales educativos de Entreculturas para el curso escolar 2021\/2022\" \/>\n<meta property=\"og:description\" content=\"Este mes de junio, bajo el t\u00edtulo \u201cEl momento es ahora\u201d, os presentamos los nuevos materiales educativos de Entreculturas para el pr\u00f3ximo curso escolar 2021\/2022.\" \/>\n<meta property=\"og:url\" content=\"https:\/\/www.entreculturas.org\/ca\/noticia\/el-momento-es-ahora-ya-puedes-descubrir-los-materiales-educativos-de-entreculturas-para-el\/\" \/>\n<meta property=\"og:site_name\" content=\"Entreculturas\" \/>\n<meta property=\"article:publisher\" content=\"https:\/\/www.facebook.com\/entreculturas\" \/>\n<meta property=\"article:modified_time\" content=\"2024-02-28T15:41:04+00:00\" \/>\n<meta property=\"og:image\" content=\"https:\/\/www.entreculturas.org\/wp-content\/uploads\/2021\/06\/portada_calendario_-_copia.png\" \/>\n\t<meta property=\"og:image:width\" content=\"438\" \/>\n\t<meta property=\"og:image:height\" content=\"321\" \/>\n\t<meta property=\"og:image:type\" content=\"image\/png\" \/>\n<meta name=\"twitter:card\" content=\"summary_large_image\" \/>\n<meta name=\"twitter:site\" content=\"@Entreculturas\" \/>\n<script type=\"application\/ld+json\" class=\"yoast-schema-graph\">{\"@context\":\"https:\\\/\\\/schema.org\",\"@graph\":[{\"@type\":\"WebPage\",\"@id\":\"https:\\\/\\\/www.entreculturas.org\\\/ca\\\/noticia\\\/el-momento-es-ahora-ya-puedes-descubrir-los-materiales-educativos-de-entreculturas-para-el\\\/\",\"url\":\"https:\\\/\\\/www.entreculturas.org\\\/ca\\\/noticia\\\/el-momento-es-ahora-ya-puedes-descubrir-los-materiales-educativos-de-entreculturas-para-el\\\/\",\"name\":\"\u201cEl momento es ahora\u201d: ya puedes descubrir los materiales educativos de Entreculturas para el curso escolar 2021\\\/2022 - Entreculturas\",\"isPartOf\":{\"@id\":\"https:\\\/\\\/www.entreculturas.org\\\/ca\\\/#website\"},\"primaryImageOfPage\":{\"@id\":\"https:\\\/\\\/www.entreculturas.org\\\/ca\\\/noticia\\\/el-momento-es-ahora-ya-puedes-descubrir-los-materiales-educativos-de-entreculturas-para-el\\\/#primaryimage\"},\"image\":{\"@id\":\"https:\\\/\\\/www.entreculturas.org\\\/ca\\\/noticia\\\/el-momento-es-ahora-ya-puedes-descubrir-los-materiales-educativos-de-entreculturas-para-el\\\/#primaryimage\"},\"thumbnailUrl\":\"https:\\\/\\\/www.entreculturas.org\\\/wp-content\\\/uploads\\\/2021\\\/06\\\/portada_calendario_-_copia.png\",\"datePublished\":\"2021-06-02T12:43:19+00:00\",\"dateModified\":\"2024-02-28T15:41:04+00:00\",\"breadcrumb\":{\"@id\":\"https:\\\/\\\/www.entreculturas.org\\\/ca\\\/noticia\\\/el-momento-es-ahora-ya-puedes-descubrir-los-materiales-educativos-de-entreculturas-para-el\\\/#breadcrumb\"},\"inLanguage\":\"ca\",\"potentialAction\":[{\"@type\":\"ReadAction\",\"target\":[\"https:\\\/\\\/www.entreculturas.org\\\/ca\\\/noticia\\\/el-momento-es-ahora-ya-puedes-descubrir-los-materiales-educativos-de-entreculturas-para-el\\\/\"]}]},{\"@type\":\"ImageObject\",\"inLanguage\":\"ca\",\"@id\":\"https:\\\/\\\/www.entreculturas.org\\\/ca\\\/noticia\\\/el-momento-es-ahora-ya-puedes-descubrir-los-materiales-educativos-de-entreculturas-para-el\\\/#primaryimage\",\"url\":\"https:\\\/\\\/www.entreculturas.org\\\/wp-content\\\/uploads\\\/2021\\\/06\\\/portada_calendario_-_copia.png\",\"contentUrl\":\"https:\\\/\\\/www.entreculturas.org\\\/wp-content\\\/uploads\\\/2021\\\/06\\\/portada_calendario_-_copia.png\",\"width\":438,\"height\":321,\"caption\":\"portada_calendario_-_copia\"},{\"@type\":\"BreadcrumbList\",\"@id\":\"https:\\\/\\\/www.entreculturas.org\\\/ca\\\/noticia\\\/el-momento-es-ahora-ya-puedes-descubrir-los-materiales-educativos-de-entreculturas-para-el\\\/#breadcrumb\",\"itemListElement\":[{\"@type\":\"ListItem\",\"position\":1,\"name\":\"Home\",\"item\":\"https:\\\/\\\/www.entreculturas.org\\\/ca\\\/\"},{\"@type\":\"ListItem\",\"position\":2,\"name\":\"Noticias\",\"item\":\"https:\\\/\\\/www.entreculturas.org\\\/ca\\\/noticias\\\/\"},{\"@type\":\"ListItem\",\"position\":3,\"name\":\"\u201cEl momento es ahora\u201d: ya puedes descubrir los materiales educativos de Entreculturas para el curso escolar 2021\\\/2022\"}]},{\"@type\":\"WebSite\",\"@id\":\"https:\\\/\\\/www.entreculturas.org\\\/ca\\\/#website\",\"url\":\"https:\\\/\\\/www.entreculturas.org\\\/ca\\\/\",\"name\":\"Entreculturas\",\"description\":\"\",\"publisher\":{\"@id\":\"https:\\\/\\\/www.entreculturas.org\\\/ca\\\/#organization\"},\"alternateName\":\"Entreculturas\",\"potentialAction\":[{\"@type\":\"SearchAction\",\"target\":{\"@type\":\"EntryPoint\",\"urlTemplate\":\"https:\\\/\\\/www.entreculturas.org\\\/ca\\\/?s={search_term_string}\"},\"query-input\":{\"@type\":\"PropertyValueSpecification\",\"valueRequired\":true,\"valueName\":\"search_term_string\"}}],\"inLanguage\":\"ca\"},{\"@type\":\"Organization\",\"@id\":\"https:\\\/\\\/www.entreculturas.org\\\/ca\\\/#organization\",\"name\":\"Entreculturas\",\"url\":\"https:\\\/\\\/www.entreculturas.org\\\/ca\\\/\",\"logo\":{\"@type\":\"ImageObject\",\"inLanguage\":\"ca\",\"@id\":\"https:\\\/\\\/www.entreculturas.org\\\/ca\\\/#\\\/schema\\\/logo\\\/image\\\/\",\"url\":\"https:\\\/\\\/www.entreculturas.org\\\/wp-content\\\/uploads\\\/2025\\\/10\\\/ESP.svg\",\"contentUrl\":\"https:\\\/\\\/www.entreculturas.org\\\/wp-content\\\/uploads\\\/2025\\\/10\\\/ESP.svg\",\"caption\":\"Entreculturas\"},\"image\":{\"@id\":\"https:\\\/\\\/www.entreculturas.org\\\/ca\\\/#\\\/schema\\\/logo\\\/image\\\/\"},\"sameAs\":[\"https:\\\/\\\/www.facebook.com\\\/entreculturas\",\"https:\\\/\\\/x.com\\\/Entreculturas\",\"https:\\\/\\\/www.instagram.com\\\/entreculturas\\\/\",\"https:\\\/\\\/www.youtube.com\\\/user\\\/entreculturasvideo\",\"https:\\\/\\\/www.linkedin.com\\\/company\\\/fundacion-entreculturas-ngdo\\\/\",\"https:\\\/\\\/www.flickr.com\\\/photos\\\/98455522@N04\\\/albums\\\/\"]}]}<\/script>\n<!-- \/ Yoast SEO Premium plugin. -->","yoast_head_json":{"title":"\u201cEl momento es ahora\u201d: ya puedes descubrir los materiales educativos de Entreculturas para el curso escolar 2021\/2022 - Entreculturas","robots":{"index":"index","follow":"follow","max-snippet":"max-snippet:-1","max-image-preview":"max-image-preview:large","max-video-preview":"max-video-preview:-1"},"canonical":"https:\/\/www.entreculturas.org\/ca\/noticia\/el-momento-es-ahora-ya-puedes-descubrir-los-materiales-educativos-de-entreculturas-para-el\/","og_locale":"ca_ES","og_type":"article","og_title":"\u201cEl momento es ahora\u201d: ya puedes descubrir los materiales educativos de Entreculturas para el curso escolar 2021\/2022","og_description":"Este mes de junio, bajo el t\u00edtulo \u201cEl momento es ahora\u201d, os presentamos los nuevos materiales educativos de Entreculturas para el pr\u00f3ximo curso escolar 2021\/2022.","og_url":"https:\/\/www.entreculturas.org\/ca\/noticia\/el-momento-es-ahora-ya-puedes-descubrir-los-materiales-educativos-de-entreculturas-para-el\/","og_site_name":"Entreculturas","article_publisher":"https:\/\/www.facebook.com\/entreculturas","article_modified_time":"2024-02-28T15:41:04+00:00","og_image":[{"width":438,"height":321,"url":"https:\/\/www.entreculturas.org\/wp-content\/uploads\/2021\/06\/portada_calendario_-_copia.png","type":"image\/png"}],"twitter_card":"summary_large_image","twitter_site":"@Entreculturas","schema":{"@context":"https:\/\/schema.org","@graph":[{"@type":"WebPage","@id":"https:\/\/www.entreculturas.org\/ca\/noticia\/el-momento-es-ahora-ya-puedes-descubrir-los-materiales-educativos-de-entreculturas-para-el\/","url":"https:\/\/www.entreculturas.org\/ca\/noticia\/el-momento-es-ahora-ya-puedes-descubrir-los-materiales-educativos-de-entreculturas-para-el\/","name":"\u201cEl momento es ahora\u201d: ya puedes descubrir los materiales educativos de Entreculturas para el curso escolar 2021\/2022 - Entreculturas","isPartOf":{"@id":"https:\/\/www.entreculturas.org\/ca\/#website"},"primaryImageOfPage":{"@id":"https:\/\/www.entreculturas.org\/ca\/noticia\/el-momento-es-ahora-ya-puedes-descubrir-los-materiales-educativos-de-entreculturas-para-el\/#primaryimage"},"image":{"@id":"https:\/\/www.entreculturas.org\/ca\/noticia\/el-momento-es-ahora-ya-puedes-descubrir-los-materiales-educativos-de-entreculturas-para-el\/#primaryimage"},"thumbnailUrl":"https:\/\/www.entreculturas.org\/wp-content\/uploads\/2021\/06\/portada_calendario_-_copia.png","datePublished":"2021-06-02T12:43:19+00:00","dateModified":"2024-02-28T15:41:04+00:00","breadcrumb":{"@id":"https:\/\/www.entreculturas.org\/ca\/noticia\/el-momento-es-ahora-ya-puedes-descubrir-los-materiales-educativos-de-entreculturas-para-el\/#breadcrumb"},"inLanguage":"ca","potentialAction":[{"@type":"ReadAction","target":["https:\/\/www.entreculturas.org\/ca\/noticia\/el-momento-es-ahora-ya-puedes-descubrir-los-materiales-educativos-de-entreculturas-para-el\/"]}]},{"@type":"ImageObject","inLanguage":"ca","@id":"https:\/\/www.entreculturas.org\/ca\/noticia\/el-momento-es-ahora-ya-puedes-descubrir-los-materiales-educativos-de-entreculturas-para-el\/#primaryimage","url":"https:\/\/www.entreculturas.org\/wp-content\/uploads\/2021\/06\/portada_calendario_-_copia.png","contentUrl":"https:\/\/www.entreculturas.org\/wp-content\/uploads\/2021\/06\/portada_calendario_-_copia.png","width":438,"height":321,"caption":"portada_calendario_-_copia"},{"@type":"BreadcrumbList","@id":"https:\/\/www.entreculturas.org\/ca\/noticia\/el-momento-es-ahora-ya-puedes-descubrir-los-materiales-educativos-de-entreculturas-para-el\/#breadcrumb","itemListElement":[{"@type":"ListItem","position":1,"name":"Home","item":"https:\/\/www.entreculturas.org\/ca\/"},{"@type":"ListItem","position":2,"name":"Noticias","item":"https:\/\/www.entreculturas.org\/ca\/noticias\/"},{"@type":"ListItem","position":3,"name":"\u201cEl momento es ahora\u201d: ya puedes descubrir los materiales educativos de Entreculturas para el curso escolar 2021\/2022"}]},{"@type":"WebSite","@id":"https:\/\/www.entreculturas.org\/ca\/#website","url":"https:\/\/www.entreculturas.org\/ca\/","name":"Entreculturas","description":"","publisher":{"@id":"https:\/\/www.entreculturas.org\/ca\/#organization"},"alternateName":"Entreculturas","potentialAction":[{"@type":"SearchAction","target":{"@type":"EntryPoint","urlTemplate":"https:\/\/www.entreculturas.org\/ca\/?s={search_term_string}"},"query-input":{"@type":"PropertyValueSpecification","valueRequired":true,"valueName":"search_term_string"}}],"inLanguage":"ca"},{"@type":"Organization","@id":"https:\/\/www.entreculturas.org\/ca\/#organization","name":"Entreculturas","url":"https:\/\/www.entreculturas.org\/ca\/","logo":{"@type":"ImageObject","inLanguage":"ca","@id":"https:\/\/www.entreculturas.org\/ca\/#\/schema\/logo\/image\/","url":"https:\/\/www.entreculturas.org\/wp-content\/uploads\/2025\/10\/ESP.svg","contentUrl":"https:\/\/www.entreculturas.org\/wp-content\/uploads\/2025\/10\/ESP.svg","caption":"Entreculturas"},"image":{"@id":"https:\/\/www.entreculturas.org\/ca\/#\/schema\/logo\/image\/"},"sameAs":["https:\/\/www.facebook.com\/entreculturas","https:\/\/x.com\/Entreculturas","https:\/\/www.instagram.com\/entreculturas\/","https:\/\/www.youtube.com\/user\/entreculturasvideo","https:\/\/www.linkedin.com\/company\/fundacion-entreculturas-ngdo\/","https:\/\/www.flickr.com\/photos\/98455522@N04\/albums\/"]}]}},"_links":{"self":[{"href":"https:\/\/www.entreculturas.org\/ca\/wp-json\/wp\/v2\/noticia\/5864","targetHints":{"allow":["GET"]}}],"collection":[{"href":"https:\/\/www.entreculturas.org\/ca\/wp-json\/wp\/v2\/noticia"}],"about":[{"href":"https:\/\/www.entreculturas.org\/ca\/wp-json\/wp\/v2\/types\/noticia"}],"wp:featuredmedia":[{"embeddable":true,"href":"https:\/\/www.entreculturas.org\/ca\/wp-json\/wp\/v2\/media\/5865"}],"wp:attachment":[{"href":"https:\/\/www.entreculturas.org\/ca\/wp-json\/wp\/v2\/media?parent=5864"}],"wp:term":[{"taxonomy":"category","embeddable":true,"href":"https:\/\/www.entreculturas.org\/ca\/wp-json\/wp\/v2\/categories?post=5864"},{"taxonomy":"post_tag","embeddable":true,"href":"https:\/\/www.entreculturas.org\/ca\/wp-json\/wp\/v2\/tags?post=5864"},{"taxonomy":"country","embeddable":true,"href":"https:\/\/www.entreculturas.org\/ca\/wp-json\/wp\/v2\/country?post=5864"},{"taxonomy":"cause","embeddable":true,"href":"https:\/\/www.entreculturas.org\/ca\/wp-json\/wp\/v2\/cause?post=5864"}],"curies":[{"name":"wp","href":"https:\/\/api.w.org\/{rel}","templated":true}]}}