{"id":5786,"date":"2021-05-10T08:34:49","date_gmt":"2021-05-10T08:34:49","guid":{"rendered":"https:\/\/entreculturasi.wpenginepowered.com\/?noticias=sensibilizacion-y-prevencion-de-la-covid-para-ninos-y-ninas-de-rd-congo"},"modified":"2024-02-28T16:45:53","modified_gmt":"2024-02-28T15:45:53","slug":"sensibilizacion-y-prevencion-de-la-covid-para-ninos-y-ninas-de-rd-congo","status":"publish","type":"noticia","link":"https:\/\/www.entreculturas.org\/ca\/noticia\/sensibilizacion-y-prevencion-de-la-covid-para-ninos-y-ninas-de-rd-congo\/","title":{"rendered":"Sensibilizaci\u00f3n y prevenci\u00f3n de la COVID para ni\u00f1os y ni\u00f1as de RD Congo"},"content":{"rendered":"<\/p>\n<p><strong>J\u00f3venes de la Red Generaci\u00f3n 21+ de la R.D. Congo<\/strong> se han formado como agentes de sensibilizaci\u00f3n para poder ense\u00f1ar a ni\u00f1os y ni\u00f1as en edad escolar sobre <strong>prevenci\u00f3n de la COVID<\/strong>. Con esta acci\u00f3n han contribuido a una<strong> vuelta al cole segura<\/strong> en los centros educativos de Fe y Alegr\u00eda R.D. Congo, una de nuestras organizaciones socias en el pa\u00eds.<\/p>\n<p>En agosto de 2020 el curso escolar se reanud\u00f3 y se observ\u00f3 que parte del alumnado ten\u00eda escasos conocimientos sobre la COVID y&nbsp; las medidas necesarias para prevenir los contagios. Ante esta situaci\u00f3n, Fe y Alegr\u00eda R.D. Congo decidi\u00f3 formar a los ni\u00f1os y ni\u00f1as de familias vulnerables en estas cuestiones. Con el apoyo de Entreculturas y la Red Xavier se han realizado <strong>sesiones de sensibilizaci\u00f3n en las escuelas.<\/strong><\/p>\n<p>El objetivo principal de esta intervenci\u00f3n ha sido informar a la poblaci\u00f3n escolar sobre la importancia de respetar las diferentes acciones de autocuidado para evitar contraer la Covid-19, <strong>contribuyendo a romper la cadena de propagaci\u00f3n en las escuelas<\/strong>. Adem\u00e1s, los espacios de formaci\u00f3n han sido una oportunidad id\u00f3nea para insistir en la<strong> higiene de las manos<\/strong> en las escuelas para tomar conciencia y prevenir la variedad de enfermedades relacionadas con la falta de higiene, como la diarrea o el&nbsp; c\u00f3lera. De esta manera, han aprendido algunas t\u00e9cnicas de lavado de manos y las ventajas de hacerlo con regularidad.&nbsp;<\/p>\n<p><img decoding=\"async\" alt=\"\" src=\"https:\/\/www.entreculturas.org\/wp-content\/uploads\/2021\/05\/noticia-rdcongo-covid.jpg\" style=\"width: 752px;height: 300px\"><\/p>\n<p>En paralelo a la formaci\u00f3n, desde Fe y Alegr\u00eda R.D. Congo ha sido prioritario<strong> dotar a las escuelas de los dispositivos adecuados<\/strong>, como instalaciones para lavarse las manos, distribuci\u00f3n de mascarillas, gel hidroalcoh\u00f3lico y carteles informativos.<\/p>\n<p>&nbsp;<\/p>\n","protected":false},"excerpt":{"rendered":"<p>J\u00f3venes de la Red Generaci\u00f3n 21+ de la R.D. Congo se han formado como agentes de sensibilizaci\u00f3n para poder ense\u00f1ar a ni\u00f1os y ni\u00f1as en edad escolar sobre prevenci\u00f3n de la COVID. Con esta acci\u00f3n han contribuido a una vuelta al cole segura en los centros educativos de Fe y Alegr\u00eda R.D. Congo, una de nuestras organizaciones socias en el pa\u00eds.<\/p>\n","protected":false},"featured_media":5784,"template":"single-noticia","meta":{"_acf_changed":false},"categories":[7],"tags":[8],"country":[318],"cause":[132],"class_list":["post-5786","noticia","type-noticia","status-publish","has-post-thumbnail","hentry","category-noticia","tag-participacion-y-ciudadania-global","country-republica-democratica-del-congo","cause-participacion-y-ciudadania-global"],"acf":[],"yoast_head":"<!-- This site is optimized with the Yoast SEO Premium plugin v21.6 (Yoast SEO v27.5) - https:\/\/yoast.com\/product\/yoast-seo-premium-wordpress\/ -->\n<title>Sensibilizaci\u00f3n y prevenci\u00f3n de la COVID para ni\u00f1os y ni\u00f1as de RD Congo - Entreculturas<\/title>\n<meta name=\"robots\" content=\"index, follow, max-snippet:-1, max-image-preview:large, max-video-preview:-1\" \/>\n<link rel=\"canonical\" href=\"https:\/\/www.entreculturas.org\/ca\/noticia\/sensibilizacion-y-prevencion-de-la-covid-para-ninos-y-ninas-de-rd-congo\/\" \/>\n<meta property=\"og:locale\" content=\"ca_ES\" \/>\n<meta property=\"og:type\" content=\"article\" \/>\n<meta property=\"og:title\" content=\"Sensibilizaci\u00f3n y prevenci\u00f3n de la COVID para ni\u00f1os y ni\u00f1as de RD Congo\" \/>\n<meta property=\"og:description\" content=\"J\u00f3venes de la Red Generaci\u00f3n 21+ de la R.D. Congo se han formado como agentes de sensibilizaci\u00f3n para poder ense\u00f1ar a ni\u00f1os y ni\u00f1as en edad escolar sobre prevenci\u00f3n de la COVID. Con esta acci\u00f3n han contribuido a una vuelta al cole segura en los centros educativos de Fe y Alegr\u00eda R.D. Congo, una de nuestras organizaciones socias en el pa\u00eds.\" \/>\n<meta property=\"og:url\" content=\"https:\/\/www.entreculturas.org\/ca\/noticia\/sensibilizacion-y-prevencion-de-la-covid-para-ninos-y-ninas-de-rd-congo\/\" \/>\n<meta property=\"og:site_name\" content=\"Entreculturas\" \/>\n<meta property=\"article:publisher\" content=\"https:\/\/www.facebook.com\/entreculturas\" \/>\n<meta property=\"article:modified_time\" content=\"2024-02-28T15:45:53+00:00\" \/>\n<meta property=\"og:image\" content=\"https:\/\/www.entreculturas.org\/wp-content\/uploads\/2021\/05\/congo-covid-formacion_copia.jpeg\" \/>\n\t<meta property=\"og:image:width\" content=\"1024\" \/>\n\t<meta property=\"og:image:height\" content=\"768\" \/>\n\t<meta property=\"og:image:type\" content=\"image\/jpeg\" \/>\n<meta name=\"twitter:card\" content=\"summary_large_image\" \/>\n<meta name=\"twitter:site\" content=\"@Entreculturas\" \/>\n<script type=\"application\/ld+json\" class=\"yoast-schema-graph\">{\"@context\":\"https:\\\/\\\/schema.org\",\"@graph\":[{\"@type\":\"WebPage\",\"@id\":\"https:\\\/\\\/www.entreculturas.org\\\/ca\\\/noticia\\\/sensibilizacion-y-prevencion-de-la-covid-para-ninos-y-ninas-de-rd-congo\\\/\",\"url\":\"https:\\\/\\\/www.entreculturas.org\\\/ca\\\/noticia\\\/sensibilizacion-y-prevencion-de-la-covid-para-ninos-y-ninas-de-rd-congo\\\/\",\"name\":\"Sensibilizaci\u00f3n y prevenci\u00f3n de la COVID para ni\u00f1os y ni\u00f1as de RD Congo - Entreculturas\",\"isPartOf\":{\"@id\":\"https:\\\/\\\/www.entreculturas.org\\\/ca\\\/#website\"},\"primaryImageOfPage\":{\"@id\":\"https:\\\/\\\/www.entreculturas.org\\\/ca\\\/noticia\\\/sensibilizacion-y-prevencion-de-la-covid-para-ninos-y-ninas-de-rd-congo\\\/#primaryimage\"},\"image\":{\"@id\":\"https:\\\/\\\/www.entreculturas.org\\\/ca\\\/noticia\\\/sensibilizacion-y-prevencion-de-la-covid-para-ninos-y-ninas-de-rd-congo\\\/#primaryimage\"},\"thumbnailUrl\":\"https:\\\/\\\/www.entreculturas.org\\\/wp-content\\\/uploads\\\/2021\\\/05\\\/congo-covid-formacion_copia.jpeg\",\"datePublished\":\"2021-05-10T08:34:49+00:00\",\"dateModified\":\"2024-02-28T15:45:53+00:00\",\"breadcrumb\":{\"@id\":\"https:\\\/\\\/www.entreculturas.org\\\/ca\\\/noticia\\\/sensibilizacion-y-prevencion-de-la-covid-para-ninos-y-ninas-de-rd-congo\\\/#breadcrumb\"},\"inLanguage\":\"ca\",\"potentialAction\":[{\"@type\":\"ReadAction\",\"target\":[\"https:\\\/\\\/www.entreculturas.org\\\/ca\\\/noticia\\\/sensibilizacion-y-prevencion-de-la-covid-para-ninos-y-ninas-de-rd-congo\\\/\"]}]},{\"@type\":\"ImageObject\",\"inLanguage\":\"ca\",\"@id\":\"https:\\\/\\\/www.entreculturas.org\\\/ca\\\/noticia\\\/sensibilizacion-y-prevencion-de-la-covid-para-ninos-y-ninas-de-rd-congo\\\/#primaryimage\",\"url\":\"https:\\\/\\\/www.entreculturas.org\\\/wp-content\\\/uploads\\\/2021\\\/05\\\/congo-covid-formacion_copia.jpeg\",\"contentUrl\":\"https:\\\/\\\/www.entreculturas.org\\\/wp-content\\\/uploads\\\/2021\\\/05\\\/congo-covid-formacion_copia.jpeg\",\"width\":1024,\"height\":768},{\"@type\":\"BreadcrumbList\",\"@id\":\"https:\\\/\\\/www.entreculturas.org\\\/ca\\\/noticia\\\/sensibilizacion-y-prevencion-de-la-covid-para-ninos-y-ninas-de-rd-congo\\\/#breadcrumb\",\"itemListElement\":[{\"@type\":\"ListItem\",\"position\":1,\"name\":\"Home\",\"item\":\"https:\\\/\\\/www.entreculturas.org\\\/ca\\\/\"},{\"@type\":\"ListItem\",\"position\":2,\"name\":\"Noticias\",\"item\":\"https:\\\/\\\/www.entreculturas.org\\\/ca\\\/noticias\\\/\"},{\"@type\":\"ListItem\",\"position\":3,\"name\":\"Sensibilizaci\u00f3n y prevenci\u00f3n de la COVID para ni\u00f1os y ni\u00f1as de RD Congo\"}]},{\"@type\":\"WebSite\",\"@id\":\"https:\\\/\\\/www.entreculturas.org\\\/ca\\\/#website\",\"url\":\"https:\\\/\\\/www.entreculturas.org\\\/ca\\\/\",\"name\":\"Entreculturas\",\"description\":\"\",\"publisher\":{\"@id\":\"https:\\\/\\\/www.entreculturas.org\\\/ca\\\/#organization\"},\"alternateName\":\"Entreculturas\",\"potentialAction\":[{\"@type\":\"SearchAction\",\"target\":{\"@type\":\"EntryPoint\",\"urlTemplate\":\"https:\\\/\\\/www.entreculturas.org\\\/ca\\\/?s={search_term_string}\"},\"query-input\":{\"@type\":\"PropertyValueSpecification\",\"valueRequired\":true,\"valueName\":\"search_term_string\"}}],\"inLanguage\":\"ca\"},{\"@type\":\"Organization\",\"@id\":\"https:\\\/\\\/www.entreculturas.org\\\/ca\\\/#organization\",\"name\":\"Entreculturas\",\"url\":\"https:\\\/\\\/www.entreculturas.org\\\/ca\\\/\",\"logo\":{\"@type\":\"ImageObject\",\"inLanguage\":\"ca\",\"@id\":\"https:\\\/\\\/www.entreculturas.org\\\/ca\\\/#\\\/schema\\\/logo\\\/image\\\/\",\"url\":\"https:\\\/\\\/www.entreculturas.org\\\/wp-content\\\/uploads\\\/2025\\\/10\\\/ESP.svg\",\"contentUrl\":\"https:\\\/\\\/www.entreculturas.org\\\/wp-content\\\/uploads\\\/2025\\\/10\\\/ESP.svg\",\"caption\":\"Entreculturas\"},\"image\":{\"@id\":\"https:\\\/\\\/www.entreculturas.org\\\/ca\\\/#\\\/schema\\\/logo\\\/image\\\/\"},\"sameAs\":[\"https:\\\/\\\/www.facebook.com\\\/entreculturas\",\"https:\\\/\\\/x.com\\\/Entreculturas\",\"https:\\\/\\\/www.instagram.com\\\/entreculturas\\\/\",\"https:\\\/\\\/www.youtube.com\\\/user\\\/entreculturasvideo\",\"https:\\\/\\\/www.linkedin.com\\\/company\\\/fundacion-entreculturas-ngdo\\\/\",\"https:\\\/\\\/www.flickr.com\\\/photos\\\/98455522@N04\\\/albums\\\/\"]}]}<\/script>\n<!-- \/ Yoast SEO Premium plugin. -->","yoast_head_json":{"title":"Sensibilizaci\u00f3n y prevenci\u00f3n de la COVID para ni\u00f1os y ni\u00f1as de RD Congo - Entreculturas","robots":{"index":"index","follow":"follow","max-snippet":"max-snippet:-1","max-image-preview":"max-image-preview:large","max-video-preview":"max-video-preview:-1"},"canonical":"https:\/\/www.entreculturas.org\/ca\/noticia\/sensibilizacion-y-prevencion-de-la-covid-para-ninos-y-ninas-de-rd-congo\/","og_locale":"ca_ES","og_type":"article","og_title":"Sensibilizaci\u00f3n y prevenci\u00f3n de la COVID para ni\u00f1os y ni\u00f1as de RD Congo","og_description":"J\u00f3venes de la Red Generaci\u00f3n 21+ de la R.D. Congo se han formado como agentes de sensibilizaci\u00f3n para poder ense\u00f1ar a ni\u00f1os y ni\u00f1as en edad escolar sobre prevenci\u00f3n de la COVID. Con esta acci\u00f3n han contribuido a una vuelta al cole segura en los centros educativos de Fe y Alegr\u00eda R.D. Congo, una de nuestras organizaciones socias en el pa\u00eds.","og_url":"https:\/\/www.entreculturas.org\/ca\/noticia\/sensibilizacion-y-prevencion-de-la-covid-para-ninos-y-ninas-de-rd-congo\/","og_site_name":"Entreculturas","article_publisher":"https:\/\/www.facebook.com\/entreculturas","article_modified_time":"2024-02-28T15:45:53+00:00","og_image":[{"width":1024,"height":768,"url":"https:\/\/www.entreculturas.org\/wp-content\/uploads\/2021\/05\/congo-covid-formacion_copia.jpeg","type":"image\/jpeg"}],"twitter_card":"summary_large_image","twitter_site":"@Entreculturas","schema":{"@context":"https:\/\/schema.org","@graph":[{"@type":"WebPage","@id":"https:\/\/www.entreculturas.org\/ca\/noticia\/sensibilizacion-y-prevencion-de-la-covid-para-ninos-y-ninas-de-rd-congo\/","url":"https:\/\/www.entreculturas.org\/ca\/noticia\/sensibilizacion-y-prevencion-de-la-covid-para-ninos-y-ninas-de-rd-congo\/","name":"Sensibilizaci\u00f3n y prevenci\u00f3n de la COVID para ni\u00f1os y ni\u00f1as de RD Congo - Entreculturas","isPartOf":{"@id":"https:\/\/www.entreculturas.org\/ca\/#website"},"primaryImageOfPage":{"@id":"https:\/\/www.entreculturas.org\/ca\/noticia\/sensibilizacion-y-prevencion-de-la-covid-para-ninos-y-ninas-de-rd-congo\/#primaryimage"},"image":{"@id":"https:\/\/www.entreculturas.org\/ca\/noticia\/sensibilizacion-y-prevencion-de-la-covid-para-ninos-y-ninas-de-rd-congo\/#primaryimage"},"thumbnailUrl":"https:\/\/www.entreculturas.org\/wp-content\/uploads\/2021\/05\/congo-covid-formacion_copia.jpeg","datePublished":"2021-05-10T08:34:49+00:00","dateModified":"2024-02-28T15:45:53+00:00","breadcrumb":{"@id":"https:\/\/www.entreculturas.org\/ca\/noticia\/sensibilizacion-y-prevencion-de-la-covid-para-ninos-y-ninas-de-rd-congo\/#breadcrumb"},"inLanguage":"ca","potentialAction":[{"@type":"ReadAction","target":["https:\/\/www.entreculturas.org\/ca\/noticia\/sensibilizacion-y-prevencion-de-la-covid-para-ninos-y-ninas-de-rd-congo\/"]}]},{"@type":"ImageObject","inLanguage":"ca","@id":"https:\/\/www.entreculturas.org\/ca\/noticia\/sensibilizacion-y-prevencion-de-la-covid-para-ninos-y-ninas-de-rd-congo\/#primaryimage","url":"https:\/\/www.entreculturas.org\/wp-content\/uploads\/2021\/05\/congo-covid-formacion_copia.jpeg","contentUrl":"https:\/\/www.entreculturas.org\/wp-content\/uploads\/2021\/05\/congo-covid-formacion_copia.jpeg","width":1024,"height":768},{"@type":"BreadcrumbList","@id":"https:\/\/www.entreculturas.org\/ca\/noticia\/sensibilizacion-y-prevencion-de-la-covid-para-ninos-y-ninas-de-rd-congo\/#breadcrumb","itemListElement":[{"@type":"ListItem","position":1,"name":"Home","item":"https:\/\/www.entreculturas.org\/ca\/"},{"@type":"ListItem","position":2,"name":"Noticias","item":"https:\/\/www.entreculturas.org\/ca\/noticias\/"},{"@type":"ListItem","position":3,"name":"Sensibilizaci\u00f3n y prevenci\u00f3n de la COVID para ni\u00f1os y ni\u00f1as de RD Congo"}]},{"@type":"WebSite","@id":"https:\/\/www.entreculturas.org\/ca\/#website","url":"https:\/\/www.entreculturas.org\/ca\/","name":"Entreculturas","description":"","publisher":{"@id":"https:\/\/www.entreculturas.org\/ca\/#organization"},"alternateName":"Entreculturas","potentialAction":[{"@type":"SearchAction","target":{"@type":"EntryPoint","urlTemplate":"https:\/\/www.entreculturas.org\/ca\/?s={search_term_string}"},"query-input":{"@type":"PropertyValueSpecification","valueRequired":true,"valueName":"search_term_string"}}],"inLanguage":"ca"},{"@type":"Organization","@id":"https:\/\/www.entreculturas.org\/ca\/#organization","name":"Entreculturas","url":"https:\/\/www.entreculturas.org\/ca\/","logo":{"@type":"ImageObject","inLanguage":"ca","@id":"https:\/\/www.entreculturas.org\/ca\/#\/schema\/logo\/image\/","url":"https:\/\/www.entreculturas.org\/wp-content\/uploads\/2025\/10\/ESP.svg","contentUrl":"https:\/\/www.entreculturas.org\/wp-content\/uploads\/2025\/10\/ESP.svg","caption":"Entreculturas"},"image":{"@id":"https:\/\/www.entreculturas.org\/ca\/#\/schema\/logo\/image\/"},"sameAs":["https:\/\/www.facebook.com\/entreculturas","https:\/\/x.com\/Entreculturas","https:\/\/www.instagram.com\/entreculturas\/","https:\/\/www.youtube.com\/user\/entreculturasvideo","https:\/\/www.linkedin.com\/company\/fundacion-entreculturas-ngdo\/","https:\/\/www.flickr.com\/photos\/98455522@N04\/albums\/"]}]}},"_links":{"self":[{"href":"https:\/\/www.entreculturas.org\/ca\/wp-json\/wp\/v2\/noticia\/5786","targetHints":{"allow":["GET"]}}],"collection":[{"href":"https:\/\/www.entreculturas.org\/ca\/wp-json\/wp\/v2\/noticia"}],"about":[{"href":"https:\/\/www.entreculturas.org\/ca\/wp-json\/wp\/v2\/types\/noticia"}],"wp:featuredmedia":[{"embeddable":true,"href":"https:\/\/www.entreculturas.org\/ca\/wp-json\/wp\/v2\/media\/5784"}],"wp:attachment":[{"href":"https:\/\/www.entreculturas.org\/ca\/wp-json\/wp\/v2\/media?parent=5786"}],"wp:term":[{"taxonomy":"category","embeddable":true,"href":"https:\/\/www.entreculturas.org\/ca\/wp-json\/wp\/v2\/categories?post=5786"},{"taxonomy":"post_tag","embeddable":true,"href":"https:\/\/www.entreculturas.org\/ca\/wp-json\/wp\/v2\/tags?post=5786"},{"taxonomy":"country","embeddable":true,"href":"https:\/\/www.entreculturas.org\/ca\/wp-json\/wp\/v2\/country?post=5786"},{"taxonomy":"cause","embeddable":true,"href":"https:\/\/www.entreculturas.org\/ca\/wp-json\/wp\/v2\/cause?post=5786"}],"curies":[{"name":"wp","href":"https:\/\/api.w.org\/{rel}","templated":true}]}}