{"id":5667,"date":"2021-03-26T11:02:01","date_gmt":"2021-03-26T11:02:01","guid":{"rendered":"https:\/\/entreculturasi.wpenginepowered.com\/?noticias=pedagogia-teatral-en-tiempos-de-pandemia-0"},"modified":"2024-02-28T18:04:08","modified_gmt":"2024-02-28T17:04:08","slug":"pedagogia-teatral-en-tiempos-de-pandemia-0","status":"publish","type":"noticia","link":"https:\/\/www.entreculturas.org\/ca\/noticia\/pedagogia-teatral-en-tiempos-de-pandemia-0\/","title":{"rendered":"Pedagog\u00eda teatral en tiempos de pandemia"},"content":{"rendered":"<p style=\"text-align: justify\">Un a\u00f1o m\u00e1s celebramos el <strong>d\u00eda mundial del teatro<\/strong>, entendido como forma de expresi\u00f3n art\u00edstica y creativa; pero tambi\u00e9n como herramienta educativa y transformadora. Y sin obviar la acepci\u00f3n m\u00e1s art\u00edstica, desde Entreculturas queremos resaltar<strong> la importancia que el teatro est\u00e1 teniendo de forma especial en este dif\u00edcil contexto de la COVID 19<\/strong>, como herramienta educativa que ha fortalecido la capacidad de resiliencia y ha servido de acompa\u00f1amiento en medio de esta dura realidad. Por ello en las experiencias que tenemos tanto con profesorado como alumnado, siguiendo un enfoque de Ciudadan\u00eda Global se ven reforzados como agentes transformadores desde sus realidades locales, con alcance global.<\/p>\n<p style=\"text-align: justify\">En el primer trimestre de este presente a\u00f1o y ante la imposibilidad de realizar actividades presenciales, desde Entreculturas propusimos el \u201c<strong>Laboratorio de teatro social para la convivencia<\/strong>\u201d dirigido a docentes, educadores y educadoras que tuviesen la oportunidad de trabajar y profundizar con grupos de j\u00f3venes a trav\u00e9s de esta herramienta pedag\u00f3gica.<\/p>\n<\/p>\n<p style=\"text-align: justify\">Teniendo en cuenta el contexto actual de la Covid-19 y sus repercusiones en las relaciones sociales, el <strong>profesorado <\/strong>valora aquello que le pod\u00eda aportar el curso:<\/p>\n<p style=\"margin-left: 40px;text-align: justify\"><em>\u201cTener m\u00e1s herramientas para trabajar con j\u00f3venes, que actualmente debido a los meses que han estado sin socializar est\u00e1n m\u00e1s t\u00edmidos y con mayor reticencia a compartir\u201d.<\/em><\/p>\n<p style=\"margin-left: 40px;text-align: justify\"><em>\u201cMe ayud\u00f3 en lo personal con el balance emocional y a contactar con las emociones en positivo\u201d.&nbsp;<\/em><\/p>\n<p style=\"margin-left: 40px;text-align: justify\"><em>\u201cAdquir\u00ed nuevos conocimientos y habilidades que faciliten los nuevas formas de convivencia y por lo tanto de aprendizajes\u201d.<\/em><\/p>\n<p style=\"margin-left: 40px;text-align: justify\"><em>\u201cCreo que este curso me ha ayudado con herramientas para expresi\u00f3n en palabras y mediante el cuerpo para hacer consciente c\u00f3mo nos atraviesa la situaci\u00f3n de COVID en nuestras relaciones y en nuestra vida cotidiana\u201d.<\/em><\/p>\n<p style=\"margin-left: 40px;text-align: justify\"><em>\u201cMe ha ayudado a trabajar con los chicos\/as en su apertura al grupo, a la cohesi\u00f3n y a que puedan expresar sentimientos o emociones que de otra forma no har\u00edan. Adem\u00e1s, les ense\u00f1ar\u00eda a ponerse en la piel del otro o encontrar soluciones a situaciones que de otra forma no se podr\u00edan ver involucrados.\u201d<\/em><\/p>\n<p style=\"margin-left: 40px;text-align: justify\"><em>\u201cHa sido excelente, me ayudo un mont\u00f3n a la creatividad, a soltar una vez m\u00e1s la timidez, a seguir buceando en mi ser, y en el abanico de posibilidades que existe en una, para acompa\u00f1ar a descubrir el mundo de posibilidades de los dem\u00e1s&#8230; Pues ahora se suman m\u00e1s herramientas a la mochila de recursos en el acompa\u00f1amiento a las y los j\u00f3venes y las y los educadores de los equipos que formo parte.\u201d<\/em><\/p>\n<p style=\"text-align: justify\">Tanto <strong>educadores y educadoras <\/strong>destacan las oportunidades que ofrece el teatro social dentro de su \u00e1mbito profesional.<\/p>\n<p style=\"margin-left: 40px;text-align: justify\"><em>\u201cEs una oportunidad de seguir creciendo como profesional del sector de intervenci\u00f3n social, a tener m\u00e1s variedad de herramientas y a poder trabajar con los chicos\/as desde el arte\u201d.<\/em><\/p>\n<p style=\"margin-left: 40px;text-align: justify\"><em>\u201cEl crecimiento creativo, y por lo tanto el poder encontrar nuevos contextos y espacios donde llevar a cabo mis habilidades y las nuevas&nbsp; adquiridas en&nbsp; el taller.\u201d<\/em><\/p>\n<p style=\"margin-left: 40px;text-align: justify\"><em>\u201cEl teatro es una herramienta muy motivadora para trabajar emociones y diferentes tem\u00e1ticas con los j\u00f3venes al tiempo que puede ayudar a fortalecer lazos de grupo, tambi\u00e9n como manera de expresi\u00f3n de los j\u00f3venes\u201d<\/em><\/p>\n<p style=\"margin-left: 40px;text-align: justify\"><em>\u201cEs una oportunidad de crear, expresar , herramienta para la sensibilizaci\u00f3n, concientizaci\u00f3n, empoderamiento y movilizaci\u00f3n\u201d.<\/em><\/p>\n<p><img decoding=\"async\" alt=\"\" src=\"https:\/\/www.entreculturas.org\/wp-content\/uploads\/2021\/03\/img_8314-scaled-1.jpg\" style=\"width: 450px;height: 338px;margin-left: 320px\"><\/p>\n<p>Por otro lado continuamos el trabajo con el grupo de teatro del Centro de Formaci\u00f3n Padre Piquer. Durante este curso, recuperamos la presencialidad de las clases, guardando todas las medidas de seguridad,&nbsp; siendo un espacio de cohexi\u00f3n grupal donde adem\u00e1s de seguir un itinerario donde trabajamos diferentes realidades desde la perspectiva de la ciudadan\u00eda Global, est\u00e1n aprendiendo diferentes estrategias expresivas y comunicativas que les empoderan dentro del contexto de crisis que estamos viviendo.<\/p>\n<p style=\"text-align: justify\">As\u00ed lo expresan los <strong>j\u00f3venes<\/strong>:<\/p>\n<p style=\"margin-left: 40px;text-align: justify\"><em>\u201cMe aporta que pueda sociabilizar con m\u00e1s gente, perder la verg\u00fcenza, vocalizar m\u00e1s a pesar de la mascarilla.\u201d<\/em><\/p>\n<p style=\"margin-left: 40px;text-align: justify\"><em>\u201cMe aporta abrirme un poco m\u00e1s, sociabilizar m\u00e1s, coger confianza conmigo mismo, me ha ayudado a soltarme. Me ha ayudado a sobreponerme a esta realidad gracias a las clases de teatro porque me ilusiona y me evade.\u201d&nbsp;<\/em><\/p>\n<p style=\"margin-left: 40px;text-align: justify\"><em>\u201cEl teatro me ha aportado mejorar mi habla en p\u00fablico, tengo m\u00e1s recursos, exponer m\u00e1s argumentos. M\u00e1s expresi\u00f3n corporal, mejorar mi capacidad de improvisar. Me ha ayudado a sobrellevar mejor el curso, este espacio me ayuda a desahogarme.\u201d<\/em><\/p>\n<p style=\"margin-left: 40px;text-align: justify\"><em>\u201cEs una puerta para m\u00ed que se abre, para conocer obras de teatro, me encanta la literatura, quiero ser escritor.\u201d<\/em><\/p>\n<p style=\"text-align: justify\">Art\u00edculo escrito por Alberto Medina Bravo, T\u00e9cnico de Educaci\u00f3n en la Delegaci\u00f3n de Madrid de Entreculturas.<\/p>\n","protected":false},"excerpt":{"rendered":"<p>Un a\u00f1o m\u00e1s celebramos el d\u00eda mundial del teatro, entendido como forma de expresi\u00f3n art\u00edstica y creativa; pero tambi\u00e9n como herramienta educativa y transformadora. Y sin obviar la acepci\u00f3n m\u00e1s art\u00edstica, desde Entreculturas queremos resaltar la importancia que el teatro est\u00e1 teniendo de forma especial en este dif\u00edcil contexto de la COVID 19, como herramienta educativa que ha fortalecido la capacidad de resiliencia y ha servido de acompa\u00f1amiento en medio de esta dura realidad. Por ello en las experiencias que tenemos tanto con profesorado como alumnado, siguiendo un enfoque de Ciudadan\u00eda Global se ven reforzados como agentes transformadores desde sus realidades locales, con alcance global. En el primer trimestre de este presente a\u00f1o y ante la imposibilidad de realizar actividades presenciales, desde Entreculturas propusimos el \u201cLaboratorio de teatro social para la convivencia\u201d dirigido a docentes, educadores y educadoras que tuviesen la oportunidad de trabajar y profundizar con grupos de j\u00f3venes [&hellip;]<\/p>\n","protected":false},"featured_media":5664,"template":"single-noticia","meta":{"_acf_changed":false},"categories":[7],"tags":[289],"country":[],"cause":[128],"class_list":["post-5667","noticia","type-noticia","status-publish","has-post-thumbnail","hentry","category-noticia","tag-educacion","cause-educacion"],"acf":[],"yoast_head":"<!-- This site is optimized with the Yoast SEO Premium plugin v21.6 (Yoast SEO v27.5) - https:\/\/yoast.com\/product\/yoast-seo-premium-wordpress\/ -->\n<title>Pedagog\u00eda teatral en tiempos de pandemia - Entreculturas<\/title>\n<meta name=\"robots\" content=\"index, follow, max-snippet:-1, max-image-preview:large, max-video-preview:-1\" \/>\n<link rel=\"canonical\" href=\"https:\/\/www.entreculturas.org\/ca\/noticia\/pedagogia-teatral-en-tiempos-de-pandemia-0\/\" \/>\n<meta property=\"og:locale\" content=\"ca_ES\" \/>\n<meta property=\"og:type\" content=\"article\" \/>\n<meta property=\"og:title\" content=\"Pedagog\u00eda teatral en tiempos de pandemia\" \/>\n<meta property=\"og:description\" content=\"Un a\u00f1o m\u00e1s celebramos el d\u00eda mundial del teatro, entendido como forma de expresi\u00f3n art\u00edstica y creativa; pero tambi\u00e9n como herramienta educativa y transformadora. Y sin obviar la acepci\u00f3n m\u00e1s art\u00edstica, desde Entreculturas queremos resaltar la importancia que el teatro est\u00e1 teniendo de forma especial en este dif\u00edcil contexto de la COVID 19, como herramienta educativa que ha fortalecido la capacidad de resiliencia y ha servido de acompa\u00f1amiento en medio de esta dura realidad. Por ello en las experiencias que tenemos tanto con profesorado como alumnado, siguiendo un enfoque de Ciudadan\u00eda Global se ven reforzados como agentes transformadores desde sus realidades locales, con alcance global. En el primer trimestre de este presente a\u00f1o y ante la imposibilidad de realizar actividades presenciales, desde Entreculturas propusimos el \u201cLaboratorio de teatro social para la convivencia\u201d dirigido a docentes, educadores y educadoras que tuviesen la oportunidad de trabajar y profundizar con grupos de j\u00f3venes [&hellip;]\" \/>\n<meta property=\"og:url\" content=\"https:\/\/www.entreculturas.org\/ca\/noticia\/pedagogia-teatral-en-tiempos-de-pandemia-0\/\" \/>\n<meta property=\"og:site_name\" content=\"Entreculturas\" \/>\n<meta property=\"article:publisher\" content=\"https:\/\/www.facebook.com\/entreculturas\" \/>\n<meta property=\"article:modified_time\" content=\"2024-02-28T17:04:08+00:00\" \/>\n<meta property=\"og:image\" content=\"https:\/\/www.entreculturas.org\/wp-content\/uploads\/2021\/03\/img_8314-scaled-1.jpg\" \/>\n\t<meta property=\"og:image:width\" content=\"2560\" \/>\n\t<meta property=\"og:image:height\" content=\"1920\" \/>\n\t<meta property=\"og:image:type\" content=\"image\/jpeg\" \/>\n<meta name=\"twitter:card\" content=\"summary_large_image\" \/>\n<meta name=\"twitter:site\" content=\"@Entreculturas\" \/>\n<script type=\"application\/ld+json\" class=\"yoast-schema-graph\">{\"@context\":\"https:\\\/\\\/schema.org\",\"@graph\":[{\"@type\":\"WebPage\",\"@id\":\"https:\\\/\\\/www.entreculturas.org\\\/ca\\\/noticia\\\/pedagogia-teatral-en-tiempos-de-pandemia-0\\\/\",\"url\":\"https:\\\/\\\/www.entreculturas.org\\\/ca\\\/noticia\\\/pedagogia-teatral-en-tiempos-de-pandemia-0\\\/\",\"name\":\"Pedagog\u00eda teatral en tiempos de pandemia - Entreculturas\",\"isPartOf\":{\"@id\":\"https:\\\/\\\/www.entreculturas.org\\\/ca\\\/#website\"},\"primaryImageOfPage\":{\"@id\":\"https:\\\/\\\/www.entreculturas.org\\\/ca\\\/noticia\\\/pedagogia-teatral-en-tiempos-de-pandemia-0\\\/#primaryimage\"},\"image\":{\"@id\":\"https:\\\/\\\/www.entreculturas.org\\\/ca\\\/noticia\\\/pedagogia-teatral-en-tiempos-de-pandemia-0\\\/#primaryimage\"},\"thumbnailUrl\":\"https:\\\/\\\/www.entreculturas.org\\\/wp-content\\\/uploads\\\/2021\\\/03\\\/img_8314-scaled-1.jpg\",\"datePublished\":\"2021-03-26T11:02:01+00:00\",\"dateModified\":\"2024-02-28T17:04:08+00:00\",\"breadcrumb\":{\"@id\":\"https:\\\/\\\/www.entreculturas.org\\\/ca\\\/noticia\\\/pedagogia-teatral-en-tiempos-de-pandemia-0\\\/#breadcrumb\"},\"inLanguage\":\"ca\",\"potentialAction\":[{\"@type\":\"ReadAction\",\"target\":[\"https:\\\/\\\/www.entreculturas.org\\\/ca\\\/noticia\\\/pedagogia-teatral-en-tiempos-de-pandemia-0\\\/\"]}]},{\"@type\":\"ImageObject\",\"inLanguage\":\"ca\",\"@id\":\"https:\\\/\\\/www.entreculturas.org\\\/ca\\\/noticia\\\/pedagogia-teatral-en-tiempos-de-pandemia-0\\\/#primaryimage\",\"url\":\"https:\\\/\\\/www.entreculturas.org\\\/wp-content\\\/uploads\\\/2021\\\/03\\\/img_8314-scaled-1.jpg\",\"contentUrl\":\"https:\\\/\\\/www.entreculturas.org\\\/wp-content\\\/uploads\\\/2021\\\/03\\\/img_8314-scaled-1.jpg\",\"width\":2560,\"height\":1920,\"caption\":\"img_8314\"},{\"@type\":\"BreadcrumbList\",\"@id\":\"https:\\\/\\\/www.entreculturas.org\\\/ca\\\/noticia\\\/pedagogia-teatral-en-tiempos-de-pandemia-0\\\/#breadcrumb\",\"itemListElement\":[{\"@type\":\"ListItem\",\"position\":1,\"name\":\"Home\",\"item\":\"https:\\\/\\\/www.entreculturas.org\\\/ca\\\/\"},{\"@type\":\"ListItem\",\"position\":2,\"name\":\"Noticias\",\"item\":\"https:\\\/\\\/www.entreculturas.org\\\/ca\\\/noticias\\\/\"},{\"@type\":\"ListItem\",\"position\":3,\"name\":\"Pedagog\u00eda teatral en tiempos de pandemia\"}]},{\"@type\":\"WebSite\",\"@id\":\"https:\\\/\\\/www.entreculturas.org\\\/ca\\\/#website\",\"url\":\"https:\\\/\\\/www.entreculturas.org\\\/ca\\\/\",\"name\":\"Entreculturas\",\"description\":\"\",\"publisher\":{\"@id\":\"https:\\\/\\\/www.entreculturas.org\\\/ca\\\/#organization\"},\"alternateName\":\"Entreculturas\",\"potentialAction\":[{\"@type\":\"SearchAction\",\"target\":{\"@type\":\"EntryPoint\",\"urlTemplate\":\"https:\\\/\\\/www.entreculturas.org\\\/ca\\\/?s={search_term_string}\"},\"query-input\":{\"@type\":\"PropertyValueSpecification\",\"valueRequired\":true,\"valueName\":\"search_term_string\"}}],\"inLanguage\":\"ca\"},{\"@type\":\"Organization\",\"@id\":\"https:\\\/\\\/www.entreculturas.org\\\/ca\\\/#organization\",\"name\":\"Entreculturas\",\"url\":\"https:\\\/\\\/www.entreculturas.org\\\/ca\\\/\",\"logo\":{\"@type\":\"ImageObject\",\"inLanguage\":\"ca\",\"@id\":\"https:\\\/\\\/www.entreculturas.org\\\/ca\\\/#\\\/schema\\\/logo\\\/image\\\/\",\"url\":\"https:\\\/\\\/www.entreculturas.org\\\/wp-content\\\/uploads\\\/2025\\\/10\\\/ESP.svg\",\"contentUrl\":\"https:\\\/\\\/www.entreculturas.org\\\/wp-content\\\/uploads\\\/2025\\\/10\\\/ESP.svg\",\"caption\":\"Entreculturas\"},\"image\":{\"@id\":\"https:\\\/\\\/www.entreculturas.org\\\/ca\\\/#\\\/schema\\\/logo\\\/image\\\/\"},\"sameAs\":[\"https:\\\/\\\/www.facebook.com\\\/entreculturas\",\"https:\\\/\\\/x.com\\\/Entreculturas\",\"https:\\\/\\\/www.instagram.com\\\/entreculturas\\\/\",\"https:\\\/\\\/www.youtube.com\\\/user\\\/entreculturasvideo\",\"https:\\\/\\\/www.linkedin.com\\\/company\\\/fundacion-entreculturas-ngdo\\\/\",\"https:\\\/\\\/www.flickr.com\\\/photos\\\/98455522@N04\\\/albums\\\/\"]}]}<\/script>\n<!-- \/ Yoast SEO Premium plugin. -->","yoast_head_json":{"title":"Pedagog\u00eda teatral en tiempos de pandemia - Entreculturas","robots":{"index":"index","follow":"follow","max-snippet":"max-snippet:-1","max-image-preview":"max-image-preview:large","max-video-preview":"max-video-preview:-1"},"canonical":"https:\/\/www.entreculturas.org\/ca\/noticia\/pedagogia-teatral-en-tiempos-de-pandemia-0\/","og_locale":"ca_ES","og_type":"article","og_title":"Pedagog\u00eda teatral en tiempos de pandemia","og_description":"Un a\u00f1o m\u00e1s celebramos el d\u00eda mundial del teatro, entendido como forma de expresi\u00f3n art\u00edstica y creativa; pero tambi\u00e9n como herramienta educativa y transformadora. Y sin obviar la acepci\u00f3n m\u00e1s art\u00edstica, desde Entreculturas queremos resaltar la importancia que el teatro est\u00e1 teniendo de forma especial en este dif\u00edcil contexto de la COVID 19, como herramienta educativa que ha fortalecido la capacidad de resiliencia y ha servido de acompa\u00f1amiento en medio de esta dura realidad. Por ello en las experiencias que tenemos tanto con profesorado como alumnado, siguiendo un enfoque de Ciudadan\u00eda Global se ven reforzados como agentes transformadores desde sus realidades locales, con alcance global. En el primer trimestre de este presente a\u00f1o y ante la imposibilidad de realizar actividades presenciales, desde Entreculturas propusimos el \u201cLaboratorio de teatro social para la convivencia\u201d dirigido a docentes, educadores y educadoras que tuviesen la oportunidad de trabajar y profundizar con grupos de j\u00f3venes [&hellip;]","og_url":"https:\/\/www.entreculturas.org\/ca\/noticia\/pedagogia-teatral-en-tiempos-de-pandemia-0\/","og_site_name":"Entreculturas","article_publisher":"https:\/\/www.facebook.com\/entreculturas","article_modified_time":"2024-02-28T17:04:08+00:00","og_image":[{"width":2560,"height":1920,"url":"https:\/\/www.entreculturas.org\/wp-content\/uploads\/2021\/03\/img_8314-scaled-1.jpg","type":"image\/jpeg"}],"twitter_card":"summary_large_image","twitter_site":"@Entreculturas","schema":{"@context":"https:\/\/schema.org","@graph":[{"@type":"WebPage","@id":"https:\/\/www.entreculturas.org\/ca\/noticia\/pedagogia-teatral-en-tiempos-de-pandemia-0\/","url":"https:\/\/www.entreculturas.org\/ca\/noticia\/pedagogia-teatral-en-tiempos-de-pandemia-0\/","name":"Pedagog\u00eda teatral en tiempos de pandemia - Entreculturas","isPartOf":{"@id":"https:\/\/www.entreculturas.org\/ca\/#website"},"primaryImageOfPage":{"@id":"https:\/\/www.entreculturas.org\/ca\/noticia\/pedagogia-teatral-en-tiempos-de-pandemia-0\/#primaryimage"},"image":{"@id":"https:\/\/www.entreculturas.org\/ca\/noticia\/pedagogia-teatral-en-tiempos-de-pandemia-0\/#primaryimage"},"thumbnailUrl":"https:\/\/www.entreculturas.org\/wp-content\/uploads\/2021\/03\/img_8314-scaled-1.jpg","datePublished":"2021-03-26T11:02:01+00:00","dateModified":"2024-02-28T17:04:08+00:00","breadcrumb":{"@id":"https:\/\/www.entreculturas.org\/ca\/noticia\/pedagogia-teatral-en-tiempos-de-pandemia-0\/#breadcrumb"},"inLanguage":"ca","potentialAction":[{"@type":"ReadAction","target":["https:\/\/www.entreculturas.org\/ca\/noticia\/pedagogia-teatral-en-tiempos-de-pandemia-0\/"]}]},{"@type":"ImageObject","inLanguage":"ca","@id":"https:\/\/www.entreculturas.org\/ca\/noticia\/pedagogia-teatral-en-tiempos-de-pandemia-0\/#primaryimage","url":"https:\/\/www.entreculturas.org\/wp-content\/uploads\/2021\/03\/img_8314-scaled-1.jpg","contentUrl":"https:\/\/www.entreculturas.org\/wp-content\/uploads\/2021\/03\/img_8314-scaled-1.jpg","width":2560,"height":1920,"caption":"img_8314"},{"@type":"BreadcrumbList","@id":"https:\/\/www.entreculturas.org\/ca\/noticia\/pedagogia-teatral-en-tiempos-de-pandemia-0\/#breadcrumb","itemListElement":[{"@type":"ListItem","position":1,"name":"Home","item":"https:\/\/www.entreculturas.org\/ca\/"},{"@type":"ListItem","position":2,"name":"Noticias","item":"https:\/\/www.entreculturas.org\/ca\/noticias\/"},{"@type":"ListItem","position":3,"name":"Pedagog\u00eda teatral en tiempos de pandemia"}]},{"@type":"WebSite","@id":"https:\/\/www.entreculturas.org\/ca\/#website","url":"https:\/\/www.entreculturas.org\/ca\/","name":"Entreculturas","description":"","publisher":{"@id":"https:\/\/www.entreculturas.org\/ca\/#organization"},"alternateName":"Entreculturas","potentialAction":[{"@type":"SearchAction","target":{"@type":"EntryPoint","urlTemplate":"https:\/\/www.entreculturas.org\/ca\/?s={search_term_string}"},"query-input":{"@type":"PropertyValueSpecification","valueRequired":true,"valueName":"search_term_string"}}],"inLanguage":"ca"},{"@type":"Organization","@id":"https:\/\/www.entreculturas.org\/ca\/#organization","name":"Entreculturas","url":"https:\/\/www.entreculturas.org\/ca\/","logo":{"@type":"ImageObject","inLanguage":"ca","@id":"https:\/\/www.entreculturas.org\/ca\/#\/schema\/logo\/image\/","url":"https:\/\/www.entreculturas.org\/wp-content\/uploads\/2025\/10\/ESP.svg","contentUrl":"https:\/\/www.entreculturas.org\/wp-content\/uploads\/2025\/10\/ESP.svg","caption":"Entreculturas"},"image":{"@id":"https:\/\/www.entreculturas.org\/ca\/#\/schema\/logo\/image\/"},"sameAs":["https:\/\/www.facebook.com\/entreculturas","https:\/\/x.com\/Entreculturas","https:\/\/www.instagram.com\/entreculturas\/","https:\/\/www.youtube.com\/user\/entreculturasvideo","https:\/\/www.linkedin.com\/company\/fundacion-entreculturas-ngdo\/","https:\/\/www.flickr.com\/photos\/98455522@N04\/albums\/"]}]}},"_links":{"self":[{"href":"https:\/\/www.entreculturas.org\/ca\/wp-json\/wp\/v2\/noticia\/5667","targetHints":{"allow":["GET"]}}],"collection":[{"href":"https:\/\/www.entreculturas.org\/ca\/wp-json\/wp\/v2\/noticia"}],"about":[{"href":"https:\/\/www.entreculturas.org\/ca\/wp-json\/wp\/v2\/types\/noticia"}],"wp:featuredmedia":[{"embeddable":true,"href":"https:\/\/www.entreculturas.org\/ca\/wp-json\/wp\/v2\/media\/5664"}],"wp:attachment":[{"href":"https:\/\/www.entreculturas.org\/ca\/wp-json\/wp\/v2\/media?parent=5667"}],"wp:term":[{"taxonomy":"category","embeddable":true,"href":"https:\/\/www.entreculturas.org\/ca\/wp-json\/wp\/v2\/categories?post=5667"},{"taxonomy":"post_tag","embeddable":true,"href":"https:\/\/www.entreculturas.org\/ca\/wp-json\/wp\/v2\/tags?post=5667"},{"taxonomy":"country","embeddable":true,"href":"https:\/\/www.entreculturas.org\/ca\/wp-json\/wp\/v2\/country?post=5667"},{"taxonomy":"cause","embeddable":true,"href":"https:\/\/www.entreculturas.org\/ca\/wp-json\/wp\/v2\/cause?post=5667"}],"curies":[{"name":"wp","href":"https:\/\/api.w.org\/{rel}","templated":true}]}}