{"id":5477,"date":"2021-02-03T08:26:55","date_gmt":"2021-02-03T08:26:55","guid":{"rendered":"https:\/\/entreculturasi.wpenginepowered.com\/?noticias=manar-superviviente-de-la-explosion-de-beirut-y-refugiada-siria-que-vivio-para-contarlo"},"modified":"2024-12-09T12:47:30","modified_gmt":"2024-12-09T11:47:30","slug":"manar-superviviente-de-la-explosion-de-beirut-y-refugiada-siria-que-vivio-para-contarlo","status":"publish","type":"noticia","link":"https:\/\/www.entreculturas.org\/ca\/noticia\/manar-superviviente-de-la-explosion-de-beirut-y-refugiada-siria-que-vivio-para-contarlo\/","title":{"rendered":"Manar: superviviente de la explosi\u00f3n de Beirut y refugiada siria que vivi\u00f3 para contarlo"},"content":{"rendered":"<p>Los recuerdos de la explosi\u00f3n de Beirut son dif\u00edciles de olvidar para quienes la vivieron: a\u00fan hoy, cuando se cumplen seis meses del terrible acontecimiento que caus\u00f3 m\u00e1s de 200 muertes, dej\u00f3 heridas a 7.500 personas y sin hogar a 300.000, siguen horrorizados por el miedo y el dolor que sintieron aquella tarde. Sin embargo, <strong>cuando relatan sus historias y explican sobre c\u00f3mo fue su experiencia, las personas supervivientes ya no se sienten tan solas: <\/strong>unen sus emociones a las de otras personas que se identifican con su dolor y lo visualizan.<\/p>\n<p>Entreculturas, a trav\u00e9s de la Red Xavier, est\u00e1 apoyando al Servicio Jesuita a Refugiados (JRS), nuestra organizaci\u00f3n socia en el pa\u00eds, para <strong>proporcionar\u00a0\u200brecursos de salud mental a las personas y familias afectadas <\/strong>desde el momento de la explosi\u00f3n y para ayudar a que procesen estas emociones, adem\u00e1s de prestarles apoyo para cubrir sus necesidades m\u00e1s b\u00e1sicas y acuciantes con cestas de comida y ayudas para la reparaci\u00f3n de sus viviendas. Una de las personas a las que est\u00e1n prestando acompa\u00f1amiento es <strong><a href=\"https:\/\/jrs.net\/es\/historias\/libano-manar-superviviente-de-la-explosion-de-beirut-y-refugiada-siria-que-vivio-para-contarlo\/\">Manar<\/a>, una refugiada siria de 36 a\u00f1os que vive en Bourj Hammoud, a pocos kil\u00f3metros del puerto de Beirut.<\/strong> Manar recibe sesiones de terapia con la trabajadora social y la psic\u00f3loga cl\u00ednica de JRS.<\/p>\n<p>Sus dos hijos se encontraban con ella cuando la explosi\u00f3n hizo tambalear su edificio. \u201c<em>Sent\u00ed un aire caliente, pero no sab\u00eda de d\u00f3nde ven\u00eda<\/em>\u201d, explica. \u201c<em>Mir\u00e9 por la ventana para comprobar el origen. De repente, escuch\u00e9 una poderosa explosi\u00f3n. Fue como un terremoto, todo estaba temblando. Grit\u00e9 a mis hijos que corrieran y se pusieran a cubierto.<\/em>\u201d El humo y el polvo nublaron su apartamento y Manar temi\u00f3 lo peor. \u201c<em>No ten\u00eda ni idea de qu\u00e9 estaba pasando; era como una pel\u00edcula en la que est\u00e1bamos en medio de esta ciudad en plena cat\u00e1strofe, era incre\u00edble<\/em>\u201d, cuenta a\u00fan conmocionada.<\/p>\n<p>Desde el balc\u00f3n de la casa de Manar se pueden ver las gr\u00faas rojas del puerto, una parte clave de las infraestructuras del L\u00edbano, que ahora han quedado reducidas a escombros. <strong>A Manar todav\u00eda le acosan los recuerdos de ese d\u00eda.<\/strong> Recuerda la escena de los coches chocando en el puente frente a su balc\u00f3n y vidrios rotos por todas partes. Recuerda el griter\u00edo de la gente y las im\u00e1genes de madres sosteniendo las manos de sus hijos tratando de huir de la escena entre sollozos.<\/p>\n<p>Conmovida por el llanto de los ni\u00f1os, Manar fue a ver c\u00f3mo se encontraban sus vecinos para ayudar a aliviar su dolor. \u201c<em>Cog\u00ed en brazos a uno de los ni\u00f1os y le cur\u00e9 la herida. Ech\u00e9 una mano a todos los ni\u00f1os de mi edificio. Dios me dio fuerzas ese d\u00eda para ayudar a los necesitados<\/em>\u201d, explica.<\/p>\n<p><img decoding=\"async\" src=\"https:\/\/www.entreculturas.org\/wp-content\/uploads\/2021\/02\/captura-de-pantalla-2021-02-03-a-las-9.20.23.jpg\" alt=\"\" width=\"800\" height=\"369\" \/><\/p>\n<p><em><span style=\"font-size: 12px;\">Sahar, trabajadora social de JRS, colabor\u00f3 con todas sus fuerzas en la evaluaci\u00f3n r\u00e1pida que se realiz\u00f3 para identificar la mejor forma de apoyar a las personas afectadas por la explosi\u00f3n. Fotograf\u00eda: JRS L\u00edbano.<\/span><\/em><\/p>\n<p>El impacto emocional de la explosi\u00f3n est\u00e1 durando mucho m\u00e1s que el f\u00edsico. En las noches siguientes, no pod\u00eda dormir y su esposo a menudo se despertaba gritando en mitad de la noche. Incluso hoy, sigue teniendo pesadillas y sus dos hijos tienen miedo de dormir solos. <strong>La explosi\u00f3n le trajo, adem\u00e1s, recuerdos tristes de su pasado en Siria.\u00a0<\/strong><\/p>\n<p>Por eso el apoyo psicosocial que recibe gracias a JRS est\u00e1 resultando fundamental para su recuperaci\u00f3n, y <strong>Manar afirma que mantiene su perspectiva positiva de la vida:<\/strong> dice que a su familia se le concedi\u00f3 una segunda vida y cree que, al igual que la experiencia de la pandemia, la explosi\u00f3n es una invitaci\u00f3n a ver las cosas de otra manera. \u201c<em>No perd\u00ed la esperanza en absoluto. Ahora presto atenci\u00f3n a todas mis acciones.<\/em>\u201d<\/p>\n","protected":false},"excerpt":{"rendered":"<p>Los recuerdos de la explosi\u00f3n de Beirut son dif\u00edciles de olvidar para quienes la vivieron: a\u00fan hoy, cuando se cumplen seis meses del terrible acontecimiento, siguen horrorizados por el miedo y el dolor que sintieron aquella tarde. El Servicio Jesuita a Refugiados (JRS) est\u00e1 proporcionando recursos de salud mental a las personas y familias afectadas desde el momento de la explosi\u00f3n para ayudar a que procesen estas emociones,<\/p>\n","protected":false},"featured_media":5474,"template":"single-noticia","meta":{"_acf_changed":false},"categories":[7],"tags":[10],"country":[],"cause":[129],"class_list":["post-5477","noticia","type-noticia","status-publish","has-post-thumbnail","hentry","category-noticia","tag-migracion-y-refugio","cause-migracion-y-refugio"],"acf":[],"yoast_head":"<!-- This site is optimized with the Yoast SEO Premium plugin v21.6 (Yoast SEO v27.5) - https:\/\/yoast.com\/product\/yoast-seo-premium-wordpress\/ -->\n<title>Manar: superviviente de la explosi\u00f3n de Beirut y refugiada siria que vivi\u00f3 para contarlo - Entreculturas<\/title>\n<meta name=\"robots\" content=\"index, follow, max-snippet:-1, max-image-preview:large, max-video-preview:-1\" \/>\n<link rel=\"canonical\" href=\"https:\/\/www.entreculturas.org\/ca\/noticia\/manar-superviviente-de-la-explosion-de-beirut-y-refugiada-siria-que-vivio-para-contarlo\/\" \/>\n<meta property=\"og:locale\" content=\"ca_ES\" \/>\n<meta property=\"og:type\" content=\"article\" \/>\n<meta property=\"og:title\" content=\"Manar: superviviente de la explosi\u00f3n de Beirut y refugiada siria que vivi\u00f3 para contarlo\" \/>\n<meta property=\"og:description\" content=\"Los recuerdos de la explosi\u00f3n de Beirut son dif\u00edciles de olvidar para quienes la vivieron: a\u00fan hoy, cuando se cumplen seis meses del terrible acontecimiento, siguen horrorizados por el miedo y el dolor que sintieron aquella tarde. El Servicio Jesuita a Refugiados (JRS) est\u00e1 proporcionando recursos de salud mental a las personas y familias afectadas desde el momento de la explosi\u00f3n para ayudar a que procesen estas emociones,\" \/>\n<meta property=\"og:url\" content=\"https:\/\/www.entreculturas.org\/ca\/noticia\/manar-superviviente-de-la-explosion-de-beirut-y-refugiada-siria-que-vivio-para-contarlo\/\" \/>\n<meta property=\"og:site_name\" content=\"Entreculturas\" \/>\n<meta property=\"article:publisher\" content=\"https:\/\/www.facebook.com\/entreculturas\" \/>\n<meta property=\"article:modified_time\" content=\"2024-12-09T11:47:30+00:00\" \/>\n<meta property=\"og:image\" content=\"https:\/\/www.entreculturas.org\/wp-content\/uploads\/2021\/02\/captura-de-pantalla-2021-02-03-a-las-9.16.52.jpg\" \/>\n\t<meta property=\"og:image:width\" content=\"800\" \/>\n\t<meta property=\"og:image:height\" content=\"368\" \/>\n\t<meta property=\"og:image:type\" content=\"image\/jpeg\" \/>\n<meta name=\"twitter:card\" content=\"summary_large_image\" \/>\n<meta name=\"twitter:site\" content=\"@Entreculturas\" \/>\n<script type=\"application\/ld+json\" class=\"yoast-schema-graph\">{\"@context\":\"https:\\\/\\\/schema.org\",\"@graph\":[{\"@type\":\"WebPage\",\"@id\":\"https:\\\/\\\/www.entreculturas.org\\\/ca\\\/noticia\\\/manar-superviviente-de-la-explosion-de-beirut-y-refugiada-siria-que-vivio-para-contarlo\\\/\",\"url\":\"https:\\\/\\\/www.entreculturas.org\\\/ca\\\/noticia\\\/manar-superviviente-de-la-explosion-de-beirut-y-refugiada-siria-que-vivio-para-contarlo\\\/\",\"name\":\"Manar: superviviente de la explosi\u00f3n de Beirut y refugiada siria que vivi\u00f3 para contarlo - Entreculturas\",\"isPartOf\":{\"@id\":\"https:\\\/\\\/www.entreculturas.org\\\/ca\\\/#website\"},\"primaryImageOfPage\":{\"@id\":\"https:\\\/\\\/www.entreculturas.org\\\/ca\\\/noticia\\\/manar-superviviente-de-la-explosion-de-beirut-y-refugiada-siria-que-vivio-para-contarlo\\\/#primaryimage\"},\"image\":{\"@id\":\"https:\\\/\\\/www.entreculturas.org\\\/ca\\\/noticia\\\/manar-superviviente-de-la-explosion-de-beirut-y-refugiada-siria-que-vivio-para-contarlo\\\/#primaryimage\"},\"thumbnailUrl\":\"https:\\\/\\\/www.entreculturas.org\\\/wp-content\\\/uploads\\\/2021\\\/02\\\/captura-de-pantalla-2021-02-03-a-las-9.16.52.jpg\",\"datePublished\":\"2021-02-03T08:26:55+00:00\",\"dateModified\":\"2024-12-09T11:47:30+00:00\",\"breadcrumb\":{\"@id\":\"https:\\\/\\\/www.entreculturas.org\\\/ca\\\/noticia\\\/manar-superviviente-de-la-explosion-de-beirut-y-refugiada-siria-que-vivio-para-contarlo\\\/#breadcrumb\"},\"inLanguage\":\"ca\",\"potentialAction\":[{\"@type\":\"ReadAction\",\"target\":[\"https:\\\/\\\/www.entreculturas.org\\\/ca\\\/noticia\\\/manar-superviviente-de-la-explosion-de-beirut-y-refugiada-siria-que-vivio-para-contarlo\\\/\"]}]},{\"@type\":\"ImageObject\",\"inLanguage\":\"ca\",\"@id\":\"https:\\\/\\\/www.entreculturas.org\\\/ca\\\/noticia\\\/manar-superviviente-de-la-explosion-de-beirut-y-refugiada-siria-que-vivio-para-contarlo\\\/#primaryimage\",\"url\":\"https:\\\/\\\/www.entreculturas.org\\\/wp-content\\\/uploads\\\/2021\\\/02\\\/captura-de-pantalla-2021-02-03-a-las-9.16.52.jpg\",\"contentUrl\":\"https:\\\/\\\/www.entreculturas.org\\\/wp-content\\\/uploads\\\/2021\\\/02\\\/captura-de-pantalla-2021-02-03-a-las-9.16.52.jpg\",\"width\":800,\"height\":368},{\"@type\":\"BreadcrumbList\",\"@id\":\"https:\\\/\\\/www.entreculturas.org\\\/ca\\\/noticia\\\/manar-superviviente-de-la-explosion-de-beirut-y-refugiada-siria-que-vivio-para-contarlo\\\/#breadcrumb\",\"itemListElement\":[{\"@type\":\"ListItem\",\"position\":1,\"name\":\"Home\",\"item\":\"https:\\\/\\\/www.entreculturas.org\\\/ca\\\/\"},{\"@type\":\"ListItem\",\"position\":2,\"name\":\"Noticias\",\"item\":\"https:\\\/\\\/www.entreculturas.org\\\/ca\\\/noticias\\\/\"},{\"@type\":\"ListItem\",\"position\":3,\"name\":\"Manar: superviviente de la explosi\u00f3n de Beirut y refugiada siria que vivi\u00f3 para contarlo\"}]},{\"@type\":\"WebSite\",\"@id\":\"https:\\\/\\\/www.entreculturas.org\\\/ca\\\/#website\",\"url\":\"https:\\\/\\\/www.entreculturas.org\\\/ca\\\/\",\"name\":\"Entreculturas\",\"description\":\"\",\"publisher\":{\"@id\":\"https:\\\/\\\/www.entreculturas.org\\\/ca\\\/#organization\"},\"alternateName\":\"Entreculturas\",\"potentialAction\":[{\"@type\":\"SearchAction\",\"target\":{\"@type\":\"EntryPoint\",\"urlTemplate\":\"https:\\\/\\\/www.entreculturas.org\\\/ca\\\/?s={search_term_string}\"},\"query-input\":{\"@type\":\"PropertyValueSpecification\",\"valueRequired\":true,\"valueName\":\"search_term_string\"}}],\"inLanguage\":\"ca\"},{\"@type\":\"Organization\",\"@id\":\"https:\\\/\\\/www.entreculturas.org\\\/ca\\\/#organization\",\"name\":\"Entreculturas\",\"url\":\"https:\\\/\\\/www.entreculturas.org\\\/ca\\\/\",\"logo\":{\"@type\":\"ImageObject\",\"inLanguage\":\"ca\",\"@id\":\"https:\\\/\\\/www.entreculturas.org\\\/ca\\\/#\\\/schema\\\/logo\\\/image\\\/\",\"url\":\"https:\\\/\\\/www.entreculturas.org\\\/wp-content\\\/uploads\\\/2025\\\/10\\\/ESP.svg\",\"contentUrl\":\"https:\\\/\\\/www.entreculturas.org\\\/wp-content\\\/uploads\\\/2025\\\/10\\\/ESP.svg\",\"caption\":\"Entreculturas\"},\"image\":{\"@id\":\"https:\\\/\\\/www.entreculturas.org\\\/ca\\\/#\\\/schema\\\/logo\\\/image\\\/\"},\"sameAs\":[\"https:\\\/\\\/www.facebook.com\\\/entreculturas\",\"https:\\\/\\\/x.com\\\/Entreculturas\",\"https:\\\/\\\/www.instagram.com\\\/entreculturas\\\/\",\"https:\\\/\\\/www.youtube.com\\\/user\\\/entreculturasvideo\",\"https:\\\/\\\/www.linkedin.com\\\/company\\\/fundacion-entreculturas-ngdo\\\/\",\"https:\\\/\\\/www.flickr.com\\\/photos\\\/98455522@N04\\\/albums\\\/\"]}]}<\/script>\n<!-- \/ Yoast SEO Premium plugin. -->","yoast_head_json":{"title":"Manar: superviviente de la explosi\u00f3n de Beirut y refugiada siria que vivi\u00f3 para contarlo - Entreculturas","robots":{"index":"index","follow":"follow","max-snippet":"max-snippet:-1","max-image-preview":"max-image-preview:large","max-video-preview":"max-video-preview:-1"},"canonical":"https:\/\/www.entreculturas.org\/ca\/noticia\/manar-superviviente-de-la-explosion-de-beirut-y-refugiada-siria-que-vivio-para-contarlo\/","og_locale":"ca_ES","og_type":"article","og_title":"Manar: superviviente de la explosi\u00f3n de Beirut y refugiada siria que vivi\u00f3 para contarlo","og_description":"Los recuerdos de la explosi\u00f3n de Beirut son dif\u00edciles de olvidar para quienes la vivieron: a\u00fan hoy, cuando se cumplen seis meses del terrible acontecimiento, siguen horrorizados por el miedo y el dolor que sintieron aquella tarde. El Servicio Jesuita a Refugiados (JRS) est\u00e1 proporcionando recursos de salud mental a las personas y familias afectadas desde el momento de la explosi\u00f3n para ayudar a que procesen estas emociones,","og_url":"https:\/\/www.entreculturas.org\/ca\/noticia\/manar-superviviente-de-la-explosion-de-beirut-y-refugiada-siria-que-vivio-para-contarlo\/","og_site_name":"Entreculturas","article_publisher":"https:\/\/www.facebook.com\/entreculturas","article_modified_time":"2024-12-09T11:47:30+00:00","og_image":[{"width":800,"height":368,"url":"https:\/\/www.entreculturas.org\/wp-content\/uploads\/2021\/02\/captura-de-pantalla-2021-02-03-a-las-9.16.52.jpg","type":"image\/jpeg"}],"twitter_card":"summary_large_image","twitter_site":"@Entreculturas","schema":{"@context":"https:\/\/schema.org","@graph":[{"@type":"WebPage","@id":"https:\/\/www.entreculturas.org\/ca\/noticia\/manar-superviviente-de-la-explosion-de-beirut-y-refugiada-siria-que-vivio-para-contarlo\/","url":"https:\/\/www.entreculturas.org\/ca\/noticia\/manar-superviviente-de-la-explosion-de-beirut-y-refugiada-siria-que-vivio-para-contarlo\/","name":"Manar: superviviente de la explosi\u00f3n de Beirut y refugiada siria que vivi\u00f3 para contarlo - Entreculturas","isPartOf":{"@id":"https:\/\/www.entreculturas.org\/ca\/#website"},"primaryImageOfPage":{"@id":"https:\/\/www.entreculturas.org\/ca\/noticia\/manar-superviviente-de-la-explosion-de-beirut-y-refugiada-siria-que-vivio-para-contarlo\/#primaryimage"},"image":{"@id":"https:\/\/www.entreculturas.org\/ca\/noticia\/manar-superviviente-de-la-explosion-de-beirut-y-refugiada-siria-que-vivio-para-contarlo\/#primaryimage"},"thumbnailUrl":"https:\/\/www.entreculturas.org\/wp-content\/uploads\/2021\/02\/captura-de-pantalla-2021-02-03-a-las-9.16.52.jpg","datePublished":"2021-02-03T08:26:55+00:00","dateModified":"2024-12-09T11:47:30+00:00","breadcrumb":{"@id":"https:\/\/www.entreculturas.org\/ca\/noticia\/manar-superviviente-de-la-explosion-de-beirut-y-refugiada-siria-que-vivio-para-contarlo\/#breadcrumb"},"inLanguage":"ca","potentialAction":[{"@type":"ReadAction","target":["https:\/\/www.entreculturas.org\/ca\/noticia\/manar-superviviente-de-la-explosion-de-beirut-y-refugiada-siria-que-vivio-para-contarlo\/"]}]},{"@type":"ImageObject","inLanguage":"ca","@id":"https:\/\/www.entreculturas.org\/ca\/noticia\/manar-superviviente-de-la-explosion-de-beirut-y-refugiada-siria-que-vivio-para-contarlo\/#primaryimage","url":"https:\/\/www.entreculturas.org\/wp-content\/uploads\/2021\/02\/captura-de-pantalla-2021-02-03-a-las-9.16.52.jpg","contentUrl":"https:\/\/www.entreculturas.org\/wp-content\/uploads\/2021\/02\/captura-de-pantalla-2021-02-03-a-las-9.16.52.jpg","width":800,"height":368},{"@type":"BreadcrumbList","@id":"https:\/\/www.entreculturas.org\/ca\/noticia\/manar-superviviente-de-la-explosion-de-beirut-y-refugiada-siria-que-vivio-para-contarlo\/#breadcrumb","itemListElement":[{"@type":"ListItem","position":1,"name":"Home","item":"https:\/\/www.entreculturas.org\/ca\/"},{"@type":"ListItem","position":2,"name":"Noticias","item":"https:\/\/www.entreculturas.org\/ca\/noticias\/"},{"@type":"ListItem","position":3,"name":"Manar: superviviente de la explosi\u00f3n de Beirut y refugiada siria que vivi\u00f3 para contarlo"}]},{"@type":"WebSite","@id":"https:\/\/www.entreculturas.org\/ca\/#website","url":"https:\/\/www.entreculturas.org\/ca\/","name":"Entreculturas","description":"","publisher":{"@id":"https:\/\/www.entreculturas.org\/ca\/#organization"},"alternateName":"Entreculturas","potentialAction":[{"@type":"SearchAction","target":{"@type":"EntryPoint","urlTemplate":"https:\/\/www.entreculturas.org\/ca\/?s={search_term_string}"},"query-input":{"@type":"PropertyValueSpecification","valueRequired":true,"valueName":"search_term_string"}}],"inLanguage":"ca"},{"@type":"Organization","@id":"https:\/\/www.entreculturas.org\/ca\/#organization","name":"Entreculturas","url":"https:\/\/www.entreculturas.org\/ca\/","logo":{"@type":"ImageObject","inLanguage":"ca","@id":"https:\/\/www.entreculturas.org\/ca\/#\/schema\/logo\/image\/","url":"https:\/\/www.entreculturas.org\/wp-content\/uploads\/2025\/10\/ESP.svg","contentUrl":"https:\/\/www.entreculturas.org\/wp-content\/uploads\/2025\/10\/ESP.svg","caption":"Entreculturas"},"image":{"@id":"https:\/\/www.entreculturas.org\/ca\/#\/schema\/logo\/image\/"},"sameAs":["https:\/\/www.facebook.com\/entreculturas","https:\/\/x.com\/Entreculturas","https:\/\/www.instagram.com\/entreculturas\/","https:\/\/www.youtube.com\/user\/entreculturasvideo","https:\/\/www.linkedin.com\/company\/fundacion-entreculturas-ngdo\/","https:\/\/www.flickr.com\/photos\/98455522@N04\/albums\/"]}]}},"_links":{"self":[{"href":"https:\/\/www.entreculturas.org\/ca\/wp-json\/wp\/v2\/noticia\/5477","targetHints":{"allow":["GET"]}}],"collection":[{"href":"https:\/\/www.entreculturas.org\/ca\/wp-json\/wp\/v2\/noticia"}],"about":[{"href":"https:\/\/www.entreculturas.org\/ca\/wp-json\/wp\/v2\/types\/noticia"}],"wp:featuredmedia":[{"embeddable":true,"href":"https:\/\/www.entreculturas.org\/ca\/wp-json\/wp\/v2\/media\/5474"}],"wp:attachment":[{"href":"https:\/\/www.entreculturas.org\/ca\/wp-json\/wp\/v2\/media?parent=5477"}],"wp:term":[{"taxonomy":"category","embeddable":true,"href":"https:\/\/www.entreculturas.org\/ca\/wp-json\/wp\/v2\/categories?post=5477"},{"taxonomy":"post_tag","embeddable":true,"href":"https:\/\/www.entreculturas.org\/ca\/wp-json\/wp\/v2\/tags?post=5477"},{"taxonomy":"country","embeddable":true,"href":"https:\/\/www.entreculturas.org\/ca\/wp-json\/wp\/v2\/country?post=5477"},{"taxonomy":"cause","embeddable":true,"href":"https:\/\/www.entreculturas.org\/ca\/wp-json\/wp\/v2\/cause?post=5477"}],"curies":[{"name":"wp","href":"https:\/\/api.w.org\/{rel}","templated":true}]}}