{"id":5380,"date":"2020-12-15T10:47:14","date_gmt":"2020-12-15T10:47:14","guid":{"rendered":"https:\/\/entreculturasi.wpenginepowered.com\/?noticias=los-actos-de-la-juventud-pueden-cambiar-realidades-sara-garcia-profesora-de-la-red"},"modified":"2024-03-06T17:44:38","modified_gmt":"2024-03-06T16:44:38","slug":"los-actos-de-la-juventud-pueden-cambiar-realidades-sara-garcia-profesora-de-la-red","status":"publish","type":"noticia","link":"https:\/\/www.entreculturas.org\/ca\/noticia\/los-actos-de-la-juventud-pueden-cambiar-realidades-sara-garcia-profesora-de-la-red\/","title":{"rendered":"&#8220;Los actos de la juventud pueden cambiar realidades&#8221;, Sara Garc\u00eda, profesora de la Red Solidaria de J\u00f3venes"},"content":{"rendered":"<\/p>\n<p><strong>Sara es religiosa de las Hermanas del \u00c1ngel de la Guarda, tiene 41 a\u00f1os y desde hace cinco a\u00f1os fue destinada a continuar su misi\u00f3n como docente en el colegio Santo \u00c1ngel de la Guarda de Gij\u00f3n. Desde all\u00ed ha podido apoyar y desarrollar muchas actividades con j\u00f3venes, con el apoyo de Entreculturas y desde la Red Solidaria de J\u00f3venes.<\/strong><br \/>&nbsp;<br \/><span style=\"color:#FF0000\"><strong>La pandemia sorprendi\u00f3 al mundo entero a las pocas semanas de celebrar un Encuentro Global a principios de 2020. \u00bfTe llev\u00f3 a alguna reflexi\u00f3n esta emergencia global relacion\u00e1ndola con el tema trabajado en el Encuentro?&nbsp;&nbsp;<\/strong><\/span><br \/>S\u00ed, el Encuentro Global ayud\u00f3 mucho a que a los j\u00f3venes se les abriera la mirada con horizontes nuevos y pusieron rostro a situaciones y culturas concretas. Se sintieron protagonistas d\u00e1ndoles la palabra. Cuando vino esta pandemia, pensaba yo, que qu\u00e9 suerte que hubieran podido tener una \u201c<em>experiencia global<\/em>\u201d para poder tener una \u201c<em>mirada global<\/em>\u201d sobre todo lo que estaba aconteciendo.<br \/>&nbsp;<br \/><span style=\"color:#FF0000\"><strong>\u00bfCu\u00e1l crees que es tu mayor reto en medio de este contexto de pandemia?<\/strong><\/span><br \/>Seguir despertando la conciencia del bien com\u00fan y la importancia de la corresponsabilidad y el compromiso personal, tanto en la sociedad como en todo lo que uno emprende. Con esta situaci\u00f3n estamos viendo claramente que mi acci\u00f3n repercute en los dem\u00e1s (ponerme la mascarilla o no, respetar distancias o no, etc.).<br \/>&nbsp;<br \/><span style=\"color:#FF0000\"><strong>\u00bfQu\u00e9 supone llevar el mensaje de una educaci\u00f3n para una ciudadan\u00eda global en este momento?<\/strong><\/span><br \/>El reto es que puedan aprender -y que sepamos ense\u00f1ar- a mirar m\u00e1s all\u00e1 de la propia realidad; que nuestros chavales puedan tener una mirada capaz de trascender m\u00e1s all\u00e1 de lo propio. Que puedan aprovechar esa interconexi\u00f3n que tienen para ser personas de bien. Y ayudarles a que crean en ellas y ellos mismos y en sus dones y posibilidades. Sus actos pueden cambiar realidades, situaciones.<br \/>&nbsp;<br \/><span style=\"color:#FF0000\"><strong>\u00bfDe qu\u00e9 manera os est\u00e1is organizando para continuar vuestro trabajo en el RSJ, sabiendo que las din\u00e1micas han cambiado?<\/strong><\/span><br \/>El grupo que tenemos en el colegio se re\u00fane online. Est\u00e1n contentos y ven la necesidad y el deseo de ayudar. Todo de manera adaptada a las circunstancias, pero es momento de poner creatividad.<br \/>&nbsp;<br \/><span style=\"color:#FF0000\"><strong>\u00bfQu\u00e9 mensaje le dar\u00eda tanto a los profesores y profesoras como al alumnado joven que viven este proceso con incertidumbre?<\/strong><\/span><br \/>Ciertamente no es un momento f\u00e1cil ni amable, pero s\u00ed es un momento posibilitador, y eso tenemos que aprovecharlo. Estamos invitados a preguntarnos \u201c<em>\u00bfpara m\u00ed es tiempo de qu\u00e9?<\/em>\u201d Y\u2026 \u201c<em>s\u00e9 lo que no puedo hacer, pero, \u00bfqu\u00e9 puedo hacer con lo que tengo, con lo que tenemos en este momento?<\/em>\u201d.<\/p>\n","protected":false},"excerpt":{"rendered":"<p>Desde hace cinco a\u00f1os Sara fue destinada a continuar su misi\u00f3n como docente en el colegio Santo \u00c1ngel de la Guarda de Gij\u00f3n. Desde all\u00ed ha podido apoyar y desarrollar muchas actividades con j\u00f3venes, con el apoyo de Entreculturas y desde la Red Solidaria de J\u00f3venes.<\/p>\n","protected":false},"featured_media":5379,"template":"single-noticia","meta":{"_acf_changed":false},"categories":[7],"tags":[8],"country":[],"cause":[132],"class_list":["post-5380","noticia","type-noticia","status-publish","has-post-thumbnail","hentry","category-noticia","tag-participacion-y-ciudadania-global","cause-participacion-y-ciudadania-global"],"acf":[],"yoast_head":"<!-- This site is optimized with the Yoast SEO Premium plugin v21.6 (Yoast SEO v27.5) - https:\/\/yoast.com\/product\/yoast-seo-premium-wordpress\/ -->\n<title>&quot;Los actos de la juventud pueden cambiar realidades&quot;, Sara Garc\u00eda, profesora de la Red Solidaria de J\u00f3venes - Entreculturas<\/title>\n<meta name=\"robots\" content=\"index, follow, max-snippet:-1, max-image-preview:large, max-video-preview:-1\" \/>\n<link rel=\"canonical\" href=\"https:\/\/www.entreculturas.org\/ca\/noticia\/los-actos-de-la-juventud-pueden-cambiar-realidades-sara-garcia-profesora-de-la-red\/\" \/>\n<meta property=\"og:locale\" content=\"ca_ES\" \/>\n<meta property=\"og:type\" content=\"article\" \/>\n<meta property=\"og:title\" content=\"&quot;Los actos de la juventud pueden cambiar realidades&quot;, Sara Garc\u00eda, profesora de la Red Solidaria de J\u00f3venes\" \/>\n<meta property=\"og:description\" content=\"Desde hace cinco a\u00f1os Sara fue destinada a continuar su misi\u00f3n como docente en el colegio Santo \u00c1ngel de la Guarda de Gij\u00f3n. Desde all\u00ed ha podido apoyar y desarrollar muchas actividades con j\u00f3venes, con el apoyo de Entreculturas y desde la Red Solidaria de J\u00f3venes.\" \/>\n<meta property=\"og:url\" content=\"https:\/\/www.entreculturas.org\/ca\/noticia\/los-actos-de-la-juventud-pueden-cambiar-realidades-sara-garcia-profesora-de-la-red\/\" \/>\n<meta property=\"og:site_name\" content=\"Entreculturas\" \/>\n<meta property=\"article:publisher\" content=\"https:\/\/www.facebook.com\/entreculturas\" \/>\n<meta property=\"article:modified_time\" content=\"2024-03-06T16:44:38+00:00\" \/>\n<meta property=\"og:image\" content=\"https:\/\/www.entreculturas.org\/wp-content\/uploads\/2020\/12\/sara_entrevista_0.jpg\" \/>\n\t<meta property=\"og:image:width\" content=\"500\" \/>\n\t<meta property=\"og:image:height\" content=\"354\" \/>\n\t<meta property=\"og:image:type\" content=\"image\/jpeg\" \/>\n<meta name=\"twitter:card\" content=\"summary_large_image\" \/>\n<meta name=\"twitter:site\" content=\"@Entreculturas\" \/>\n<script type=\"application\/ld+json\" class=\"yoast-schema-graph\">{\"@context\":\"https:\\\/\\\/schema.org\",\"@graph\":[{\"@type\":\"WebPage\",\"@id\":\"https:\\\/\\\/www.entreculturas.org\\\/ca\\\/noticia\\\/los-actos-de-la-juventud-pueden-cambiar-realidades-sara-garcia-profesora-de-la-red\\\/\",\"url\":\"https:\\\/\\\/www.entreculturas.org\\\/ca\\\/noticia\\\/los-actos-de-la-juventud-pueden-cambiar-realidades-sara-garcia-profesora-de-la-red\\\/\",\"name\":\"\\\"Los actos de la juventud pueden cambiar realidades\\\", Sara Garc\u00eda, profesora de la Red Solidaria de J\u00f3venes - Entreculturas\",\"isPartOf\":{\"@id\":\"https:\\\/\\\/www.entreculturas.org\\\/ca\\\/#website\"},\"primaryImageOfPage\":{\"@id\":\"https:\\\/\\\/www.entreculturas.org\\\/ca\\\/noticia\\\/los-actos-de-la-juventud-pueden-cambiar-realidades-sara-garcia-profesora-de-la-red\\\/#primaryimage\"},\"image\":{\"@id\":\"https:\\\/\\\/www.entreculturas.org\\\/ca\\\/noticia\\\/los-actos-de-la-juventud-pueden-cambiar-realidades-sara-garcia-profesora-de-la-red\\\/#primaryimage\"},\"thumbnailUrl\":\"https:\\\/\\\/www.entreculturas.org\\\/wp-content\\\/uploads\\\/2020\\\/12\\\/sara_entrevista_0.jpg\",\"datePublished\":\"2020-12-15T10:47:14+00:00\",\"dateModified\":\"2024-03-06T16:44:38+00:00\",\"breadcrumb\":{\"@id\":\"https:\\\/\\\/www.entreculturas.org\\\/ca\\\/noticia\\\/los-actos-de-la-juventud-pueden-cambiar-realidades-sara-garcia-profesora-de-la-red\\\/#breadcrumb\"},\"inLanguage\":\"ca\",\"potentialAction\":[{\"@type\":\"ReadAction\",\"target\":[\"https:\\\/\\\/www.entreculturas.org\\\/ca\\\/noticia\\\/los-actos-de-la-juventud-pueden-cambiar-realidades-sara-garcia-profesora-de-la-red\\\/\"]}]},{\"@type\":\"ImageObject\",\"inLanguage\":\"ca\",\"@id\":\"https:\\\/\\\/www.entreculturas.org\\\/ca\\\/noticia\\\/los-actos-de-la-juventud-pueden-cambiar-realidades-sara-garcia-profesora-de-la-red\\\/#primaryimage\",\"url\":\"https:\\\/\\\/www.entreculturas.org\\\/wp-content\\\/uploads\\\/2020\\\/12\\\/sara_entrevista_0.jpg\",\"contentUrl\":\"https:\\\/\\\/www.entreculturas.org\\\/wp-content\\\/uploads\\\/2020\\\/12\\\/sara_entrevista_0.jpg\",\"width\":500,\"height\":354},{\"@type\":\"BreadcrumbList\",\"@id\":\"https:\\\/\\\/www.entreculturas.org\\\/ca\\\/noticia\\\/los-actos-de-la-juventud-pueden-cambiar-realidades-sara-garcia-profesora-de-la-red\\\/#breadcrumb\",\"itemListElement\":[{\"@type\":\"ListItem\",\"position\":1,\"name\":\"Home\",\"item\":\"https:\\\/\\\/www.entreculturas.org\\\/ca\\\/\"},{\"@type\":\"ListItem\",\"position\":2,\"name\":\"Noticias\",\"item\":\"https:\\\/\\\/www.entreculturas.org\\\/ca\\\/noticias\\\/\"},{\"@type\":\"ListItem\",\"position\":3,\"name\":\"&#8220;Los actos de la juventud pueden cambiar realidades&#8221;, Sara Garc\u00eda, profesora de la Red Solidaria de J\u00f3venes\"}]},{\"@type\":\"WebSite\",\"@id\":\"https:\\\/\\\/www.entreculturas.org\\\/ca\\\/#website\",\"url\":\"https:\\\/\\\/www.entreculturas.org\\\/ca\\\/\",\"name\":\"Entreculturas\",\"description\":\"\",\"publisher\":{\"@id\":\"https:\\\/\\\/www.entreculturas.org\\\/ca\\\/#organization\"},\"alternateName\":\"Entreculturas\",\"potentialAction\":[{\"@type\":\"SearchAction\",\"target\":{\"@type\":\"EntryPoint\",\"urlTemplate\":\"https:\\\/\\\/www.entreculturas.org\\\/ca\\\/?s={search_term_string}\"},\"query-input\":{\"@type\":\"PropertyValueSpecification\",\"valueRequired\":true,\"valueName\":\"search_term_string\"}}],\"inLanguage\":\"ca\"},{\"@type\":\"Organization\",\"@id\":\"https:\\\/\\\/www.entreculturas.org\\\/ca\\\/#organization\",\"name\":\"Entreculturas\",\"url\":\"https:\\\/\\\/www.entreculturas.org\\\/ca\\\/\",\"logo\":{\"@type\":\"ImageObject\",\"inLanguage\":\"ca\",\"@id\":\"https:\\\/\\\/www.entreculturas.org\\\/ca\\\/#\\\/schema\\\/logo\\\/image\\\/\",\"url\":\"https:\\\/\\\/www.entreculturas.org\\\/wp-content\\\/uploads\\\/2025\\\/10\\\/ESP.svg\",\"contentUrl\":\"https:\\\/\\\/www.entreculturas.org\\\/wp-content\\\/uploads\\\/2025\\\/10\\\/ESP.svg\",\"caption\":\"Entreculturas\"},\"image\":{\"@id\":\"https:\\\/\\\/www.entreculturas.org\\\/ca\\\/#\\\/schema\\\/logo\\\/image\\\/\"},\"sameAs\":[\"https:\\\/\\\/www.facebook.com\\\/entreculturas\",\"https:\\\/\\\/x.com\\\/Entreculturas\",\"https:\\\/\\\/www.instagram.com\\\/entreculturas\\\/\",\"https:\\\/\\\/www.youtube.com\\\/user\\\/entreculturasvideo\",\"https:\\\/\\\/www.linkedin.com\\\/company\\\/fundacion-entreculturas-ngdo\\\/\",\"https:\\\/\\\/www.flickr.com\\\/photos\\\/98455522@N04\\\/albums\\\/\"]}]}<\/script>\n<!-- \/ Yoast SEO Premium plugin. -->","yoast_head_json":{"title":"\"Los actos de la juventud pueden cambiar realidades\", Sara Garc\u00eda, profesora de la Red Solidaria de J\u00f3venes - Entreculturas","robots":{"index":"index","follow":"follow","max-snippet":"max-snippet:-1","max-image-preview":"max-image-preview:large","max-video-preview":"max-video-preview:-1"},"canonical":"https:\/\/www.entreculturas.org\/ca\/noticia\/los-actos-de-la-juventud-pueden-cambiar-realidades-sara-garcia-profesora-de-la-red\/","og_locale":"ca_ES","og_type":"article","og_title":"\"Los actos de la juventud pueden cambiar realidades\", Sara Garc\u00eda, profesora de la Red Solidaria de J\u00f3venes","og_description":"Desde hace cinco a\u00f1os Sara fue destinada a continuar su misi\u00f3n como docente en el colegio Santo \u00c1ngel de la Guarda de Gij\u00f3n. Desde all\u00ed ha podido apoyar y desarrollar muchas actividades con j\u00f3venes, con el apoyo de Entreculturas y desde la Red Solidaria de J\u00f3venes.","og_url":"https:\/\/www.entreculturas.org\/ca\/noticia\/los-actos-de-la-juventud-pueden-cambiar-realidades-sara-garcia-profesora-de-la-red\/","og_site_name":"Entreculturas","article_publisher":"https:\/\/www.facebook.com\/entreculturas","article_modified_time":"2024-03-06T16:44:38+00:00","og_image":[{"width":500,"height":354,"url":"https:\/\/www.entreculturas.org\/wp-content\/uploads\/2020\/12\/sara_entrevista_0.jpg","type":"image\/jpeg"}],"twitter_card":"summary_large_image","twitter_site":"@Entreculturas","schema":{"@context":"https:\/\/schema.org","@graph":[{"@type":"WebPage","@id":"https:\/\/www.entreculturas.org\/ca\/noticia\/los-actos-de-la-juventud-pueden-cambiar-realidades-sara-garcia-profesora-de-la-red\/","url":"https:\/\/www.entreculturas.org\/ca\/noticia\/los-actos-de-la-juventud-pueden-cambiar-realidades-sara-garcia-profesora-de-la-red\/","name":"\"Los actos de la juventud pueden cambiar realidades\", Sara Garc\u00eda, profesora de la Red Solidaria de J\u00f3venes - Entreculturas","isPartOf":{"@id":"https:\/\/www.entreculturas.org\/ca\/#website"},"primaryImageOfPage":{"@id":"https:\/\/www.entreculturas.org\/ca\/noticia\/los-actos-de-la-juventud-pueden-cambiar-realidades-sara-garcia-profesora-de-la-red\/#primaryimage"},"image":{"@id":"https:\/\/www.entreculturas.org\/ca\/noticia\/los-actos-de-la-juventud-pueden-cambiar-realidades-sara-garcia-profesora-de-la-red\/#primaryimage"},"thumbnailUrl":"https:\/\/www.entreculturas.org\/wp-content\/uploads\/2020\/12\/sara_entrevista_0.jpg","datePublished":"2020-12-15T10:47:14+00:00","dateModified":"2024-03-06T16:44:38+00:00","breadcrumb":{"@id":"https:\/\/www.entreculturas.org\/ca\/noticia\/los-actos-de-la-juventud-pueden-cambiar-realidades-sara-garcia-profesora-de-la-red\/#breadcrumb"},"inLanguage":"ca","potentialAction":[{"@type":"ReadAction","target":["https:\/\/www.entreculturas.org\/ca\/noticia\/los-actos-de-la-juventud-pueden-cambiar-realidades-sara-garcia-profesora-de-la-red\/"]}]},{"@type":"ImageObject","inLanguage":"ca","@id":"https:\/\/www.entreculturas.org\/ca\/noticia\/los-actos-de-la-juventud-pueden-cambiar-realidades-sara-garcia-profesora-de-la-red\/#primaryimage","url":"https:\/\/www.entreculturas.org\/wp-content\/uploads\/2020\/12\/sara_entrevista_0.jpg","contentUrl":"https:\/\/www.entreculturas.org\/wp-content\/uploads\/2020\/12\/sara_entrevista_0.jpg","width":500,"height":354},{"@type":"BreadcrumbList","@id":"https:\/\/www.entreculturas.org\/ca\/noticia\/los-actos-de-la-juventud-pueden-cambiar-realidades-sara-garcia-profesora-de-la-red\/#breadcrumb","itemListElement":[{"@type":"ListItem","position":1,"name":"Home","item":"https:\/\/www.entreculturas.org\/ca\/"},{"@type":"ListItem","position":2,"name":"Noticias","item":"https:\/\/www.entreculturas.org\/ca\/noticias\/"},{"@type":"ListItem","position":3,"name":"&#8220;Los actos de la juventud pueden cambiar realidades&#8221;, Sara Garc\u00eda, profesora de la Red Solidaria de J\u00f3venes"}]},{"@type":"WebSite","@id":"https:\/\/www.entreculturas.org\/ca\/#website","url":"https:\/\/www.entreculturas.org\/ca\/","name":"Entreculturas","description":"","publisher":{"@id":"https:\/\/www.entreculturas.org\/ca\/#organization"},"alternateName":"Entreculturas","potentialAction":[{"@type":"SearchAction","target":{"@type":"EntryPoint","urlTemplate":"https:\/\/www.entreculturas.org\/ca\/?s={search_term_string}"},"query-input":{"@type":"PropertyValueSpecification","valueRequired":true,"valueName":"search_term_string"}}],"inLanguage":"ca"},{"@type":"Organization","@id":"https:\/\/www.entreculturas.org\/ca\/#organization","name":"Entreculturas","url":"https:\/\/www.entreculturas.org\/ca\/","logo":{"@type":"ImageObject","inLanguage":"ca","@id":"https:\/\/www.entreculturas.org\/ca\/#\/schema\/logo\/image\/","url":"https:\/\/www.entreculturas.org\/wp-content\/uploads\/2025\/10\/ESP.svg","contentUrl":"https:\/\/www.entreculturas.org\/wp-content\/uploads\/2025\/10\/ESP.svg","caption":"Entreculturas"},"image":{"@id":"https:\/\/www.entreculturas.org\/ca\/#\/schema\/logo\/image\/"},"sameAs":["https:\/\/www.facebook.com\/entreculturas","https:\/\/x.com\/Entreculturas","https:\/\/www.instagram.com\/entreculturas\/","https:\/\/www.youtube.com\/user\/entreculturasvideo","https:\/\/www.linkedin.com\/company\/fundacion-entreculturas-ngdo\/","https:\/\/www.flickr.com\/photos\/98455522@N04\/albums\/"]}]}},"_links":{"self":[{"href":"https:\/\/www.entreculturas.org\/ca\/wp-json\/wp\/v2\/noticia\/5380","targetHints":{"allow":["GET"]}}],"collection":[{"href":"https:\/\/www.entreculturas.org\/ca\/wp-json\/wp\/v2\/noticia"}],"about":[{"href":"https:\/\/www.entreculturas.org\/ca\/wp-json\/wp\/v2\/types\/noticia"}],"wp:featuredmedia":[{"embeddable":true,"href":"https:\/\/www.entreculturas.org\/ca\/wp-json\/wp\/v2\/media\/5379"}],"wp:attachment":[{"href":"https:\/\/www.entreculturas.org\/ca\/wp-json\/wp\/v2\/media?parent=5380"}],"wp:term":[{"taxonomy":"category","embeddable":true,"href":"https:\/\/www.entreculturas.org\/ca\/wp-json\/wp\/v2\/categories?post=5380"},{"taxonomy":"post_tag","embeddable":true,"href":"https:\/\/www.entreculturas.org\/ca\/wp-json\/wp\/v2\/tags?post=5380"},{"taxonomy":"country","embeddable":true,"href":"https:\/\/www.entreculturas.org\/ca\/wp-json\/wp\/v2\/country?post=5380"},{"taxonomy":"cause","embeddable":true,"href":"https:\/\/www.entreculturas.org\/ca\/wp-json\/wp\/v2\/cause?post=5380"}],"curies":[{"name":"wp","href":"https:\/\/api.w.org\/{rel}","templated":true}]}}