{"id":5359,"date":"2020-12-03T08:52:36","date_gmt":"2020-12-03T08:52:36","guid":{"rendered":"https:\/\/entreculturasi.wpenginepowered.com\/?noticias=iklass-e-intissam-ya-pueden-ir-al-cole-dia-de-las-personas-con-discapacidad"},"modified":"2024-03-06T17:45:51","modified_gmt":"2024-03-06T16:45:51","slug":"iklass-e-intissam-ya-pueden-ir-al-cole-dia-de-las-personas-con-discapacidad","status":"publish","type":"noticia","link":"https:\/\/www.entreculturas.org\/ca\/noticia\/iklass-e-intissam-ya-pueden-ir-al-cole-dia-de-las-personas-con-discapacidad\/","title":{"rendered":"Iklass e Intissam ya pueden ir al cole | D\u00eda de las Personas con Discapacidad"},"content":{"rendered":"<\/p>\n<p><strong>El 15% de la poblaci\u00f3n mundial sufre alg\u00fan tipo de discapacidad f\u00edsica, ps\u00edquica o sensorial<\/strong>, una poblaci\u00f3n de m\u00e1s de 1.000 millones de habitantes que a menudo encuentra graves dificultades en tener oportunidades reales de participar y formar parte de la sociedad en igualdad.&nbsp;<\/p>\n<p>En el caso de la poblaci\u00f3n infantil, se estima que existen unos<strong> 93 millones de ni\u00f1os y ni\u00f1as con discapacidad, de los cuales 1 de cada 3 en edad de cursar primaria no est\u00e1 escolarizado<\/strong>, seg\u00fan el Informe de la ONU sobre Discapacidad y Desarrollo de 2018. Las personas con discapacidad sufren <strong>discriminaci\u00f3n y exclusi\u00f3n<\/strong> en muchos rincones del mundo, algo que se hace a\u00fan m\u00e1s evidente en poblaciones ya vulnerables, como las <strong>ni\u00f1as y ni\u00f1os refugiados.<\/strong><\/p>\n<p>En el <strong>D\u00eda Internacional de las Personas con Discapacidad <\/strong>queremos ponernos en la piel de los ni\u00f1os y ni\u00f1as refugiados con diversidad funcional que ven limitada su infancia y sus perspectivas de futuro por el simple hecho de <strong>no poder desplazarse de manera aut\u00f3noma<\/strong>. Y es que, en un contexto de falta de servicios y recursos, las familias muchas veces no tienen acceso a una silla de ruedas, triciclos o muletas.<\/p>\n<p>Para los menores que viven en los campos de personas refugiadas en Chad, algo tan aparentemente sencillo como moverse por el campo es un \u00e1rduo trabajo. Por ello, el Servicio Jesuita a Refugiados (JRS), nuestra organizaci\u00f3n socia en el pa\u00eds, recientemente ha <strong>repartido triciclos y muletas a alumnos y alumnas con discapacidad<\/strong>. Con ellos, ahora han ganado independencia: pueden desplazarse, ir al colegio, quedar con sus amigos y amigas y, en definitiva, hacer la vida que corresponde a ni\u00f1os de su edad.<\/p>\n<p><img decoding=\"async\" alt=\"\" src=\"https:\/\/www.entreculturas.org\/wp-content\/uploads\/2020\/12\/discapacidad2.jpg\" style=\"width: 800px;height: 293px\"><\/p>\n<p>Uno de los triciclos fue para <strong>Iklass Amir Bichara<\/strong>, una ni\u00f1a de 13 a\u00f1os que reside en el campo de Amnabak. Acompa\u00f1ada de su hermano, <strong>ahora puede asistir a clase de forma regular y ver a sus amigos y amigas.<\/strong> Tambi\u00e9n Intissam<strong> Idriss Abdallah, de 9 a\u00f1os<\/strong>, se mostr\u00f3 muy feliz por poder moverse por el campo con su triciclo, estar con sus amigos e ir a la escuela con sus hermanos. Por su parte, <strong>Aicha Yaya, de 16 a\u00f1os, ya no necesita la ayuda de su madre para caminar<\/strong> por el campo: ahora lo puede hacer sola gracias a las muletas que le entregaron.&nbsp;<\/p>\n<p>Es fundamental que respetemos y reconozcamos las diferencias, y que se garanticen no solo los<strong> derechos de las personas con discapacidad<\/strong>, sino tambi\u00e9n su <strong>bienestar y su dignidad<\/strong>, a la vez que se ponen en marcha los mecanismos necesarios para que puedan <strong>participar en la vida pol\u00edtica, social, econ\u00f3mica y cultural.<\/strong><\/p>\n","protected":false},"excerpt":{"rendered":"<p>En el D\u00eda Internacional de las Personas con Discapacidad queremos ponernos en la piel de los ni\u00f1os y ni\u00f1as refugiados con diversidad funcional que ven limitada su infancia y sus perspectivas de futuro por el simple hecho de no poder desplazarse de manera aut\u00f3noma.<\/p>\n","protected":false},"featured_media":5357,"template":"single-noticia","meta":{"_acf_changed":false},"categories":[7],"tags":[289],"country":[],"cause":[128],"class_list":["post-5359","noticia","type-noticia","status-publish","has-post-thumbnail","hentry","category-noticia","tag-educacion","cause-educacion"],"acf":[],"yoast_head":"<!-- This site is optimized with the Yoast SEO Premium plugin v21.6 (Yoast SEO v27.5) - https:\/\/yoast.com\/product\/yoast-seo-premium-wordpress\/ -->\n<title>Iklass e Intissam ya pueden ir al cole | D\u00eda de las Personas con Discapacidad - Entreculturas<\/title>\n<meta name=\"robots\" content=\"index, follow, max-snippet:-1, max-image-preview:large, max-video-preview:-1\" \/>\n<link rel=\"canonical\" href=\"https:\/\/www.entreculturas.org\/ca\/noticia\/iklass-e-intissam-ya-pueden-ir-al-cole-dia-de-las-personas-con-discapacidad\/\" \/>\n<meta property=\"og:locale\" content=\"ca_ES\" \/>\n<meta property=\"og:type\" content=\"article\" \/>\n<meta property=\"og:title\" content=\"Iklass e Intissam ya pueden ir al cole | D\u00eda de las Personas con Discapacidad\" \/>\n<meta property=\"og:description\" content=\"En el D\u00eda Internacional de las Personas con Discapacidad queremos ponernos en la piel de los ni\u00f1os y ni\u00f1as refugiados con diversidad funcional que ven limitada su infancia y sus perspectivas de futuro por el simple hecho de no poder desplazarse de manera aut\u00f3noma.\" \/>\n<meta property=\"og:url\" content=\"https:\/\/www.entreculturas.org\/ca\/noticia\/iklass-e-intissam-ya-pueden-ir-al-cole-dia-de-las-personas-con-discapacidad\/\" \/>\n<meta property=\"og:site_name\" content=\"Entreculturas\" \/>\n<meta property=\"article:publisher\" content=\"https:\/\/www.facebook.com\/entreculturas\" \/>\n<meta property=\"article:modified_time\" content=\"2024-03-06T16:45:51+00:00\" \/>\n<meta property=\"og:image\" content=\"https:\/\/www.entreculturas.org\/wp-content\/uploads\/2020\/12\/discapacidad1.jpg\" \/>\n\t<meta property=\"og:image:width\" content=\"1000\" \/>\n\t<meta property=\"og:image:height\" content=\"549\" \/>\n\t<meta property=\"og:image:type\" content=\"image\/jpeg\" \/>\n<meta name=\"twitter:card\" content=\"summary_large_image\" \/>\n<meta name=\"twitter:site\" content=\"@Entreculturas\" \/>\n<script type=\"application\/ld+json\" class=\"yoast-schema-graph\">{\"@context\":\"https:\\\/\\\/schema.org\",\"@graph\":[{\"@type\":\"WebPage\",\"@id\":\"https:\\\/\\\/www.entreculturas.org\\\/ca\\\/noticia\\\/iklass-e-intissam-ya-pueden-ir-al-cole-dia-de-las-personas-con-discapacidad\\\/\",\"url\":\"https:\\\/\\\/www.entreculturas.org\\\/ca\\\/noticia\\\/iklass-e-intissam-ya-pueden-ir-al-cole-dia-de-las-personas-con-discapacidad\\\/\",\"name\":\"Iklass e Intissam ya pueden ir al cole | D\u00eda de las Personas con Discapacidad - Entreculturas\",\"isPartOf\":{\"@id\":\"https:\\\/\\\/www.entreculturas.org\\\/ca\\\/#website\"},\"primaryImageOfPage\":{\"@id\":\"https:\\\/\\\/www.entreculturas.org\\\/ca\\\/noticia\\\/iklass-e-intissam-ya-pueden-ir-al-cole-dia-de-las-personas-con-discapacidad\\\/#primaryimage\"},\"image\":{\"@id\":\"https:\\\/\\\/www.entreculturas.org\\\/ca\\\/noticia\\\/iklass-e-intissam-ya-pueden-ir-al-cole-dia-de-las-personas-con-discapacidad\\\/#primaryimage\"},\"thumbnailUrl\":\"https:\\\/\\\/www.entreculturas.org\\\/wp-content\\\/uploads\\\/2020\\\/12\\\/discapacidad1.jpg\",\"datePublished\":\"2020-12-03T08:52:36+00:00\",\"dateModified\":\"2024-03-06T16:45:51+00:00\",\"breadcrumb\":{\"@id\":\"https:\\\/\\\/www.entreculturas.org\\\/ca\\\/noticia\\\/iklass-e-intissam-ya-pueden-ir-al-cole-dia-de-las-personas-con-discapacidad\\\/#breadcrumb\"},\"inLanguage\":\"ca\",\"potentialAction\":[{\"@type\":\"ReadAction\",\"target\":[\"https:\\\/\\\/www.entreculturas.org\\\/ca\\\/noticia\\\/iklass-e-intissam-ya-pueden-ir-al-cole-dia-de-las-personas-con-discapacidad\\\/\"]}]},{\"@type\":\"ImageObject\",\"inLanguage\":\"ca\",\"@id\":\"https:\\\/\\\/www.entreculturas.org\\\/ca\\\/noticia\\\/iklass-e-intissam-ya-pueden-ir-al-cole-dia-de-las-personas-con-discapacidad\\\/#primaryimage\",\"url\":\"https:\\\/\\\/www.entreculturas.org\\\/wp-content\\\/uploads\\\/2020\\\/12\\\/discapacidad1.jpg\",\"contentUrl\":\"https:\\\/\\\/www.entreculturas.org\\\/wp-content\\\/uploads\\\/2020\\\/12\\\/discapacidad1.jpg\",\"width\":1000,\"height\":549},{\"@type\":\"BreadcrumbList\",\"@id\":\"https:\\\/\\\/www.entreculturas.org\\\/ca\\\/noticia\\\/iklass-e-intissam-ya-pueden-ir-al-cole-dia-de-las-personas-con-discapacidad\\\/#breadcrumb\",\"itemListElement\":[{\"@type\":\"ListItem\",\"position\":1,\"name\":\"Home\",\"item\":\"https:\\\/\\\/www.entreculturas.org\\\/ca\\\/\"},{\"@type\":\"ListItem\",\"position\":2,\"name\":\"Noticias\",\"item\":\"https:\\\/\\\/www.entreculturas.org\\\/ca\\\/noticias\\\/\"},{\"@type\":\"ListItem\",\"position\":3,\"name\":\"Iklass e Intissam ya pueden ir al cole | D\u00eda de las Personas con Discapacidad\"}]},{\"@type\":\"WebSite\",\"@id\":\"https:\\\/\\\/www.entreculturas.org\\\/ca\\\/#website\",\"url\":\"https:\\\/\\\/www.entreculturas.org\\\/ca\\\/\",\"name\":\"Entreculturas\",\"description\":\"\",\"publisher\":{\"@id\":\"https:\\\/\\\/www.entreculturas.org\\\/ca\\\/#organization\"},\"alternateName\":\"Entreculturas\",\"potentialAction\":[{\"@type\":\"SearchAction\",\"target\":{\"@type\":\"EntryPoint\",\"urlTemplate\":\"https:\\\/\\\/www.entreculturas.org\\\/ca\\\/?s={search_term_string}\"},\"query-input\":{\"@type\":\"PropertyValueSpecification\",\"valueRequired\":true,\"valueName\":\"search_term_string\"}}],\"inLanguage\":\"ca\"},{\"@type\":\"Organization\",\"@id\":\"https:\\\/\\\/www.entreculturas.org\\\/ca\\\/#organization\",\"name\":\"Entreculturas\",\"url\":\"https:\\\/\\\/www.entreculturas.org\\\/ca\\\/\",\"logo\":{\"@type\":\"ImageObject\",\"inLanguage\":\"ca\",\"@id\":\"https:\\\/\\\/www.entreculturas.org\\\/ca\\\/#\\\/schema\\\/logo\\\/image\\\/\",\"url\":\"https:\\\/\\\/www.entreculturas.org\\\/wp-content\\\/uploads\\\/2025\\\/10\\\/ESP.svg\",\"contentUrl\":\"https:\\\/\\\/www.entreculturas.org\\\/wp-content\\\/uploads\\\/2025\\\/10\\\/ESP.svg\",\"caption\":\"Entreculturas\"},\"image\":{\"@id\":\"https:\\\/\\\/www.entreculturas.org\\\/ca\\\/#\\\/schema\\\/logo\\\/image\\\/\"},\"sameAs\":[\"https:\\\/\\\/www.facebook.com\\\/entreculturas\",\"https:\\\/\\\/x.com\\\/Entreculturas\",\"https:\\\/\\\/www.instagram.com\\\/entreculturas\\\/\",\"https:\\\/\\\/www.youtube.com\\\/user\\\/entreculturasvideo\",\"https:\\\/\\\/www.linkedin.com\\\/company\\\/fundacion-entreculturas-ngdo\\\/\",\"https:\\\/\\\/www.flickr.com\\\/photos\\\/98455522@N04\\\/albums\\\/\"]}]}<\/script>\n<!-- \/ Yoast SEO Premium plugin. -->","yoast_head_json":{"title":"Iklass e Intissam ya pueden ir al cole | D\u00eda de las Personas con Discapacidad - Entreculturas","robots":{"index":"index","follow":"follow","max-snippet":"max-snippet:-1","max-image-preview":"max-image-preview:large","max-video-preview":"max-video-preview:-1"},"canonical":"https:\/\/www.entreculturas.org\/ca\/noticia\/iklass-e-intissam-ya-pueden-ir-al-cole-dia-de-las-personas-con-discapacidad\/","og_locale":"ca_ES","og_type":"article","og_title":"Iklass e Intissam ya pueden ir al cole | D\u00eda de las Personas con Discapacidad","og_description":"En el D\u00eda Internacional de las Personas con Discapacidad queremos ponernos en la piel de los ni\u00f1os y ni\u00f1as refugiados con diversidad funcional que ven limitada su infancia y sus perspectivas de futuro por el simple hecho de no poder desplazarse de manera aut\u00f3noma.","og_url":"https:\/\/www.entreculturas.org\/ca\/noticia\/iklass-e-intissam-ya-pueden-ir-al-cole-dia-de-las-personas-con-discapacidad\/","og_site_name":"Entreculturas","article_publisher":"https:\/\/www.facebook.com\/entreculturas","article_modified_time":"2024-03-06T16:45:51+00:00","og_image":[{"width":1000,"height":549,"url":"https:\/\/www.entreculturas.org\/wp-content\/uploads\/2020\/12\/discapacidad1.jpg","type":"image\/jpeg"}],"twitter_card":"summary_large_image","twitter_site":"@Entreculturas","schema":{"@context":"https:\/\/schema.org","@graph":[{"@type":"WebPage","@id":"https:\/\/www.entreculturas.org\/ca\/noticia\/iklass-e-intissam-ya-pueden-ir-al-cole-dia-de-las-personas-con-discapacidad\/","url":"https:\/\/www.entreculturas.org\/ca\/noticia\/iklass-e-intissam-ya-pueden-ir-al-cole-dia-de-las-personas-con-discapacidad\/","name":"Iklass e Intissam ya pueden ir al cole | D\u00eda de las Personas con Discapacidad - Entreculturas","isPartOf":{"@id":"https:\/\/www.entreculturas.org\/ca\/#website"},"primaryImageOfPage":{"@id":"https:\/\/www.entreculturas.org\/ca\/noticia\/iklass-e-intissam-ya-pueden-ir-al-cole-dia-de-las-personas-con-discapacidad\/#primaryimage"},"image":{"@id":"https:\/\/www.entreculturas.org\/ca\/noticia\/iklass-e-intissam-ya-pueden-ir-al-cole-dia-de-las-personas-con-discapacidad\/#primaryimage"},"thumbnailUrl":"https:\/\/www.entreculturas.org\/wp-content\/uploads\/2020\/12\/discapacidad1.jpg","datePublished":"2020-12-03T08:52:36+00:00","dateModified":"2024-03-06T16:45:51+00:00","breadcrumb":{"@id":"https:\/\/www.entreculturas.org\/ca\/noticia\/iklass-e-intissam-ya-pueden-ir-al-cole-dia-de-las-personas-con-discapacidad\/#breadcrumb"},"inLanguage":"ca","potentialAction":[{"@type":"ReadAction","target":["https:\/\/www.entreculturas.org\/ca\/noticia\/iklass-e-intissam-ya-pueden-ir-al-cole-dia-de-las-personas-con-discapacidad\/"]}]},{"@type":"ImageObject","inLanguage":"ca","@id":"https:\/\/www.entreculturas.org\/ca\/noticia\/iklass-e-intissam-ya-pueden-ir-al-cole-dia-de-las-personas-con-discapacidad\/#primaryimage","url":"https:\/\/www.entreculturas.org\/wp-content\/uploads\/2020\/12\/discapacidad1.jpg","contentUrl":"https:\/\/www.entreculturas.org\/wp-content\/uploads\/2020\/12\/discapacidad1.jpg","width":1000,"height":549},{"@type":"BreadcrumbList","@id":"https:\/\/www.entreculturas.org\/ca\/noticia\/iklass-e-intissam-ya-pueden-ir-al-cole-dia-de-las-personas-con-discapacidad\/#breadcrumb","itemListElement":[{"@type":"ListItem","position":1,"name":"Home","item":"https:\/\/www.entreculturas.org\/ca\/"},{"@type":"ListItem","position":2,"name":"Noticias","item":"https:\/\/www.entreculturas.org\/ca\/noticias\/"},{"@type":"ListItem","position":3,"name":"Iklass e Intissam ya pueden ir al cole | D\u00eda de las Personas con Discapacidad"}]},{"@type":"WebSite","@id":"https:\/\/www.entreculturas.org\/ca\/#website","url":"https:\/\/www.entreculturas.org\/ca\/","name":"Entreculturas","description":"","publisher":{"@id":"https:\/\/www.entreculturas.org\/ca\/#organization"},"alternateName":"Entreculturas","potentialAction":[{"@type":"SearchAction","target":{"@type":"EntryPoint","urlTemplate":"https:\/\/www.entreculturas.org\/ca\/?s={search_term_string}"},"query-input":{"@type":"PropertyValueSpecification","valueRequired":true,"valueName":"search_term_string"}}],"inLanguage":"ca"},{"@type":"Organization","@id":"https:\/\/www.entreculturas.org\/ca\/#organization","name":"Entreculturas","url":"https:\/\/www.entreculturas.org\/ca\/","logo":{"@type":"ImageObject","inLanguage":"ca","@id":"https:\/\/www.entreculturas.org\/ca\/#\/schema\/logo\/image\/","url":"https:\/\/www.entreculturas.org\/wp-content\/uploads\/2025\/10\/ESP.svg","contentUrl":"https:\/\/www.entreculturas.org\/wp-content\/uploads\/2025\/10\/ESP.svg","caption":"Entreculturas"},"image":{"@id":"https:\/\/www.entreculturas.org\/ca\/#\/schema\/logo\/image\/"},"sameAs":["https:\/\/www.facebook.com\/entreculturas","https:\/\/x.com\/Entreculturas","https:\/\/www.instagram.com\/entreculturas\/","https:\/\/www.youtube.com\/user\/entreculturasvideo","https:\/\/www.linkedin.com\/company\/fundacion-entreculturas-ngdo\/","https:\/\/www.flickr.com\/photos\/98455522@N04\/albums\/"]}]}},"_links":{"self":[{"href":"https:\/\/www.entreculturas.org\/ca\/wp-json\/wp\/v2\/noticia\/5359","targetHints":{"allow":["GET"]}}],"collection":[{"href":"https:\/\/www.entreculturas.org\/ca\/wp-json\/wp\/v2\/noticia"}],"about":[{"href":"https:\/\/www.entreculturas.org\/ca\/wp-json\/wp\/v2\/types\/noticia"}],"wp:featuredmedia":[{"embeddable":true,"href":"https:\/\/www.entreculturas.org\/ca\/wp-json\/wp\/v2\/media\/5357"}],"wp:attachment":[{"href":"https:\/\/www.entreculturas.org\/ca\/wp-json\/wp\/v2\/media?parent=5359"}],"wp:term":[{"taxonomy":"category","embeddable":true,"href":"https:\/\/www.entreculturas.org\/ca\/wp-json\/wp\/v2\/categories?post=5359"},{"taxonomy":"post_tag","embeddable":true,"href":"https:\/\/www.entreculturas.org\/ca\/wp-json\/wp\/v2\/tags?post=5359"},{"taxonomy":"country","embeddable":true,"href":"https:\/\/www.entreculturas.org\/ca\/wp-json\/wp\/v2\/country?post=5359"},{"taxonomy":"cause","embeddable":true,"href":"https:\/\/www.entreculturas.org\/ca\/wp-json\/wp\/v2\/cause?post=5359"}],"curies":[{"name":"wp","href":"https:\/\/api.w.org\/{rel}","templated":true}]}}