{"id":5294,"date":"2020-11-23T12:50:08","date_gmt":"2020-11-23T12:50:08","guid":{"rendered":"https:\/\/entreculturasi.wpenginepowered.com\/?noticias=iluminemos-el-mundo-por-la-igualdad-manifiesto-de-la-red-generacion-21-con-motivo-del-dia"},"modified":"2024-09-12T14:21:29","modified_gmt":"2024-09-12T12:21:29","slug":"iluminemos-el-mundo-por-la-igualdad-manifiesto-de-la-red-generacion-21-con-motivo-del-dia","status":"publish","type":"noticia","link":"https:\/\/www.entreculturas.org\/ca\/noticia\/iluminemos-el-mundo-por-la-igualdad-manifiesto-de-la-red-generacion-21-con-motivo-del-dia\/","title":{"rendered":"Iluminemos el mundo por la Igualdad: Manifiesto de la Red Generaci\u00f3n 21+ con motivo del D\u00eda por la Erradicaci\u00f3n de la Violencia de G\u00e9nero"},"content":{"rendered":"<p>Con motivo del 25 de noviembre,<strong>\u00a0D\u00eda de la Erradicaci\u00f3n de la Violencia de G\u00e9nero, las juventudes de la Red Generaci\u00f3n 21+, nos movilizamos en torno a la violencia y la desigualdad de g\u00e9nero hacia las ni\u00f1as y las mujeres.\u00a0<\/strong>La Red Generaci\u00f3n 21+ es una red internacional de participaci\u00f3n juvenil formada por mujeres y hombres j\u00f3venes comprometidos con el cambio social. Esta Red re\u00fane a grupos y representantes juveniles que trabajan por la transformaci\u00f3n social en redes de participaci\u00f3n relacionadas con Fe y Alegr\u00eda en m\u00e1s de 22 pa\u00edses de Am\u00e9rica del Sur, \u00c1frica y Europa. Declaramos que nos preocupan especialmente las siguientes problem\u00e1ticas vinculadas a la violencia de g\u00e9nero y la desigualdad:<\/p>\n<p>Ante estos retos, defendiendo el derecho a la <strong>participaci\u00f3n juvenil<\/strong> sobre las problem\u00e1ticas que nos afectan y mirando a nuestros entornos locales, <strong>lanzamos a las y los representantes pol\u00edticos<\/strong> de nuestros pa\u00edses, las siguientes propuestas:<\/p>\n<ul>\n<li><span style=\"color: #ff0000;\"><strong>Desde Argentina:<\/strong><\/span><\/li>\n<\/ul>\n<p>&#8211; Difundir de manera comprensiva las <strong>leyes y protocolos<\/strong> que protegen a las j\u00f3venes y mujeres v\u00edctimas de violencia.<br \/>\n&#8211; Desarrollar una<strong> propuesta de revisi\u00f3n<\/strong> de las im\u00e1genes y lenguaje utilizado por los medios de comunicaci\u00f3n que sea libre de estereotipos y discriminatorios.<\/p>\n<ul>\n<li><span style=\"color: #ff0000;\"><strong>Desde Chile:<\/strong><\/span><\/li>\n<\/ul>\n<p>&#8211; Aumentar la eficacia de las<strong> medidas de restricci\u00f3n<\/strong> de acercamiento, mejorando tambi\u00e9n la recepci\u00f3n de denuncias de parte de Carabineros y tomando acciones pertinentes a cada caso.<br \/>\n&#8211; Poner en marcha una<strong> red de hogares<\/strong> estatales de protecci\u00f3n que acojan a mujeres v\u00edctimas de violencia junto a sus hijos e hijas.<br \/>\n&#8211; Promover pruebas seguras de anticonceptivos para garantizar los <strong>derechos<\/strong> y la salud reproductiva de las mujeres.<br \/>\n&#8211; Aumentar el <strong>presupuesto<\/strong> del Ministerio de la Mujer para contar con recursos que permitan desarrollar iniciativas en pos del bienestar de las mujeres.<\/p>\n<ul>\n<li><span style=\"color: #ff0000;\"><strong>Desde Colombia:<\/strong><\/span><\/li>\n<\/ul>\n<p>&#8211; Exigibilidad de cumplimiento de <strong>leyes efectivas<\/strong> en torno a la protecci\u00f3n de las mujeres y ni\u00f1as por parte del Gobierno.<br \/>\n&#8211; Inclusi\u00f3n del enfoque de igualdad de g\u00e9nero como tem\u00e1tica transversal en las <strong>c\u00e1tedras educativas<\/strong>.<br \/>\n&#8211; Socializar y <strong>difundir comprensivamente<\/strong> las leyes, protocolos y rutas de atenci\u00f3n que protegen a las j\u00f3venes y mujeres v\u00edctimas de violencia.<br \/>\n&#8211; Garantizar <strong>espacios formativos de promoci\u00f3n del liderazgo<\/strong> de ni\u00f1as y j\u00f3venes.<br \/>\n&#8211; Formaci\u00f3n sobre nuevas <strong>masculinidades<\/strong> para las familias.<\/p>\n<ul>\n<li><strong><span style=\"color: #ff0000;\">Desde Espa\u00f1a:<\/span><\/strong><\/li>\n<\/ul>\n<p>&#8211; Promover una <strong>educaci\u00f3n sexual<\/strong> que permita reconocer y actuar ante situaciones de violencia de g\u00e9nero.<br \/>\n&#8211; Acercar la experiencia de las y los j\u00f3venes a los <strong>representantes judiciales para dialogar<\/strong> y fomentar el aprendizaje mutuo.<br \/>\n&#8211; Rechazar el uso de la violencia de g\u00e9nero como <strong>arma pol\u00edtica<\/strong>.<br \/>\n&#8211; Garantizar el cumplimiento de los <strong>marcos internacionales<\/strong> de protecci\u00f3n de mujeres y ni\u00f1as ante situaciones de violencia (La Constituci\u00f3n, la Carta de DDHH, la Convenci\u00f3n de Estambul o el Protocolo de Palermo, entre otros).<\/p>\n<ul>\n<li><span style=\"color: #ff0000;\"><strong>Desde Paraguay:<\/strong><\/span><\/li>\n<\/ul>\n<p>&#8211; Generar <strong>di\u00e1logo pol\u00edtico<\/strong> a nivel parlamentario sobre estos retos.<br \/>\n&#8211; Fomentar la creaci\u00f3n de <strong>formaci\u00f3n espec\u00edfica<\/strong> sobre violencia hacia la mujer y desigualdad presentes en el pa\u00eds.<br \/>\n&#8211; Generar una <strong>campa\u00f1a <\/strong>de concientizaci\u00f3n gubernamental de difusi\u00f3n a todos los niveles.<br \/>\n&#8211; Exigibilidad de cumplimiento de <strong>leyes efectivas<\/strong> en torno a la protecci\u00f3n de las mujeres y ni\u00f1as por parte del Gobierno.<\/p>\n<ul>\n<li><span style=\"color: #ff0000;\"><strong>Desde Rep\u00fablica Democr\u00e1tica de Congo:<\/strong><\/span><\/li>\n<\/ul>\n<p>&#8211; Garantizar <strong>espacios formativos<\/strong> de promoci\u00f3n del liderazgo de ni\u00f1as y j\u00f3venes.<br \/>\n&#8211; Generar<strong> di\u00e1logo<\/strong> entre el Ministro de Educaci\u00f3n, el Ministro de Asuntos Sociales y la Red 21 en R.D.C, para abordar las cifras y datos que se tienen sobre la violencia hacia las mujeres y ni\u00f1as.<br \/>\n&#8211; Generar <strong>alianzas con las autoridades pol\u00edticas<\/strong> para que lancen p\u00fablicamente mensajes que llamen al empoderamiento de las mujeres y las ni\u00f1as (incluyendo que se valoren a s\u00ed mismas y se vean como motor de cambio de la sociedad).<br \/>\n&#8211; Realizar un <strong>v\u00eddeo o spot<\/strong> para compartir en redes sociales y en canales de televisi\u00f3n locales sobre estos retos, con la posibilidad de que algunas de las personas protagonistas sean figuras pol\u00edticas y art\u00edsticas del pa\u00eds.<\/p>\n<ul>\n<li><span style=\"color: #ff0000;\"><strong>Desde Rep\u00fablica Dominicana:<\/strong><\/span><\/li>\n<\/ul>\n<p>&#8211; Generar una <strong>campa\u00f1a de concientizaci\u00f3n gubernamental <\/strong>de difusi\u00f3n a todos los niveles sobre estos retos y su urgencia, incluyendo redes sociales, televisi\u00f3n y radio.<br \/>\n&#8211; Exigibilidad de cumplimiento de <strong>leyes efectivas<\/strong> en torno a la protecci\u00f3n de las mujeres y ni\u00f1as por parte del Gobierno.<br \/>\n&#8211; Participaci\u00f3n de las<strong> figuras p\u00fablicas <\/strong>m\u00e1s relevantes del pa\u00eds en temas de igualdad de g\u00e9nero y prevenci\u00f3n de la violencia en las campa\u00f1as lanzadas por las y los j\u00f3venes de la Red.<br \/>\n&#8211; Promoci\u00f3n de\u00a0la incorporaci\u00f3n de las <strong>escuelas como espacios seguros de detecci\u00f3n y acompa\u00f1amiento<\/strong> de situaciones de violencia de g\u00e9nero mediante la comprensi\u00f3n psicol\u00f3gica y la protecci\u00f3n legal.<\/p>\n<p><strong>Conjuntamente y como Red, reivindicamos y proponemos:<\/strong><br \/>\n&#8211; Participaci\u00f3n juvenil en diferentes espacios, as\u00ed como incidir para que estos se creen en caso de que no existan.<br \/>\n&#8211; Realizar acciones de incidencia pol\u00edtica con instituciones p\u00fablicas y empresas, para poner a disposici\u00f3n recursos para actuar sobre estas tem\u00e1ticas.<br \/>\n&#8211; Promover una educaci\u00f3n desde la infancia que sea cr\u00edtica y de calidad, libre de prejuicios y discriminaciones que promueva la igualdad de g\u00e9nero, en la que haya espacios que nos eduquen en valores y nos acerquen a nuestra realidad.<br \/>\n&#8211; Movilizaci\u00f3n, asociacionismo y articulaci\u00f3n ciudadana en torno a estas causas.<\/p>\n<p><strong>Y nos comprometemos a:<\/strong><br \/>\n&#8211; No conformarnos con las injusticias que nos rodean.<br \/>\n&#8211; Ser agentes de cambio.<br \/>\n&#8211; Movilizarnos en el \u00e1mbito local, para incidir en el \u00e1mbito internacional.<br \/>\n&#8211; Empoderar a otras y otros j\u00f3venes.<br \/>\n&#8211; Seguir comprometi\u00e9ndonos muchos a\u00f1os m\u00e1s.<\/p>\n<p>Para que esta chispa\u00a0se convierta en fuego e ilumine el Mundo&#8221;.<\/p>\n<p><img decoding=\"async\" style=\"width: 500px; height: 167px;\" src=\"https:\/\/www.entreculturas.org\/wp-content\/uploads\/2020\/11\/logos_rg21_corazon_fifya_final-01-scaled-1.jpg\" alt=\"\" \/><\/p>\n<table style=\"width: 800px;\" border=\"0\" cellspacing=\"6\" cellpadding=\"0\">\n<tbody>\n<tr>\n<td><img decoding=\"async\" style=\"width: 150px; height: 225px;\" src=\"https:\/\/www.entreculturas.org\/wp-content\/uploads\/2020\/11\/logo-campana-jovenes-333x500-1-200x300-1.png\" alt=\"\" \/><\/td>\n<td><img decoding=\"async\" style=\"width: 176px; height: 88px;\" src=\"https:\/\/www.entreculturas.org\/wp-content\/uploads\/2020\/11\/2020-11-23.png\" alt=\"\" \/><\/td>\n<td><img decoding=\"async\" style=\"width: 200px; height: 75px;\" src=\"https:\/\/www.entreculturas.org\/wp-content\/uploads\/2020\/11\/logotipo_la_luz_de_las_ninas_dorado-01.jpg\" alt=\"\" \/><\/td>\n<td><img decoding=\"async\" style=\"width: 300px; height: 106px;\" src=\"https:\/\/www.entreculturas.org\/wp-content\/uploads\/2020\/11\/cover-linkedin-01.jpg\" alt=\"\" \/><\/td>\n<\/tr>\n<\/tbody>\n<\/table>\n<p><em>*Este es un documento vivo, si tu pa\u00eds o grupo de j\u00f3venes quiere incorporar sus propuestas concretas, las puede enviar a redgeneracion21@gmail.com y educacion@entreculturas.org<\/em><\/p>\n","protected":false},"excerpt":{"rendered":"<p>Con motivo del 25 de noviembre,\u00a0D\u00eda de la Erradicaci\u00f3n de la Violencia de G\u00e9nero, las juventudes de la Red Generaci\u00f3n 21+, nos movilizamos en torno a la violencia y la desigualdad de g\u00e9nero hacia las ni\u00f1as y las mujeres.\u00a0La Red Generaci\u00f3n 21+ es una red internacional de participaci\u00f3n juvenil formada por mujeres y hombres j\u00f3venes comprometidos con el cambio social. Esta Red re\u00fane a grupos y representantes juveniles que trabajan por la transformaci\u00f3n social en redes de participaci\u00f3n relacionadas con Fe y Alegr\u00eda en m\u00e1s de 22 pa\u00edses de Am\u00e9rica del Sur, \u00c1frica y Europa. Declaramos que nos preocupan especialmente las siguientes problem\u00e1ticas vinculadas a la violencia de g\u00e9nero y la desigualdad: Ante estos retos, defendiendo el derecho a la participaci\u00f3n juvenil sobre las problem\u00e1ticas que nos afectan y mirando a nuestros entornos locales, lanzamos a las y los representantes pol\u00edticos de nuestros pa\u00edses, las siguientes propuestas: Desde Argentina: &#8211; [&hellip;]<\/p>\n","protected":false},"featured_media":5286,"template":"single-noticia","meta":{"_acf_changed":false},"categories":[7],"tags":[293],"country":[],"cause":[130],"class_list":["post-5294","noticia","type-noticia","status-publish","has-post-thumbnail","hentry","category-noticia","tag-genero","cause-genero"],"acf":[],"yoast_head":"<!-- This site is optimized with the Yoast SEO Premium plugin v21.6 (Yoast SEO v27.5) - https:\/\/yoast.com\/product\/yoast-seo-premium-wordpress\/ -->\n<title>Iluminemos el mundo por la Igualdad: Manifiesto de la Red Generaci\u00f3n 21+ con motivo del D\u00eda por la Erradicaci\u00f3n de la Violencia de G\u00e9nero - Entreculturas<\/title>\n<meta name=\"robots\" content=\"index, follow, max-snippet:-1, max-image-preview:large, max-video-preview:-1\" \/>\n<link rel=\"canonical\" href=\"https:\/\/www.entreculturas.org\/ca\/noticia\/iluminemos-el-mundo-por-la-igualdad-manifiesto-de-la-red-generacion-21-con-motivo-del-dia\/\" \/>\n<meta property=\"og:locale\" content=\"ca_ES\" \/>\n<meta property=\"og:type\" content=\"article\" \/>\n<meta property=\"og:title\" content=\"Iluminemos el mundo por la Igualdad: Manifiesto de la Red Generaci\u00f3n 21+ con motivo del D\u00eda por la Erradicaci\u00f3n de la Violencia de G\u00e9nero\" \/>\n<meta property=\"og:description\" content=\"Con motivo del 25 de noviembre,\u00a0D\u00eda de la Erradicaci\u00f3n de la Violencia de G\u00e9nero, las juventudes de la Red Generaci\u00f3n 21+, nos movilizamos en torno a la violencia y la desigualdad de g\u00e9nero hacia las ni\u00f1as y las mujeres.\u00a0La Red Generaci\u00f3n 21+ es una red internacional de participaci\u00f3n juvenil formada por mujeres y hombres j\u00f3venes comprometidos con el cambio social. Esta Red re\u00fane a grupos y representantes juveniles que trabajan por la transformaci\u00f3n social en redes de participaci\u00f3n relacionadas con Fe y Alegr\u00eda en m\u00e1s de 22 pa\u00edses de Am\u00e9rica del Sur, \u00c1frica y Europa. Declaramos que nos preocupan especialmente las siguientes problem\u00e1ticas vinculadas a la violencia de g\u00e9nero y la desigualdad: Ante estos retos, defendiendo el derecho a la participaci\u00f3n juvenil sobre las problem\u00e1ticas que nos afectan y mirando a nuestros entornos locales, lanzamos a las y los representantes pol\u00edticos de nuestros pa\u00edses, las siguientes propuestas: Desde Argentina: &#8211; [&hellip;]\" \/>\n<meta property=\"og:url\" content=\"https:\/\/www.entreculturas.org\/ca\/noticia\/iluminemos-el-mundo-por-la-igualdad-manifiesto-de-la-red-generacion-21-con-motivo-del-dia\/\" \/>\n<meta property=\"og:site_name\" content=\"Entreculturas\" \/>\n<meta property=\"article:publisher\" content=\"https:\/\/www.facebook.com\/entreculturas\" \/>\n<meta property=\"article:modified_time\" content=\"2024-09-12T12:21:29+00:00\" \/>\n<meta property=\"og:image\" content=\"https:\/\/www.entreculturas.org\/wp-content\/uploads\/2020\/11\/p2150150.jpg\" \/>\n\t<meta property=\"og:image:width\" content=\"1106\" \/>\n\t<meta property=\"og:image:height\" content=\"829\" \/>\n\t<meta property=\"og:image:type\" content=\"image\/jpeg\" \/>\n<meta name=\"twitter:card\" content=\"summary_large_image\" \/>\n<meta name=\"twitter:site\" content=\"@Entreculturas\" \/>\n<script type=\"application\/ld+json\" class=\"yoast-schema-graph\">{\"@context\":\"https:\\\/\\\/schema.org\",\"@graph\":[{\"@type\":\"WebPage\",\"@id\":\"https:\\\/\\\/www.entreculturas.org\\\/ca\\\/noticia\\\/iluminemos-el-mundo-por-la-igualdad-manifiesto-de-la-red-generacion-21-con-motivo-del-dia\\\/\",\"url\":\"https:\\\/\\\/www.entreculturas.org\\\/ca\\\/noticia\\\/iluminemos-el-mundo-por-la-igualdad-manifiesto-de-la-red-generacion-21-con-motivo-del-dia\\\/\",\"name\":\"Iluminemos el mundo por la Igualdad: Manifiesto de la Red Generaci\u00f3n 21+ con motivo del D\u00eda por la Erradicaci\u00f3n de la Violencia de G\u00e9nero - Entreculturas\",\"isPartOf\":{\"@id\":\"https:\\\/\\\/www.entreculturas.org\\\/ca\\\/#website\"},\"primaryImageOfPage\":{\"@id\":\"https:\\\/\\\/www.entreculturas.org\\\/ca\\\/noticia\\\/iluminemos-el-mundo-por-la-igualdad-manifiesto-de-la-red-generacion-21-con-motivo-del-dia\\\/#primaryimage\"},\"image\":{\"@id\":\"https:\\\/\\\/www.entreculturas.org\\\/ca\\\/noticia\\\/iluminemos-el-mundo-por-la-igualdad-manifiesto-de-la-red-generacion-21-con-motivo-del-dia\\\/#primaryimage\"},\"thumbnailUrl\":\"https:\\\/\\\/www.entreculturas.org\\\/wp-content\\\/uploads\\\/2020\\\/11\\\/p2150150.jpg\",\"datePublished\":\"2020-11-23T12:50:08+00:00\",\"dateModified\":\"2024-09-12T12:21:29+00:00\",\"breadcrumb\":{\"@id\":\"https:\\\/\\\/www.entreculturas.org\\\/ca\\\/noticia\\\/iluminemos-el-mundo-por-la-igualdad-manifiesto-de-la-red-generacion-21-con-motivo-del-dia\\\/#breadcrumb\"},\"inLanguage\":\"ca\",\"potentialAction\":[{\"@type\":\"ReadAction\",\"target\":[\"https:\\\/\\\/www.entreculturas.org\\\/ca\\\/noticia\\\/iluminemos-el-mundo-por-la-igualdad-manifiesto-de-la-red-generacion-21-con-motivo-del-dia\\\/\"]}]},{\"@type\":\"ImageObject\",\"inLanguage\":\"ca\",\"@id\":\"https:\\\/\\\/www.entreculturas.org\\\/ca\\\/noticia\\\/iluminemos-el-mundo-por-la-igualdad-manifiesto-de-la-red-generacion-21-con-motivo-del-dia\\\/#primaryimage\",\"url\":\"https:\\\/\\\/www.entreculturas.org\\\/wp-content\\\/uploads\\\/2020\\\/11\\\/p2150150.jpg\",\"contentUrl\":\"https:\\\/\\\/www.entreculturas.org\\\/wp-content\\\/uploads\\\/2020\\\/11\\\/p2150150.jpg\",\"width\":1106,\"height\":829},{\"@type\":\"BreadcrumbList\",\"@id\":\"https:\\\/\\\/www.entreculturas.org\\\/ca\\\/noticia\\\/iluminemos-el-mundo-por-la-igualdad-manifiesto-de-la-red-generacion-21-con-motivo-del-dia\\\/#breadcrumb\",\"itemListElement\":[{\"@type\":\"ListItem\",\"position\":1,\"name\":\"Home\",\"item\":\"https:\\\/\\\/www.entreculturas.org\\\/ca\\\/\"},{\"@type\":\"ListItem\",\"position\":2,\"name\":\"Noticias\",\"item\":\"https:\\\/\\\/www.entreculturas.org\\\/ca\\\/noticias\\\/\"},{\"@type\":\"ListItem\",\"position\":3,\"name\":\"Iluminemos el mundo por la Igualdad: Manifiesto de la Red Generaci\u00f3n 21+ con motivo del D\u00eda por la Erradicaci\u00f3n de la Violencia de G\u00e9nero\"}]},{\"@type\":\"WebSite\",\"@id\":\"https:\\\/\\\/www.entreculturas.org\\\/ca\\\/#website\",\"url\":\"https:\\\/\\\/www.entreculturas.org\\\/ca\\\/\",\"name\":\"Entreculturas\",\"description\":\"\",\"publisher\":{\"@id\":\"https:\\\/\\\/www.entreculturas.org\\\/ca\\\/#organization\"},\"alternateName\":\"Entreculturas\",\"potentialAction\":[{\"@type\":\"SearchAction\",\"target\":{\"@type\":\"EntryPoint\",\"urlTemplate\":\"https:\\\/\\\/www.entreculturas.org\\\/ca\\\/?s={search_term_string}\"},\"query-input\":{\"@type\":\"PropertyValueSpecification\",\"valueRequired\":true,\"valueName\":\"search_term_string\"}}],\"inLanguage\":\"ca\"},{\"@type\":\"Organization\",\"@id\":\"https:\\\/\\\/www.entreculturas.org\\\/ca\\\/#organization\",\"name\":\"Entreculturas\",\"url\":\"https:\\\/\\\/www.entreculturas.org\\\/ca\\\/\",\"logo\":{\"@type\":\"ImageObject\",\"inLanguage\":\"ca\",\"@id\":\"https:\\\/\\\/www.entreculturas.org\\\/ca\\\/#\\\/schema\\\/logo\\\/image\\\/\",\"url\":\"https:\\\/\\\/www.entreculturas.org\\\/wp-content\\\/uploads\\\/2025\\\/10\\\/ESP.svg\",\"contentUrl\":\"https:\\\/\\\/www.entreculturas.org\\\/wp-content\\\/uploads\\\/2025\\\/10\\\/ESP.svg\",\"caption\":\"Entreculturas\"},\"image\":{\"@id\":\"https:\\\/\\\/www.entreculturas.org\\\/ca\\\/#\\\/schema\\\/logo\\\/image\\\/\"},\"sameAs\":[\"https:\\\/\\\/www.facebook.com\\\/entreculturas\",\"https:\\\/\\\/x.com\\\/Entreculturas\",\"https:\\\/\\\/www.instagram.com\\\/entreculturas\\\/\",\"https:\\\/\\\/www.youtube.com\\\/user\\\/entreculturasvideo\",\"https:\\\/\\\/www.linkedin.com\\\/company\\\/fundacion-entreculturas-ngdo\\\/\",\"https:\\\/\\\/www.flickr.com\\\/photos\\\/98455522@N04\\\/albums\\\/\"]}]}<\/script>\n<!-- \/ Yoast SEO Premium plugin. -->","yoast_head_json":{"title":"Iluminemos el mundo por la Igualdad: Manifiesto de la Red Generaci\u00f3n 21+ con motivo del D\u00eda por la Erradicaci\u00f3n de la Violencia de G\u00e9nero - Entreculturas","robots":{"index":"index","follow":"follow","max-snippet":"max-snippet:-1","max-image-preview":"max-image-preview:large","max-video-preview":"max-video-preview:-1"},"canonical":"https:\/\/www.entreculturas.org\/ca\/noticia\/iluminemos-el-mundo-por-la-igualdad-manifiesto-de-la-red-generacion-21-con-motivo-del-dia\/","og_locale":"ca_ES","og_type":"article","og_title":"Iluminemos el mundo por la Igualdad: Manifiesto de la Red Generaci\u00f3n 21+ con motivo del D\u00eda por la Erradicaci\u00f3n de la Violencia de G\u00e9nero","og_description":"Con motivo del 25 de noviembre,\u00a0D\u00eda de la Erradicaci\u00f3n de la Violencia de G\u00e9nero, las juventudes de la Red Generaci\u00f3n 21+, nos movilizamos en torno a la violencia y la desigualdad de g\u00e9nero hacia las ni\u00f1as y las mujeres.\u00a0La Red Generaci\u00f3n 21+ es una red internacional de participaci\u00f3n juvenil formada por mujeres y hombres j\u00f3venes comprometidos con el cambio social. Esta Red re\u00fane a grupos y representantes juveniles que trabajan por la transformaci\u00f3n social en redes de participaci\u00f3n relacionadas con Fe y Alegr\u00eda en m\u00e1s de 22 pa\u00edses de Am\u00e9rica del Sur, \u00c1frica y Europa. Declaramos que nos preocupan especialmente las siguientes problem\u00e1ticas vinculadas a la violencia de g\u00e9nero y la desigualdad: Ante estos retos, defendiendo el derecho a la participaci\u00f3n juvenil sobre las problem\u00e1ticas que nos afectan y mirando a nuestros entornos locales, lanzamos a las y los representantes pol\u00edticos de nuestros pa\u00edses, las siguientes propuestas: Desde Argentina: &#8211; [&hellip;]","og_url":"https:\/\/www.entreculturas.org\/ca\/noticia\/iluminemos-el-mundo-por-la-igualdad-manifiesto-de-la-red-generacion-21-con-motivo-del-dia\/","og_site_name":"Entreculturas","article_publisher":"https:\/\/www.facebook.com\/entreculturas","article_modified_time":"2024-09-12T12:21:29+00:00","og_image":[{"width":1106,"height":829,"url":"https:\/\/www.entreculturas.org\/wp-content\/uploads\/2020\/11\/p2150150.jpg","type":"image\/jpeg"}],"twitter_card":"summary_large_image","twitter_site":"@Entreculturas","schema":{"@context":"https:\/\/schema.org","@graph":[{"@type":"WebPage","@id":"https:\/\/www.entreculturas.org\/ca\/noticia\/iluminemos-el-mundo-por-la-igualdad-manifiesto-de-la-red-generacion-21-con-motivo-del-dia\/","url":"https:\/\/www.entreculturas.org\/ca\/noticia\/iluminemos-el-mundo-por-la-igualdad-manifiesto-de-la-red-generacion-21-con-motivo-del-dia\/","name":"Iluminemos el mundo por la Igualdad: Manifiesto de la Red Generaci\u00f3n 21+ con motivo del D\u00eda por la Erradicaci\u00f3n de la Violencia de G\u00e9nero - Entreculturas","isPartOf":{"@id":"https:\/\/www.entreculturas.org\/ca\/#website"},"primaryImageOfPage":{"@id":"https:\/\/www.entreculturas.org\/ca\/noticia\/iluminemos-el-mundo-por-la-igualdad-manifiesto-de-la-red-generacion-21-con-motivo-del-dia\/#primaryimage"},"image":{"@id":"https:\/\/www.entreculturas.org\/ca\/noticia\/iluminemos-el-mundo-por-la-igualdad-manifiesto-de-la-red-generacion-21-con-motivo-del-dia\/#primaryimage"},"thumbnailUrl":"https:\/\/www.entreculturas.org\/wp-content\/uploads\/2020\/11\/p2150150.jpg","datePublished":"2020-11-23T12:50:08+00:00","dateModified":"2024-09-12T12:21:29+00:00","breadcrumb":{"@id":"https:\/\/www.entreculturas.org\/ca\/noticia\/iluminemos-el-mundo-por-la-igualdad-manifiesto-de-la-red-generacion-21-con-motivo-del-dia\/#breadcrumb"},"inLanguage":"ca","potentialAction":[{"@type":"ReadAction","target":["https:\/\/www.entreculturas.org\/ca\/noticia\/iluminemos-el-mundo-por-la-igualdad-manifiesto-de-la-red-generacion-21-con-motivo-del-dia\/"]}]},{"@type":"ImageObject","inLanguage":"ca","@id":"https:\/\/www.entreculturas.org\/ca\/noticia\/iluminemos-el-mundo-por-la-igualdad-manifiesto-de-la-red-generacion-21-con-motivo-del-dia\/#primaryimage","url":"https:\/\/www.entreculturas.org\/wp-content\/uploads\/2020\/11\/p2150150.jpg","contentUrl":"https:\/\/www.entreculturas.org\/wp-content\/uploads\/2020\/11\/p2150150.jpg","width":1106,"height":829},{"@type":"BreadcrumbList","@id":"https:\/\/www.entreculturas.org\/ca\/noticia\/iluminemos-el-mundo-por-la-igualdad-manifiesto-de-la-red-generacion-21-con-motivo-del-dia\/#breadcrumb","itemListElement":[{"@type":"ListItem","position":1,"name":"Home","item":"https:\/\/www.entreculturas.org\/ca\/"},{"@type":"ListItem","position":2,"name":"Noticias","item":"https:\/\/www.entreculturas.org\/ca\/noticias\/"},{"@type":"ListItem","position":3,"name":"Iluminemos el mundo por la Igualdad: Manifiesto de la Red Generaci\u00f3n 21+ con motivo del D\u00eda por la Erradicaci\u00f3n de la Violencia de G\u00e9nero"}]},{"@type":"WebSite","@id":"https:\/\/www.entreculturas.org\/ca\/#website","url":"https:\/\/www.entreculturas.org\/ca\/","name":"Entreculturas","description":"","publisher":{"@id":"https:\/\/www.entreculturas.org\/ca\/#organization"},"alternateName":"Entreculturas","potentialAction":[{"@type":"SearchAction","target":{"@type":"EntryPoint","urlTemplate":"https:\/\/www.entreculturas.org\/ca\/?s={search_term_string}"},"query-input":{"@type":"PropertyValueSpecification","valueRequired":true,"valueName":"search_term_string"}}],"inLanguage":"ca"},{"@type":"Organization","@id":"https:\/\/www.entreculturas.org\/ca\/#organization","name":"Entreculturas","url":"https:\/\/www.entreculturas.org\/ca\/","logo":{"@type":"ImageObject","inLanguage":"ca","@id":"https:\/\/www.entreculturas.org\/ca\/#\/schema\/logo\/image\/","url":"https:\/\/www.entreculturas.org\/wp-content\/uploads\/2025\/10\/ESP.svg","contentUrl":"https:\/\/www.entreculturas.org\/wp-content\/uploads\/2025\/10\/ESP.svg","caption":"Entreculturas"},"image":{"@id":"https:\/\/www.entreculturas.org\/ca\/#\/schema\/logo\/image\/"},"sameAs":["https:\/\/www.facebook.com\/entreculturas","https:\/\/x.com\/Entreculturas","https:\/\/www.instagram.com\/entreculturas\/","https:\/\/www.youtube.com\/user\/entreculturasvideo","https:\/\/www.linkedin.com\/company\/fundacion-entreculturas-ngdo\/","https:\/\/www.flickr.com\/photos\/98455522@N04\/albums\/"]}]}},"_links":{"self":[{"href":"https:\/\/www.entreculturas.org\/ca\/wp-json\/wp\/v2\/noticia\/5294","targetHints":{"allow":["GET"]}}],"collection":[{"href":"https:\/\/www.entreculturas.org\/ca\/wp-json\/wp\/v2\/noticia"}],"about":[{"href":"https:\/\/www.entreculturas.org\/ca\/wp-json\/wp\/v2\/types\/noticia"}],"wp:featuredmedia":[{"embeddable":true,"href":"https:\/\/www.entreculturas.org\/ca\/wp-json\/wp\/v2\/media\/5286"}],"wp:attachment":[{"href":"https:\/\/www.entreculturas.org\/ca\/wp-json\/wp\/v2\/media?parent=5294"}],"wp:term":[{"taxonomy":"category","embeddable":true,"href":"https:\/\/www.entreculturas.org\/ca\/wp-json\/wp\/v2\/categories?post=5294"},{"taxonomy":"post_tag","embeddable":true,"href":"https:\/\/www.entreculturas.org\/ca\/wp-json\/wp\/v2\/tags?post=5294"},{"taxonomy":"country","embeddable":true,"href":"https:\/\/www.entreculturas.org\/ca\/wp-json\/wp\/v2\/country?post=5294"},{"taxonomy":"cause","embeddable":true,"href":"https:\/\/www.entreculturas.org\/ca\/wp-json\/wp\/v2\/cause?post=5294"}],"curies":[{"name":"wp","href":"https:\/\/api.w.org\/{rel}","templated":true}]}}