{"id":5285,"date":"2020-11-19T11:49:04","date_gmt":"2020-11-19T11:49:04","guid":{"rendered":"https:\/\/entreculturasi.wpenginepowered.com\/?noticias=dia-de-la-infancia-educacion-bajo-cualquier-circunstancia"},"modified":"2024-03-06T17:49:36","modified_gmt":"2024-03-06T16:49:36","slug":"dia-de-la-infancia-educacion-bajo-cualquier-circunstancia","status":"publish","type":"noticia","link":"https:\/\/www.entreculturas.org\/ca\/noticia\/dia-de-la-infancia-educacion-bajo-cualquier-circunstancia\/","title":{"rendered":"D\u00eda de la Infancia: educaci\u00f3n bajo cualquier circunstancia"},"content":{"rendered":"<p>&nbsp;<\/p>\n<p>JRS R.D. Congo<\/p>\n<p>Hoy conmemoramos el D\u00eda Internacional de la Infancia, una jornada en la que queremos poner el foco en los ni\u00f1os y ni\u00f1as refugiados llamando la atenci\u00f3n sobre dos cifras que nos preocupan tremendamente:<strong> la mitad de los 70 millones de personas refugiadas en el mundo son menores de edad y casi 4 millones de ni\u00f1os y ni\u00f1as refugiados en edad escolar no reciben ning\u00fan tipo de educaci\u00f3n.<\/strong><\/p>\n<p>Hoy y todos los d\u00edas trabajamos junto a nuestra organizaci\u00f3n socia, el Servicio Jesuita a Refugiados (JRS), para <strong>defender el derecho a la educaci\u00f3n en cualquier circunstancia<\/strong>, especialmente en contextos de emergencia y refugio. En ellas, los ni\u00f1os y las ni\u00f1as enfrentan situaciones de violencia, abusos, explotaci\u00f3n, tr\u00e1fico o reclutamiento militar y cuentan con muchas dificultades para poder comer, acceder a agua potable y, por supuesto, ir al colegio.<\/p>\n<p>En nuestras escuelas ni\u00f1os y ni\u00f1as como Nsmire y Nour, que asumen d\u00eda a d\u00eda la dura realidad de haber perdido su hogar y su familia, encuentran un lugar seguro, de aprendizaje, crecimiento y juego donde recuperan su infancia.<\/p>\n<p><strong>Nsmire tiene 11 a\u00f1os y estudia en el instituto Bukombo<\/strong>, apoyado por el JRS en Masisi (R. D. del Congo). Su padre y su madre murieron a ra\u00edz del conflicto que asola la regi\u00f3n desde hace a\u00f1os y ella y sus cuatro hermanos tuvieron que huir. Ahora viven en un refugio en Bonde. Nsmire y su hermano mayor trabajan en un campo de cultivo los fines de semana para poder mantener a la familia.&nbsp;Nsmire es una de las participantes en el programa<a href=\"https:\/\/www.laluzdelasninas.org\/blog\/dia-mundial-de-la-infancia-ninas-a-pesar-de-todo\/\" target=\"_blank\" rel=\"noopener\">&nbsp;La Luz de las Ni\u00f1as<\/a>, a trav\u00e9s del cual la acompa\u00f1amos y apoyamos para que pueda continuar con sus estudios.<\/p>\n<p>Junto con nuestra organizaci\u00f3n socia, JRS R.D. Congo, ofrecemos <strong>protecci\u00f3n, acompa\u00f1amiento y educaci\u00f3n a la infancia desplazada<\/strong>. Muchas veces la labor de acompa\u00f1amiento se centra en brindar apoyo psicosocial para ayudar a cerrar las heridas y superar las duras experiencias vividas, de manera que los ni\u00f1os, ni\u00f1as y j\u00f3venes puedan mirar al futuro con esperanza.&nbsp;<\/p>\n<p><img decoding=\"async\" alt=\"\" src=\"https:\/\/www.entreculturas.org\/wp-content\/uploads\/2020\/11\/fvdl_centre-.jpg\" style=\"height: 533px;width: 800px\"><br \/>&nbsp;<\/p>\n<p><strong>Nour tiene 13 a\u00f1os, es refugiada siria en L\u00edbano y alumna en la Escuela Telyani<\/strong>, en Bar Elias, que apoyamos junto al JRS. Cuando ten\u00eda 11 a\u00f1os dej\u00f3 de estudiar durante un a\u00f1o y se puso a trabajar para ayudar a su familia econ\u00f3micamente. Trabajaba 14 horas al d\u00eda cultivando patatas, \u201clo que m\u00e1s echaba de menos era sentirme querida y protegida\u201d, recuerda. Ahora Nour ha retomado sus estudios: \u201ccuando vengo a la escuela ya no me siento sola y eso es lo m\u00e1s importante para m\u00ed. <strong>Mi mayor deseo es no tener que volver abandonar la escuela\u201d<\/strong>, nos dice Nour.&nbsp;<\/p>\n<p>Precisamente para evitar el abandono escolar del alumnado ante el cierre de las aulas decretado por la Covid, los centros educativos que apoyamos en Bourj Hammoud, Bar Elias y Baalbek han <strong>adaptado sus clases al formato online<\/strong>. A trav\u00e9s de WhatsApp y otras plataformas digitales el alumnado ha podido seguir estudiando.<\/p>\n<p>Y es que el mayor deseo de los ni\u00f1os y ni\u00f1as refugiados es tener una infancia feliz, sentirse protegidos y queridos. En contextos de refugio, <strong>el colegio es ese lugar seguro<\/strong> lleno de paz y de libertad que tanto anhelan. Y <strong>la educaci\u00f3n se convierte en esa herramienta que les abre un futuro lleno de oportunidades.<\/strong>&nbsp;<\/p>\n<p><a href=\"https:\/\/colabora.entreculturas.org\/es\/dona\" target=\"_blank\" rel=\"noopener\"><img decoding=\"async\" alt=\"\" src=\"https:\/\/www.entreculturas.org\/wp-content\/uploads\/2020\/11\/colabora2_1.jpg\" style=\"width: 300px;height: 128px\"><\/a><\/p>\n","protected":false},"excerpt":{"rendered":"<p>Hoy conmemoramos el D\u00eda Internacional de la Infancia, una jornada en la que queremos poner el foco en los ni\u00f1os y ni\u00f1as refugiados llamando la atenci\u00f3n sobre dos cifras que nos preocupan tremendamente: la mitad de los 70 millones de personas refugiadas en el mundo son menores de edad y casi 4 millones de ni\u00f1os y ni\u00f1as refugiados en edad escolar no reciben ning\u00fan tipo de educaci\u00f3n.<\/p>\n","protected":false},"featured_media":5283,"template":"single-noticia","meta":{"_acf_changed":false},"categories":[7],"tags":[289],"country":[],"cause":[128],"class_list":["post-5285","noticia","type-noticia","status-publish","has-post-thumbnail","hentry","category-noticia","tag-educacion","cause-educacion"],"acf":[],"yoast_head":"<!-- This site is optimized with the Yoast SEO Premium plugin v21.6 (Yoast SEO v27.5) - https:\/\/yoast.com\/product\/yoast-seo-premium-wordpress\/ -->\n<title>D\u00eda de la Infancia: educaci\u00f3n bajo cualquier circunstancia - Entreculturas<\/title>\n<meta name=\"robots\" content=\"index, follow, max-snippet:-1, max-image-preview:large, max-video-preview:-1\" \/>\n<link rel=\"canonical\" href=\"https:\/\/www.entreculturas.org\/ca\/noticia\/dia-de-la-infancia-educacion-bajo-cualquier-circunstancia\/\" \/>\n<meta property=\"og:locale\" content=\"ca_ES\" \/>\n<meta property=\"og:type\" content=\"article\" \/>\n<meta property=\"og:title\" content=\"D\u00eda de la Infancia: educaci\u00f3n bajo cualquier circunstancia\" \/>\n<meta property=\"og:description\" content=\"Hoy conmemoramos el D\u00eda Internacional de la Infancia, una jornada en la que queremos poner el foco en los ni\u00f1os y ni\u00f1as refugiados llamando la atenci\u00f3n sobre dos cifras que nos preocupan tremendamente: la mitad de los 70 millones de personas refugiadas en el mundo son menores de edad y casi 4 millones de ni\u00f1os y ni\u00f1as refugiados en edad escolar no reciben ning\u00fan tipo de educaci\u00f3n.\" \/>\n<meta property=\"og:url\" content=\"https:\/\/www.entreculturas.org\/ca\/noticia\/dia-de-la-infancia-educacion-bajo-cualquier-circunstancia\/\" \/>\n<meta property=\"og:site_name\" content=\"Entreculturas\" \/>\n<meta property=\"article:publisher\" content=\"https:\/\/www.facebook.com\/entreculturas\" \/>\n<meta property=\"article:modified_time\" content=\"2024-03-06T16:49:36+00:00\" \/>\n<meta property=\"og:image\" content=\"https:\/\/www.entreculturas.org\/wp-content\/uploads\/2020\/11\/fvdl_centre-.jpg\" \/>\n\t<meta property=\"og:image:width\" content=\"1500\" \/>\n\t<meta property=\"og:image:height\" content=\"1000\" \/>\n\t<meta property=\"og:image:type\" content=\"image\/jpeg\" \/>\n<meta name=\"twitter:card\" content=\"summary_large_image\" \/>\n<meta name=\"twitter:site\" content=\"@Entreculturas\" \/>\n<script type=\"application\/ld+json\" class=\"yoast-schema-graph\">{\"@context\":\"https:\\\/\\\/schema.org\",\"@graph\":[{\"@type\":\"WebPage\",\"@id\":\"https:\\\/\\\/www.entreculturas.org\\\/ca\\\/noticia\\\/dia-de-la-infancia-educacion-bajo-cualquier-circunstancia\\\/\",\"url\":\"https:\\\/\\\/www.entreculturas.org\\\/ca\\\/noticia\\\/dia-de-la-infancia-educacion-bajo-cualquier-circunstancia\\\/\",\"name\":\"D\u00eda de la Infancia: educaci\u00f3n bajo cualquier circunstancia - Entreculturas\",\"isPartOf\":{\"@id\":\"https:\\\/\\\/www.entreculturas.org\\\/ca\\\/#website\"},\"primaryImageOfPage\":{\"@id\":\"https:\\\/\\\/www.entreculturas.org\\\/ca\\\/noticia\\\/dia-de-la-infancia-educacion-bajo-cualquier-circunstancia\\\/#primaryimage\"},\"image\":{\"@id\":\"https:\\\/\\\/www.entreculturas.org\\\/ca\\\/noticia\\\/dia-de-la-infancia-educacion-bajo-cualquier-circunstancia\\\/#primaryimage\"},\"thumbnailUrl\":\"https:\\\/\\\/www.entreculturas.org\\\/wp-content\\\/uploads\\\/2020\\\/11\\\/fvdl_centre-.jpg\",\"datePublished\":\"2020-11-19T11:49:04+00:00\",\"dateModified\":\"2024-03-06T16:49:36+00:00\",\"breadcrumb\":{\"@id\":\"https:\\\/\\\/www.entreculturas.org\\\/ca\\\/noticia\\\/dia-de-la-infancia-educacion-bajo-cualquier-circunstancia\\\/#breadcrumb\"},\"inLanguage\":\"ca\",\"potentialAction\":[{\"@type\":\"ReadAction\",\"target\":[\"https:\\\/\\\/www.entreculturas.org\\\/ca\\\/noticia\\\/dia-de-la-infancia-educacion-bajo-cualquier-circunstancia\\\/\"]}]},{\"@type\":\"ImageObject\",\"inLanguage\":\"ca\",\"@id\":\"https:\\\/\\\/www.entreculturas.org\\\/ca\\\/noticia\\\/dia-de-la-infancia-educacion-bajo-cualquier-circunstancia\\\/#primaryimage\",\"url\":\"https:\\\/\\\/www.entreculturas.org\\\/wp-content\\\/uploads\\\/2020\\\/11\\\/fvdl_centre-.jpg\",\"contentUrl\":\"https:\\\/\\\/www.entreculturas.org\\\/wp-content\\\/uploads\\\/2020\\\/11\\\/fvdl_centre-.jpg\",\"width\":1500,\"height\":1000},{\"@type\":\"BreadcrumbList\",\"@id\":\"https:\\\/\\\/www.entreculturas.org\\\/ca\\\/noticia\\\/dia-de-la-infancia-educacion-bajo-cualquier-circunstancia\\\/#breadcrumb\",\"itemListElement\":[{\"@type\":\"ListItem\",\"position\":1,\"name\":\"Home\",\"item\":\"https:\\\/\\\/www.entreculturas.org\\\/ca\\\/\"},{\"@type\":\"ListItem\",\"position\":2,\"name\":\"Noticias\",\"item\":\"https:\\\/\\\/www.entreculturas.org\\\/ca\\\/noticias\\\/\"},{\"@type\":\"ListItem\",\"position\":3,\"name\":\"D\u00eda de la Infancia: educaci\u00f3n bajo cualquier circunstancia\"}]},{\"@type\":\"WebSite\",\"@id\":\"https:\\\/\\\/www.entreculturas.org\\\/ca\\\/#website\",\"url\":\"https:\\\/\\\/www.entreculturas.org\\\/ca\\\/\",\"name\":\"Entreculturas\",\"description\":\"\",\"publisher\":{\"@id\":\"https:\\\/\\\/www.entreculturas.org\\\/ca\\\/#organization\"},\"alternateName\":\"Entreculturas\",\"potentialAction\":[{\"@type\":\"SearchAction\",\"target\":{\"@type\":\"EntryPoint\",\"urlTemplate\":\"https:\\\/\\\/www.entreculturas.org\\\/ca\\\/?s={search_term_string}\"},\"query-input\":{\"@type\":\"PropertyValueSpecification\",\"valueRequired\":true,\"valueName\":\"search_term_string\"}}],\"inLanguage\":\"ca\"},{\"@type\":\"Organization\",\"@id\":\"https:\\\/\\\/www.entreculturas.org\\\/ca\\\/#organization\",\"name\":\"Entreculturas\",\"url\":\"https:\\\/\\\/www.entreculturas.org\\\/ca\\\/\",\"logo\":{\"@type\":\"ImageObject\",\"inLanguage\":\"ca\",\"@id\":\"https:\\\/\\\/www.entreculturas.org\\\/ca\\\/#\\\/schema\\\/logo\\\/image\\\/\",\"url\":\"https:\\\/\\\/www.entreculturas.org\\\/wp-content\\\/uploads\\\/2025\\\/10\\\/ESP.svg\",\"contentUrl\":\"https:\\\/\\\/www.entreculturas.org\\\/wp-content\\\/uploads\\\/2025\\\/10\\\/ESP.svg\",\"caption\":\"Entreculturas\"},\"image\":{\"@id\":\"https:\\\/\\\/www.entreculturas.org\\\/ca\\\/#\\\/schema\\\/logo\\\/image\\\/\"},\"sameAs\":[\"https:\\\/\\\/www.facebook.com\\\/entreculturas\",\"https:\\\/\\\/x.com\\\/Entreculturas\",\"https:\\\/\\\/www.instagram.com\\\/entreculturas\\\/\",\"https:\\\/\\\/www.youtube.com\\\/user\\\/entreculturasvideo\",\"https:\\\/\\\/www.linkedin.com\\\/company\\\/fundacion-entreculturas-ngdo\\\/\",\"https:\\\/\\\/www.flickr.com\\\/photos\\\/98455522@N04\\\/albums\\\/\"]}]}<\/script>\n<!-- \/ Yoast SEO Premium plugin. -->","yoast_head_json":{"title":"D\u00eda de la Infancia: educaci\u00f3n bajo cualquier circunstancia - Entreculturas","robots":{"index":"index","follow":"follow","max-snippet":"max-snippet:-1","max-image-preview":"max-image-preview:large","max-video-preview":"max-video-preview:-1"},"canonical":"https:\/\/www.entreculturas.org\/ca\/noticia\/dia-de-la-infancia-educacion-bajo-cualquier-circunstancia\/","og_locale":"ca_ES","og_type":"article","og_title":"D\u00eda de la Infancia: educaci\u00f3n bajo cualquier circunstancia","og_description":"Hoy conmemoramos el D\u00eda Internacional de la Infancia, una jornada en la que queremos poner el foco en los ni\u00f1os y ni\u00f1as refugiados llamando la atenci\u00f3n sobre dos cifras que nos preocupan tremendamente: la mitad de los 70 millones de personas refugiadas en el mundo son menores de edad y casi 4 millones de ni\u00f1os y ni\u00f1as refugiados en edad escolar no reciben ning\u00fan tipo de educaci\u00f3n.","og_url":"https:\/\/www.entreculturas.org\/ca\/noticia\/dia-de-la-infancia-educacion-bajo-cualquier-circunstancia\/","og_site_name":"Entreculturas","article_publisher":"https:\/\/www.facebook.com\/entreculturas","article_modified_time":"2024-03-06T16:49:36+00:00","og_image":[{"width":1500,"height":1000,"url":"https:\/\/www.entreculturas.org\/wp-content\/uploads\/2020\/11\/fvdl_centre-.jpg","type":"image\/jpeg"}],"twitter_card":"summary_large_image","twitter_site":"@Entreculturas","schema":{"@context":"https:\/\/schema.org","@graph":[{"@type":"WebPage","@id":"https:\/\/www.entreculturas.org\/ca\/noticia\/dia-de-la-infancia-educacion-bajo-cualquier-circunstancia\/","url":"https:\/\/www.entreculturas.org\/ca\/noticia\/dia-de-la-infancia-educacion-bajo-cualquier-circunstancia\/","name":"D\u00eda de la Infancia: educaci\u00f3n bajo cualquier circunstancia - Entreculturas","isPartOf":{"@id":"https:\/\/www.entreculturas.org\/ca\/#website"},"primaryImageOfPage":{"@id":"https:\/\/www.entreculturas.org\/ca\/noticia\/dia-de-la-infancia-educacion-bajo-cualquier-circunstancia\/#primaryimage"},"image":{"@id":"https:\/\/www.entreculturas.org\/ca\/noticia\/dia-de-la-infancia-educacion-bajo-cualquier-circunstancia\/#primaryimage"},"thumbnailUrl":"https:\/\/www.entreculturas.org\/wp-content\/uploads\/2020\/11\/fvdl_centre-.jpg","datePublished":"2020-11-19T11:49:04+00:00","dateModified":"2024-03-06T16:49:36+00:00","breadcrumb":{"@id":"https:\/\/www.entreculturas.org\/ca\/noticia\/dia-de-la-infancia-educacion-bajo-cualquier-circunstancia\/#breadcrumb"},"inLanguage":"ca","potentialAction":[{"@type":"ReadAction","target":["https:\/\/www.entreculturas.org\/ca\/noticia\/dia-de-la-infancia-educacion-bajo-cualquier-circunstancia\/"]}]},{"@type":"ImageObject","inLanguage":"ca","@id":"https:\/\/www.entreculturas.org\/ca\/noticia\/dia-de-la-infancia-educacion-bajo-cualquier-circunstancia\/#primaryimage","url":"https:\/\/www.entreculturas.org\/wp-content\/uploads\/2020\/11\/fvdl_centre-.jpg","contentUrl":"https:\/\/www.entreculturas.org\/wp-content\/uploads\/2020\/11\/fvdl_centre-.jpg","width":1500,"height":1000},{"@type":"BreadcrumbList","@id":"https:\/\/www.entreculturas.org\/ca\/noticia\/dia-de-la-infancia-educacion-bajo-cualquier-circunstancia\/#breadcrumb","itemListElement":[{"@type":"ListItem","position":1,"name":"Home","item":"https:\/\/www.entreculturas.org\/ca\/"},{"@type":"ListItem","position":2,"name":"Noticias","item":"https:\/\/www.entreculturas.org\/ca\/noticias\/"},{"@type":"ListItem","position":3,"name":"D\u00eda de la Infancia: educaci\u00f3n bajo cualquier circunstancia"}]},{"@type":"WebSite","@id":"https:\/\/www.entreculturas.org\/ca\/#website","url":"https:\/\/www.entreculturas.org\/ca\/","name":"Entreculturas","description":"","publisher":{"@id":"https:\/\/www.entreculturas.org\/ca\/#organization"},"alternateName":"Entreculturas","potentialAction":[{"@type":"SearchAction","target":{"@type":"EntryPoint","urlTemplate":"https:\/\/www.entreculturas.org\/ca\/?s={search_term_string}"},"query-input":{"@type":"PropertyValueSpecification","valueRequired":true,"valueName":"search_term_string"}}],"inLanguage":"ca"},{"@type":"Organization","@id":"https:\/\/www.entreculturas.org\/ca\/#organization","name":"Entreculturas","url":"https:\/\/www.entreculturas.org\/ca\/","logo":{"@type":"ImageObject","inLanguage":"ca","@id":"https:\/\/www.entreculturas.org\/ca\/#\/schema\/logo\/image\/","url":"https:\/\/www.entreculturas.org\/wp-content\/uploads\/2025\/10\/ESP.svg","contentUrl":"https:\/\/www.entreculturas.org\/wp-content\/uploads\/2025\/10\/ESP.svg","caption":"Entreculturas"},"image":{"@id":"https:\/\/www.entreculturas.org\/ca\/#\/schema\/logo\/image\/"},"sameAs":["https:\/\/www.facebook.com\/entreculturas","https:\/\/x.com\/Entreculturas","https:\/\/www.instagram.com\/entreculturas\/","https:\/\/www.youtube.com\/user\/entreculturasvideo","https:\/\/www.linkedin.com\/company\/fundacion-entreculturas-ngdo\/","https:\/\/www.flickr.com\/photos\/98455522@N04\/albums\/"]}]}},"_links":{"self":[{"href":"https:\/\/www.entreculturas.org\/ca\/wp-json\/wp\/v2\/noticia\/5285","targetHints":{"allow":["GET"]}}],"collection":[{"href":"https:\/\/www.entreculturas.org\/ca\/wp-json\/wp\/v2\/noticia"}],"about":[{"href":"https:\/\/www.entreculturas.org\/ca\/wp-json\/wp\/v2\/types\/noticia"}],"wp:featuredmedia":[{"embeddable":true,"href":"https:\/\/www.entreculturas.org\/ca\/wp-json\/wp\/v2\/media\/5283"}],"wp:attachment":[{"href":"https:\/\/www.entreculturas.org\/ca\/wp-json\/wp\/v2\/media?parent=5285"}],"wp:term":[{"taxonomy":"category","embeddable":true,"href":"https:\/\/www.entreculturas.org\/ca\/wp-json\/wp\/v2\/categories?post=5285"},{"taxonomy":"post_tag","embeddable":true,"href":"https:\/\/www.entreculturas.org\/ca\/wp-json\/wp\/v2\/tags?post=5285"},{"taxonomy":"country","embeddable":true,"href":"https:\/\/www.entreculturas.org\/ca\/wp-json\/wp\/v2\/country?post=5285"},{"taxonomy":"cause","embeddable":true,"href":"https:\/\/www.entreculturas.org\/ca\/wp-json\/wp\/v2\/cause?post=5285"}],"curies":[{"name":"wp","href":"https:\/\/api.w.org\/{rel}","templated":true}]}}