{"id":5280,"date":"2020-11-17T17:35:04","date_gmt":"2020-11-17T17:35:04","guid":{"rendered":"https:\/\/entreculturasi.wpenginepowered.com\/?noticias=jrs-40-anos-al-servicio-de-las-personas-refugiadas"},"modified":"2024-03-06T17:49:50","modified_gmt":"2024-03-06T16:49:50","slug":"jrs-40-anos-al-servicio-de-las-personas-refugiadas","status":"publish","type":"noticia","link":"https:\/\/www.entreculturas.org\/ca\/noticia\/jrs-40-anos-al-servicio-de-las-personas-refugiadas\/","title":{"rendered":"JRS: 40 a\u00f1os al servicio de las personas refugiadas"},"content":{"rendered":"<p>El pasado lunes 16 de noviembre las organizaciones sociales jesuitas han celebrado un evento en homenaje a los 40 a\u00f1os del Servicio Jesuita a Refugiados (JRS por sus siglas en ingl\u00e9s). Cuatro d\u00e9cadas de misi\u00f3n acompa\u00f1ando, sirviendo y defendiendo a las personas desplazadas y refugiadas en la cercan\u00eda y en el amor que inspir\u00f3 su creaci\u00f3n en 1980 por el entonces Padre General, Pedro Arrupe SJ. Unas 110 personas han asistido de forma virtual al acto, que ya se puede ver completo <a href=\"https:\/\/www.youtube.com\/watch?v=KKdrCEtZGFA\" target=\"_blank\" rel=\"noopener\">en este enlace<\/a>.&nbsp;<\/p>\n[video:https:\/\/www.youtube.com\/watch?v=KKdrCEtZGFA width:800 align:center]\n<p>El evento de homenaje ha sido introducido y conducido por <strong>Raquel Mart\u00edn<\/strong>, Directora de Comunicaci\u00f3n y Desarrollo Institucional de Entreculturas, que ha comenzado agradeciendo a JRS por sus 40 a\u00f1os de trabajo, a las obras organizadoras del evento y a las personas participantes y asistentes. <strong>Luis Arancibia<\/strong>, Delegado del Sector Social en Espa\u00f1a, ha comenzado recalcando que el 40\u00ba aniversario debe ser motivo de celebraci\u00f3n, de alegr\u00eda, pero tambi\u00e9n de fortalecer el compromiso y de agradecimiento. \u201cDamos gracias por tanta vida generada alrededor del trabajo de JRS\u201d. Luis Arancibia ha querido honrar el gesto que tuvo el Padre Arrupe en el momento de su fundaci\u00f3n: \u201cSupo ver el drama de la poblaci\u00f3n vietnamita que con los a\u00f1os desemboc\u00f3 en un trabajo con una fuerza tremenda\u201d. El Delegado del Sector Social ha resaltado que 40 a\u00f1os despu\u00e9s sigue existiendo la necesidad de estar cerca de la poblaci\u00f3n que deja su hogar por diversos motivos. \u201cEl JRS es un actor clave: la cuesti\u00f3n de la movilidad humana es muy importante para las instituciones jesuitas en Espa\u00f1a de Cooperaci\u00f3n Internacional (Alboan y Entreculturas), as\u00ed como para las que forman parte de la red del Servicio Jesuita a Migrantes\u201d, destacando la cercan\u00eda y el compromiso de la familia ignaciana&nbsp; con la instituci\u00f3n&nbsp; JRS.<\/p>\n<p><strong>Tom Smolich SJ, Director del Servicio Jesuita a Refugiados<\/strong>, ha querido dar las gracias a las entidades organizadoras por la oportunidad de compartir en este evento. \u201cNo celebramos JRS en s\u00ed, ojal\u00e1 no existiese la necesidad del trabajo de JRS en el mundo: hoy celebramos a los miles y miles de refugiados que han formado parte de la familia de JRS. Hemos recibido y recibimos mucho de ellos\u201d. Ha querido agradecer a miembros del staff, voluntarios, colaboradores, religiosos y religiosas por su \u201cmaravilloso trabajo, parte esencial de JRS en estos 40 a\u00f1os\u201d. Este fin de semana se han celebrado varios actos importantes en torno a este aniversario, entre los que destaca la felicitaci\u00f3n del presidente electo de EE.UU. Joe Biden, un \u201cviejo amigo de JRS\u201d, en palabras de Smolich. Biden se ha comprometido a acoger a 125.000 personas refugiadas en el pa\u00eds norteamericano en los pr\u00f3ximos a\u00f1os. El s\u00e1bado tuvo lugar en Roma, sede de la oficina internacional del JRS, el acto principal de celebraci\u00f3n, con la participaci\u00f3n del Padre General de la Compa\u00f1\u00eda de Jes\u00fas, Arturo Sosa SJ: \u201cLa audacia del P. Arrupe en la fundaci\u00f3n del JRS a\u00fan es necesaria hoy en d\u00eda en un mundo lleno de personas desplazadas\u201d. Tom Smolich ha cerrado su intervenci\u00f3n lanzando una reflexi\u00f3n sobre el lema de JRS (acompa\u00f1ar, servir y defender) y el esp\u00edritu de la misi\u00f3n seg\u00fan su fundador. \u201cEn palabras de Arrupe, el JRS es <strong>un servicio humano, pedag\u00f3gico y espiritual<\/strong>. JRS es m\u00e1s que una ONG: somos un grupo desde la base, que acompa\u00f1a, escucha y se da cuenta de la realidad desde el terreno\u201d. Como cierre se ha emitido <a href=\"https:\/\/www.youtube.com\/watch?v=Y7YqojfBFAc\" target=\"_blank\" rel=\"noopener\">un v\u00eddeo de homenaje<\/a> de estas cuatro d\u00e9cadas.&nbsp;<\/p>\n<\/p>\n<p>El segundo espacio, dedicado a la intervenci\u00f3n en terreno de JRS, ha estado conducido por <strong>Pablo Funes<\/strong>, Coordinador del \u00e1rea de Cooperaci\u00f3n Internacional de Entreculturas, que ha se\u00f1alado el \u201cprivilegio y la alegr\u00eda de trabajar junto a JRS durante todos estos a\u00f1os. Celebramos cada d\u00eda escuchar a Dios a trav\u00e9s de las personas refugiadas\u201d. Funes ha destacado que en 1980 Arrupe viv\u00eda en un mundo con 16 millones de refugiados cuando hoy rozan los 80 millones, de las cuales JRS acompa\u00f1a a m\u00e1s de 860.000 en 56 pa\u00edses con un \u201ctrabajo especial, de cerca, acompa\u00f1ando, escuchando las necesidades de cada una de esas personas. Alboan y Entreculturas son testigo junto a JRS de algunas de las situaciones y conflictos m\u00e1s complejos en varios continentes, en los que se intenta crear espacios seguros de dignidad y protecci\u00f3n\u201d.&nbsp;<\/p>\n<p>A continuaci\u00f3n, <strong>In\u00e9s Oleaga<\/strong>, Hermana de las Esclavas Sagrado Coraz\u00f3n, testigo y parte de la misi\u00f3n de JRS en Rep\u00fablica Democr\u00e1tica del Congo, ha querido rescatar la mirada del P. Arrupe, \u201cuna mirada llena de esperanza tan alegre, siendo alguien que vio algunas de las m\u00e1s grandes miserias de la humanidad. Arrupe amaba al mundo y al mismo tiempo le dol\u00eda\u201d. La religiosa ha narrado su experiencia vital en Masisi, a la que describe como \u201cuna conmoci\u00f3n para mi fe; un lugar que genera un desaf\u00edo a la capacidad de amar y de reconciliaci\u00f3n de la humanidad\u201d. En Congo, los conflictos derivados de la guerra de minerales como el colt\u00e1n, causan numerosos desplazamientos de la poblaci\u00f3n por el riesgo que corren sus vidas. \u201dArrupe sinti\u00f3 que no pod\u00eda pasar de largo, que deb\u00eda implicarse y complicarse, que deb\u00eda agarrarse a la vida entre esas heridas al amor. Eso hace JRS en tantos lugares como en Congo\u201d. El segundo invitado en este espacio, <strong>Andr\u00e9 Atsu<\/strong>, Director Regional JRS \u00c1frica Este, ha agradecido la invitaci\u00f3n y la celebraci\u00f3n, compartiendo su experiencia personal y \u201cdisfrute\u201d trabajando con la entidad. \u201cEmpec\u00e9 en 2005 con JRS en Nimule, Sud\u00e1n del Sur, trabajando con j\u00f3venes en la parroquia y pronto comenc\u00e9 a trabajar con poblaci\u00f3n desplazada en Uganda y otros muchos pa\u00edses africanos. Trabajar con refugiados es una alegr\u00eda, un regalo, no se puede explicar sin vivirlo\u201d. Para Atsu lo m\u00e1s significativo de trabajar en la instituci\u00f3n es estar al servicio de la gente, acompa\u00f1arlos y ayudarles a alcanzar su potencial y sus metas. \u201cUno obtiene m\u00e1s satisfacci\u00f3n estando y haciendo con la gente. Al hacerlo, generamos un impacto positivo en las personas y en su vida. Este es el n\u00facleo de mi viaje personal\u201d.<\/p>\n<p>El tercer espacio, centrado en el acento y compromiso en y desde las personas en situaci\u00f3n de vulnerabilidad, ha sido introducido por <strong>Leire Morquecho<\/strong>, Coordinadora de Cooperaci\u00f3n Internacional de Alboan, que ha querido dar voz a dos mujeres en dos contextos muy distintos. \u201cLa mitad de la poblaci\u00f3n en movilidad son mujeres y su situaci\u00f3n est\u00e1 invisibilizada. Cada vez hay m\u00e1s mujeres que emprenden el camino, y no han existido miradas y pol\u00edticas espec\u00edficas centradas en la mujer, que sufren muchas formas de violencia\u201d. Morquecho ha resaltado la importancia de escuchar a las mujeres y a la poblaci\u00f3n desplazada en general, de las que \u201ctenemos mucho que aprender de su capacidad y de su fuerza\u201d. Se han presentado dos testimonios de lucha y de vida de dos mujeres desde dos lugares diferentes del mundo donde JRS est\u00e1 presente: <a href=\"https:\/\/www.youtube.com\/watch?v=4G4Iuw-qP-8\" target=\"_blank\" rel=\"noopener\"><strong>Furaha Aimee Zihalirwa<\/strong><\/a>, Directora de la escuela de preescolar del Campo de Refugiados Congole\u00f1o de Kavumu; y <a href=\"https:\/\/www.youtube.com\/watch?v=k95VOFoaVik\" target=\"_blank\" rel=\"noopener\"><strong>Grace Navas<\/strong><\/a>, Refugiada Venezolana en la frontera.&nbsp;<\/p>\n<p>El siguiente espacio ha estado dedicado al refugio cerca de nosotros.<strong> Karmele Villarroel<\/strong>, Trabajadora Social de la Fundaci\u00f3n Ellacur\u00eda, ha presentado el proyecto&nbsp;\u2018<a href=\"https:\/\/www.youtube.com\/watch?v=krTwW9u-d-8\" target=\"_blank\" rel=\"noopener\">Patrocinio Comunitario<\/a>\u2019, una iniciativa conjunta&nbsp; de instituciones de gobierno estatal y regional con la sociedad civil, en la que participa la entidad miembro del Servicio Jesuita a Migrantes, de acogida a personas refugiadas en Espa\u00f1a. Este proyecto, que naci\u00f3 en Canad\u00e1 hace varias d\u00e9cadas, busca poner en contacto a personas locales con poblaci\u00f3n refugiada. \u201cUn grupo de 6 a 8 voluntarios locales se pone al servicio de estas familias, apoyando con recursos de inclusi\u00f3n para las personas refugiadas, bajo el trabajo cercano de la entidad social y la tutela de las instituciones de gobierno\u201d. Esta iniciativa que tiene lugar en Vizcaya nace de la voluntad de los gobiernos espa\u00f1ol y vasco, junto a ACNUR, y la experiencia del trabajo de la Fundaci\u00f3n Ellacur\u00eda y C\u00e1ritas.<strong> Minwer y Waffa Albashan<\/strong> son uno de los matrimonios de refugiados sirios que con su familia forman parte de este programa en Vizcaya desde marzo de 2019. \u201cSalimos de Jordania buscando un futuro mejor porque mi pa\u00eds est\u00e1 en guerra. Tenemos cuatro hijos, vivimos en Portugalete y estamos muy contentos. Los vecinos son muy buenos con nosotros, nos ayudan mucho en nuestro d\u00eda a d\u00eda, nos acompa\u00f1an en cualquier cosa que necesitamos. Para seguir viviendo aqu\u00ed y hacer frente a los gastos, tenemos que encontrar un trabajo pronto\u201d. Minwer ha explicado que esta ayuda de la poblaci\u00f3n local es muy necesaria para las personas que dejan su pa\u00eds atr\u00e1s y empiezan de cero en una nueva sociedad. \u201cGracias a todas las personas que nos ayudan, nos sentimos muy queridos aqu\u00ed. Nuestros ni\u00f1os ya llaman \u2018Abuela Bego\u00f1a\u2019 a una de las mujeres que nos acompa\u00f1an\u201d.&nbsp;<\/p>\n<p>El \u00faltimo espacio que ha reflexionado sobre los ecos de los medios a la misi\u00f3n, ha estado moderado por<strong> Jos\u00e9 M\u00aa Segura SJ<\/strong>, Director de Radio Ecca, que ha agradecido una vez m\u00e1s a JRS por estar en \u201clos espacios de no-derecho, los espacios oscuros, como la no-acogida en Canarias, donde no solo las entidades sociales sino tambi\u00e9n los periodistas trabajan para poner luz\u201d. Segura ha defendido que la alianza entre medios y organizaciones es esencial para conocer lo que sucede en tantos lugares donde solo hay oscuridad y sufrimiento. \u201cGracias por ser la voz de los sin voz, como dir\u00eda Monse\u00f1or Romero\u201d. <strong>Ana Alonso<\/strong>, periodista de El Independiente, ha querido recalcar que la tarea del periodista tambi\u00e9n es \u201cno pasar de largo, implicarse y complicarse\u201d. Alonso ha apuntado que cuando los l\u00edmites son los Derechos Humanos, los periodistas deben actuar. \u201cLos refugiados no son datos, es algo fr\u00edo, debemos poner cara y contar estas historias personales, no solo las bonitas sino tambi\u00e9n las historias terribles como las del ni\u00f1o Aylan\u201d. La periodista ha defendido que los medios deben contar no solo las historias y los relatos, sino entender el contexto, el c\u00f3mo suceden las cosas, el porqu\u00e9 la poblaci\u00f3n refugiada huye. <strong>Nicol\u00e1s Castellano<\/strong>, periodista de la Cadena SER, que ha cubierto numerosas emergencias sociales en el mundo, algunas de ellas donde JRS est\u00e1 presente. \u201cHaber estado en el terreno como en Congo en 2013, donde estall\u00f3 un conflicto tremendo, o Etiop\u00eda, donde el Gobierno del Premio Nobel de la Paz Abiy Ahmed acaba de declarar la guerra a la regi\u00f3n norte\u00f1a de Tigray, me hizo descubrir cu\u00e1l es el ADN de JRS en medio de esta batalla, cu\u00e1les son sus principios para afrontar las emergencias humanas. Sin su valent\u00eda no conocer\u00edamos lo que sucede en estos contextos de guerra y conflicto\u201d. Castellano ha hecho un recorrido por muchos lugares donde las organizaciones sociales como JRS y los medios trabajan codo a codo para informar de lo que sucede y alertar a la opini\u00f3n p\u00fablica. \u201cA pesar de estar hiperconectados, con mayor acceso a informaci\u00f3n que nunca, hay mucha gente que no quiere saber lo que sucede\u201d.&nbsp;<\/p>\n<p>El acto fue despedido nuevamente con las palabras de agradecimiento de Tom Smolich y Luis Arancibia y tras una \u00faltima reflexi\u00f3n del vivo legado que nos deja el&nbsp;Padre Arrupe, fundador de JRS y que a\u00fan inspira&nbsp; el trabajo de tantas organizaciones sociales jesuitas, se proyect\u00f3 <a href=\"https:\/\/www.youtube.com\/watch?v=IZ3K2lqv-ZU\" target=\"_blank\" rel=\"noopener\">un v\u00eddeo de homenaje<\/a> a&nbsp; 40 a\u00f1os de servicio, defensa y acompa\u00f1amiento de la poblaci\u00f3n refugiada m\u00e1s vulnerable.&nbsp;<\/p>\n[video:https:\/\/www.youtube.com\/watch?v=IZ3K2lqv-ZU width:800 align:center]\n","protected":false},"excerpt":{"rendered":"<p>Las organizaciones del Sector Social de la Compa\u00f1\u00eda de Jes\u00fas -Alboan, Entreculturas y el Servicio Jesuita a Migrantes (SJM), con la colaboraci\u00f3n de Radio ECCA- han celebrado un acto de homenaje a las cuatro d\u00e9cadas de misi\u00f3n del Servicio Jesuita a Refugiados (JRS). <\/p>\n","protected":false},"featured_media":5278,"template":"single-noticia","meta":{"_acf_changed":false},"categories":[7],"tags":[10],"country":[],"cause":[129],"class_list":["post-5280","noticia","type-noticia","status-publish","has-post-thumbnail","hentry","category-noticia","tag-migracion-y-refugio","cause-migracion-y-refugio"],"acf":[],"yoast_head":"<!-- This site is optimized with the Yoast SEO Premium plugin v21.6 (Yoast SEO v27.5) - https:\/\/yoast.com\/product\/yoast-seo-premium-wordpress\/ -->\n<title>JRS: 40 a\u00f1os al servicio de las personas refugiadas - Entreculturas<\/title>\n<meta name=\"robots\" content=\"index, follow, max-snippet:-1, max-image-preview:large, max-video-preview:-1\" \/>\n<link rel=\"canonical\" href=\"https:\/\/www.entreculturas.org\/ca\/noticia\/jrs-40-anos-al-servicio-de-las-personas-refugiadas\/\" \/>\n<meta property=\"og:locale\" content=\"ca_ES\" \/>\n<meta property=\"og:type\" content=\"article\" \/>\n<meta property=\"og:title\" content=\"JRS: 40 a\u00f1os al servicio de las personas refugiadas\" \/>\n<meta property=\"og:description\" content=\"Las organizaciones del Sector Social de la Compa\u00f1\u00eda de Jes\u00fas -Alboan, Entreculturas y el Servicio Jesuita a Migrantes (SJM), con la colaboraci\u00f3n de Radio ECCA- han celebrado un acto de homenaje a las cuatro d\u00e9cadas de misi\u00f3n del Servicio Jesuita a Refugiados (JRS).\" \/>\n<meta property=\"og:url\" content=\"https:\/\/www.entreculturas.org\/ca\/noticia\/jrs-40-anos-al-servicio-de-las-personas-refugiadas\/\" \/>\n<meta property=\"og:site_name\" content=\"Entreculturas\" \/>\n<meta property=\"article:publisher\" content=\"https:\/\/www.facebook.com\/entreculturas\" \/>\n<meta property=\"article:modified_time\" content=\"2024-03-06T16:49:50+00:00\" \/>\n<meta property=\"og:image\" content=\"https:\/\/www.entreculturas.org\/wp-content\/uploads\/2020\/11\/mosaico_webinar_homenaje_jrs.jpg\" \/>\n\t<meta property=\"og:image:width\" content=\"2000\" \/>\n\t<meta property=\"og:image:height\" content=\"1298\" \/>\n\t<meta property=\"og:image:type\" content=\"image\/jpeg\" \/>\n<meta name=\"twitter:card\" content=\"summary_large_image\" \/>\n<meta name=\"twitter:site\" content=\"@Entreculturas\" \/>\n<script type=\"application\/ld+json\" class=\"yoast-schema-graph\">{\"@context\":\"https:\\\/\\\/schema.org\",\"@graph\":[{\"@type\":\"WebPage\",\"@id\":\"https:\\\/\\\/www.entreculturas.org\\\/ca\\\/noticia\\\/jrs-40-anos-al-servicio-de-las-personas-refugiadas\\\/\",\"url\":\"https:\\\/\\\/www.entreculturas.org\\\/ca\\\/noticia\\\/jrs-40-anos-al-servicio-de-las-personas-refugiadas\\\/\",\"name\":\"JRS: 40 a\u00f1os al servicio de las personas refugiadas - Entreculturas\",\"isPartOf\":{\"@id\":\"https:\\\/\\\/www.entreculturas.org\\\/ca\\\/#website\"},\"primaryImageOfPage\":{\"@id\":\"https:\\\/\\\/www.entreculturas.org\\\/ca\\\/noticia\\\/jrs-40-anos-al-servicio-de-las-personas-refugiadas\\\/#primaryimage\"},\"image\":{\"@id\":\"https:\\\/\\\/www.entreculturas.org\\\/ca\\\/noticia\\\/jrs-40-anos-al-servicio-de-las-personas-refugiadas\\\/#primaryimage\"},\"thumbnailUrl\":\"https:\\\/\\\/www.entreculturas.org\\\/wp-content\\\/uploads\\\/2020\\\/11\\\/mosaico_webinar_homenaje_jrs.jpg\",\"datePublished\":\"2020-11-17T17:35:04+00:00\",\"dateModified\":\"2024-03-06T16:49:50+00:00\",\"breadcrumb\":{\"@id\":\"https:\\\/\\\/www.entreculturas.org\\\/ca\\\/noticia\\\/jrs-40-anos-al-servicio-de-las-personas-refugiadas\\\/#breadcrumb\"},\"inLanguage\":\"ca\",\"potentialAction\":[{\"@type\":\"ReadAction\",\"target\":[\"https:\\\/\\\/www.entreculturas.org\\\/ca\\\/noticia\\\/jrs-40-anos-al-servicio-de-las-personas-refugiadas\\\/\"]}]},{\"@type\":\"ImageObject\",\"inLanguage\":\"ca\",\"@id\":\"https:\\\/\\\/www.entreculturas.org\\\/ca\\\/noticia\\\/jrs-40-anos-al-servicio-de-las-personas-refugiadas\\\/#primaryimage\",\"url\":\"https:\\\/\\\/www.entreculturas.org\\\/wp-content\\\/uploads\\\/2020\\\/11\\\/mosaico_webinar_homenaje_jrs.jpg\",\"contentUrl\":\"https:\\\/\\\/www.entreculturas.org\\\/wp-content\\\/uploads\\\/2020\\\/11\\\/mosaico_webinar_homenaje_jrs.jpg\",\"width\":2000,\"height\":1298},{\"@type\":\"BreadcrumbList\",\"@id\":\"https:\\\/\\\/www.entreculturas.org\\\/ca\\\/noticia\\\/jrs-40-anos-al-servicio-de-las-personas-refugiadas\\\/#breadcrumb\",\"itemListElement\":[{\"@type\":\"ListItem\",\"position\":1,\"name\":\"Home\",\"item\":\"https:\\\/\\\/www.entreculturas.org\\\/ca\\\/\"},{\"@type\":\"ListItem\",\"position\":2,\"name\":\"Noticias\",\"item\":\"https:\\\/\\\/www.entreculturas.org\\\/ca\\\/noticias\\\/\"},{\"@type\":\"ListItem\",\"position\":3,\"name\":\"JRS: 40 a\u00f1os al servicio de las personas refugiadas\"}]},{\"@type\":\"WebSite\",\"@id\":\"https:\\\/\\\/www.entreculturas.org\\\/ca\\\/#website\",\"url\":\"https:\\\/\\\/www.entreculturas.org\\\/ca\\\/\",\"name\":\"Entreculturas\",\"description\":\"\",\"publisher\":{\"@id\":\"https:\\\/\\\/www.entreculturas.org\\\/ca\\\/#organization\"},\"alternateName\":\"Entreculturas\",\"potentialAction\":[{\"@type\":\"SearchAction\",\"target\":{\"@type\":\"EntryPoint\",\"urlTemplate\":\"https:\\\/\\\/www.entreculturas.org\\\/ca\\\/?s={search_term_string}\"},\"query-input\":{\"@type\":\"PropertyValueSpecification\",\"valueRequired\":true,\"valueName\":\"search_term_string\"}}],\"inLanguage\":\"ca\"},{\"@type\":\"Organization\",\"@id\":\"https:\\\/\\\/www.entreculturas.org\\\/ca\\\/#organization\",\"name\":\"Entreculturas\",\"url\":\"https:\\\/\\\/www.entreculturas.org\\\/ca\\\/\",\"logo\":{\"@type\":\"ImageObject\",\"inLanguage\":\"ca\",\"@id\":\"https:\\\/\\\/www.entreculturas.org\\\/ca\\\/#\\\/schema\\\/logo\\\/image\\\/\",\"url\":\"https:\\\/\\\/www.entreculturas.org\\\/wp-content\\\/uploads\\\/2025\\\/10\\\/ESP.svg\",\"contentUrl\":\"https:\\\/\\\/www.entreculturas.org\\\/wp-content\\\/uploads\\\/2025\\\/10\\\/ESP.svg\",\"caption\":\"Entreculturas\"},\"image\":{\"@id\":\"https:\\\/\\\/www.entreculturas.org\\\/ca\\\/#\\\/schema\\\/logo\\\/image\\\/\"},\"sameAs\":[\"https:\\\/\\\/www.facebook.com\\\/entreculturas\",\"https:\\\/\\\/x.com\\\/Entreculturas\",\"https:\\\/\\\/www.instagram.com\\\/entreculturas\\\/\",\"https:\\\/\\\/www.youtube.com\\\/user\\\/entreculturasvideo\",\"https:\\\/\\\/www.linkedin.com\\\/company\\\/fundacion-entreculturas-ngdo\\\/\",\"https:\\\/\\\/www.flickr.com\\\/photos\\\/98455522@N04\\\/albums\\\/\"]}]}<\/script>\n<!-- \/ Yoast SEO Premium plugin. -->","yoast_head_json":{"title":"JRS: 40 a\u00f1os al servicio de las personas refugiadas - Entreculturas","robots":{"index":"index","follow":"follow","max-snippet":"max-snippet:-1","max-image-preview":"max-image-preview:large","max-video-preview":"max-video-preview:-1"},"canonical":"https:\/\/www.entreculturas.org\/ca\/noticia\/jrs-40-anos-al-servicio-de-las-personas-refugiadas\/","og_locale":"ca_ES","og_type":"article","og_title":"JRS: 40 a\u00f1os al servicio de las personas refugiadas","og_description":"Las organizaciones del Sector Social de la Compa\u00f1\u00eda de Jes\u00fas -Alboan, Entreculturas y el Servicio Jesuita a Migrantes (SJM), con la colaboraci\u00f3n de Radio ECCA- han celebrado un acto de homenaje a las cuatro d\u00e9cadas de misi\u00f3n del Servicio Jesuita a Refugiados (JRS).","og_url":"https:\/\/www.entreculturas.org\/ca\/noticia\/jrs-40-anos-al-servicio-de-las-personas-refugiadas\/","og_site_name":"Entreculturas","article_publisher":"https:\/\/www.facebook.com\/entreculturas","article_modified_time":"2024-03-06T16:49:50+00:00","og_image":[{"width":2000,"height":1298,"url":"https:\/\/www.entreculturas.org\/wp-content\/uploads\/2020\/11\/mosaico_webinar_homenaje_jrs.jpg","type":"image\/jpeg"}],"twitter_card":"summary_large_image","twitter_site":"@Entreculturas","schema":{"@context":"https:\/\/schema.org","@graph":[{"@type":"WebPage","@id":"https:\/\/www.entreculturas.org\/ca\/noticia\/jrs-40-anos-al-servicio-de-las-personas-refugiadas\/","url":"https:\/\/www.entreculturas.org\/ca\/noticia\/jrs-40-anos-al-servicio-de-las-personas-refugiadas\/","name":"JRS: 40 a\u00f1os al servicio de las personas refugiadas - Entreculturas","isPartOf":{"@id":"https:\/\/www.entreculturas.org\/ca\/#website"},"primaryImageOfPage":{"@id":"https:\/\/www.entreculturas.org\/ca\/noticia\/jrs-40-anos-al-servicio-de-las-personas-refugiadas\/#primaryimage"},"image":{"@id":"https:\/\/www.entreculturas.org\/ca\/noticia\/jrs-40-anos-al-servicio-de-las-personas-refugiadas\/#primaryimage"},"thumbnailUrl":"https:\/\/www.entreculturas.org\/wp-content\/uploads\/2020\/11\/mosaico_webinar_homenaje_jrs.jpg","datePublished":"2020-11-17T17:35:04+00:00","dateModified":"2024-03-06T16:49:50+00:00","breadcrumb":{"@id":"https:\/\/www.entreculturas.org\/ca\/noticia\/jrs-40-anos-al-servicio-de-las-personas-refugiadas\/#breadcrumb"},"inLanguage":"ca","potentialAction":[{"@type":"ReadAction","target":["https:\/\/www.entreculturas.org\/ca\/noticia\/jrs-40-anos-al-servicio-de-las-personas-refugiadas\/"]}]},{"@type":"ImageObject","inLanguage":"ca","@id":"https:\/\/www.entreculturas.org\/ca\/noticia\/jrs-40-anos-al-servicio-de-las-personas-refugiadas\/#primaryimage","url":"https:\/\/www.entreculturas.org\/wp-content\/uploads\/2020\/11\/mosaico_webinar_homenaje_jrs.jpg","contentUrl":"https:\/\/www.entreculturas.org\/wp-content\/uploads\/2020\/11\/mosaico_webinar_homenaje_jrs.jpg","width":2000,"height":1298},{"@type":"BreadcrumbList","@id":"https:\/\/www.entreculturas.org\/ca\/noticia\/jrs-40-anos-al-servicio-de-las-personas-refugiadas\/#breadcrumb","itemListElement":[{"@type":"ListItem","position":1,"name":"Home","item":"https:\/\/www.entreculturas.org\/ca\/"},{"@type":"ListItem","position":2,"name":"Noticias","item":"https:\/\/www.entreculturas.org\/ca\/noticias\/"},{"@type":"ListItem","position":3,"name":"JRS: 40 a\u00f1os al servicio de las personas refugiadas"}]},{"@type":"WebSite","@id":"https:\/\/www.entreculturas.org\/ca\/#website","url":"https:\/\/www.entreculturas.org\/ca\/","name":"Entreculturas","description":"","publisher":{"@id":"https:\/\/www.entreculturas.org\/ca\/#organization"},"alternateName":"Entreculturas","potentialAction":[{"@type":"SearchAction","target":{"@type":"EntryPoint","urlTemplate":"https:\/\/www.entreculturas.org\/ca\/?s={search_term_string}"},"query-input":{"@type":"PropertyValueSpecification","valueRequired":true,"valueName":"search_term_string"}}],"inLanguage":"ca"},{"@type":"Organization","@id":"https:\/\/www.entreculturas.org\/ca\/#organization","name":"Entreculturas","url":"https:\/\/www.entreculturas.org\/ca\/","logo":{"@type":"ImageObject","inLanguage":"ca","@id":"https:\/\/www.entreculturas.org\/ca\/#\/schema\/logo\/image\/","url":"https:\/\/www.entreculturas.org\/wp-content\/uploads\/2025\/10\/ESP.svg","contentUrl":"https:\/\/www.entreculturas.org\/wp-content\/uploads\/2025\/10\/ESP.svg","caption":"Entreculturas"},"image":{"@id":"https:\/\/www.entreculturas.org\/ca\/#\/schema\/logo\/image\/"},"sameAs":["https:\/\/www.facebook.com\/entreculturas","https:\/\/x.com\/Entreculturas","https:\/\/www.instagram.com\/entreculturas\/","https:\/\/www.youtube.com\/user\/entreculturasvideo","https:\/\/www.linkedin.com\/company\/fundacion-entreculturas-ngdo\/","https:\/\/www.flickr.com\/photos\/98455522@N04\/albums\/"]}]}},"_links":{"self":[{"href":"https:\/\/www.entreculturas.org\/ca\/wp-json\/wp\/v2\/noticia\/5280","targetHints":{"allow":["GET"]}}],"collection":[{"href":"https:\/\/www.entreculturas.org\/ca\/wp-json\/wp\/v2\/noticia"}],"about":[{"href":"https:\/\/www.entreculturas.org\/ca\/wp-json\/wp\/v2\/types\/noticia"}],"wp:featuredmedia":[{"embeddable":true,"href":"https:\/\/www.entreculturas.org\/ca\/wp-json\/wp\/v2\/media\/5278"}],"wp:attachment":[{"href":"https:\/\/www.entreculturas.org\/ca\/wp-json\/wp\/v2\/media?parent=5280"}],"wp:term":[{"taxonomy":"category","embeddable":true,"href":"https:\/\/www.entreculturas.org\/ca\/wp-json\/wp\/v2\/categories?post=5280"},{"taxonomy":"post_tag","embeddable":true,"href":"https:\/\/www.entreculturas.org\/ca\/wp-json\/wp\/v2\/tags?post=5280"},{"taxonomy":"country","embeddable":true,"href":"https:\/\/www.entreculturas.org\/ca\/wp-json\/wp\/v2\/country?post=5280"},{"taxonomy":"cause","embeddable":true,"href":"https:\/\/www.entreculturas.org\/ca\/wp-json\/wp\/v2\/cause?post=5280"}],"curies":[{"name":"wp","href":"https:\/\/api.w.org\/{rel}","templated":true}]}}