{"id":5197,"date":"2020-10-14T11:12:04","date_gmt":"2020-10-14T11:12:04","guid":{"rendered":"https:\/\/entreculturasi.wpenginepowered.com\/?noticias=marruecos-humanizando-la-frontera-sur"},"modified":"2024-03-06T17:53:10","modified_gmt":"2024-03-06T16:53:10","slug":"marruecos-humanizando-la-frontera-sur","status":"publish","type":"noticia","link":"https:\/\/www.entreculturas.org\/ca\/noticia\/marruecos-humanizando-la-frontera-sur\/","title":{"rendered":"Marruecos: Humanizando la Frontera Sur"},"content":{"rendered":"<p><\/p>\n<p><em><span style=\"font-size:10px\">Foto: DDM T\u00e1nger<\/span><\/em><br \/><strong>&nbsp;<\/strong><br \/><strong>Alvar S\u00e1nchez SJ, Promotor de la Delegaci\u00f3n Diocesana de Migraciones en Nador (Marruecos), enmarca el contexto de una frontera que ha centrado sus pol\u00edticas migratorias en el control y el blindaje, con el fin de frenar el paso de personas migrantes y refugiadas a Europa.<\/strong> \u201c<em>Es uno de los corredores migratorios m\u00e1s importantes hacia Europa Occidental<\/em>\u201d, nos explica, \u201c<em>donde mayoritariamente personas de Oriente Pr\u00f3ximo y de la regi\u00f3n del Magreb, por desgracia, ponen en riesgo sus vidas tratando de llevar a cabo su proyecto migratorio<\/em>\u201d.<br \/>&nbsp;<br \/>Marruecos es un pa\u00eds que lleva a cuestas su propia historia de emigraci\u00f3n y se ha convertido en un pa\u00eds de destino para unos y pa\u00eds de tr\u00e1nsito de muchos. Cerca de 5 millones de marroqu\u00edes se encuentran en la di\u00e1spora, aunque el marco de referencia en pol\u00edtica migratoria de este pa\u00eds est\u00e9 centrado en la Estrategia Nacional de Inmigraci\u00f3n y Asilo (SNIA 214), que defiende la calidad en la gesti\u00f3n migratoria que promueve los derechos de las personas migrantes y refugiadas, reconociendo el acceso a los servicios b\u00e1sicos sociales y de ayuda humanitaria y, adem\u00e1s, protege los derechos de ni\u00f1os y ni\u00f1as y lucha contra la trata.<br \/>&nbsp;<br \/>Sin embargo, esto no evita que en la actualidad se frene el flujo de personas por v\u00eda terrestre y mar\u00edtima que intentan llegar al territorio espa\u00f1ol, a trav\u00e9s de la costa peninsular o a trav\u00e9s de Ceuta y Melilla. Cifras de ACNUR reflejan que <strong>cerca de 30 mil personas de distintas nacionalidades llegaron a Espa\u00f1a desde Marruecos en 2019<\/strong>, 26 mil personas lo intentaron por v\u00eda mar\u00edtima y 6 mil por v\u00eda terrestre, este intento se cobr\u00f3 la vida de 893 personas, de las cuales 54 eran ni\u00f1os y ni\u00f1as; medio millar se encuentran desaparecidas.&nbsp;&nbsp;<\/p>\n<p><img decoding=\"async\" alt=\"\" height=\"501\" src=\"https:\/\/www.entreculturas.org\/wp-content\/uploads\/2020\/10\/20200221_110911.jpg\" width=\"800\"><\/p>\n<p><em><span style=\"font-size: 10px\">Foto: DDM T\u00e1nger<\/span><\/em><\/p>\n<h3><span style=\"color:#FF0000\"><strong>Frontera de desigualdades&nbsp;<\/strong><\/span><\/h3>\n<p>La Delegaci\u00f3n Diocesana de Migraciones (DDM), dividida en cuatro unidades territoriales (T\u00e1nger, Nador, Tetu\u00e1n y Larache), lleva casi diez a\u00f1os trabajando para acoger, atender e integrar a las personas migrantes, coordinando y promoviendo iniciativas de cooperaci\u00f3n con organismos administrativos nacionales, provinciales y locales, as\u00ed como desarrollando trabajo en red junto a organizaciones como la nuestra, Entreculturas.&nbsp;<\/p>\n<p>En esta l\u00ednea de acci\u00f3n de asistencia, acompa\u00f1amiento y protecci\u00f3n a personas migrantes en situaci\u00f3n de vulnerabilidad, desde la DDM y Entreculturas hemos puesto en marcha recientemente un nuevo proyecto con el que buscamos mejorar e incrementar los servicios b\u00e1sicos de asistencia, mediante el fortalecimiento de los servicios disponibles y las capacidades de las instituciones p\u00fablicas y organizaciones de la sociedad civil que los apoyan.<\/p>\n<p><strong>\u201c<em>Este es un proyecto muy ambicioso y desaf\u00eda a ambas instituciones, la DDM y Entreculturas, en los planos institucional y de coordinaci\u00f3n interna y externa<\/em>\u201d<\/strong>, comenta nuestra compa\u00f1era Mariana Morales, de nuestro Departamento de \u00c1frica y Asia. \u201c<em>Se trata del primer proyecto compartido que involucra tanto a los diferentes equipos de la DDM en T\u00e1nger, Tetu\u00e1n, Alhucemas y Nador como a Entreculturas en el trabajo con estos equipos<\/em>\u201d. Hasta la fecha, desde Entreculturas hab\u00edamos apoyado la intervenci\u00f3n en Nador, pero no del conjunto de la DDM.&nbsp;<\/p>\n<p>Uno de los aspectos m\u00e1s destacados de este proyecto es que hace especial \u00e9nfasis en la atenci\u00f3n y distribuci\u00f3n de ayudas de emergencia diferenciadas por edad y sexo, dando prioridad a las mujeres, y en la creaci\u00f3n de espacios de sensibilizaci\u00f3n para la igualdad g\u00e9nero. De igual forma, <strong>nuestro enfoque integral de atenci\u00f3n garantizar\u00e1 la promoci\u00f3n de los derechos de las personas migrantes, el acceso a la educaci\u00f3n de ni\u00f1os y ni\u00f1as y el acceso efectivo a los servicios p\u00fablicos,<\/strong> incluso a los relativos a la prevenci\u00f3n del VIH-SIDA (que ser\u00e1 abordada junto a otras organizaciones aliadas y de mayor tradici\u00f3n en esta \u00e1rea).&nbsp;<\/p>\n<p><img decoding=\"async\" alt=\"\" height=\"501\" src=\"https:\/\/www.entreculturas.org\/wp-content\/uploads\/2020\/10\/christohjorda003.jpg\" width=\"800\"><\/p>\n<p><em><span style=\"font-size: 10px\">Foto: Christoh Jorda<\/span><\/em><\/p>\n<p><strong>Uno de los grandes factores que es fundamental en los procesos migratorios es el acceso a la informaci\u00f3n.<\/strong> En este sentido, en el mes de julio la DDM lanz\u00f3 la campa\u00f1a \u201c<em>RefAid Frontera Sur<\/em>\u201d, a la que nos sumamos desde Entreculturas junto a otras organizaciones, cuyo objetivo era recaudar 30 mil euros para el desarrollo de una plataforma digital operativa en ambos lados de la Frontera Sur.<\/p>\n<p>&#8220;<em>El momento de que nos importe igual lo ajeno y lo propio ya ha llegado, ya est\u00e1 aqu\u00ed<\/em>&#8220;, afirmaba la cantautora y activista social Rozal\u00e9n, quien form\u00f3 parte de la campa\u00f1a para recaudar los fondos de esta aplicaci\u00f3n m\u00f3vil. Junto a ella se unieron en una misma voz parte del equipo de la DDM y personalidades como el actor Juan Diego Botto, el fotoperiodista Javier Bauluz y la periodista Olga Rodr\u00edguez.<\/p>\n<p><strong>La plataforma RefAid no es nueva: actualmente se encuentra activa en muchos pa\u00edses y en ella publican sus servicios de ayuda humanitaria de m\u00e1s de 400 ONG<\/strong> para que las personas en tr\u00e1nsito, migrantes y refugiadas tengan un acceso sencillo y \u00e1gil a la informaci\u00f3n sobre los servicios disponibles, y as\u00ed promover su protecci\u00f3n y su autonom\u00eda, especialmente de los grupos en situaci\u00f3n de mayor vulnerabilidad: mujeres embarazadas, ni\u00f1os y ni\u00f1as, personas enfermas y v\u00edctimas de violencia.<br \/>&nbsp;<br \/>La creaci\u00f3n de esta aplicaci\u00f3n m\u00f3vil ha sido especialmente clave en el contexto de la crisis sanitaria que atraviesa el mundo y del que la poblaci\u00f3n migrante y refugiada no escapa: por el contrario, se ve fuertemente amenazada. RefAid permite, adem\u00e1s, actualizar sistem\u00e1ticamente y por categor\u00edas la informaci\u00f3n en tiempo real, haci\u00e9ndola accesible con rapidez a toda la poblaci\u00f3n migrante.<\/p>\n<p><img decoding=\"async\" alt=\"\" height=\"501\" src=\"https:\/\/www.entreculturas.org\/wp-content\/uploads\/2020\/10\/christohjorda001.jpg\" width=\"800\"><\/p>\n<p><em><span style=\"font-size: 10px\">Foto: Christoh Jorda<\/span><\/em><\/p>\n<h3><span style=\"color:#FF0000\"><strong>Apostando por la educaci\u00f3n para el trabajo en la juventud<\/strong><\/span><\/h3>\n<p>En materia de educaci\u00f3n en Marruecos, el trabajo de Entreculturas en los \u00faltimos a\u00f1os ha estado enfocado en optimizar la labor que emprendimos en 2009 junto al Centro de Formaci\u00f3n Profesional Baraka, situado en Nador, en el que los j\u00f3venes y las j\u00f3venes (el centro pone especial atenci\u00f3n a la situaci\u00f3n de la mujer en la regi\u00f3n) se forman con el objetivo de conseguir un empleo productivo.<br \/>&nbsp;<br \/><strong>Desde el centro Baraka hemos ido fortaleciendo el trabajo de formaci\u00f3n profesional orientando la actividad docente en tres l\u00edneas:<\/strong> la formaci\u00f3n profesional en cocina y restauraci\u00f3n, electricidad y fontaner\u00eda, inform\u00e1tica y gesti\u00f3n; los cursos de idiomas: ingl\u00e9s, franc\u00e9s, espa\u00f1ol y \u00e1rabe; y los talleres de Promoci\u00f3n de la Mujer, en los que se imparte cursos de costura y bordado, ayudante de guarder\u00eda, pasteler\u00eda, cocina y cursos de capacitaci\u00f3n en espa\u00f1ol y alfabetizaci\u00f3n.<br \/>&nbsp;<br \/>\u201c<em>Nador es una Tierra de Frontera y la escuela de Baraka se encuentra en esas fronteras<\/em>\u201d, comenta nuestra compa\u00f1era Yenifer L\u00f3pez, del Departamento de Educaci\u00f3n Formal de Entreculturas. \u201c<em>Baraka es una escuela que educa en una tierra de frontera y de ah\u00ed la apuesta por una escuela que eduque desde la protecci\u00f3n de la poblaci\u00f3n m\u00e1s vulnerable, que son los j\u00f3venes y mujeres, y desde la transformaci\u00f3n de las generaciones<\/em>\u201d.<br \/>&nbsp;<br \/>Esta acci\u00f3n formativa y de acompa\u00f1amiento a j\u00f3venes y mujeres en la Frontera Sur en el Centro Baraka ha estado respaldada en los \u00faltimos a\u00f1os por EDUCSI, la organizaci\u00f3n que agrupa a la red de escuelas e institutos de formaci\u00f3n de la Compa\u00f1\u00eda de Jes\u00fas en Espa\u00f1a. Junto a ellos, <strong>hemos desarrollado una serie de encuentros para trabajar la formaci\u00f3n en competencias de la mano del profesorado.<\/strong><\/p>\n<p><img decoding=\"async\" alt=\"\" height=\"501\" src=\"https:\/\/www.entreculturas.org\/wp-content\/uploads\/2020\/10\/img-20200317-wa0033.jpg\" width=\"800\"><\/p>\n<p><em><span style=\"font-size: 10px\">Foto: DDM T\u00e1nger<\/span><\/em><\/p>\n<p><strong>Ofrecemos herramientas para trabajar una serie de actitudes personales como la autoconfianza, el trabajo en equipo, y la comunicaci\u00f3n,<\/strong> que permiten a los alumnos y alumnas del Baraka (procedentes en su mayor\u00eda de medios sociales desfavorecidos) recibir al final del a\u00f1o escolar, adem\u00e1s de su t\u00edtulo acad\u00e9mico, un certificado que acredita su progreso en esas competencias.<br \/>&nbsp;<br \/>Desde Entreculturas creemos que es posible construir una nueva Frontera Sur, donde la educaci\u00f3n y la asistencia en los procesos migratorios sean mucho m\u00e1s respetuosos con la vida y est\u00e9n llenos de humanidad, pero esto solo ser\u00e1 posible si las organizaciones en red exigimos a los gobiernos el respeto a la vida de tantas personas que huyen de la miseria y el terror.<br \/>&nbsp;<br \/>La Frontera Sur es un lugar marcado por las injusticias, pero sus caminos tambi\u00e9n est\u00e1n marcados por la esperanza de millones de personas que sue\u00f1an con un futuro m\u00e1s digno, lejos de la violencia, de las desigualdades. <strong>Su \u00fanica meta es trascender y transformar sus realidades a punta de trabajo y dedicaci\u00f3n.<\/strong><\/p>\n","protected":false},"excerpt":{"rendered":"<p>Alvar S\u00e1nchez SJ, Promotor de la Delegaci\u00f3n Diocesana de Migraciones en Nador (Marruecos), enmarca el contexto de una frontera que ha centrado sus pol\u00edticas migratorias en el control y el blindaje, con el fin de frenar el paso de personas migrantes y refugiadas a Europa. \u201cEs uno de los corredores migratorios m\u00e1s importantes hacia Europa Occidental\u201d, nos explica.<\/p>\n","protected":false},"featured_media":5191,"template":"single-noticia","meta":{"_acf_changed":false},"categories":[7],"tags":[10],"country":[296],"cause":[129],"class_list":["post-5197","noticia","type-noticia","status-publish","has-post-thumbnail","hentry","category-noticia","tag-migracion-y-refugio","country-marruecos","cause-migracion-y-refugio"],"acf":[],"yoast_head":"<!-- This site is optimized with the Yoast SEO Premium plugin v21.6 (Yoast SEO v27.5) - https:\/\/yoast.com\/product\/yoast-seo-premium-wordpress\/ -->\n<title>Marruecos: Humanizando la Frontera Sur - Entreculturas<\/title>\n<meta name=\"robots\" content=\"index, follow, max-snippet:-1, max-image-preview:large, max-video-preview:-1\" \/>\n<link rel=\"canonical\" href=\"https:\/\/www.entreculturas.org\/ca\/noticia\/marruecos-humanizando-la-frontera-sur\/\" \/>\n<meta property=\"og:locale\" content=\"ca_ES\" \/>\n<meta property=\"og:type\" content=\"article\" \/>\n<meta property=\"og:title\" content=\"Marruecos: Humanizando la Frontera Sur\" \/>\n<meta property=\"og:description\" content=\"Alvar S\u00e1nchez SJ, Promotor de la Delegaci\u00f3n Diocesana de Migraciones en Nador (Marruecos), enmarca el contexto de una frontera que ha centrado sus pol\u00edticas migratorias en el control y el blindaje, con el fin de frenar el paso de personas migrantes y refugiadas a Europa. \u201cEs uno de los corredores migratorios m\u00e1s importantes hacia Europa Occidental\u201d, nos explica.\" \/>\n<meta property=\"og:url\" content=\"https:\/\/www.entreculturas.org\/ca\/noticia\/marruecos-humanizando-la-frontera-sur\/\" \/>\n<meta property=\"og:site_name\" content=\"Entreculturas\" \/>\n<meta property=\"article:publisher\" content=\"https:\/\/www.facebook.com\/entreculturas\" \/>\n<meta property=\"article:modified_time\" content=\"2024-03-06T16:53:10+00:00\" \/>\n<meta property=\"og:image\" content=\"https:\/\/www.entreculturas.org\/wp-content\/uploads\/2020\/10\/20200427_184345.jpg\" \/>\n\t<meta property=\"og:image:width\" content=\"800\" \/>\n\t<meta property=\"og:image:height\" content=\"501\" \/>\n\t<meta property=\"og:image:type\" content=\"image\/jpeg\" \/>\n<meta name=\"twitter:card\" content=\"summary_large_image\" \/>\n<meta name=\"twitter:site\" content=\"@Entreculturas\" \/>\n<script type=\"application\/ld+json\" class=\"yoast-schema-graph\">{\"@context\":\"https:\\\/\\\/schema.org\",\"@graph\":[{\"@type\":\"WebPage\",\"@id\":\"https:\\\/\\\/www.entreculturas.org\\\/ca\\\/noticia\\\/marruecos-humanizando-la-frontera-sur\\\/\",\"url\":\"https:\\\/\\\/www.entreculturas.org\\\/ca\\\/noticia\\\/marruecos-humanizando-la-frontera-sur\\\/\",\"name\":\"Marruecos: Humanizando la Frontera Sur - Entreculturas\",\"isPartOf\":{\"@id\":\"https:\\\/\\\/www.entreculturas.org\\\/ca\\\/#website\"},\"primaryImageOfPage\":{\"@id\":\"https:\\\/\\\/www.entreculturas.org\\\/ca\\\/noticia\\\/marruecos-humanizando-la-frontera-sur\\\/#primaryimage\"},\"image\":{\"@id\":\"https:\\\/\\\/www.entreculturas.org\\\/ca\\\/noticia\\\/marruecos-humanizando-la-frontera-sur\\\/#primaryimage\"},\"thumbnailUrl\":\"https:\\\/\\\/www.entreculturas.org\\\/wp-content\\\/uploads\\\/2020\\\/10\\\/20200427_184345.jpg\",\"datePublished\":\"2020-10-14T11:12:04+00:00\",\"dateModified\":\"2024-03-06T16:53:10+00:00\",\"breadcrumb\":{\"@id\":\"https:\\\/\\\/www.entreculturas.org\\\/ca\\\/noticia\\\/marruecos-humanizando-la-frontera-sur\\\/#breadcrumb\"},\"inLanguage\":\"ca\",\"potentialAction\":[{\"@type\":\"ReadAction\",\"target\":[\"https:\\\/\\\/www.entreculturas.org\\\/ca\\\/noticia\\\/marruecos-humanizando-la-frontera-sur\\\/\"]}]},{\"@type\":\"ImageObject\",\"inLanguage\":\"ca\",\"@id\":\"https:\\\/\\\/www.entreculturas.org\\\/ca\\\/noticia\\\/marruecos-humanizando-la-frontera-sur\\\/#primaryimage\",\"url\":\"https:\\\/\\\/www.entreculturas.org\\\/wp-content\\\/uploads\\\/2020\\\/10\\\/20200427_184345.jpg\",\"contentUrl\":\"https:\\\/\\\/www.entreculturas.org\\\/wp-content\\\/uploads\\\/2020\\\/10\\\/20200427_184345.jpg\",\"width\":800,\"height\":501},{\"@type\":\"BreadcrumbList\",\"@id\":\"https:\\\/\\\/www.entreculturas.org\\\/ca\\\/noticia\\\/marruecos-humanizando-la-frontera-sur\\\/#breadcrumb\",\"itemListElement\":[{\"@type\":\"ListItem\",\"position\":1,\"name\":\"Home\",\"item\":\"https:\\\/\\\/www.entreculturas.org\\\/ca\\\/\"},{\"@type\":\"ListItem\",\"position\":2,\"name\":\"Noticias\",\"item\":\"https:\\\/\\\/www.entreculturas.org\\\/ca\\\/noticias\\\/\"},{\"@type\":\"ListItem\",\"position\":3,\"name\":\"Marruecos: Humanizando la Frontera Sur\"}]},{\"@type\":\"WebSite\",\"@id\":\"https:\\\/\\\/www.entreculturas.org\\\/ca\\\/#website\",\"url\":\"https:\\\/\\\/www.entreculturas.org\\\/ca\\\/\",\"name\":\"Entreculturas\",\"description\":\"\",\"publisher\":{\"@id\":\"https:\\\/\\\/www.entreculturas.org\\\/ca\\\/#organization\"},\"alternateName\":\"Entreculturas\",\"potentialAction\":[{\"@type\":\"SearchAction\",\"target\":{\"@type\":\"EntryPoint\",\"urlTemplate\":\"https:\\\/\\\/www.entreculturas.org\\\/ca\\\/?s={search_term_string}\"},\"query-input\":{\"@type\":\"PropertyValueSpecification\",\"valueRequired\":true,\"valueName\":\"search_term_string\"}}],\"inLanguage\":\"ca\"},{\"@type\":\"Organization\",\"@id\":\"https:\\\/\\\/www.entreculturas.org\\\/ca\\\/#organization\",\"name\":\"Entreculturas\",\"url\":\"https:\\\/\\\/www.entreculturas.org\\\/ca\\\/\",\"logo\":{\"@type\":\"ImageObject\",\"inLanguage\":\"ca\",\"@id\":\"https:\\\/\\\/www.entreculturas.org\\\/ca\\\/#\\\/schema\\\/logo\\\/image\\\/\",\"url\":\"https:\\\/\\\/www.entreculturas.org\\\/wp-content\\\/uploads\\\/2025\\\/10\\\/ESP.svg\",\"contentUrl\":\"https:\\\/\\\/www.entreculturas.org\\\/wp-content\\\/uploads\\\/2025\\\/10\\\/ESP.svg\",\"caption\":\"Entreculturas\"},\"image\":{\"@id\":\"https:\\\/\\\/www.entreculturas.org\\\/ca\\\/#\\\/schema\\\/logo\\\/image\\\/\"},\"sameAs\":[\"https:\\\/\\\/www.facebook.com\\\/entreculturas\",\"https:\\\/\\\/x.com\\\/Entreculturas\",\"https:\\\/\\\/www.instagram.com\\\/entreculturas\\\/\",\"https:\\\/\\\/www.youtube.com\\\/user\\\/entreculturasvideo\",\"https:\\\/\\\/www.linkedin.com\\\/company\\\/fundacion-entreculturas-ngdo\\\/\",\"https:\\\/\\\/www.flickr.com\\\/photos\\\/98455522@N04\\\/albums\\\/\"]}]}<\/script>\n<!-- \/ Yoast SEO Premium plugin. -->","yoast_head_json":{"title":"Marruecos: Humanizando la Frontera Sur - Entreculturas","robots":{"index":"index","follow":"follow","max-snippet":"max-snippet:-1","max-image-preview":"max-image-preview:large","max-video-preview":"max-video-preview:-1"},"canonical":"https:\/\/www.entreculturas.org\/ca\/noticia\/marruecos-humanizando-la-frontera-sur\/","og_locale":"ca_ES","og_type":"article","og_title":"Marruecos: Humanizando la Frontera Sur","og_description":"Alvar S\u00e1nchez SJ, Promotor de la Delegaci\u00f3n Diocesana de Migraciones en Nador (Marruecos), enmarca el contexto de una frontera que ha centrado sus pol\u00edticas migratorias en el control y el blindaje, con el fin de frenar el paso de personas migrantes y refugiadas a Europa. \u201cEs uno de los corredores migratorios m\u00e1s importantes hacia Europa Occidental\u201d, nos explica.","og_url":"https:\/\/www.entreculturas.org\/ca\/noticia\/marruecos-humanizando-la-frontera-sur\/","og_site_name":"Entreculturas","article_publisher":"https:\/\/www.facebook.com\/entreculturas","article_modified_time":"2024-03-06T16:53:10+00:00","og_image":[{"width":800,"height":501,"url":"https:\/\/www.entreculturas.org\/wp-content\/uploads\/2020\/10\/20200427_184345.jpg","type":"image\/jpeg"}],"twitter_card":"summary_large_image","twitter_site":"@Entreculturas","schema":{"@context":"https:\/\/schema.org","@graph":[{"@type":"WebPage","@id":"https:\/\/www.entreculturas.org\/ca\/noticia\/marruecos-humanizando-la-frontera-sur\/","url":"https:\/\/www.entreculturas.org\/ca\/noticia\/marruecos-humanizando-la-frontera-sur\/","name":"Marruecos: Humanizando la Frontera Sur - Entreculturas","isPartOf":{"@id":"https:\/\/www.entreculturas.org\/ca\/#website"},"primaryImageOfPage":{"@id":"https:\/\/www.entreculturas.org\/ca\/noticia\/marruecos-humanizando-la-frontera-sur\/#primaryimage"},"image":{"@id":"https:\/\/www.entreculturas.org\/ca\/noticia\/marruecos-humanizando-la-frontera-sur\/#primaryimage"},"thumbnailUrl":"https:\/\/www.entreculturas.org\/wp-content\/uploads\/2020\/10\/20200427_184345.jpg","datePublished":"2020-10-14T11:12:04+00:00","dateModified":"2024-03-06T16:53:10+00:00","breadcrumb":{"@id":"https:\/\/www.entreculturas.org\/ca\/noticia\/marruecos-humanizando-la-frontera-sur\/#breadcrumb"},"inLanguage":"ca","potentialAction":[{"@type":"ReadAction","target":["https:\/\/www.entreculturas.org\/ca\/noticia\/marruecos-humanizando-la-frontera-sur\/"]}]},{"@type":"ImageObject","inLanguage":"ca","@id":"https:\/\/www.entreculturas.org\/ca\/noticia\/marruecos-humanizando-la-frontera-sur\/#primaryimage","url":"https:\/\/www.entreculturas.org\/wp-content\/uploads\/2020\/10\/20200427_184345.jpg","contentUrl":"https:\/\/www.entreculturas.org\/wp-content\/uploads\/2020\/10\/20200427_184345.jpg","width":800,"height":501},{"@type":"BreadcrumbList","@id":"https:\/\/www.entreculturas.org\/ca\/noticia\/marruecos-humanizando-la-frontera-sur\/#breadcrumb","itemListElement":[{"@type":"ListItem","position":1,"name":"Home","item":"https:\/\/www.entreculturas.org\/ca\/"},{"@type":"ListItem","position":2,"name":"Noticias","item":"https:\/\/www.entreculturas.org\/ca\/noticias\/"},{"@type":"ListItem","position":3,"name":"Marruecos: Humanizando la Frontera Sur"}]},{"@type":"WebSite","@id":"https:\/\/www.entreculturas.org\/ca\/#website","url":"https:\/\/www.entreculturas.org\/ca\/","name":"Entreculturas","description":"","publisher":{"@id":"https:\/\/www.entreculturas.org\/ca\/#organization"},"alternateName":"Entreculturas","potentialAction":[{"@type":"SearchAction","target":{"@type":"EntryPoint","urlTemplate":"https:\/\/www.entreculturas.org\/ca\/?s={search_term_string}"},"query-input":{"@type":"PropertyValueSpecification","valueRequired":true,"valueName":"search_term_string"}}],"inLanguage":"ca"},{"@type":"Organization","@id":"https:\/\/www.entreculturas.org\/ca\/#organization","name":"Entreculturas","url":"https:\/\/www.entreculturas.org\/ca\/","logo":{"@type":"ImageObject","inLanguage":"ca","@id":"https:\/\/www.entreculturas.org\/ca\/#\/schema\/logo\/image\/","url":"https:\/\/www.entreculturas.org\/wp-content\/uploads\/2025\/10\/ESP.svg","contentUrl":"https:\/\/www.entreculturas.org\/wp-content\/uploads\/2025\/10\/ESP.svg","caption":"Entreculturas"},"image":{"@id":"https:\/\/www.entreculturas.org\/ca\/#\/schema\/logo\/image\/"},"sameAs":["https:\/\/www.facebook.com\/entreculturas","https:\/\/x.com\/Entreculturas","https:\/\/www.instagram.com\/entreculturas\/","https:\/\/www.youtube.com\/user\/entreculturasvideo","https:\/\/www.linkedin.com\/company\/fundacion-entreculturas-ngdo\/","https:\/\/www.flickr.com\/photos\/98455522@N04\/albums\/"]}]}},"_links":{"self":[{"href":"https:\/\/www.entreculturas.org\/ca\/wp-json\/wp\/v2\/noticia\/5197","targetHints":{"allow":["GET"]}}],"collection":[{"href":"https:\/\/www.entreculturas.org\/ca\/wp-json\/wp\/v2\/noticia"}],"about":[{"href":"https:\/\/www.entreculturas.org\/ca\/wp-json\/wp\/v2\/types\/noticia"}],"wp:featuredmedia":[{"embeddable":true,"href":"https:\/\/www.entreculturas.org\/ca\/wp-json\/wp\/v2\/media\/5191"}],"wp:attachment":[{"href":"https:\/\/www.entreculturas.org\/ca\/wp-json\/wp\/v2\/media?parent=5197"}],"wp:term":[{"taxonomy":"category","embeddable":true,"href":"https:\/\/www.entreculturas.org\/ca\/wp-json\/wp\/v2\/categories?post=5197"},{"taxonomy":"post_tag","embeddable":true,"href":"https:\/\/www.entreculturas.org\/ca\/wp-json\/wp\/v2\/tags?post=5197"},{"taxonomy":"country","embeddable":true,"href":"https:\/\/www.entreculturas.org\/ca\/wp-json\/wp\/v2\/country?post=5197"},{"taxonomy":"cause","embeddable":true,"href":"https:\/\/www.entreculturas.org\/ca\/wp-json\/wp\/v2\/cause?post=5197"}],"curies":[{"name":"wp","href":"https:\/\/api.w.org\/{rel}","templated":true}]}}