{"id":5169,"date":"2020-10-14T07:34:46","date_gmt":"2020-10-14T07:34:46","guid":{"rendered":"https:\/\/entreculturasi.wpenginepowered.com\/?noticias=la-compania-de-jesus-de-espana-se-suma-la-llamada-para-cancelar-la-deuda-externa-y-hacer"},"modified":"2024-03-06T17:54:05","modified_gmt":"2024-03-06T16:54:05","slug":"la-compania-de-jesus-de-espana-se-suma-la-llamada-para-cancelar-la-deuda-externa-y-hacer","status":"publish","type":"noticia","link":"https:\/\/www.entreculturas.org\/ca\/noticia\/la-compania-de-jesus-de-espana-se-suma-la-llamada-para-cancelar-la-deuda-externa-y-hacer\/","title":{"rendered":"La Compa\u00f1\u00eda de Jes\u00fas de Espa\u00f1a se suma a la llamada para cancelar la deuda externa y hacer frente a la crisis del coronavirus"},"content":{"rendered":"<p>La semana que viene, del 16 al 18 de octubre, tendr\u00e1 lugar en Washington DC la Reuni\u00f3n Anual entre el Fondo Monetario Internacional (FMI) y el Grupo Banco Mundial (GBM). Uno de los asuntos centrales que debatir\u00e1n ambas instituciones ser\u00e1 su<strong> abordaje de la pandemia de COVID-19 y los desaf\u00edos que plantea la crisis para los pa\u00edses m\u00e1s vulnerables<\/strong>. Se trata de un <strong>encuentro de vital importancia<\/strong> para los pa\u00edses en desarrollo puesto que las decisiones de ambos organismos determinar\u00e1n las condiciones y las prioridades en el acceso a la financiaci\u00f3n necesaria para hacer frente al coronavirus y sentar las bases de la recuperaci\u00f3n.&nbsp;<\/p>\n<p>Aprovechando la ocasi\u00f3n, numerosos l\u00edderes cristianos de todo el mundo han enviado una carta a los asistentes a dicho encuentro pidi\u00e9ndoles que <strong>\u201ccancelen las deudas que los pa\u00edses en desarrollo tienen con sus instituciones mientras dure esta crisis\u201d<\/strong>. En la misiva, enviada esta misma semana, <strong>los firmantes reconocen los esfuerzos realizados<\/strong> hasta el momento y dan la bienvenida a algunas de las medidas adoptadas. Entre otras, destacan la decisi\u00f3n del FMI de cubrir los pagos de la deuda durante un per\u00edodo de seis meses para 28 pa\u00edses, as\u00ed como la disponibilidad de nueva financiaci\u00f3n de emergencia del FMI y el Banco Mundial, que asciende a 88.000 millones de d\u00f3lares hasta la fecha.<\/p>\n<p>Sostienen, sin embargo, que estas <strong>medidas son insuficientes y no responden a la urgencia y la magnitud de la crisis<\/strong>. Sin la cancelaci\u00f3n de las deudas, afirman, \u201csigue existiendo un grave riesgo de que los pa\u00edses en desarrollo no dispongan del dinero que tan desesperada y urgentemente necesitan para detener la propagaci\u00f3n del virus, tratar a las personas que lo padecen y hacer frente a la destrucci\u00f3n econ\u00f3mica y social generada por el virus\u201d.<\/p>\n<\/p>\n<p>Este <strong>llamamiento va en consonancia con el mensaje publicado por el Papa Francisco<\/strong> con motivo de la<a href=\"https:\/\/www.vatican.va\/content\/francesco\/es\/messages\/pont-messages\/2020\/documents\/papa-francesco_20200901_messaggio-giornata-cura-creato.html\" target=\"_blank\" rel=\"noopener\"> Jornada Mundial de Oraci\u00f3n por el Cuidado de la Creaci\u00f3n<\/a>, en la que Su Santidad inst\u00f3 a los l\u00edderes cristianos de todo el mundo a defender \u201cla cancelaci\u00f3n de la deuda de los pa\u00edses m\u00e1s vulnerables, en reconocimiento de las graves repercusiones de las crisis m\u00e9dicas, sociales y econ\u00f3micas a las que se enfrentan como resultado del Covid-19&#8243;. Una idea que ha vuelto a destacar con fuerza en su \u00faltima carta enc\u00edclica, titulada Fratelli Tutti, en la que sostiene que, en el contexto de los pa\u00edses pobres, \u201cel pago de la deuda en muchas ocasiones no s\u00f3lo no favorece el desarrollo, sino que lo limita y lo condiciona fuertemente\u201d (FT, 126).&nbsp;<\/p>\n<p>La crisis desatada por la pandemia es una de esas ocasiones en las que<strong> el pago de la deuda no puede anteponerse al cuidado de la vida humana<\/strong>. De ah\u00ed, que tanto l\u00edderes religiosos como las organizaciones cat\u00f3licas de cooperaci\u00f3n internacional pidan con urgencia la cancelaci\u00f3n inmediata de la deuda externa durante la gesti\u00f3n de esta pandemia.&nbsp;<\/p>\n<p><span style=\"color:#FF0000\"><strong>La Compa\u00f1\u00eda de Jes\u00fas en Espa\u00f1a se suma a esta propuesta.<\/strong><\/span><\/p>\n<p>Este llamamiento de los l\u00edderes cristianos ha recibido el apoyo de numerosas organizaciones cat\u00f3licas en diferentes pa\u00edses de nuestro entorno. Desde el Secretariado para la Justicia Social y la Ecolog\u00eda de los Jesuitas en la Curia romana han invitado a los Provinciales Jesuitas de todo el mundo a sumarse a esta petici\u00f3n. Tanto el presidente de la&nbsp; Conferencia Jesuita de Provinciales Europeos, como el Provincial de la Compa\u00f1\u00eda de Jes\u00fas en Espa\u00f1a han secundado esta iniciativa que, sin duda, puede abrir un horizonte de esperanza en la salida a la actual crisis.&nbsp;<\/p>\n","protected":false},"excerpt":{"rendered":"<p>Del 16 al 18 de octubre, tendr\u00e1 lugar la Reuni\u00f3n Anual entre el FMI y el GBM, un encuentro de vital importancia para los pa\u00edses en desarrollo puesto que las decisiones de ambos organismos determinar\u00e1n las condiciones y las prioridades en el acceso a la financiaci\u00f3n necesaria para hacer frente al coronavirus y sentar las bases de la recuperaci\u00f3n. <\/p>\n","protected":false},"featured_media":5167,"template":"single-noticia","meta":{"_acf_changed":false},"categories":[7],"tags":[185],"country":[],"cause":[],"class_list":["post-5169","noticia","type-noticia","status-publish","has-post-thumbnail","hentry","category-noticia","tag-entreculturas"],"acf":[],"yoast_head":"<!-- This site is optimized with the Yoast SEO Premium plugin v21.6 (Yoast SEO v27.5) - https:\/\/yoast.com\/product\/yoast-seo-premium-wordpress\/ -->\n<title>La Compa\u00f1\u00eda de Jes\u00fas de Espa\u00f1a se suma a la llamada para cancelar la deuda externa y hacer frente a la crisis del coronavirus - Entreculturas<\/title>\n<meta name=\"robots\" content=\"index, follow, max-snippet:-1, max-image-preview:large, max-video-preview:-1\" \/>\n<link rel=\"canonical\" href=\"https:\/\/www.entreculturas.org\/ca\/noticia\/la-compania-de-jesus-de-espana-se-suma-la-llamada-para-cancelar-la-deuda-externa-y-hacer\/\" \/>\n<meta property=\"og:locale\" content=\"ca_ES\" \/>\n<meta property=\"og:type\" content=\"article\" \/>\n<meta property=\"og:title\" content=\"La Compa\u00f1\u00eda de Jes\u00fas de Espa\u00f1a se suma a la llamada para cancelar la deuda externa y hacer frente a la crisis del coronavirus\" \/>\n<meta property=\"og:description\" content=\"Del 16 al 18 de octubre, tendr\u00e1 lugar la Reuni\u00f3n Anual entre el FMI y el GBM, un encuentro de vital importancia para los pa\u00edses en desarrollo puesto que las decisiones de ambos organismos determinar\u00e1n las condiciones y las prioridades en el acceso a la financiaci\u00f3n necesaria para hacer frente al coronavirus y sentar las bases de la recuperaci\u00f3n.\" \/>\n<meta property=\"og:url\" content=\"https:\/\/www.entreculturas.org\/ca\/noticia\/la-compania-de-jesus-de-espana-se-suma-la-llamada-para-cancelar-la-deuda-externa-y-hacer\/\" \/>\n<meta property=\"og:site_name\" content=\"Entreculturas\" \/>\n<meta property=\"article:publisher\" content=\"https:\/\/www.facebook.com\/entreculturas\" \/>\n<meta property=\"article:modified_time\" content=\"2024-03-06T16:54:05+00:00\" \/>\n<meta property=\"og:image\" content=\"https:\/\/www.entreculturas.org\/wp-content\/uploads\/2020\/10\/captura_de_pantalla_2020-10-15_a_las_9.09.27.png\" \/>\n\t<meta property=\"og:image:width\" content=\"800\" \/>\n\t<meta property=\"og:image:height\" content=\"530\" \/>\n\t<meta property=\"og:image:type\" content=\"image\/png\" \/>\n<meta name=\"twitter:card\" content=\"summary_large_image\" \/>\n<meta name=\"twitter:site\" content=\"@Entreculturas\" \/>\n<script type=\"application\/ld+json\" class=\"yoast-schema-graph\">{\"@context\":\"https:\\\/\\\/schema.org\",\"@graph\":[{\"@type\":\"WebPage\",\"@id\":\"https:\\\/\\\/www.entreculturas.org\\\/ca\\\/noticia\\\/la-compania-de-jesus-de-espana-se-suma-la-llamada-para-cancelar-la-deuda-externa-y-hacer\\\/\",\"url\":\"https:\\\/\\\/www.entreculturas.org\\\/ca\\\/noticia\\\/la-compania-de-jesus-de-espana-se-suma-la-llamada-para-cancelar-la-deuda-externa-y-hacer\\\/\",\"name\":\"La Compa\u00f1\u00eda de Jes\u00fas de Espa\u00f1a se suma a la llamada para cancelar la deuda externa y hacer frente a la crisis del coronavirus - Entreculturas\",\"isPartOf\":{\"@id\":\"https:\\\/\\\/www.entreculturas.org\\\/ca\\\/#website\"},\"primaryImageOfPage\":{\"@id\":\"https:\\\/\\\/www.entreculturas.org\\\/ca\\\/noticia\\\/la-compania-de-jesus-de-espana-se-suma-la-llamada-para-cancelar-la-deuda-externa-y-hacer\\\/#primaryimage\"},\"image\":{\"@id\":\"https:\\\/\\\/www.entreculturas.org\\\/ca\\\/noticia\\\/la-compania-de-jesus-de-espana-se-suma-la-llamada-para-cancelar-la-deuda-externa-y-hacer\\\/#primaryimage\"},\"thumbnailUrl\":\"https:\\\/\\\/www.entreculturas.org\\\/wp-content\\\/uploads\\\/2020\\\/10\\\/captura_de_pantalla_2020-10-15_a_las_9.09.27.png\",\"datePublished\":\"2020-10-14T07:34:46+00:00\",\"dateModified\":\"2024-03-06T16:54:05+00:00\",\"breadcrumb\":{\"@id\":\"https:\\\/\\\/www.entreculturas.org\\\/ca\\\/noticia\\\/la-compania-de-jesus-de-espana-se-suma-la-llamada-para-cancelar-la-deuda-externa-y-hacer\\\/#breadcrumb\"},\"inLanguage\":\"ca\",\"potentialAction\":[{\"@type\":\"ReadAction\",\"target\":[\"https:\\\/\\\/www.entreculturas.org\\\/ca\\\/noticia\\\/la-compania-de-jesus-de-espana-se-suma-la-llamada-para-cancelar-la-deuda-externa-y-hacer\\\/\"]}]},{\"@type\":\"ImageObject\",\"inLanguage\":\"ca\",\"@id\":\"https:\\\/\\\/www.entreculturas.org\\\/ca\\\/noticia\\\/la-compania-de-jesus-de-espana-se-suma-la-llamada-para-cancelar-la-deuda-externa-y-hacer\\\/#primaryimage\",\"url\":\"https:\\\/\\\/www.entreculturas.org\\\/wp-content\\\/uploads\\\/2020\\\/10\\\/captura_de_pantalla_2020-10-15_a_las_9.09.27.png\",\"contentUrl\":\"https:\\\/\\\/www.entreculturas.org\\\/wp-content\\\/uploads\\\/2020\\\/10\\\/captura_de_pantalla_2020-10-15_a_las_9.09.27.png\",\"width\":800,\"height\":530},{\"@type\":\"BreadcrumbList\",\"@id\":\"https:\\\/\\\/www.entreculturas.org\\\/ca\\\/noticia\\\/la-compania-de-jesus-de-espana-se-suma-la-llamada-para-cancelar-la-deuda-externa-y-hacer\\\/#breadcrumb\",\"itemListElement\":[{\"@type\":\"ListItem\",\"position\":1,\"name\":\"Home\",\"item\":\"https:\\\/\\\/www.entreculturas.org\\\/ca\\\/\"},{\"@type\":\"ListItem\",\"position\":2,\"name\":\"Noticias\",\"item\":\"https:\\\/\\\/www.entreculturas.org\\\/ca\\\/noticias\\\/\"},{\"@type\":\"ListItem\",\"position\":3,\"name\":\"La Compa\u00f1\u00eda de Jes\u00fas de Espa\u00f1a se suma a la llamada para cancelar la deuda externa y hacer frente a la crisis del coronavirus\"}]},{\"@type\":\"WebSite\",\"@id\":\"https:\\\/\\\/www.entreculturas.org\\\/ca\\\/#website\",\"url\":\"https:\\\/\\\/www.entreculturas.org\\\/ca\\\/\",\"name\":\"Entreculturas\",\"description\":\"\",\"publisher\":{\"@id\":\"https:\\\/\\\/www.entreculturas.org\\\/ca\\\/#organization\"},\"alternateName\":\"Entreculturas\",\"potentialAction\":[{\"@type\":\"SearchAction\",\"target\":{\"@type\":\"EntryPoint\",\"urlTemplate\":\"https:\\\/\\\/www.entreculturas.org\\\/ca\\\/?s={search_term_string}\"},\"query-input\":{\"@type\":\"PropertyValueSpecification\",\"valueRequired\":true,\"valueName\":\"search_term_string\"}}],\"inLanguage\":\"ca\"},{\"@type\":\"Organization\",\"@id\":\"https:\\\/\\\/www.entreculturas.org\\\/ca\\\/#organization\",\"name\":\"Entreculturas\",\"url\":\"https:\\\/\\\/www.entreculturas.org\\\/ca\\\/\",\"logo\":{\"@type\":\"ImageObject\",\"inLanguage\":\"ca\",\"@id\":\"https:\\\/\\\/www.entreculturas.org\\\/ca\\\/#\\\/schema\\\/logo\\\/image\\\/\",\"url\":\"https:\\\/\\\/www.entreculturas.org\\\/wp-content\\\/uploads\\\/2025\\\/10\\\/ESP.svg\",\"contentUrl\":\"https:\\\/\\\/www.entreculturas.org\\\/wp-content\\\/uploads\\\/2025\\\/10\\\/ESP.svg\",\"caption\":\"Entreculturas\"},\"image\":{\"@id\":\"https:\\\/\\\/www.entreculturas.org\\\/ca\\\/#\\\/schema\\\/logo\\\/image\\\/\"},\"sameAs\":[\"https:\\\/\\\/www.facebook.com\\\/entreculturas\",\"https:\\\/\\\/x.com\\\/Entreculturas\",\"https:\\\/\\\/www.instagram.com\\\/entreculturas\\\/\",\"https:\\\/\\\/www.youtube.com\\\/user\\\/entreculturasvideo\",\"https:\\\/\\\/www.linkedin.com\\\/company\\\/fundacion-entreculturas-ngdo\\\/\",\"https:\\\/\\\/www.flickr.com\\\/photos\\\/98455522@N04\\\/albums\\\/\"]}]}<\/script>\n<!-- \/ Yoast SEO Premium plugin. -->","yoast_head_json":{"title":"La Compa\u00f1\u00eda de Jes\u00fas de Espa\u00f1a se suma a la llamada para cancelar la deuda externa y hacer frente a la crisis del coronavirus - Entreculturas","robots":{"index":"index","follow":"follow","max-snippet":"max-snippet:-1","max-image-preview":"max-image-preview:large","max-video-preview":"max-video-preview:-1"},"canonical":"https:\/\/www.entreculturas.org\/ca\/noticia\/la-compania-de-jesus-de-espana-se-suma-la-llamada-para-cancelar-la-deuda-externa-y-hacer\/","og_locale":"ca_ES","og_type":"article","og_title":"La Compa\u00f1\u00eda de Jes\u00fas de Espa\u00f1a se suma a la llamada para cancelar la deuda externa y hacer frente a la crisis del coronavirus","og_description":"Del 16 al 18 de octubre, tendr\u00e1 lugar la Reuni\u00f3n Anual entre el FMI y el GBM, un encuentro de vital importancia para los pa\u00edses en desarrollo puesto que las decisiones de ambos organismos determinar\u00e1n las condiciones y las prioridades en el acceso a la financiaci\u00f3n necesaria para hacer frente al coronavirus y sentar las bases de la recuperaci\u00f3n.","og_url":"https:\/\/www.entreculturas.org\/ca\/noticia\/la-compania-de-jesus-de-espana-se-suma-la-llamada-para-cancelar-la-deuda-externa-y-hacer\/","og_site_name":"Entreculturas","article_publisher":"https:\/\/www.facebook.com\/entreculturas","article_modified_time":"2024-03-06T16:54:05+00:00","og_image":[{"width":800,"height":530,"url":"https:\/\/www.entreculturas.org\/wp-content\/uploads\/2020\/10\/captura_de_pantalla_2020-10-15_a_las_9.09.27.png","type":"image\/png"}],"twitter_card":"summary_large_image","twitter_site":"@Entreculturas","schema":{"@context":"https:\/\/schema.org","@graph":[{"@type":"WebPage","@id":"https:\/\/www.entreculturas.org\/ca\/noticia\/la-compania-de-jesus-de-espana-se-suma-la-llamada-para-cancelar-la-deuda-externa-y-hacer\/","url":"https:\/\/www.entreculturas.org\/ca\/noticia\/la-compania-de-jesus-de-espana-se-suma-la-llamada-para-cancelar-la-deuda-externa-y-hacer\/","name":"La Compa\u00f1\u00eda de Jes\u00fas de Espa\u00f1a se suma a la llamada para cancelar la deuda externa y hacer frente a la crisis del coronavirus - Entreculturas","isPartOf":{"@id":"https:\/\/www.entreculturas.org\/ca\/#website"},"primaryImageOfPage":{"@id":"https:\/\/www.entreculturas.org\/ca\/noticia\/la-compania-de-jesus-de-espana-se-suma-la-llamada-para-cancelar-la-deuda-externa-y-hacer\/#primaryimage"},"image":{"@id":"https:\/\/www.entreculturas.org\/ca\/noticia\/la-compania-de-jesus-de-espana-se-suma-la-llamada-para-cancelar-la-deuda-externa-y-hacer\/#primaryimage"},"thumbnailUrl":"https:\/\/www.entreculturas.org\/wp-content\/uploads\/2020\/10\/captura_de_pantalla_2020-10-15_a_las_9.09.27.png","datePublished":"2020-10-14T07:34:46+00:00","dateModified":"2024-03-06T16:54:05+00:00","breadcrumb":{"@id":"https:\/\/www.entreculturas.org\/ca\/noticia\/la-compania-de-jesus-de-espana-se-suma-la-llamada-para-cancelar-la-deuda-externa-y-hacer\/#breadcrumb"},"inLanguage":"ca","potentialAction":[{"@type":"ReadAction","target":["https:\/\/www.entreculturas.org\/ca\/noticia\/la-compania-de-jesus-de-espana-se-suma-la-llamada-para-cancelar-la-deuda-externa-y-hacer\/"]}]},{"@type":"ImageObject","inLanguage":"ca","@id":"https:\/\/www.entreculturas.org\/ca\/noticia\/la-compania-de-jesus-de-espana-se-suma-la-llamada-para-cancelar-la-deuda-externa-y-hacer\/#primaryimage","url":"https:\/\/www.entreculturas.org\/wp-content\/uploads\/2020\/10\/captura_de_pantalla_2020-10-15_a_las_9.09.27.png","contentUrl":"https:\/\/www.entreculturas.org\/wp-content\/uploads\/2020\/10\/captura_de_pantalla_2020-10-15_a_las_9.09.27.png","width":800,"height":530},{"@type":"BreadcrumbList","@id":"https:\/\/www.entreculturas.org\/ca\/noticia\/la-compania-de-jesus-de-espana-se-suma-la-llamada-para-cancelar-la-deuda-externa-y-hacer\/#breadcrumb","itemListElement":[{"@type":"ListItem","position":1,"name":"Home","item":"https:\/\/www.entreculturas.org\/ca\/"},{"@type":"ListItem","position":2,"name":"Noticias","item":"https:\/\/www.entreculturas.org\/ca\/noticias\/"},{"@type":"ListItem","position":3,"name":"La Compa\u00f1\u00eda de Jes\u00fas de Espa\u00f1a se suma a la llamada para cancelar la deuda externa y hacer frente a la crisis del coronavirus"}]},{"@type":"WebSite","@id":"https:\/\/www.entreculturas.org\/ca\/#website","url":"https:\/\/www.entreculturas.org\/ca\/","name":"Entreculturas","description":"","publisher":{"@id":"https:\/\/www.entreculturas.org\/ca\/#organization"},"alternateName":"Entreculturas","potentialAction":[{"@type":"SearchAction","target":{"@type":"EntryPoint","urlTemplate":"https:\/\/www.entreculturas.org\/ca\/?s={search_term_string}"},"query-input":{"@type":"PropertyValueSpecification","valueRequired":true,"valueName":"search_term_string"}}],"inLanguage":"ca"},{"@type":"Organization","@id":"https:\/\/www.entreculturas.org\/ca\/#organization","name":"Entreculturas","url":"https:\/\/www.entreculturas.org\/ca\/","logo":{"@type":"ImageObject","inLanguage":"ca","@id":"https:\/\/www.entreculturas.org\/ca\/#\/schema\/logo\/image\/","url":"https:\/\/www.entreculturas.org\/wp-content\/uploads\/2025\/10\/ESP.svg","contentUrl":"https:\/\/www.entreculturas.org\/wp-content\/uploads\/2025\/10\/ESP.svg","caption":"Entreculturas"},"image":{"@id":"https:\/\/www.entreculturas.org\/ca\/#\/schema\/logo\/image\/"},"sameAs":["https:\/\/www.facebook.com\/entreculturas","https:\/\/x.com\/Entreculturas","https:\/\/www.instagram.com\/entreculturas\/","https:\/\/www.youtube.com\/user\/entreculturasvideo","https:\/\/www.linkedin.com\/company\/fundacion-entreculturas-ngdo\/","https:\/\/www.flickr.com\/photos\/98455522@N04\/albums\/"]}]}},"_links":{"self":[{"href":"https:\/\/www.entreculturas.org\/ca\/wp-json\/wp\/v2\/noticia\/5169","targetHints":{"allow":["GET"]}}],"collection":[{"href":"https:\/\/www.entreculturas.org\/ca\/wp-json\/wp\/v2\/noticia"}],"about":[{"href":"https:\/\/www.entreculturas.org\/ca\/wp-json\/wp\/v2\/types\/noticia"}],"wp:featuredmedia":[{"embeddable":true,"href":"https:\/\/www.entreculturas.org\/ca\/wp-json\/wp\/v2\/media\/5167"}],"wp:attachment":[{"href":"https:\/\/www.entreculturas.org\/ca\/wp-json\/wp\/v2\/media?parent=5169"}],"wp:term":[{"taxonomy":"category","embeddable":true,"href":"https:\/\/www.entreculturas.org\/ca\/wp-json\/wp\/v2\/categories?post=5169"},{"taxonomy":"post_tag","embeddable":true,"href":"https:\/\/www.entreculturas.org\/ca\/wp-json\/wp\/v2\/tags?post=5169"},{"taxonomy":"country","embeddable":true,"href":"https:\/\/www.entreculturas.org\/ca\/wp-json\/wp\/v2\/country?post=5169"},{"taxonomy":"cause","embeddable":true,"href":"https:\/\/www.entreculturas.org\/ca\/wp-json\/wp\/v2\/cause?post=5169"}],"curies":[{"name":"wp","href":"https:\/\/api.w.org\/{rel}","templated":true}]}}