{"id":5143,"date":"2020-09-24T11:46:27","date_gmt":"2020-09-24T11:46:27","guid":{"rendered":"https:\/\/entreculturasi.wpenginepowered.com\/?noticias=20encuentroanual-nuestro-encuentro-mas-global-e-inclusivo-contara-con-ponencias-abiertas-al"},"modified":"2024-03-06T15:37:09","modified_gmt":"2024-03-06T14:37:09","slug":"20encuentroanual-nuestro-encuentro-mas-global-e-inclusivo-contara-con-ponencias-abiertas-al","status":"publish","type":"noticia","link":"https:\/\/www.entreculturas.org\/ca\/noticia\/20encuentroanual-nuestro-encuentro-mas-global-e-inclusivo-contara-con-ponencias-abiertas-al\/","title":{"rendered":"#20EncuentroAnual: nuestro Encuentro m\u00e1s global e inclusivo contar\u00e1 con ponencias abiertas al p\u00fablico"},"content":{"rendered":"<\/p>\n<p>Este a\u00f1o celebraremos nuestro encuentro m\u00e1s global, inclusivo y abierto para reivindicar el derecho a una educaci\u00f3n de calidad. El XX Encuentro Anual de Entreculturas tendr\u00e1 lugar de forma online del 1 al 4 de octubre bajo el lema \u201cLa educaci\u00f3n que sostiene la vida\u201d, y contar\u00e1 con <strong>sesiones abiertas al p\u00fablico que <a href=\"https:\/\/www.youtube.com\/user\/entreculturasvideo\">podr\u00e1n seguirse en directo en nuestro canal de Youtube<\/a>.<\/strong><\/p>\n<p>Este a\u00f1o queremos <strong>reivindicar<\/strong>, m\u00e1s fuerte que nunca, <strong>el derecho a una educaci\u00f3n de calidad, inclusiva y transformadora<\/strong> y conectar con la ra\u00edz de nuestra misi\u00f3n como organizaci\u00f3n de educaci\u00f3n y ciudadan\u00eda global. En este espacio escucharemos a los <strong>actores claves de la educaci\u00f3n,<\/strong> reflexionaremos sobre la educaci\u00f3n que queremos y sentaremos las bases para definir nuestro concepto de educaci\u00f3n transformadora.<\/p>\n<p>Durante estos 4 d\u00edas, nos acercaremos al contexto global de la educaci\u00f3n en el mundo de la mano de <strong>testimonios <\/strong>que nos contar\u00e1n el trabajo encomiable que est\u00e1n llevando a cabo nuestras organizaciones socias en terreno bajo condiciones muy complicadas. Hablaremos de la <strong>educaci\u00f3n en emergencias<\/strong> e intentaremos poner foco a los <strong>retos y desaf\u00edos<\/strong> que tenemos como organizaci\u00f3n que apuesta por esta l\u00ednea de trabajo.&nbsp;Contaremos con ponencias, debates, juegos colaborativos y trabajo grupales, as\u00ed como momentos de ocio y distensi\u00f3n y nuestra tradicional eucarist\u00eda del domingo.<\/p>\n<p><strong>El Encuentro se podr\u00e1 seguir en las redes sociales con el hashtag: #20EncuentroAnual.<\/strong><\/p>\n<h3><span style=\"font-size:16px\"><span style=\"color:#FF0000\"><strong>Consulta la agenda abierta al p\u00fablico y an\u00edmate seguir las sesiones en directo en <a href=\"https:\/\/www.youtube.com\/user\/entreculturasvideo\">nuestro canal de Youtube<\/a>:<\/strong><\/span><\/span><\/h3>\n<p><em>* Horarios de Espa\u00f1a peninsular<\/em><\/p>\n<p><span style=\"color:#FF0000\"><strong>Jueves 1 de octubre:<\/strong><\/span><\/p>\n<p><strong>18:00-18:30: Inauguraci\u00f3n<\/strong><\/p>\n<ul>\n<li>Daniel Villanueva SJ, Vicepresidente Ejecutivo de Entreculturas.<\/li>\n<\/ul>\n<p>&nbsp;<\/p>\n<p><strong>18:30-19:00: Ponencia marco sobre la situaci\u00f3n de la educaci\u00f3n en el mundo pre y post Covid<\/strong><\/p>\n<ul>\n<li>Vernor Mu\u00f1oz, docente e investigador del Instituto de Estudios Latinoamericanos de la Universidad Nacional de Costa Rica.\u2028<\/li>\n<li>Presenta: Luc\u00eda Rodr\u00edguez, Responsable de Incidencia en Entreculturas.\u2028<\/li>\n<\/ul>\n<p>&nbsp;<\/p>\n<p><strong>19:30-20:30 Experiencias de trabajo educativo en contexto de crisis<\/strong><\/p>\n<ul>\n<li>Karen Avenda\u00f1o, Sub-Direcci\u00f3n General del Eje de Educaci\u00f3n Popular de Fe y Alegr\u00eda Guatemala.\u2028<\/li>\n<li>Ana Mar\u00eda Vinueza, Rectora de la Unidad Educativa Fiscomisional de Fe y Alegr\u00eda Ecuador.\u2028<\/li>\n<li>Nicole Teta Nokam, Coordinadora Interregional de Educaci\u00f3n para \u00c1frica del Oeste y Grandes Lagos del Servicio Jesuita a Refugiados.\u2028<\/li>\n<li>Margaret L\u00f3pez, Directora Departamental de Fe y Alegr\u00eda Chuquisaca, en Bolivia.\u2028<\/li>\n<li>Modera: Elisa Orba\u00f1anos, T\u00e9cnica de Proyectos de Cooperaci\u00f3n en Entreculturas.\u2028<\/li>\n<\/ul>\n<p>&nbsp;<\/p>\n<p><span style=\"color:#FF0000\"><strong>Viernes 2 de octubre:<\/strong><\/span><\/p>\n<p><strong>18:00-18:45: Ponencia \u2018Educaci\u00f3n en emergencias\u2019<\/strong><\/p>\n<ul>\n<li>Francisco Rey, Codirector del Instituto de Estudios sobre Conflictos y Acci\u00f3n Humanitaria (IECAH).\u2028<\/li>\n<\/ul>\n<p>&nbsp;<\/p>\n<p><strong>19:15-20:15 Mesa redonda \u2018Educaci\u00f3n en emergencia: retos y desaf\u00edos del presente para mejorar el futuro\u2019<\/strong><\/p>\n<ul>\n<li>Gehiomara Cede\u00f1o, Subdirectora de Fe y Alegr\u00eda Ecuador.\u2028<\/li>\n<li>Ousmane N\u2019Gaide, Director del Servicio Jesuita a Refugiados Burundi.\u2028<\/li>\n<li>Francisco Rey, Codirector del Instituto de Estudios sobre Conflictos y Acci\u00f3n Humanitaria (IECAH).\u2028<\/li>\n<li>Modera: Pilar L\u00f3pez-Dafonte, Responsable de la Unidad de Ayuda Humanitaria de Entreculturas.\u2028<\/li>\n<\/ul>\n<p>&nbsp;<\/p>\n<p><span style=\"color:#FF0000\"><strong>S\u00e1bado 3 de octubre:<\/strong><\/span><\/p>\n<p><strong>17:30-19:00 Di\u00e1logos para la educaci\u00f3n que queremos<\/strong><\/p>\n<p><strong>Panel 1<\/strong><\/p>\n<ul>\n<li>Beatriz Borjas, Responsable de la Iniciativa \u201cFormaci\u00f3n pedag\u00f3gica y acompa\u00f1amiento a centros educativos\u201d de la Federaci\u00f3n Internacional Fe y Alegr\u00eda y profesora de la Universidad Nacional Experimental Sim\u00f3n Rodr\u00edguez, en Venezuela<\/li>\n<li>Mar\u00eda Vieites Casado, Project Manager de SEAs4ALL y STEP4SEAS en el centro de investigaci\u00f3n CREA: Community of Research on Excellence for All<\/li>\n<\/ul>\n<p>&nbsp;<\/p>\n<p><strong>Panel 2<\/strong><\/p>\n<ul>\n<li>Toni Mel\u00e9ndez, Directora de la Escuela Virgen de Guadalupe de Badajoz, Espa\u00f1a<\/li>\n<li>Mireya Alexandra Campi, Representante de la Comunidad de Familias de la Regional Pichincha, Ecuador<\/li>\n<li>Andrea Faye, voluntaria de Entreculturas y joven de la Red Generaci\u00f3n 21+<\/li>\n<\/ul>\n<p>&nbsp;<\/p>\n<p><strong>Panel 3\u200b<\/strong><\/p>\n<ul>\n<li>Presenta Julia Navarro, periodista y escritora<\/li>\n<li>Miriam Ciscar, Jefa del Departamento de Cooperaci\u00f3n Sectorial &#8211; Direcci\u00f3n de Cooperaci\u00f3n Multilateral, Horizontal y Financiera, en AECID<\/li>\n<li>Luc\u00eda Rodr\u00edguez, Responsable de Incidencia en Entreculturas<\/li>\n<\/ul>\n","protected":false},"excerpt":{"rendered":"<p>Este a\u00f1o celebraremos nuestro encuentro m\u00e1s global, inclusivo y abierto para reivindicar el derecho a una educaci\u00f3n de calidad. El XX Encuentro Anual tendr\u00e1 lugar de forma online del 1 al 4 de octubre bajo el lema \u201cLa educaci\u00f3n que sostiene la vida\u201d y contar\u00e1 con sesiones abiertas al p\u00fablico que se emitir\u00e1n en nuestro canal de Youtube.<\/p>\n","protected":false},"featured_media":5142,"template":"single-noticia","meta":{"_acf_changed":false},"categories":[7],"tags":[185],"country":[],"cause":[132],"class_list":["post-5143","noticia","type-noticia","status-publish","has-post-thumbnail","hentry","category-noticia","tag-entreculturas","cause-participacion-y-ciudadania-global"],"acf":[],"yoast_head":"<!-- This site is optimized with the Yoast SEO Premium plugin v21.6 (Yoast SEO v27.5) - https:\/\/yoast.com\/product\/yoast-seo-premium-wordpress\/ -->\n<title>#20EncuentroAnual: nuestro Encuentro m\u00e1s global e inclusivo contar\u00e1 con ponencias abiertas al p\u00fablico - Entreculturas<\/title>\n<meta name=\"robots\" content=\"index, follow, max-snippet:-1, max-image-preview:large, max-video-preview:-1\" \/>\n<link rel=\"canonical\" href=\"https:\/\/www.entreculturas.org\/ca\/noticia\/20encuentroanual-nuestro-encuentro-mas-global-e-inclusivo-contara-con-ponencias-abiertas-al\/\" \/>\n<meta property=\"og:locale\" content=\"ca_ES\" \/>\n<meta property=\"og:type\" content=\"article\" \/>\n<meta property=\"og:title\" content=\"#20EncuentroAnual: nuestro Encuentro m\u00e1s global e inclusivo contar\u00e1 con ponencias abiertas al p\u00fablico\" \/>\n<meta property=\"og:description\" content=\"Este a\u00f1o celebraremos nuestro encuentro m\u00e1s global, inclusivo y abierto para reivindicar el derecho a una educaci\u00f3n de calidad. El XX Encuentro Anual tendr\u00e1 lugar de forma online del 1 al 4 de octubre bajo el lema \u201cLa educaci\u00f3n que sostiene la vida\u201d y contar\u00e1 con sesiones abiertas al p\u00fablico que se emitir\u00e1n en nuestro canal de Youtube.\" \/>\n<meta property=\"og:url\" content=\"https:\/\/www.entreculturas.org\/ca\/noticia\/20encuentroanual-nuestro-encuentro-mas-global-e-inclusivo-contara-con-ponencias-abiertas-al\/\" \/>\n<meta property=\"og:site_name\" content=\"Entreculturas\" \/>\n<meta property=\"article:publisher\" content=\"https:\/\/www.facebook.com\/entreculturas\" \/>\n<meta property=\"article:modified_time\" content=\"2024-03-06T14:37:09+00:00\" \/>\n<meta property=\"og:image\" content=\"https:\/\/www.entreculturas.org\/wp-content\/uploads\/2020\/09\/xx_encuentro_anual.jpg\" \/>\n\t<meta property=\"og:image:width\" content=\"800\" \/>\n\t<meta property=\"og:image:height\" content=\"557\" \/>\n\t<meta property=\"og:image:type\" content=\"image\/jpeg\" \/>\n<meta name=\"twitter:card\" content=\"summary_large_image\" \/>\n<meta name=\"twitter:site\" content=\"@Entreculturas\" \/>\n<script type=\"application\/ld+json\" class=\"yoast-schema-graph\">{\"@context\":\"https:\\\/\\\/schema.org\",\"@graph\":[{\"@type\":\"WebPage\",\"@id\":\"https:\\\/\\\/www.entreculturas.org\\\/ca\\\/noticia\\\/20encuentroanual-nuestro-encuentro-mas-global-e-inclusivo-contara-con-ponencias-abiertas-al\\\/\",\"url\":\"https:\\\/\\\/www.entreculturas.org\\\/ca\\\/noticia\\\/20encuentroanual-nuestro-encuentro-mas-global-e-inclusivo-contara-con-ponencias-abiertas-al\\\/\",\"name\":\"#20EncuentroAnual: nuestro Encuentro m\u00e1s global e inclusivo contar\u00e1 con ponencias abiertas al p\u00fablico - Entreculturas\",\"isPartOf\":{\"@id\":\"https:\\\/\\\/www.entreculturas.org\\\/ca\\\/#website\"},\"primaryImageOfPage\":{\"@id\":\"https:\\\/\\\/www.entreculturas.org\\\/ca\\\/noticia\\\/20encuentroanual-nuestro-encuentro-mas-global-e-inclusivo-contara-con-ponencias-abiertas-al\\\/#primaryimage\"},\"image\":{\"@id\":\"https:\\\/\\\/www.entreculturas.org\\\/ca\\\/noticia\\\/20encuentroanual-nuestro-encuentro-mas-global-e-inclusivo-contara-con-ponencias-abiertas-al\\\/#primaryimage\"},\"thumbnailUrl\":\"https:\\\/\\\/www.entreculturas.org\\\/wp-content\\\/uploads\\\/2020\\\/09\\\/xx_encuentro_anual.jpg\",\"datePublished\":\"2020-09-24T11:46:27+00:00\",\"dateModified\":\"2024-03-06T14:37:09+00:00\",\"breadcrumb\":{\"@id\":\"https:\\\/\\\/www.entreculturas.org\\\/ca\\\/noticia\\\/20encuentroanual-nuestro-encuentro-mas-global-e-inclusivo-contara-con-ponencias-abiertas-al\\\/#breadcrumb\"},\"inLanguage\":\"ca\",\"potentialAction\":[{\"@type\":\"ReadAction\",\"target\":[\"https:\\\/\\\/www.entreculturas.org\\\/ca\\\/noticia\\\/20encuentroanual-nuestro-encuentro-mas-global-e-inclusivo-contara-con-ponencias-abiertas-al\\\/\"]}]},{\"@type\":\"ImageObject\",\"inLanguage\":\"ca\",\"@id\":\"https:\\\/\\\/www.entreculturas.org\\\/ca\\\/noticia\\\/20encuentroanual-nuestro-encuentro-mas-global-e-inclusivo-contara-con-ponencias-abiertas-al\\\/#primaryimage\",\"url\":\"https:\\\/\\\/www.entreculturas.org\\\/wp-content\\\/uploads\\\/2020\\\/09\\\/xx_encuentro_anual.jpg\",\"contentUrl\":\"https:\\\/\\\/www.entreculturas.org\\\/wp-content\\\/uploads\\\/2020\\\/09\\\/xx_encuentro_anual.jpg\",\"width\":800,\"height\":557},{\"@type\":\"BreadcrumbList\",\"@id\":\"https:\\\/\\\/www.entreculturas.org\\\/ca\\\/noticia\\\/20encuentroanual-nuestro-encuentro-mas-global-e-inclusivo-contara-con-ponencias-abiertas-al\\\/#breadcrumb\",\"itemListElement\":[{\"@type\":\"ListItem\",\"position\":1,\"name\":\"Home\",\"item\":\"https:\\\/\\\/www.entreculturas.org\\\/ca\\\/\"},{\"@type\":\"ListItem\",\"position\":2,\"name\":\"Noticias\",\"item\":\"https:\\\/\\\/www.entreculturas.org\\\/ca\\\/noticias\\\/\"},{\"@type\":\"ListItem\",\"position\":3,\"name\":\"#20EncuentroAnual: nuestro Encuentro m\u00e1s global e inclusivo contar\u00e1 con ponencias abiertas al p\u00fablico\"}]},{\"@type\":\"WebSite\",\"@id\":\"https:\\\/\\\/www.entreculturas.org\\\/ca\\\/#website\",\"url\":\"https:\\\/\\\/www.entreculturas.org\\\/ca\\\/\",\"name\":\"Entreculturas\",\"description\":\"\",\"publisher\":{\"@id\":\"https:\\\/\\\/www.entreculturas.org\\\/ca\\\/#organization\"},\"alternateName\":\"Entreculturas\",\"potentialAction\":[{\"@type\":\"SearchAction\",\"target\":{\"@type\":\"EntryPoint\",\"urlTemplate\":\"https:\\\/\\\/www.entreculturas.org\\\/ca\\\/?s={search_term_string}\"},\"query-input\":{\"@type\":\"PropertyValueSpecification\",\"valueRequired\":true,\"valueName\":\"search_term_string\"}}],\"inLanguage\":\"ca\"},{\"@type\":\"Organization\",\"@id\":\"https:\\\/\\\/www.entreculturas.org\\\/ca\\\/#organization\",\"name\":\"Entreculturas\",\"url\":\"https:\\\/\\\/www.entreculturas.org\\\/ca\\\/\",\"logo\":{\"@type\":\"ImageObject\",\"inLanguage\":\"ca\",\"@id\":\"https:\\\/\\\/www.entreculturas.org\\\/ca\\\/#\\\/schema\\\/logo\\\/image\\\/\",\"url\":\"https:\\\/\\\/www.entreculturas.org\\\/wp-content\\\/uploads\\\/2025\\\/10\\\/ESP.svg\",\"contentUrl\":\"https:\\\/\\\/www.entreculturas.org\\\/wp-content\\\/uploads\\\/2025\\\/10\\\/ESP.svg\",\"caption\":\"Entreculturas\"},\"image\":{\"@id\":\"https:\\\/\\\/www.entreculturas.org\\\/ca\\\/#\\\/schema\\\/logo\\\/image\\\/\"},\"sameAs\":[\"https:\\\/\\\/www.facebook.com\\\/entreculturas\",\"https:\\\/\\\/x.com\\\/Entreculturas\",\"https:\\\/\\\/www.instagram.com\\\/entreculturas\\\/\",\"https:\\\/\\\/www.youtube.com\\\/user\\\/entreculturasvideo\",\"https:\\\/\\\/www.linkedin.com\\\/company\\\/fundacion-entreculturas-ngdo\\\/\",\"https:\\\/\\\/www.flickr.com\\\/photos\\\/98455522@N04\\\/albums\\\/\"]}]}<\/script>\n<!-- \/ Yoast SEO Premium plugin. -->","yoast_head_json":{"title":"#20EncuentroAnual: nuestro Encuentro m\u00e1s global e inclusivo contar\u00e1 con ponencias abiertas al p\u00fablico - Entreculturas","robots":{"index":"index","follow":"follow","max-snippet":"max-snippet:-1","max-image-preview":"max-image-preview:large","max-video-preview":"max-video-preview:-1"},"canonical":"https:\/\/www.entreculturas.org\/ca\/noticia\/20encuentroanual-nuestro-encuentro-mas-global-e-inclusivo-contara-con-ponencias-abiertas-al\/","og_locale":"ca_ES","og_type":"article","og_title":"#20EncuentroAnual: nuestro Encuentro m\u00e1s global e inclusivo contar\u00e1 con ponencias abiertas al p\u00fablico","og_description":"Este a\u00f1o celebraremos nuestro encuentro m\u00e1s global, inclusivo y abierto para reivindicar el derecho a una educaci\u00f3n de calidad. El XX Encuentro Anual tendr\u00e1 lugar de forma online del 1 al 4 de octubre bajo el lema \u201cLa educaci\u00f3n que sostiene la vida\u201d y contar\u00e1 con sesiones abiertas al p\u00fablico que se emitir\u00e1n en nuestro canal de Youtube.","og_url":"https:\/\/www.entreculturas.org\/ca\/noticia\/20encuentroanual-nuestro-encuentro-mas-global-e-inclusivo-contara-con-ponencias-abiertas-al\/","og_site_name":"Entreculturas","article_publisher":"https:\/\/www.facebook.com\/entreculturas","article_modified_time":"2024-03-06T14:37:09+00:00","og_image":[{"width":800,"height":557,"url":"https:\/\/www.entreculturas.org\/wp-content\/uploads\/2020\/09\/xx_encuentro_anual.jpg","type":"image\/jpeg"}],"twitter_card":"summary_large_image","twitter_site":"@Entreculturas","schema":{"@context":"https:\/\/schema.org","@graph":[{"@type":"WebPage","@id":"https:\/\/www.entreculturas.org\/ca\/noticia\/20encuentroanual-nuestro-encuentro-mas-global-e-inclusivo-contara-con-ponencias-abiertas-al\/","url":"https:\/\/www.entreculturas.org\/ca\/noticia\/20encuentroanual-nuestro-encuentro-mas-global-e-inclusivo-contara-con-ponencias-abiertas-al\/","name":"#20EncuentroAnual: nuestro Encuentro m\u00e1s global e inclusivo contar\u00e1 con ponencias abiertas al p\u00fablico - Entreculturas","isPartOf":{"@id":"https:\/\/www.entreculturas.org\/ca\/#website"},"primaryImageOfPage":{"@id":"https:\/\/www.entreculturas.org\/ca\/noticia\/20encuentroanual-nuestro-encuentro-mas-global-e-inclusivo-contara-con-ponencias-abiertas-al\/#primaryimage"},"image":{"@id":"https:\/\/www.entreculturas.org\/ca\/noticia\/20encuentroanual-nuestro-encuentro-mas-global-e-inclusivo-contara-con-ponencias-abiertas-al\/#primaryimage"},"thumbnailUrl":"https:\/\/www.entreculturas.org\/wp-content\/uploads\/2020\/09\/xx_encuentro_anual.jpg","datePublished":"2020-09-24T11:46:27+00:00","dateModified":"2024-03-06T14:37:09+00:00","breadcrumb":{"@id":"https:\/\/www.entreculturas.org\/ca\/noticia\/20encuentroanual-nuestro-encuentro-mas-global-e-inclusivo-contara-con-ponencias-abiertas-al\/#breadcrumb"},"inLanguage":"ca","potentialAction":[{"@type":"ReadAction","target":["https:\/\/www.entreculturas.org\/ca\/noticia\/20encuentroanual-nuestro-encuentro-mas-global-e-inclusivo-contara-con-ponencias-abiertas-al\/"]}]},{"@type":"ImageObject","inLanguage":"ca","@id":"https:\/\/www.entreculturas.org\/ca\/noticia\/20encuentroanual-nuestro-encuentro-mas-global-e-inclusivo-contara-con-ponencias-abiertas-al\/#primaryimage","url":"https:\/\/www.entreculturas.org\/wp-content\/uploads\/2020\/09\/xx_encuentro_anual.jpg","contentUrl":"https:\/\/www.entreculturas.org\/wp-content\/uploads\/2020\/09\/xx_encuentro_anual.jpg","width":800,"height":557},{"@type":"BreadcrumbList","@id":"https:\/\/www.entreculturas.org\/ca\/noticia\/20encuentroanual-nuestro-encuentro-mas-global-e-inclusivo-contara-con-ponencias-abiertas-al\/#breadcrumb","itemListElement":[{"@type":"ListItem","position":1,"name":"Home","item":"https:\/\/www.entreculturas.org\/ca\/"},{"@type":"ListItem","position":2,"name":"Noticias","item":"https:\/\/www.entreculturas.org\/ca\/noticias\/"},{"@type":"ListItem","position":3,"name":"#20EncuentroAnual: nuestro Encuentro m\u00e1s global e inclusivo contar\u00e1 con ponencias abiertas al p\u00fablico"}]},{"@type":"WebSite","@id":"https:\/\/www.entreculturas.org\/ca\/#website","url":"https:\/\/www.entreculturas.org\/ca\/","name":"Entreculturas","description":"","publisher":{"@id":"https:\/\/www.entreculturas.org\/ca\/#organization"},"alternateName":"Entreculturas","potentialAction":[{"@type":"SearchAction","target":{"@type":"EntryPoint","urlTemplate":"https:\/\/www.entreculturas.org\/ca\/?s={search_term_string}"},"query-input":{"@type":"PropertyValueSpecification","valueRequired":true,"valueName":"search_term_string"}}],"inLanguage":"ca"},{"@type":"Organization","@id":"https:\/\/www.entreculturas.org\/ca\/#organization","name":"Entreculturas","url":"https:\/\/www.entreculturas.org\/ca\/","logo":{"@type":"ImageObject","inLanguage":"ca","@id":"https:\/\/www.entreculturas.org\/ca\/#\/schema\/logo\/image\/","url":"https:\/\/www.entreculturas.org\/wp-content\/uploads\/2025\/10\/ESP.svg","contentUrl":"https:\/\/www.entreculturas.org\/wp-content\/uploads\/2025\/10\/ESP.svg","caption":"Entreculturas"},"image":{"@id":"https:\/\/www.entreculturas.org\/ca\/#\/schema\/logo\/image\/"},"sameAs":["https:\/\/www.facebook.com\/entreculturas","https:\/\/x.com\/Entreculturas","https:\/\/www.instagram.com\/entreculturas\/","https:\/\/www.youtube.com\/user\/entreculturasvideo","https:\/\/www.linkedin.com\/company\/fundacion-entreculturas-ngdo\/","https:\/\/www.flickr.com\/photos\/98455522@N04\/albums\/"]}]}},"_links":{"self":[{"href":"https:\/\/www.entreculturas.org\/ca\/wp-json\/wp\/v2\/noticia\/5143","targetHints":{"allow":["GET"]}}],"collection":[{"href":"https:\/\/www.entreculturas.org\/ca\/wp-json\/wp\/v2\/noticia"}],"about":[{"href":"https:\/\/www.entreculturas.org\/ca\/wp-json\/wp\/v2\/types\/noticia"}],"wp:featuredmedia":[{"embeddable":true,"href":"https:\/\/www.entreculturas.org\/ca\/wp-json\/wp\/v2\/media\/5142"}],"wp:attachment":[{"href":"https:\/\/www.entreculturas.org\/ca\/wp-json\/wp\/v2\/media?parent=5143"}],"wp:term":[{"taxonomy":"category","embeddable":true,"href":"https:\/\/www.entreculturas.org\/ca\/wp-json\/wp\/v2\/categories?post=5143"},{"taxonomy":"post_tag","embeddable":true,"href":"https:\/\/www.entreculturas.org\/ca\/wp-json\/wp\/v2\/tags?post=5143"},{"taxonomy":"country","embeddable":true,"href":"https:\/\/www.entreculturas.org\/ca\/wp-json\/wp\/v2\/country?post=5143"},{"taxonomy":"cause","embeddable":true,"href":"https:\/\/www.entreculturas.org\/ca\/wp-json\/wp\/v2\/cause?post=5143"}],"curies":[{"name":"wp","href":"https:\/\/api.w.org\/{rel}","templated":true}]}}