{"id":5081,"date":"2020-08-25T21:00:29","date_gmt":"2020-08-25T21:00:29","guid":{"rendered":"https:\/\/entreculturasi.wpenginepowered.com\/?noticias=desde-el-observatorio-de-rsc-solicitamos-al-ministerio-de-derechos-sociales-y-agenda-2030"},"modified":"2024-03-06T15:38:08","modified_gmt":"2024-03-06T14:38:08","slug":"desde-el-observatorio-de-rsc-solicitamos-al-ministerio-de-derechos-sociales-y-agenda-2030","status":"publish","type":"noticia","link":"https:\/\/www.entreculturas.org\/ca\/noticia\/desde-el-observatorio-de-rsc-solicitamos-al-ministerio-de-derechos-sociales-y-agenda-2030\/","title":{"rendered":"DESDE EL OBSERVATORIO DE RSC SOLICITAMOS AL MINISTERIO DE DERECHOS SOCIALES Y AGENDA 2030 UNA LEY DE DILIGENCIA DEBIDA"},"content":{"rendered":"<p>El pasado mes de julio el <a href=\"https:\/\/observatoriorsc.org\/\" target=\"_blank\" rel=\"noopener\">Observatorio de Responsabilidad Social Corporativa<\/a>, del que Entreculturas forma parte, ha enviado una <strong>carta al Ministerio de Derechos Sociales y Agenda 2030<\/strong>, solicitando una <strong>ley de debida diligencia en materia de Derechos Humanos y en materia medioambiental.<\/strong><\/p>\n<p>En el contexto actual muchas empresas desarrollan sus actividades o comercializan sus productos en mercados supranacionales, y junto a las buenas pr\u00e1cticas empresariales, tambi\u00e9n son frecuentes los casos de <strong>vulneraciones a los derechos humanos o da\u00f1os al medio ambiente<\/strong> a consecuencia de sus actividades e impactos.&nbsp;<\/p>\n<p>El elemento transnacional unido a las complejas estructuras corporativas, y a la ausencia de est\u00e1ndares legales que definan las obligaciones de las empresas y aseguren el acceso a la justicia a las v\u00edctimas de malas pr\u00e1cticas corporativas, crean una situaci\u00f3n con <strong>importantes lagunas jur\u00eddicas<\/strong>, que permiten a las empresas evadir sus responsabilidades, y que las v\u00edctimas se vean imposibilitadas para ejercer su derecho de acceso a la justicia.<\/p>\n<\/p>\n<p>&nbsp;<\/p>\n<p>Algunos estados europeos, como Francia y Pa\u00edses Bajos, ya han <strong>adoptado medidas legislativas <\/strong>para para prevenir y evitar que estos casos se sigan produciendo. Y otros pa\u00edses, Suiza, Dinamarca y Austria, est\u00e1n en proceso de aprobar normativas al respecto.<\/p>\n<p>Adem\u00e1s, el pasado 29 de abril el comisario europeo de Justicia, Didier Reynders, se comprometi\u00f3 con una iniciativa legislativa obligatoria para las empresas europeas que establecer\u00e1 obligaciones de debida diligencia en materia de derechos humanos y medio ambiente.<\/p>\n<p>Por ello, el Observatorio de Responsabilidad Social Corporativa reclama a Espa\u00f1a que siga la senda iniciada por estos pa\u00edses y apruebe una ley de debida diligencia en derechos humanos y en materia medioambiental, que contemple tambi\u00e9n la <strong>responsabilidad jur\u00eddica de la empresa matriz espa\u00f1ola por posibles vulneraciones de derechos y ambientales en el exterior<\/strong>, cumpliendo as\u00ed el compromiso adquirido por parte de los partidos miembros de la coalici\u00f3n de gobierno actual en sus programas electorales.&nbsp;&nbsp;<\/p>\n<p>De manera paralela a este proceso, el pasado 6 de julio 110 obispos de todo el mundo<a href=\"https:\/\/alfayomega.es\/209247\/110-obispos-de-todo-el-mundo-reclaman-a-la-ue-leyes-de-diligencia-debida\" target=\"_blank\" rel=\"noopener\"> han publicado una declaraci\u00f3n<\/a> solicitando igualmente una legislaci\u00f3n vinculante en Diligencia Debida \u201cque garantice la solidaridad global\u201d.&nbsp;<\/p>\n","protected":false},"excerpt":{"rendered":"<p>El pasado mes de julio el Observatorio de Responsabilidad Social Corporativa, del que Entreculturas forma parte, ha enviado una carta al Ministerio de Derechos Sociales y Agenda 2030, solicitando una ley de debida diligencia en materia de Derechos Humanos y en materia medioambiental. <\/p>\n","protected":false},"featured_media":5080,"template":"single-noticia","meta":{"_acf_changed":false},"categories":[7],"tags":[196],"country":[],"cause":[],"class_list":["post-5081","noticia","type-noticia","status-publish","has-post-thumbnail","hentry","category-noticia","tag-rsc"],"acf":[],"yoast_head":"<!-- This site is optimized with the Yoast SEO Premium plugin v21.6 (Yoast SEO v27.5) - https:\/\/yoast.com\/product\/yoast-seo-premium-wordpress\/ -->\n<title>DESDE EL OBSERVATORIO DE RSC SOLICITAMOS AL MINISTERIO DE DERECHOS SOCIALES Y AGENDA 2030 UNA LEY DE DILIGENCIA DEBIDA - Entreculturas<\/title>\n<meta name=\"robots\" content=\"index, follow, max-snippet:-1, max-image-preview:large, max-video-preview:-1\" \/>\n<link rel=\"canonical\" href=\"https:\/\/www.entreculturas.org\/ca\/noticia\/desde-el-observatorio-de-rsc-solicitamos-al-ministerio-de-derechos-sociales-y-agenda-2030\/\" \/>\n<meta property=\"og:locale\" content=\"ca_ES\" \/>\n<meta property=\"og:type\" content=\"article\" \/>\n<meta property=\"og:title\" content=\"DESDE EL OBSERVATORIO DE RSC SOLICITAMOS AL MINISTERIO DE DERECHOS SOCIALES Y AGENDA 2030 UNA LEY DE DILIGENCIA DEBIDA\" \/>\n<meta property=\"og:description\" content=\"El pasado mes de julio el Observatorio de Responsabilidad Social Corporativa, del que Entreculturas forma parte, ha enviado una carta al Ministerio de Derechos Sociales y Agenda 2030, solicitando una ley de debida diligencia en materia de Derechos Humanos y en materia medioambiental.\" \/>\n<meta property=\"og:url\" content=\"https:\/\/www.entreculturas.org\/ca\/noticia\/desde-el-observatorio-de-rsc-solicitamos-al-ministerio-de-derechos-sociales-y-agenda-2030\/\" \/>\n<meta property=\"og:site_name\" content=\"Entreculturas\" \/>\n<meta property=\"article:publisher\" content=\"https:\/\/www.facebook.com\/entreculturas\" \/>\n<meta property=\"article:modified_time\" content=\"2024-03-06T14:38:08+00:00\" \/>\n<meta property=\"og:image\" content=\"https:\/\/www.entreculturas.org\/wp-content\/uploads\/2020\/08\/imagen_debdiligence_1.jpg\" \/>\n\t<meta property=\"og:image:width\" content=\"900\" \/>\n\t<meta property=\"og:image:height\" content=\"596\" \/>\n\t<meta property=\"og:image:type\" content=\"image\/jpeg\" \/>\n<meta name=\"twitter:card\" content=\"summary_large_image\" \/>\n<meta name=\"twitter:site\" content=\"@Entreculturas\" \/>\n<script type=\"application\/ld+json\" class=\"yoast-schema-graph\">{\"@context\":\"https:\\\/\\\/schema.org\",\"@graph\":[{\"@type\":\"WebPage\",\"@id\":\"https:\\\/\\\/www.entreculturas.org\\\/ca\\\/noticia\\\/desde-el-observatorio-de-rsc-solicitamos-al-ministerio-de-derechos-sociales-y-agenda-2030\\\/\",\"url\":\"https:\\\/\\\/www.entreculturas.org\\\/ca\\\/noticia\\\/desde-el-observatorio-de-rsc-solicitamos-al-ministerio-de-derechos-sociales-y-agenda-2030\\\/\",\"name\":\"DESDE EL OBSERVATORIO DE RSC SOLICITAMOS AL MINISTERIO DE DERECHOS SOCIALES Y AGENDA 2030 UNA LEY DE DILIGENCIA DEBIDA - Entreculturas\",\"isPartOf\":{\"@id\":\"https:\\\/\\\/www.entreculturas.org\\\/ca\\\/#website\"},\"primaryImageOfPage\":{\"@id\":\"https:\\\/\\\/www.entreculturas.org\\\/ca\\\/noticia\\\/desde-el-observatorio-de-rsc-solicitamos-al-ministerio-de-derechos-sociales-y-agenda-2030\\\/#primaryimage\"},\"image\":{\"@id\":\"https:\\\/\\\/www.entreculturas.org\\\/ca\\\/noticia\\\/desde-el-observatorio-de-rsc-solicitamos-al-ministerio-de-derechos-sociales-y-agenda-2030\\\/#primaryimage\"},\"thumbnailUrl\":\"https:\\\/\\\/www.entreculturas.org\\\/wp-content\\\/uploads\\\/2020\\\/08\\\/imagen_debdiligence_1.jpg\",\"datePublished\":\"2020-08-25T21:00:29+00:00\",\"dateModified\":\"2024-03-06T14:38:08+00:00\",\"breadcrumb\":{\"@id\":\"https:\\\/\\\/www.entreculturas.org\\\/ca\\\/noticia\\\/desde-el-observatorio-de-rsc-solicitamos-al-ministerio-de-derechos-sociales-y-agenda-2030\\\/#breadcrumb\"},\"inLanguage\":\"ca\",\"potentialAction\":[{\"@type\":\"ReadAction\",\"target\":[\"https:\\\/\\\/www.entreculturas.org\\\/ca\\\/noticia\\\/desde-el-observatorio-de-rsc-solicitamos-al-ministerio-de-derechos-sociales-y-agenda-2030\\\/\"]}]},{\"@type\":\"ImageObject\",\"inLanguage\":\"ca\",\"@id\":\"https:\\\/\\\/www.entreculturas.org\\\/ca\\\/noticia\\\/desde-el-observatorio-de-rsc-solicitamos-al-ministerio-de-derechos-sociales-y-agenda-2030\\\/#primaryimage\",\"url\":\"https:\\\/\\\/www.entreculturas.org\\\/wp-content\\\/uploads\\\/2020\\\/08\\\/imagen_debdiligence_1.jpg\",\"contentUrl\":\"https:\\\/\\\/www.entreculturas.org\\\/wp-content\\\/uploads\\\/2020\\\/08\\\/imagen_debdiligence_1.jpg\",\"width\":900,\"height\":596},{\"@type\":\"BreadcrumbList\",\"@id\":\"https:\\\/\\\/www.entreculturas.org\\\/ca\\\/noticia\\\/desde-el-observatorio-de-rsc-solicitamos-al-ministerio-de-derechos-sociales-y-agenda-2030\\\/#breadcrumb\",\"itemListElement\":[{\"@type\":\"ListItem\",\"position\":1,\"name\":\"Home\",\"item\":\"https:\\\/\\\/www.entreculturas.org\\\/ca\\\/\"},{\"@type\":\"ListItem\",\"position\":2,\"name\":\"Noticias\",\"item\":\"https:\\\/\\\/www.entreculturas.org\\\/ca\\\/noticias\\\/\"},{\"@type\":\"ListItem\",\"position\":3,\"name\":\"DESDE EL OBSERVATORIO DE RSC SOLICITAMOS AL MINISTERIO DE DERECHOS SOCIALES Y AGENDA 2030 UNA LEY DE DILIGENCIA DEBIDA\"}]},{\"@type\":\"WebSite\",\"@id\":\"https:\\\/\\\/www.entreculturas.org\\\/ca\\\/#website\",\"url\":\"https:\\\/\\\/www.entreculturas.org\\\/ca\\\/\",\"name\":\"Entreculturas\",\"description\":\"\",\"publisher\":{\"@id\":\"https:\\\/\\\/www.entreculturas.org\\\/ca\\\/#organization\"},\"alternateName\":\"Entreculturas\",\"potentialAction\":[{\"@type\":\"SearchAction\",\"target\":{\"@type\":\"EntryPoint\",\"urlTemplate\":\"https:\\\/\\\/www.entreculturas.org\\\/ca\\\/?s={search_term_string}\"},\"query-input\":{\"@type\":\"PropertyValueSpecification\",\"valueRequired\":true,\"valueName\":\"search_term_string\"}}],\"inLanguage\":\"ca\"},{\"@type\":\"Organization\",\"@id\":\"https:\\\/\\\/www.entreculturas.org\\\/ca\\\/#organization\",\"name\":\"Entreculturas\",\"url\":\"https:\\\/\\\/www.entreculturas.org\\\/ca\\\/\",\"logo\":{\"@type\":\"ImageObject\",\"inLanguage\":\"ca\",\"@id\":\"https:\\\/\\\/www.entreculturas.org\\\/ca\\\/#\\\/schema\\\/logo\\\/image\\\/\",\"url\":\"https:\\\/\\\/www.entreculturas.org\\\/wp-content\\\/uploads\\\/2025\\\/10\\\/ESP.svg\",\"contentUrl\":\"https:\\\/\\\/www.entreculturas.org\\\/wp-content\\\/uploads\\\/2025\\\/10\\\/ESP.svg\",\"caption\":\"Entreculturas\"},\"image\":{\"@id\":\"https:\\\/\\\/www.entreculturas.org\\\/ca\\\/#\\\/schema\\\/logo\\\/image\\\/\"},\"sameAs\":[\"https:\\\/\\\/www.facebook.com\\\/entreculturas\",\"https:\\\/\\\/x.com\\\/Entreculturas\",\"https:\\\/\\\/www.instagram.com\\\/entreculturas\\\/\",\"https:\\\/\\\/www.youtube.com\\\/user\\\/entreculturasvideo\",\"https:\\\/\\\/www.linkedin.com\\\/company\\\/fundacion-entreculturas-ngdo\\\/\",\"https:\\\/\\\/www.flickr.com\\\/photos\\\/98455522@N04\\\/albums\\\/\"]}]}<\/script>\n<!-- \/ Yoast SEO Premium plugin. -->","yoast_head_json":{"title":"DESDE EL OBSERVATORIO DE RSC SOLICITAMOS AL MINISTERIO DE DERECHOS SOCIALES Y AGENDA 2030 UNA LEY DE DILIGENCIA DEBIDA - Entreculturas","robots":{"index":"index","follow":"follow","max-snippet":"max-snippet:-1","max-image-preview":"max-image-preview:large","max-video-preview":"max-video-preview:-1"},"canonical":"https:\/\/www.entreculturas.org\/ca\/noticia\/desde-el-observatorio-de-rsc-solicitamos-al-ministerio-de-derechos-sociales-y-agenda-2030\/","og_locale":"ca_ES","og_type":"article","og_title":"DESDE EL OBSERVATORIO DE RSC SOLICITAMOS AL MINISTERIO DE DERECHOS SOCIALES Y AGENDA 2030 UNA LEY DE DILIGENCIA DEBIDA","og_description":"El pasado mes de julio el Observatorio de Responsabilidad Social Corporativa, del que Entreculturas forma parte, ha enviado una carta al Ministerio de Derechos Sociales y Agenda 2030, solicitando una ley de debida diligencia en materia de Derechos Humanos y en materia medioambiental.","og_url":"https:\/\/www.entreculturas.org\/ca\/noticia\/desde-el-observatorio-de-rsc-solicitamos-al-ministerio-de-derechos-sociales-y-agenda-2030\/","og_site_name":"Entreculturas","article_publisher":"https:\/\/www.facebook.com\/entreculturas","article_modified_time":"2024-03-06T14:38:08+00:00","og_image":[{"width":900,"height":596,"url":"https:\/\/www.entreculturas.org\/wp-content\/uploads\/2020\/08\/imagen_debdiligence_1.jpg","type":"image\/jpeg"}],"twitter_card":"summary_large_image","twitter_site":"@Entreculturas","schema":{"@context":"https:\/\/schema.org","@graph":[{"@type":"WebPage","@id":"https:\/\/www.entreculturas.org\/ca\/noticia\/desde-el-observatorio-de-rsc-solicitamos-al-ministerio-de-derechos-sociales-y-agenda-2030\/","url":"https:\/\/www.entreculturas.org\/ca\/noticia\/desde-el-observatorio-de-rsc-solicitamos-al-ministerio-de-derechos-sociales-y-agenda-2030\/","name":"DESDE EL OBSERVATORIO DE RSC SOLICITAMOS AL MINISTERIO DE DERECHOS SOCIALES Y AGENDA 2030 UNA LEY DE DILIGENCIA DEBIDA - Entreculturas","isPartOf":{"@id":"https:\/\/www.entreculturas.org\/ca\/#website"},"primaryImageOfPage":{"@id":"https:\/\/www.entreculturas.org\/ca\/noticia\/desde-el-observatorio-de-rsc-solicitamos-al-ministerio-de-derechos-sociales-y-agenda-2030\/#primaryimage"},"image":{"@id":"https:\/\/www.entreculturas.org\/ca\/noticia\/desde-el-observatorio-de-rsc-solicitamos-al-ministerio-de-derechos-sociales-y-agenda-2030\/#primaryimage"},"thumbnailUrl":"https:\/\/www.entreculturas.org\/wp-content\/uploads\/2020\/08\/imagen_debdiligence_1.jpg","datePublished":"2020-08-25T21:00:29+00:00","dateModified":"2024-03-06T14:38:08+00:00","breadcrumb":{"@id":"https:\/\/www.entreculturas.org\/ca\/noticia\/desde-el-observatorio-de-rsc-solicitamos-al-ministerio-de-derechos-sociales-y-agenda-2030\/#breadcrumb"},"inLanguage":"ca","potentialAction":[{"@type":"ReadAction","target":["https:\/\/www.entreculturas.org\/ca\/noticia\/desde-el-observatorio-de-rsc-solicitamos-al-ministerio-de-derechos-sociales-y-agenda-2030\/"]}]},{"@type":"ImageObject","inLanguage":"ca","@id":"https:\/\/www.entreculturas.org\/ca\/noticia\/desde-el-observatorio-de-rsc-solicitamos-al-ministerio-de-derechos-sociales-y-agenda-2030\/#primaryimage","url":"https:\/\/www.entreculturas.org\/wp-content\/uploads\/2020\/08\/imagen_debdiligence_1.jpg","contentUrl":"https:\/\/www.entreculturas.org\/wp-content\/uploads\/2020\/08\/imagen_debdiligence_1.jpg","width":900,"height":596},{"@type":"BreadcrumbList","@id":"https:\/\/www.entreculturas.org\/ca\/noticia\/desde-el-observatorio-de-rsc-solicitamos-al-ministerio-de-derechos-sociales-y-agenda-2030\/#breadcrumb","itemListElement":[{"@type":"ListItem","position":1,"name":"Home","item":"https:\/\/www.entreculturas.org\/ca\/"},{"@type":"ListItem","position":2,"name":"Noticias","item":"https:\/\/www.entreculturas.org\/ca\/noticias\/"},{"@type":"ListItem","position":3,"name":"DESDE EL OBSERVATORIO DE RSC SOLICITAMOS AL MINISTERIO DE DERECHOS SOCIALES Y AGENDA 2030 UNA LEY DE DILIGENCIA DEBIDA"}]},{"@type":"WebSite","@id":"https:\/\/www.entreculturas.org\/ca\/#website","url":"https:\/\/www.entreculturas.org\/ca\/","name":"Entreculturas","description":"","publisher":{"@id":"https:\/\/www.entreculturas.org\/ca\/#organization"},"alternateName":"Entreculturas","potentialAction":[{"@type":"SearchAction","target":{"@type":"EntryPoint","urlTemplate":"https:\/\/www.entreculturas.org\/ca\/?s={search_term_string}"},"query-input":{"@type":"PropertyValueSpecification","valueRequired":true,"valueName":"search_term_string"}}],"inLanguage":"ca"},{"@type":"Organization","@id":"https:\/\/www.entreculturas.org\/ca\/#organization","name":"Entreculturas","url":"https:\/\/www.entreculturas.org\/ca\/","logo":{"@type":"ImageObject","inLanguage":"ca","@id":"https:\/\/www.entreculturas.org\/ca\/#\/schema\/logo\/image\/","url":"https:\/\/www.entreculturas.org\/wp-content\/uploads\/2025\/10\/ESP.svg","contentUrl":"https:\/\/www.entreculturas.org\/wp-content\/uploads\/2025\/10\/ESP.svg","caption":"Entreculturas"},"image":{"@id":"https:\/\/www.entreculturas.org\/ca\/#\/schema\/logo\/image\/"},"sameAs":["https:\/\/www.facebook.com\/entreculturas","https:\/\/x.com\/Entreculturas","https:\/\/www.instagram.com\/entreculturas\/","https:\/\/www.youtube.com\/user\/entreculturasvideo","https:\/\/www.linkedin.com\/company\/fundacion-entreculturas-ngdo\/","https:\/\/www.flickr.com\/photos\/98455522@N04\/albums\/"]}]}},"_links":{"self":[{"href":"https:\/\/www.entreculturas.org\/ca\/wp-json\/wp\/v2\/noticia\/5081","targetHints":{"allow":["GET"]}}],"collection":[{"href":"https:\/\/www.entreculturas.org\/ca\/wp-json\/wp\/v2\/noticia"}],"about":[{"href":"https:\/\/www.entreculturas.org\/ca\/wp-json\/wp\/v2\/types\/noticia"}],"wp:featuredmedia":[{"embeddable":true,"href":"https:\/\/www.entreculturas.org\/ca\/wp-json\/wp\/v2\/media\/5080"}],"wp:attachment":[{"href":"https:\/\/www.entreculturas.org\/ca\/wp-json\/wp\/v2\/media?parent=5081"}],"wp:term":[{"taxonomy":"category","embeddable":true,"href":"https:\/\/www.entreculturas.org\/ca\/wp-json\/wp\/v2\/categories?post=5081"},{"taxonomy":"post_tag","embeddable":true,"href":"https:\/\/www.entreculturas.org\/ca\/wp-json\/wp\/v2\/tags?post=5081"},{"taxonomy":"country","embeddable":true,"href":"https:\/\/www.entreculturas.org\/ca\/wp-json\/wp\/v2\/country?post=5081"},{"taxonomy":"cause","embeddable":true,"href":"https:\/\/www.entreculturas.org\/ca\/wp-json\/wp\/v2\/cause?post=5081"}],"curies":[{"name":"wp","href":"https:\/\/api.w.org\/{rel}","templated":true}]}}