{"id":5057,"date":"2020-08-18T11:39:39","date_gmt":"2020-08-18T11:39:39","guid":{"rendered":"https:\/\/entreculturasi.wpenginepowered.com\/?noticias=los-problemas-parecen-apilarse-uno-tras-otro-y-la-poblacion-libanesa-esta-cansada-y"},"modified":"2024-03-06T18:01:01","modified_gmt":"2024-03-06T17:01:01","slug":"los-problemas-parecen-apilarse-uno-tras-otro-y-la-poblacion-libanesa-esta-cansada-y","status":"publish","type":"noticia","link":"https:\/\/www.entreculturas.org\/ca\/noticia\/los-problemas-parecen-apilarse-uno-tras-otro-y-la-poblacion-libanesa-esta-cansada-y\/","title":{"rendered":"&#8220;Los problemas parecen apilarse uno tras otro y la poblaci\u00f3n libanesa est\u00e1 cansada y frustrada&#8221;, Miguel Santiuste, expatriado en L\u00edbano"},"content":{"rendered":"<p>Hemos entrevistado a Miguel Santiuste, expatriado de Entreculturas en L\u00edbano, para que nos acerque a la realidad de un pa\u00eds que est\u00e1 atravesando unos momentos extremadamente dif\u00edciles tras la explosi\u00f3n ocurrida en el puerto de la capital el pasado 4 de agosto.&nbsp;<\/p>\n<p><span style=\"color:#FF0000\"><strong>\u00bfCu\u00e1l era la situaci\u00f3n de L\u00edbano antes de la explosi\u00f3n? \u00bfQu\u00e9 retos y dificultades estaba afrontando el pa\u00eds principalmente?<\/strong><\/span><\/p>\n<p>L\u00edbano se encuentra inmerso en un <strong>proceso de transformaci\u00f3n a todos los niveles desde el pasado mes de octubre de 2019<\/strong>. La poblaci\u00f3n libanesa est\u00e1 viviendo una crisis con muchas caras.&nbsp;<\/p>\n<p>Por un lado, hay una crisis de desconfianza en la gobernanza del pa\u00eds, que ha provocado <strong>multitud de protestas en las calles<\/strong> demandando mayores servicios p\u00fablicos, el fin de la corrupci\u00f3n y la puesta en marcha de reformas que beneficien al conjunto de la poblaci\u00f3n.&nbsp;Por otro lado, el pa\u00eds atraviesa por la peor <strong>crisis econ\u00f3mica<\/strong> que se recuerda desde la guerra civil libanesa (1975-1990). La moneda local ha perdido el 80% de su valor en el mercado informal, la inflaci\u00f3n es cada vez mayor y algunos productos y suministros b\u00e1sicos comienzan a escasear, como los productos farmac\u00e9uticos o el suministro el\u00e9ctrico.&nbsp;<\/p>\n<p><strong>El COVID-19 no ha hecho sino exacerbar la grave crisis econ\u00f3mica y ha puesto de manifiesto las carencias del sistema sanitario del pa\u00eds<\/strong>. Pese a que el \u00edndice de contagios continua relativamente controlado (9,337 infectados y 105 fallecidos) el confinamiento y cese de las actividades contin\u00faa haciendo estragos en la poblaci\u00f3n m\u00e1s vulnerable.<\/p>\n<\/p>\n<p>La <strong>poblaci\u00f3n refugiada est\u00e1 sufriendo especialmente<\/strong> las consecuencias del confinamiento.&nbsp;M\u00e1s del 70% de ellos vive bajo el umbral de la pobreza y muchas personas tienen que elegir entre salir a la calle para conseguir un ingreso m\u00ednimo y arriesgarse al contagio o poner en riesgo su supervivencia y la de su familia. Muchas han perdido su trabajo y se estima que el 81% son incapaces de pagar el alquiler para la vivienda. Esta situaci\u00f3n est\u00e1 produciendo que las familias est\u00e9n optando por mecanismos de respuesta como la reducci\u00f3n de la ingesta diaria de comida, mayor endeudamiento o la mudanza a viviendas de peor calidad o con un mayor n\u00famero de personas.&nbsp;Por otro lado, se han intensificando los ataques discriminatorios, como toques de queda exclusivos para refugiados o denegaci\u00f3n de test COVID19<\/p>\n<p><span style=\"color:#FF0000\"><strong>Tras la explosi\u00f3n, \u00bfc\u00f3mo est\u00e1n afectando los da\u00f1os causados a la poblaci\u00f3n beirut\u00ed? \u00bfC\u00f3mo crees que les afectar\u00e1 en el largo plazo?&nbsp;<\/strong><\/span><\/p>\n<p>Las consecuencias de la explosi\u00f3n del 4 de agosto a\u00fan se est\u00e1n dimensionando. Al menos <strong>178 personas han perdido la vida y m\u00e1s de 6.000 han resultado heridas<\/strong> a consecuencia directa de la explosi\u00f3n. Los da\u00f1os en infraestructura son tambi\u00e9n muy significativos. <strong>El puerto de la capital ha quedado pr\u00e1cticamente inutilizable, cerca de 250.000 personas han sufrido da\u00f1os severos en sus casas<\/strong> y multitud de edificios de vital importancia se han visto afectados como hospitales, escuelas, negocios o centros de acopio.&nbsp;<\/p>\n<p>La situaci\u00f3n en el sistema sanitario preocupa especialmente, ya que el aumento de casos por COVID19 ya hab\u00eda puesto al l\u00edmite la capacidad del sistema sanitario Liban\u00e9s. Un total de<strong> 6 hospitales y 20 cl\u00ednicas se han visto gravemente afectadas por la explosi\u00f3n<\/strong>. Tambi\u00e9n se est\u00e1 reportando un preocupante incremento de los casos que requieren <strong>asistencia psicol\u00f3gica por el trauma causado por la fuerte explosi\u00f3n<\/strong>. Muchas personas han perdido a seres queridos en la explosi\u00f3n o han perdido sus casas o negocios. Otras afectadas por la explosi\u00f3n sufren de estr\u00e9s postraum\u00e1tico. Estas heridas tardar\u00e1n mucho tiempo en cerrar y las v\u00edctimas necesitar\u00e1n apoyo psicol\u00f3gico para superar el trauma.<\/p>\n<p>Es dif\u00edcil estimar las consecuencias&nbsp;a largo plazo, pero es muy probable que esta explosi\u00f3n, unida a las m\u00faltiples crisis que atraviesa el pa\u00eds, deje una <strong>huella importante en las personas que viven en L\u00edbano<\/strong>. Los problemas parecen apilarse uno tras otro y<strong> la poblaci\u00f3n libanesa est\u00e1 cansada y frustrada<\/strong>. Dicen que no les quedan l\u00e1grimas para llorar pero es un pueblo fuerte que ha pasado por mucho y con ayuda no les faltar\u00e1n las fuerzas para levantarse una vez m\u00e1s.&nbsp;<\/p>\n<p><span style=\"color:#FF0000\"><strong>\u00bfLa poblaci\u00f3n refugiada ha sido afectada de alguna manera particular?<\/strong><\/span><\/p>\n<p>Se estima que L\u00edbano hospeda a 1,5 millones de personas refugiadas. La gran mayor\u00eda provenientes de Siria. Aunque a\u00fan se desconoce cu\u00e1ntas de ellas han sido afectadas por la explosi\u00f3n, se sabe que algunas trabajaban o viv\u00edan en zonas cercanas a la explosi\u00f3n. Algunas de las personas refugiadas con las que trabajamos han resultado heridas y lamentablemente dos personas han perdido la vida. Nuestra socia contraparte, el Servicio Jesuita para Refugiados (JRS) est\u00e1 trabajando sin descanso en <strong>analizar en qu\u00e9 medida la explosi\u00f3n ha afectado a las personas a las que servimos y c\u00f3mo podemos serles de ayuda.<\/strong><\/p>\n<p><img decoding=\"async\" alt=\"\" src=\"https:\/\/www.entreculturas.org\/wp-content\/uploads\/2020\/08\/jrs.syria_.support.jpg\" style=\"width: 400px;height: 365px\"><br \/><em>Personal de JRS Siria mostrando su apoyo y solidaridad<\/em><\/p>\n<p><strong><span style=\"color:#FF0000\">\u00bfCu\u00e1l es el papel de la asistencia humanitaria en estos momentos? \u00bfQu\u00e9 necesidades hay que atender de manera prioritaria y cu\u00e1les en el largo plazo?<\/span><\/strong><\/p>\n<p>En estos momentos <strong>la coordinaci\u00f3n entre los diferentes actores humanitarios es de vital importancia<\/strong>. El gobierno est\u00e1 liderando la intervenci\u00f3n junto con multitud de organizaciones locales e internacionales que se han sumado a la ayuda y est\u00e1n tratando de dimensionar los da\u00f1os y las consecuencias.&nbsp;<\/p>\n<p>En una primera fase se ha tratado de priorizar en<strong> salvar vidas y garantizar que los heridos fueran atendidos<\/strong>. Todav\u00eda hay personas desaparecidas y heridas en estado cr\u00edtico. El perfil de los supervivientes es muy variado. A las v\u00edctimas con menos recursos se les est\u00e1 apoyando con bienes b\u00e1sicos como productos alimentarios o medicinas, soluciones de vivienda o apoyo psicol\u00f3gico. La situaci\u00f3n alimentaria preocupa en gran medida, L\u00edbano importa el 85% de su comida y los da\u00f1os en el puerto reducir\u00e1n la entrada de alimentos en el pa\u00eds y provocar\u00e1n un aumento de precios todav\u00eda mayor haciendo imposible para la poblaci\u00f3n la compra de estos productos.<\/p>\n<p><strong>La segunda fase se centrar\u00e1 en la recuperaci\u00f3n y reconstrucci\u00f3n<\/strong> de la infraestructura p\u00fablica, la rehabilitaci\u00f3n de viviendas particulares, el apoyo psicol\u00f3gico y estabilizaci\u00f3n de la situaci\u00f3n sanitaria, educativa y econ\u00f3mica del pa\u00eds.&nbsp;<\/p>\n<p><span style=\"color:#FF0000\"><strong>\u00bfQu\u00e9 papel tiene la solidaridad internacional para superar estos momentos de crisis? y, concretamente, \u00bfqu\u00e9 puede hacer la&nbsp; sociedad espa\u00f1ola ante esta situaci\u00f3n?<\/strong><\/span><\/p>\n<p>La situaci\u00f3n en L\u00edbano se est\u00e1 deteriorando a marchas forzadas.<strong> Necesitamos de una intervenci\u00f3n internacional sostenida a gran escala para dar una respuesta a la grav\u00edsima crisis que atraviesa el pa\u00eds<\/strong>. Las aportaciones individuales son igual de importantes. Cada peque\u00f1a ayuda puede suponer un gran cambio para alguna de las miles de v\u00edctimas de la explosi\u00f3n.<\/p>\n<p><img decoding=\"async\" alt=\"\" src=\"https:\/\/www.entreculturas.org\/wp-content\/uploads\/2020\/08\/1708.1.jpg\" style=\"width: 800px;height: 600px\"><br \/><em>Personal del JRS valorando los da\u00f1os causados por la explosi\u00f3n.<\/em><\/p>\n<p><strong><span style=\"color:#FF0000\">\u00bfLos proyectos del JRS se han visto afectados? \u00bfC\u00f3mo est\u00e1n viviendo los compa\u00f1eros y compa\u00f1eras de JRS estos momentos?&nbsp;<\/span><\/strong><\/p>\n<p>La situaci\u00f3n actual que se est\u00e1 viviendo en el pa\u00eds ha hecho que el personal de nuestra socia contraparte, el JRS, est\u00e9 a\u00fan m\u00e1s presente en el terreno. Personal de otras \u00e1reas del pa\u00eds se ha desplazado al barrio de Bourj Hammoud, en Beirut, para<strong> sumar esfuerzos y acompa\u00f1ar a las personas refugiadas<\/strong> que forman parte de nuestro proyectos en la capital libanesa. Puerta a puerta, el personal de JRS est\u00e1 contactando a las personas afectadas por la explosi\u00f3n para conocer el alcance de los da\u00f1os y poder dar alivio y apoyo a las v\u00edctimas.<\/p>\n<p>JRS L\u00edbano agradece enormemente el apoyo que est\u00e1 recibiendo para dar respuesta a este terrible suceso, pero al mismo tiempo solicita <strong>apoyo adicional para poder llegar a m\u00e1s personas con bienes b\u00e1sicos y apoyo&nbsp; psicol\u00f3gico.<\/strong><\/p>\n","protected":false},"excerpt":{"rendered":"<p>Hemos entrevistado a Miguel Santiuste, expatriado de Entreculturas en L\u00edbano, para que nos acerque a la realidad de un pa\u00eds que est\u00e1 atravesando unos momentos extremadamente dif\u00edciles tras la explosi\u00f3n ocurrida en el puerto de la capital el pasado 4 de agosto. <\/p>\n","protected":false},"featured_media":5050,"template":"single-noticia","meta":{"_acf_changed":false},"categories":[7],"tags":[10],"country":[332],"cause":[129],"class_list":["post-5057","noticia","type-noticia","status-publish","has-post-thumbnail","hentry","category-noticia","tag-migracion-y-refugio","country-libano","cause-migracion-y-refugio"],"acf":[],"yoast_head":"<!-- This site is optimized with the Yoast SEO Premium plugin v21.6 (Yoast SEO v27.5) - https:\/\/yoast.com\/product\/yoast-seo-premium-wordpress\/ -->\n<title>&quot;Los problemas parecen apilarse uno tras otro y la poblaci\u00f3n libanesa est\u00e1 cansada y frustrada&quot;, Miguel Santiuste, expatriado en L\u00edbano - Entreculturas<\/title>\n<meta name=\"robots\" content=\"index, follow, max-snippet:-1, max-image-preview:large, max-video-preview:-1\" \/>\n<link rel=\"canonical\" href=\"https:\/\/www.entreculturas.org\/ca\/noticia\/los-problemas-parecen-apilarse-uno-tras-otro-y-la-poblacion-libanesa-esta-cansada-y\/\" \/>\n<meta property=\"og:locale\" content=\"ca_ES\" \/>\n<meta property=\"og:type\" content=\"article\" \/>\n<meta property=\"og:title\" content=\"&quot;Los problemas parecen apilarse uno tras otro y la poblaci\u00f3n libanesa est\u00e1 cansada y frustrada&quot;, Miguel Santiuste, expatriado en L\u00edbano\" \/>\n<meta property=\"og:description\" content=\"Hemos entrevistado a Miguel Santiuste, expatriado de Entreculturas en L\u00edbano, para que nos acerque a la realidad de un pa\u00eds que est\u00e1 atravesando unos momentos extremadamente dif\u00edciles tras la explosi\u00f3n ocurrida en el puerto de la capital el pasado 4 de agosto.\" \/>\n<meta property=\"og:url\" content=\"https:\/\/www.entreculturas.org\/ca\/noticia\/los-problemas-parecen-apilarse-uno-tras-otro-y-la-poblacion-libanesa-esta-cansada-y\/\" \/>\n<meta property=\"og:site_name\" content=\"Entreculturas\" \/>\n<meta property=\"article:publisher\" content=\"https:\/\/www.facebook.com\/entreculturas\" \/>\n<meta property=\"article:modified_time\" content=\"2024-03-06T17:01:01+00:00\" \/>\n<meta property=\"og:image\" content=\"https:\/\/www.entreculturas.org\/wp-content\/uploads\/2020\/08\/jrslibano.jpg\" \/>\n\t<meta property=\"og:image:width\" content=\"2048\" \/>\n\t<meta property=\"og:image:height\" content=\"1365\" \/>\n\t<meta property=\"og:image:type\" content=\"image\/jpeg\" \/>\n<meta name=\"twitter:card\" content=\"summary_large_image\" \/>\n<meta name=\"twitter:site\" content=\"@Entreculturas\" \/>\n<script type=\"application\/ld+json\" class=\"yoast-schema-graph\">{\"@context\":\"https:\\\/\\\/schema.org\",\"@graph\":[{\"@type\":\"WebPage\",\"@id\":\"https:\\\/\\\/www.entreculturas.org\\\/ca\\\/noticia\\\/los-problemas-parecen-apilarse-uno-tras-otro-y-la-poblacion-libanesa-esta-cansada-y\\\/\",\"url\":\"https:\\\/\\\/www.entreculturas.org\\\/ca\\\/noticia\\\/los-problemas-parecen-apilarse-uno-tras-otro-y-la-poblacion-libanesa-esta-cansada-y\\\/\",\"name\":\"\\\"Los problemas parecen apilarse uno tras otro y la poblaci\u00f3n libanesa est\u00e1 cansada y frustrada\\\", Miguel Santiuste, expatriado en L\u00edbano - Entreculturas\",\"isPartOf\":{\"@id\":\"https:\\\/\\\/www.entreculturas.org\\\/ca\\\/#website\"},\"primaryImageOfPage\":{\"@id\":\"https:\\\/\\\/www.entreculturas.org\\\/ca\\\/noticia\\\/los-problemas-parecen-apilarse-uno-tras-otro-y-la-poblacion-libanesa-esta-cansada-y\\\/#primaryimage\"},\"image\":{\"@id\":\"https:\\\/\\\/www.entreculturas.org\\\/ca\\\/noticia\\\/los-problemas-parecen-apilarse-uno-tras-otro-y-la-poblacion-libanesa-esta-cansada-y\\\/#primaryimage\"},\"thumbnailUrl\":\"https:\\\/\\\/www.entreculturas.org\\\/wp-content\\\/uploads\\\/2020\\\/08\\\/jrslibano.jpg\",\"datePublished\":\"2020-08-18T11:39:39+00:00\",\"dateModified\":\"2024-03-06T17:01:01+00:00\",\"breadcrumb\":{\"@id\":\"https:\\\/\\\/www.entreculturas.org\\\/ca\\\/noticia\\\/los-problemas-parecen-apilarse-uno-tras-otro-y-la-poblacion-libanesa-esta-cansada-y\\\/#breadcrumb\"},\"inLanguage\":\"ca\",\"potentialAction\":[{\"@type\":\"ReadAction\",\"target\":[\"https:\\\/\\\/www.entreculturas.org\\\/ca\\\/noticia\\\/los-problemas-parecen-apilarse-uno-tras-otro-y-la-poblacion-libanesa-esta-cansada-y\\\/\"]}]},{\"@type\":\"ImageObject\",\"inLanguage\":\"ca\",\"@id\":\"https:\\\/\\\/www.entreculturas.org\\\/ca\\\/noticia\\\/los-problemas-parecen-apilarse-uno-tras-otro-y-la-poblacion-libanesa-esta-cansada-y\\\/#primaryimage\",\"url\":\"https:\\\/\\\/www.entreculturas.org\\\/wp-content\\\/uploads\\\/2020\\\/08\\\/jrslibano.jpg\",\"contentUrl\":\"https:\\\/\\\/www.entreculturas.org\\\/wp-content\\\/uploads\\\/2020\\\/08\\\/jrslibano.jpg\",\"width\":2048,\"height\":1365},{\"@type\":\"BreadcrumbList\",\"@id\":\"https:\\\/\\\/www.entreculturas.org\\\/ca\\\/noticia\\\/los-problemas-parecen-apilarse-uno-tras-otro-y-la-poblacion-libanesa-esta-cansada-y\\\/#breadcrumb\",\"itemListElement\":[{\"@type\":\"ListItem\",\"position\":1,\"name\":\"Home\",\"item\":\"https:\\\/\\\/www.entreculturas.org\\\/ca\\\/\"},{\"@type\":\"ListItem\",\"position\":2,\"name\":\"Noticias\",\"item\":\"https:\\\/\\\/www.entreculturas.org\\\/ca\\\/noticias\\\/\"},{\"@type\":\"ListItem\",\"position\":3,\"name\":\"&#8220;Los problemas parecen apilarse uno tras otro y la poblaci\u00f3n libanesa est\u00e1 cansada y frustrada&#8221;, Miguel Santiuste, expatriado en L\u00edbano\"}]},{\"@type\":\"WebSite\",\"@id\":\"https:\\\/\\\/www.entreculturas.org\\\/ca\\\/#website\",\"url\":\"https:\\\/\\\/www.entreculturas.org\\\/ca\\\/\",\"name\":\"Entreculturas\",\"description\":\"\",\"publisher\":{\"@id\":\"https:\\\/\\\/www.entreculturas.org\\\/ca\\\/#organization\"},\"alternateName\":\"Entreculturas\",\"potentialAction\":[{\"@type\":\"SearchAction\",\"target\":{\"@type\":\"EntryPoint\",\"urlTemplate\":\"https:\\\/\\\/www.entreculturas.org\\\/ca\\\/?s={search_term_string}\"},\"query-input\":{\"@type\":\"PropertyValueSpecification\",\"valueRequired\":true,\"valueName\":\"search_term_string\"}}],\"inLanguage\":\"ca\"},{\"@type\":\"Organization\",\"@id\":\"https:\\\/\\\/www.entreculturas.org\\\/ca\\\/#organization\",\"name\":\"Entreculturas\",\"url\":\"https:\\\/\\\/www.entreculturas.org\\\/ca\\\/\",\"logo\":{\"@type\":\"ImageObject\",\"inLanguage\":\"ca\",\"@id\":\"https:\\\/\\\/www.entreculturas.org\\\/ca\\\/#\\\/schema\\\/logo\\\/image\\\/\",\"url\":\"https:\\\/\\\/www.entreculturas.org\\\/wp-content\\\/uploads\\\/2025\\\/10\\\/ESP.svg\",\"contentUrl\":\"https:\\\/\\\/www.entreculturas.org\\\/wp-content\\\/uploads\\\/2025\\\/10\\\/ESP.svg\",\"caption\":\"Entreculturas\"},\"image\":{\"@id\":\"https:\\\/\\\/www.entreculturas.org\\\/ca\\\/#\\\/schema\\\/logo\\\/image\\\/\"},\"sameAs\":[\"https:\\\/\\\/www.facebook.com\\\/entreculturas\",\"https:\\\/\\\/x.com\\\/Entreculturas\",\"https:\\\/\\\/www.instagram.com\\\/entreculturas\\\/\",\"https:\\\/\\\/www.youtube.com\\\/user\\\/entreculturasvideo\",\"https:\\\/\\\/www.linkedin.com\\\/company\\\/fundacion-entreculturas-ngdo\\\/\",\"https:\\\/\\\/www.flickr.com\\\/photos\\\/98455522@N04\\\/albums\\\/\"]}]}<\/script>\n<!-- \/ Yoast SEO Premium plugin. -->","yoast_head_json":{"title":"\"Los problemas parecen apilarse uno tras otro y la poblaci\u00f3n libanesa est\u00e1 cansada y frustrada\", Miguel Santiuste, expatriado en L\u00edbano - Entreculturas","robots":{"index":"index","follow":"follow","max-snippet":"max-snippet:-1","max-image-preview":"max-image-preview:large","max-video-preview":"max-video-preview:-1"},"canonical":"https:\/\/www.entreculturas.org\/ca\/noticia\/los-problemas-parecen-apilarse-uno-tras-otro-y-la-poblacion-libanesa-esta-cansada-y\/","og_locale":"ca_ES","og_type":"article","og_title":"\"Los problemas parecen apilarse uno tras otro y la poblaci\u00f3n libanesa est\u00e1 cansada y frustrada\", Miguel Santiuste, expatriado en L\u00edbano","og_description":"Hemos entrevistado a Miguel Santiuste, expatriado de Entreculturas en L\u00edbano, para que nos acerque a la realidad de un pa\u00eds que est\u00e1 atravesando unos momentos extremadamente dif\u00edciles tras la explosi\u00f3n ocurrida en el puerto de la capital el pasado 4 de agosto.","og_url":"https:\/\/www.entreculturas.org\/ca\/noticia\/los-problemas-parecen-apilarse-uno-tras-otro-y-la-poblacion-libanesa-esta-cansada-y\/","og_site_name":"Entreculturas","article_publisher":"https:\/\/www.facebook.com\/entreculturas","article_modified_time":"2024-03-06T17:01:01+00:00","og_image":[{"width":2048,"height":1365,"url":"https:\/\/www.entreculturas.org\/wp-content\/uploads\/2020\/08\/jrslibano.jpg","type":"image\/jpeg"}],"twitter_card":"summary_large_image","twitter_site":"@Entreculturas","schema":{"@context":"https:\/\/schema.org","@graph":[{"@type":"WebPage","@id":"https:\/\/www.entreculturas.org\/ca\/noticia\/los-problemas-parecen-apilarse-uno-tras-otro-y-la-poblacion-libanesa-esta-cansada-y\/","url":"https:\/\/www.entreculturas.org\/ca\/noticia\/los-problemas-parecen-apilarse-uno-tras-otro-y-la-poblacion-libanesa-esta-cansada-y\/","name":"\"Los problemas parecen apilarse uno tras otro y la poblaci\u00f3n libanesa est\u00e1 cansada y frustrada\", Miguel Santiuste, expatriado en L\u00edbano - Entreculturas","isPartOf":{"@id":"https:\/\/www.entreculturas.org\/ca\/#website"},"primaryImageOfPage":{"@id":"https:\/\/www.entreculturas.org\/ca\/noticia\/los-problemas-parecen-apilarse-uno-tras-otro-y-la-poblacion-libanesa-esta-cansada-y\/#primaryimage"},"image":{"@id":"https:\/\/www.entreculturas.org\/ca\/noticia\/los-problemas-parecen-apilarse-uno-tras-otro-y-la-poblacion-libanesa-esta-cansada-y\/#primaryimage"},"thumbnailUrl":"https:\/\/www.entreculturas.org\/wp-content\/uploads\/2020\/08\/jrslibano.jpg","datePublished":"2020-08-18T11:39:39+00:00","dateModified":"2024-03-06T17:01:01+00:00","breadcrumb":{"@id":"https:\/\/www.entreculturas.org\/ca\/noticia\/los-problemas-parecen-apilarse-uno-tras-otro-y-la-poblacion-libanesa-esta-cansada-y\/#breadcrumb"},"inLanguage":"ca","potentialAction":[{"@type":"ReadAction","target":["https:\/\/www.entreculturas.org\/ca\/noticia\/los-problemas-parecen-apilarse-uno-tras-otro-y-la-poblacion-libanesa-esta-cansada-y\/"]}]},{"@type":"ImageObject","inLanguage":"ca","@id":"https:\/\/www.entreculturas.org\/ca\/noticia\/los-problemas-parecen-apilarse-uno-tras-otro-y-la-poblacion-libanesa-esta-cansada-y\/#primaryimage","url":"https:\/\/www.entreculturas.org\/wp-content\/uploads\/2020\/08\/jrslibano.jpg","contentUrl":"https:\/\/www.entreculturas.org\/wp-content\/uploads\/2020\/08\/jrslibano.jpg","width":2048,"height":1365},{"@type":"BreadcrumbList","@id":"https:\/\/www.entreculturas.org\/ca\/noticia\/los-problemas-parecen-apilarse-uno-tras-otro-y-la-poblacion-libanesa-esta-cansada-y\/#breadcrumb","itemListElement":[{"@type":"ListItem","position":1,"name":"Home","item":"https:\/\/www.entreculturas.org\/ca\/"},{"@type":"ListItem","position":2,"name":"Noticias","item":"https:\/\/www.entreculturas.org\/ca\/noticias\/"},{"@type":"ListItem","position":3,"name":"&#8220;Los problemas parecen apilarse uno tras otro y la poblaci\u00f3n libanesa est\u00e1 cansada y frustrada&#8221;, Miguel Santiuste, expatriado en L\u00edbano"}]},{"@type":"WebSite","@id":"https:\/\/www.entreculturas.org\/ca\/#website","url":"https:\/\/www.entreculturas.org\/ca\/","name":"Entreculturas","description":"","publisher":{"@id":"https:\/\/www.entreculturas.org\/ca\/#organization"},"alternateName":"Entreculturas","potentialAction":[{"@type":"SearchAction","target":{"@type":"EntryPoint","urlTemplate":"https:\/\/www.entreculturas.org\/ca\/?s={search_term_string}"},"query-input":{"@type":"PropertyValueSpecification","valueRequired":true,"valueName":"search_term_string"}}],"inLanguage":"ca"},{"@type":"Organization","@id":"https:\/\/www.entreculturas.org\/ca\/#organization","name":"Entreculturas","url":"https:\/\/www.entreculturas.org\/ca\/","logo":{"@type":"ImageObject","inLanguage":"ca","@id":"https:\/\/www.entreculturas.org\/ca\/#\/schema\/logo\/image\/","url":"https:\/\/www.entreculturas.org\/wp-content\/uploads\/2025\/10\/ESP.svg","contentUrl":"https:\/\/www.entreculturas.org\/wp-content\/uploads\/2025\/10\/ESP.svg","caption":"Entreculturas"},"image":{"@id":"https:\/\/www.entreculturas.org\/ca\/#\/schema\/logo\/image\/"},"sameAs":["https:\/\/www.facebook.com\/entreculturas","https:\/\/x.com\/Entreculturas","https:\/\/www.instagram.com\/entreculturas\/","https:\/\/www.youtube.com\/user\/entreculturasvideo","https:\/\/www.linkedin.com\/company\/fundacion-entreculturas-ngdo\/","https:\/\/www.flickr.com\/photos\/98455522@N04\/albums\/"]}]}},"_links":{"self":[{"href":"https:\/\/www.entreculturas.org\/ca\/wp-json\/wp\/v2\/noticia\/5057","targetHints":{"allow":["GET"]}}],"collection":[{"href":"https:\/\/www.entreculturas.org\/ca\/wp-json\/wp\/v2\/noticia"}],"about":[{"href":"https:\/\/www.entreculturas.org\/ca\/wp-json\/wp\/v2\/types\/noticia"}],"wp:featuredmedia":[{"embeddable":true,"href":"https:\/\/www.entreculturas.org\/ca\/wp-json\/wp\/v2\/media\/5050"}],"wp:attachment":[{"href":"https:\/\/www.entreculturas.org\/ca\/wp-json\/wp\/v2\/media?parent=5057"}],"wp:term":[{"taxonomy":"category","embeddable":true,"href":"https:\/\/www.entreculturas.org\/ca\/wp-json\/wp\/v2\/categories?post=5057"},{"taxonomy":"post_tag","embeddable":true,"href":"https:\/\/www.entreculturas.org\/ca\/wp-json\/wp\/v2\/tags?post=5057"},{"taxonomy":"country","embeddable":true,"href":"https:\/\/www.entreculturas.org\/ca\/wp-json\/wp\/v2\/country?post=5057"},{"taxonomy":"cause","embeddable":true,"href":"https:\/\/www.entreculturas.org\/ca\/wp-json\/wp\/v2\/cause?post=5057"}],"curies":[{"name":"wp","href":"https:\/\/api.w.org\/{rel}","templated":true}]}}