{"id":4994,"date":"2020-08-04T08:45:27","date_gmt":"2020-08-04T08:45:27","guid":{"rendered":"https:\/\/entreculturasi.wpenginepowered.com\/?noticias=alumnado-de-escuelas-san-jose-en-valencia-interpretan-la-letra-de-avesenjauladas-traves-de"},"modified":"2024-09-04T10:35:07","modified_gmt":"2024-09-04T08:35:07","slug":"alumnado-de-escuelas-san-jose-en-valencia-interpretan-la-letra-de-avesenjauladas-traves-de","status":"publish","type":"noticia","link":"https:\/\/www.entreculturas.org\/ca\/noticia\/alumnado-de-escuelas-san-jose-en-valencia-interpretan-la-letra-de-avesenjauladas-traves-de\/","title":{"rendered":"Alumnado de Escuelas San Jos\u00e9 en Valencia  interpretan la letra de #AvesEnjauladas a trav\u00e9s de dibujos, cuentos y poemas"},"content":{"rendered":"\n<p><em><strong>\u201cEs como si me leyera la mente, y hubiese puesto m\u00fasica a lo que siento y pienso\u201d.\u00a0<\/strong><\/em>&#8220;<em><strong>Cuando esto acabe ir\u00e9 \u201ccorriendo\u201d a buscar a esa gente que tanto me llena por dentro, porque son muy importantes en mi vida y en este periodo ha sido dif\u00edcil estar sin ellas\u201d.\u00a0<\/strong><\/em><br><em><strong>\u201cNos ense\u00f1a a valorar una cosa tan simple como un abrazo\u201d.<\/strong><\/em><\/p>\n\n\n\n<div style=\"height:30px\" aria-hidden=\"true\" class=\"wp-block-spacer\"><\/div>\n\n\n\n<p>Son algunas de las palabras y sentimientos expresados en forma de dibujos, cuentos,&nbsp; poemas o redacciones que realiz\u00f3 el alumnado de 2\u00ba de la ESO del<strong> colegio jesuita Escuelas San Jos\u00e9 en Valencia, tras escuchar la canci\u00f3n \u201cAves Enjauladas\u201d<\/strong>, que <a href=\"https:\/\/rozalen.entreculturas.org\/\">Rozal\u00e9n dedic\u00f3 a Entreculturas<\/a> y que nos est\u00e1 permitiendo apoyar la red de pisos de acogida de SJM en Valencia. Un trabajo que nace a finales de abril, durante el confinamiento y tras casi un mes sin salir de casa. Es as\u00ed como surge la propuesta de Dani Fabre Alegre, profesor de 2\u00ba de ESO y Ciclo Formativo de Grado Superior de Integraci\u00f3n social, a su alumnado:<\/p>\n\n\n\n<div style=\"height:30px\" aria-hidden=\"true\" class=\"wp-block-spacer\"><\/div>\n\n\n\n<p>\u201cSurge la tarea a partir de la canci\u00f3n, con el objetivo de conocer e<strong> intentar acercarnos a aquel que no lo estaba pasando bien<\/strong>; o de animar al que estaba \u2018de baj\u00f3n\u2019; o de sostener e impulsar a aquel que ya estaba viendo \u2018luz al final del t\u00fanel\u2019, imaginando c\u00f3mo abrazar\u00eda (o le dar\u00eda un \u2018choque de codo\u2019) a aquel familiar que ir\u00e1 a visitar en cuanto pueda\u2026\u201d, nos cuenta Dani. \u201cY, sobre todo, el hacer consciente al alumnado de parte de lo que siente y vive por dentro, volver a sorprendernos con la creatividad, espontaneidad, \u2018vida interior\u2019 y planes de futuro que tienen los adolescentes, y m\u00e1s si est\u00e1n \u201cenjaulados con muchas ganas de volar\u201d.&nbsp;<\/p>\n\n\n\n<div style=\"height:30px\" aria-hidden=\"true\" class=\"wp-block-spacer\"><\/div>\n\n\n\n<p>Es efectivamente a trav\u00e9s de&nbsp; la canci\u00f3n de \u201cAves Enjauladas\u201d que los<strong> 125 alumnos y alumnas de 2\u00ba de la ESO<\/strong> han podido expresar todo aquello con lo que sue\u00f1an hacer \u201ccuando salgan\u201d: dar las gracias a los cuidan, despedirse de los que se marcharon y valorar lo importante. En <strong>un periodo emocionalmente tan intenso para los j\u00f3venes<\/strong>, que han visto truncadas algunas de sus expectativas y modificadas sus pautas de relaci\u00f3n entre iguales, actividades como esta contribuyen a conectar con sus emociones, expresarlas y empatizar con la situaci\u00f3n de muchas personas.&nbsp;<\/p>\n\n\n\n<div style=\"height:30px\" aria-hidden=\"true\" class=\"wp-block-spacer\"><\/div>\n\n\n\n<p>Desde Entreculturas en nuestro trabajo de acompa\u00f1amiento a educadores\/as, centros educativos y a trav\u00e9s de las Red Solidaria de J\u00f3venes, promovemos la formaci\u00f3n, reflexi\u00f3n y participaci\u00f3n para el desarrollo de una ciudadan\u00eda global. A trav\u00e9s de nuestros recursos educativos ofrecemos diversas actividades, que incluyen tambi\u00e9n la m\u00fasica, el arte o el teatro como herramienta para trabajar distintas tem\u00e1ticas relacionadas con la ciudadan\u00eda global.&nbsp;<\/p>\n","protected":false},"excerpt":{"rendered":"<p>125 alumnos y alumnas de 2\u00ba de la ESO el colegio jesuita Escuelas San Jos\u00e9 en Valencia expresaron en forma de dibujos, cuentos, poemas o redacciones los sentimientos que despertaba \u201cAves Enjauladas\u201d, la canci\u00f3n que Rozal\u00e9n dedic\u00f3 a Entreculturas y que nos est\u00e1 permitiendo apoyar la red de pisos de acogida de SJM en Valencia.<\/p>\n","protected":false},"featured_media":4995,"template":"single-noticia","meta":{"_acf_changed":false},"categories":[7],"tags":[289],"country":[120],"cause":[128],"class_list":["post-4994","noticia","type-noticia","status-publish","has-post-thumbnail","hentry","category-noticia","tag-educacion","country-espana","cause-educacion"],"acf":[],"yoast_head":"<!-- This site is optimized with the Yoast SEO Premium plugin v21.6 (Yoast SEO v27.5) - https:\/\/yoast.com\/product\/yoast-seo-premium-wordpress\/ -->\n<title>Alumnado de Escuelas San Jos\u00e9 en Valencia interpretan la letra de #AvesEnjauladas a trav\u00e9s de dibujos, cuentos y poemas - Entreculturas<\/title>\n<meta name=\"robots\" content=\"index, follow, max-snippet:-1, max-image-preview:large, max-video-preview:-1\" \/>\n<link rel=\"canonical\" href=\"https:\/\/www.entreculturas.org\/ca\/noticia\/alumnado-de-escuelas-san-jose-en-valencia-interpretan-la-letra-de-avesenjauladas-traves-de\/\" \/>\n<meta property=\"og:locale\" content=\"ca_ES\" \/>\n<meta property=\"og:type\" content=\"article\" \/>\n<meta property=\"og:title\" content=\"Alumnado de Escuelas San Jos\u00e9 en Valencia interpretan la letra de #AvesEnjauladas a trav\u00e9s de dibujos, cuentos y poemas\" \/>\n<meta property=\"og:description\" content=\"125 alumnos y alumnas de 2\u00ba de la ESO el colegio jesuita Escuelas San Jos\u00e9 en Valencia expresaron en forma de dibujos, cuentos, poemas o redacciones los sentimientos que despertaba \u201cAves Enjauladas\u201d, la canci\u00f3n que Rozal\u00e9n dedic\u00f3 a Entreculturas y que nos est\u00e1 permitiendo apoyar la red de pisos de acogida de SJM en Valencia.\" \/>\n<meta property=\"og:url\" content=\"https:\/\/www.entreculturas.org\/ca\/noticia\/alumnado-de-escuelas-san-jose-en-valencia-interpretan-la-letra-de-avesenjauladas-traves-de\/\" \/>\n<meta property=\"og:site_name\" content=\"Entreculturas\" \/>\n<meta property=\"article:publisher\" content=\"https:\/\/www.facebook.com\/entreculturas\" \/>\n<meta property=\"article:modified_time\" content=\"2024-09-04T08:35:07+00:00\" \/>\n<meta property=\"og:image\" content=\"https:\/\/www.entreculturas.org\/wp-content\/uploads\/2020\/08\/1_2.jpg\" \/>\n\t<meta property=\"og:image:width\" content=\"1000\" \/>\n\t<meta property=\"og:image:height\" content=\"707\" \/>\n\t<meta property=\"og:image:type\" content=\"image\/jpeg\" \/>\n<meta name=\"twitter:card\" content=\"summary_large_image\" \/>\n<meta name=\"twitter:site\" content=\"@Entreculturas\" \/>\n<script type=\"application\/ld+json\" class=\"yoast-schema-graph\">{\"@context\":\"https:\\\/\\\/schema.org\",\"@graph\":[{\"@type\":\"WebPage\",\"@id\":\"https:\\\/\\\/www.entreculturas.org\\\/ca\\\/noticia\\\/alumnado-de-escuelas-san-jose-en-valencia-interpretan-la-letra-de-avesenjauladas-traves-de\\\/\",\"url\":\"https:\\\/\\\/www.entreculturas.org\\\/ca\\\/noticia\\\/alumnado-de-escuelas-san-jose-en-valencia-interpretan-la-letra-de-avesenjauladas-traves-de\\\/\",\"name\":\"Alumnado de Escuelas San Jos\u00e9 en Valencia interpretan la letra de #AvesEnjauladas a trav\u00e9s de dibujos, cuentos y poemas - Entreculturas\",\"isPartOf\":{\"@id\":\"https:\\\/\\\/www.entreculturas.org\\\/ca\\\/#website\"},\"primaryImageOfPage\":{\"@id\":\"https:\\\/\\\/www.entreculturas.org\\\/ca\\\/noticia\\\/alumnado-de-escuelas-san-jose-en-valencia-interpretan-la-letra-de-avesenjauladas-traves-de\\\/#primaryimage\"},\"image\":{\"@id\":\"https:\\\/\\\/www.entreculturas.org\\\/ca\\\/noticia\\\/alumnado-de-escuelas-san-jose-en-valencia-interpretan-la-letra-de-avesenjauladas-traves-de\\\/#primaryimage\"},\"thumbnailUrl\":\"https:\\\/\\\/www.entreculturas.org\\\/wp-content\\\/uploads\\\/2020\\\/08\\\/1_2.jpg\",\"datePublished\":\"2020-08-04T08:45:27+00:00\",\"dateModified\":\"2024-09-04T08:35:07+00:00\",\"breadcrumb\":{\"@id\":\"https:\\\/\\\/www.entreculturas.org\\\/ca\\\/noticia\\\/alumnado-de-escuelas-san-jose-en-valencia-interpretan-la-letra-de-avesenjauladas-traves-de\\\/#breadcrumb\"},\"inLanguage\":\"ca\",\"potentialAction\":[{\"@type\":\"ReadAction\",\"target\":[\"https:\\\/\\\/www.entreculturas.org\\\/ca\\\/noticia\\\/alumnado-de-escuelas-san-jose-en-valencia-interpretan-la-letra-de-avesenjauladas-traves-de\\\/\"]}]},{\"@type\":\"ImageObject\",\"inLanguage\":\"ca\",\"@id\":\"https:\\\/\\\/www.entreculturas.org\\\/ca\\\/noticia\\\/alumnado-de-escuelas-san-jose-en-valencia-interpretan-la-letra-de-avesenjauladas-traves-de\\\/#primaryimage\",\"url\":\"https:\\\/\\\/www.entreculturas.org\\\/wp-content\\\/uploads\\\/2020\\\/08\\\/1_2.jpg\",\"contentUrl\":\"https:\\\/\\\/www.entreculturas.org\\\/wp-content\\\/uploads\\\/2020\\\/08\\\/1_2.jpg\",\"width\":1000,\"height\":707,\"caption\":\"1\"},{\"@type\":\"BreadcrumbList\",\"@id\":\"https:\\\/\\\/www.entreculturas.org\\\/ca\\\/noticia\\\/alumnado-de-escuelas-san-jose-en-valencia-interpretan-la-letra-de-avesenjauladas-traves-de\\\/#breadcrumb\",\"itemListElement\":[{\"@type\":\"ListItem\",\"position\":1,\"name\":\"Home\",\"item\":\"https:\\\/\\\/www.entreculturas.org\\\/ca\\\/\"},{\"@type\":\"ListItem\",\"position\":2,\"name\":\"Noticias\",\"item\":\"https:\\\/\\\/www.entreculturas.org\\\/ca\\\/noticias\\\/\"},{\"@type\":\"ListItem\",\"position\":3,\"name\":\"Alumnado de Escuelas San Jos\u00e9 en Valencia interpretan la letra de #AvesEnjauladas a trav\u00e9s de dibujos, cuentos y poemas\"}]},{\"@type\":\"WebSite\",\"@id\":\"https:\\\/\\\/www.entreculturas.org\\\/ca\\\/#website\",\"url\":\"https:\\\/\\\/www.entreculturas.org\\\/ca\\\/\",\"name\":\"Entreculturas\",\"description\":\"\",\"publisher\":{\"@id\":\"https:\\\/\\\/www.entreculturas.org\\\/ca\\\/#organization\"},\"alternateName\":\"Entreculturas\",\"potentialAction\":[{\"@type\":\"SearchAction\",\"target\":{\"@type\":\"EntryPoint\",\"urlTemplate\":\"https:\\\/\\\/www.entreculturas.org\\\/ca\\\/?s={search_term_string}\"},\"query-input\":{\"@type\":\"PropertyValueSpecification\",\"valueRequired\":true,\"valueName\":\"search_term_string\"}}],\"inLanguage\":\"ca\"},{\"@type\":\"Organization\",\"@id\":\"https:\\\/\\\/www.entreculturas.org\\\/ca\\\/#organization\",\"name\":\"Entreculturas\",\"url\":\"https:\\\/\\\/www.entreculturas.org\\\/ca\\\/\",\"logo\":{\"@type\":\"ImageObject\",\"inLanguage\":\"ca\",\"@id\":\"https:\\\/\\\/www.entreculturas.org\\\/ca\\\/#\\\/schema\\\/logo\\\/image\\\/\",\"url\":\"https:\\\/\\\/www.entreculturas.org\\\/wp-content\\\/uploads\\\/2025\\\/10\\\/ESP.svg\",\"contentUrl\":\"https:\\\/\\\/www.entreculturas.org\\\/wp-content\\\/uploads\\\/2025\\\/10\\\/ESP.svg\",\"caption\":\"Entreculturas\"},\"image\":{\"@id\":\"https:\\\/\\\/www.entreculturas.org\\\/ca\\\/#\\\/schema\\\/logo\\\/image\\\/\"},\"sameAs\":[\"https:\\\/\\\/www.facebook.com\\\/entreculturas\",\"https:\\\/\\\/x.com\\\/Entreculturas\",\"https:\\\/\\\/www.instagram.com\\\/entreculturas\\\/\",\"https:\\\/\\\/www.youtube.com\\\/user\\\/entreculturasvideo\",\"https:\\\/\\\/www.linkedin.com\\\/company\\\/fundacion-entreculturas-ngdo\\\/\",\"https:\\\/\\\/www.flickr.com\\\/photos\\\/98455522@N04\\\/albums\\\/\"]}]}<\/script>\n<!-- \/ Yoast SEO Premium plugin. -->","yoast_head_json":{"title":"Alumnado de Escuelas San Jos\u00e9 en Valencia interpretan la letra de #AvesEnjauladas a trav\u00e9s de dibujos, cuentos y poemas - Entreculturas","robots":{"index":"index","follow":"follow","max-snippet":"max-snippet:-1","max-image-preview":"max-image-preview:large","max-video-preview":"max-video-preview:-1"},"canonical":"https:\/\/www.entreculturas.org\/ca\/noticia\/alumnado-de-escuelas-san-jose-en-valencia-interpretan-la-letra-de-avesenjauladas-traves-de\/","og_locale":"ca_ES","og_type":"article","og_title":"Alumnado de Escuelas San Jos\u00e9 en Valencia interpretan la letra de #AvesEnjauladas a trav\u00e9s de dibujos, cuentos y poemas","og_description":"125 alumnos y alumnas de 2\u00ba de la ESO el colegio jesuita Escuelas San Jos\u00e9 en Valencia expresaron en forma de dibujos, cuentos, poemas o redacciones los sentimientos que despertaba \u201cAves Enjauladas\u201d, la canci\u00f3n que Rozal\u00e9n dedic\u00f3 a Entreculturas y que nos est\u00e1 permitiendo apoyar la red de pisos de acogida de SJM en Valencia.","og_url":"https:\/\/www.entreculturas.org\/ca\/noticia\/alumnado-de-escuelas-san-jose-en-valencia-interpretan-la-letra-de-avesenjauladas-traves-de\/","og_site_name":"Entreculturas","article_publisher":"https:\/\/www.facebook.com\/entreculturas","article_modified_time":"2024-09-04T08:35:07+00:00","og_image":[{"width":1000,"height":707,"url":"https:\/\/www.entreculturas.org\/wp-content\/uploads\/2020\/08\/1_2.jpg","type":"image\/jpeg"}],"twitter_card":"summary_large_image","twitter_site":"@Entreculturas","schema":{"@context":"https:\/\/schema.org","@graph":[{"@type":"WebPage","@id":"https:\/\/www.entreculturas.org\/ca\/noticia\/alumnado-de-escuelas-san-jose-en-valencia-interpretan-la-letra-de-avesenjauladas-traves-de\/","url":"https:\/\/www.entreculturas.org\/ca\/noticia\/alumnado-de-escuelas-san-jose-en-valencia-interpretan-la-letra-de-avesenjauladas-traves-de\/","name":"Alumnado de Escuelas San Jos\u00e9 en Valencia interpretan la letra de #AvesEnjauladas a trav\u00e9s de dibujos, cuentos y poemas - Entreculturas","isPartOf":{"@id":"https:\/\/www.entreculturas.org\/ca\/#website"},"primaryImageOfPage":{"@id":"https:\/\/www.entreculturas.org\/ca\/noticia\/alumnado-de-escuelas-san-jose-en-valencia-interpretan-la-letra-de-avesenjauladas-traves-de\/#primaryimage"},"image":{"@id":"https:\/\/www.entreculturas.org\/ca\/noticia\/alumnado-de-escuelas-san-jose-en-valencia-interpretan-la-letra-de-avesenjauladas-traves-de\/#primaryimage"},"thumbnailUrl":"https:\/\/www.entreculturas.org\/wp-content\/uploads\/2020\/08\/1_2.jpg","datePublished":"2020-08-04T08:45:27+00:00","dateModified":"2024-09-04T08:35:07+00:00","breadcrumb":{"@id":"https:\/\/www.entreculturas.org\/ca\/noticia\/alumnado-de-escuelas-san-jose-en-valencia-interpretan-la-letra-de-avesenjauladas-traves-de\/#breadcrumb"},"inLanguage":"ca","potentialAction":[{"@type":"ReadAction","target":["https:\/\/www.entreculturas.org\/ca\/noticia\/alumnado-de-escuelas-san-jose-en-valencia-interpretan-la-letra-de-avesenjauladas-traves-de\/"]}]},{"@type":"ImageObject","inLanguage":"ca","@id":"https:\/\/www.entreculturas.org\/ca\/noticia\/alumnado-de-escuelas-san-jose-en-valencia-interpretan-la-letra-de-avesenjauladas-traves-de\/#primaryimage","url":"https:\/\/www.entreculturas.org\/wp-content\/uploads\/2020\/08\/1_2.jpg","contentUrl":"https:\/\/www.entreculturas.org\/wp-content\/uploads\/2020\/08\/1_2.jpg","width":1000,"height":707,"caption":"1"},{"@type":"BreadcrumbList","@id":"https:\/\/www.entreculturas.org\/ca\/noticia\/alumnado-de-escuelas-san-jose-en-valencia-interpretan-la-letra-de-avesenjauladas-traves-de\/#breadcrumb","itemListElement":[{"@type":"ListItem","position":1,"name":"Home","item":"https:\/\/www.entreculturas.org\/ca\/"},{"@type":"ListItem","position":2,"name":"Noticias","item":"https:\/\/www.entreculturas.org\/ca\/noticias\/"},{"@type":"ListItem","position":3,"name":"Alumnado de Escuelas San Jos\u00e9 en Valencia interpretan la letra de #AvesEnjauladas a trav\u00e9s de dibujos, cuentos y poemas"}]},{"@type":"WebSite","@id":"https:\/\/www.entreculturas.org\/ca\/#website","url":"https:\/\/www.entreculturas.org\/ca\/","name":"Entreculturas","description":"","publisher":{"@id":"https:\/\/www.entreculturas.org\/ca\/#organization"},"alternateName":"Entreculturas","potentialAction":[{"@type":"SearchAction","target":{"@type":"EntryPoint","urlTemplate":"https:\/\/www.entreculturas.org\/ca\/?s={search_term_string}"},"query-input":{"@type":"PropertyValueSpecification","valueRequired":true,"valueName":"search_term_string"}}],"inLanguage":"ca"},{"@type":"Organization","@id":"https:\/\/www.entreculturas.org\/ca\/#organization","name":"Entreculturas","url":"https:\/\/www.entreculturas.org\/ca\/","logo":{"@type":"ImageObject","inLanguage":"ca","@id":"https:\/\/www.entreculturas.org\/ca\/#\/schema\/logo\/image\/","url":"https:\/\/www.entreculturas.org\/wp-content\/uploads\/2025\/10\/ESP.svg","contentUrl":"https:\/\/www.entreculturas.org\/wp-content\/uploads\/2025\/10\/ESP.svg","caption":"Entreculturas"},"image":{"@id":"https:\/\/www.entreculturas.org\/ca\/#\/schema\/logo\/image\/"},"sameAs":["https:\/\/www.facebook.com\/entreculturas","https:\/\/x.com\/Entreculturas","https:\/\/www.instagram.com\/entreculturas\/","https:\/\/www.youtube.com\/user\/entreculturasvideo","https:\/\/www.linkedin.com\/company\/fundacion-entreculturas-ngdo\/","https:\/\/www.flickr.com\/photos\/98455522@N04\/albums\/"]}]}},"_links":{"self":[{"href":"https:\/\/www.entreculturas.org\/ca\/wp-json\/wp\/v2\/noticia\/4994","targetHints":{"allow":["GET"]}}],"collection":[{"href":"https:\/\/www.entreculturas.org\/ca\/wp-json\/wp\/v2\/noticia"}],"about":[{"href":"https:\/\/www.entreculturas.org\/ca\/wp-json\/wp\/v2\/types\/noticia"}],"wp:featuredmedia":[{"embeddable":true,"href":"https:\/\/www.entreculturas.org\/ca\/wp-json\/wp\/v2\/media\/4995"}],"wp:attachment":[{"href":"https:\/\/www.entreculturas.org\/ca\/wp-json\/wp\/v2\/media?parent=4994"}],"wp:term":[{"taxonomy":"category","embeddable":true,"href":"https:\/\/www.entreculturas.org\/ca\/wp-json\/wp\/v2\/categories?post=4994"},{"taxonomy":"post_tag","embeddable":true,"href":"https:\/\/www.entreculturas.org\/ca\/wp-json\/wp\/v2\/tags?post=4994"},{"taxonomy":"country","embeddable":true,"href":"https:\/\/www.entreculturas.org\/ca\/wp-json\/wp\/v2\/country?post=4994"},{"taxonomy":"cause","embeddable":true,"href":"https:\/\/www.entreculturas.org\/ca\/wp-json\/wp\/v2\/cause?post=4994"}],"curies":[{"name":"wp","href":"https:\/\/api.w.org\/{rel}","templated":true}]}}