{"id":4849,"date":"2020-06-23T10:48:58","date_gmt":"2020-06-23T10:48:58","guid":{"rendered":"https:\/\/entreculturasi.wpenginepowered.com\/?noticias=me-he-dado-cuenta-de-que-hasta-que-no-estas-alli-no-terminas-de-comprender-bien-lo-que"},"modified":"2024-09-04T10:23:28","modified_gmt":"2024-09-04T08:23:28","slug":"me-he-dado-cuenta-de-que-hasta-que-no-estas-alli-no-terminas-de-comprender-bien-lo-que","status":"publish","type":"noticia","link":"https:\/\/www.entreculturas.org\/ca\/noticia\/me-he-dado-cuenta-de-que-hasta-que-no-estas-alli-no-terminas-de-comprender-bien-lo-que\/","title":{"rendered":"&#8220;Me he dado cuenta de que, hasta que no est\u00e1s all\u00ed, no terminas de comprender bien lo que ocurre&#8221;, Rozal\u00e9n, cantautora y activista social"},"content":{"rendered":"\n<p><strong>Mar\u00eda de los \u00c1ngeles Rozal\u00e9n es es una importante activista social que defiende con su m\u00fasica los derechos de las minor\u00edas y comunidades m\u00e1s desfavorecidas. En abril nos sorprendi\u00f3 con un tema que describe de forma optimista sus deseos para el momento en el que \u201clas jaulas\u201d, nuestras casas, se abrieran tras el confinamiento.&nbsp;<\/strong><\/p>\n\n\n\n<div style=\"height:38px\" aria-hidden=\"true\" class=\"wp-block-spacer\"><\/div>\n\n\n\n<p><span style=\"color: #ff0000;\"><strong>\u00bfC\u00f3mo surgi\u00f3 \u201cAves Enjauladas\u201d?\u00bfQu\u00e9 te motiv\u00f3?<\/strong><\/span><br>Cuando estudiaba psicolog\u00eda yo quer\u00eda dedicarme a la cooperaci\u00f3n internacional, a la ayuda internacional, y a m\u00ed me han educado de esa manera. Y mis padres siempre me han dicho que yo debo ser feliz, pero intentando que los dem\u00e1s tambi\u00e9n lo sean. Adem\u00e1s, creo que es la manera m\u00e1s amable de transitar por la vida, de ser m\u00e1s feliz. Con esta idea me sali\u00f3 hacer esa canci\u00f3n.&nbsp;<br>No estaba nada planeado, pero todos necesit\u00e1bamos hablar sobre lo que nos estaba pasando, y como ten\u00eda que servir aqu\u00ed y ahora, habl\u00e9 con Entreculturas.<\/p>\n\n\n\n<div style=\"height:30px\" aria-hidden=\"true\" class=\"wp-block-spacer\"><\/div>\n\n\n\n<p><span style=\"color: #ff0000;\"><strong>El tema est\u00e1 dedicado a familias en situaci\u00f3n de vulnerabilidad que apoyamos en Espa\u00f1a. \u00bfQu\u00e9 significa para ti el compromiso social con ellas en esta crisis?<\/strong><\/span><br>Como es un momento tan dif\u00edcil para mucha gente, sobre todo para la gente m\u00e1s desfavorecida y como hemos hecho muchas cosas juntos, pens\u00e9 en Entreculturas. Os pregunt\u00e9, me hablasteis de la red de pisos que apoy\u00e1is, y decidimos que todo lo recaudado ir\u00eda para las familias que peor lo van a pasar con toda esta crisis que estamos viviendo.<\/p>\n\n\n\n<div style=\"height:30px\" aria-hidden=\"true\" class=\"wp-block-spacer\"><\/div>\n\n\n\n<p><span style=\"color: #ff0000;\"><strong>Antes de la pandemia viajaste con Entreculturas para conocer nuestro programa La Luz de las Ni\u00f1as. \u00bfQu\u00e9 recuerdos dejan en ti esos viajes?&nbsp;<\/strong><\/span><br>He tenido la suerte de estar en Guatemala y en Chad con La Luz de las Ni\u00f1as, y al viajar tan lejos y ver la realidad de otras ni\u00f1as y de otros ni\u00f1os uno comprende mejor las cosas. Me he dado cuenta de que, hasta que no est\u00e1s all\u00ed, no terminas de comprender bien lo que ocurre. Me encanta el proyecto porque te ayuda a conocer realidades; hay ni\u00f1as que, dependiendo de d\u00f3nde nacen, son tratadas peor y son m\u00e1s discriminadas, y eso no es justo. Ante las injusticias no tenemos que callarnos: hay que decirlo y decirlo bien alto.<\/p>\n\n\n\n<div style=\"height:25px\" aria-hidden=\"true\" class=\"wp-block-spacer\"><\/div>\n\n\n\n<p>En Guatemala me impact\u00f3 mucho lo que vi en el barrio de Lim\u00f3n, uno de los m\u00e1s duros y peligrosos del pa\u00eds, el tema de las maras, c\u00f3mo funciona all\u00ed. Lo conoc\u00eda por encima, pero no era consciente de c\u00f3mo era todo esto en Centroam\u00e9rica. En Chad lo que m\u00e1s me impact\u00f3 fue la historia de las mujeres, todo lo relacionado con la mutilaci\u00f3n femenina.<\/p>\n\n\n\n<div style=\"height:30px\" aria-hidden=\"true\" class=\"wp-block-spacer\"><\/div>\n\n\n\n<p><span style=\"color: #ff0000;\"><strong>Tu nuevo tema, \u201cEste tren\u201d, habla de amor, de las oportunidades que brinda la vida: es un tema optimista. \u00bfCu\u00e1les son tus deseos para lo que vendr\u00e1, para toda la gente por la que trabajamos, para las personas m\u00e1s vulnerables?<\/strong><\/span><br>Me encantar\u00eda, aunque suene todo muy ut\u00f3pico, que hubiera m\u00e1s justicia social. Si ya de por s\u00ed la vida no es f\u00e1cil para mucha gente, despu\u00e9s de todo esto que est\u00e1 ocurriendo a\u00fan ser\u00e1 m\u00e1s dif\u00edcil. Quisiera que se sigan creando leyes que faciliten la vida a quien no tiene todas esas oportunidades: eso me gustar\u00eda. M\u00e1s empat\u00eda, m\u00e1s empat\u00eda siempre, porque es lo que siempre falla en el mundo. La gente mira su ombligo y no es capaz de ponerse en la piel del otro.<\/p>\n\n\n\n<div style=\"height:30px\" aria-hidden=\"true\" class=\"wp-block-spacer\"><\/div>\n\n\n\n<figure class=\"wp-block-image aligncenter\"><img decoding=\"async\" src=\"https:\/\/www.entreculturas.org\/wp-content\/uploads\/2020\/06\/rozalen2.jpg\" alt=\"\"\/><\/figure>\n\n\n\n<p><\/p>\n\n\n\n<p><\/p>\n","protected":false},"excerpt":{"rendered":"<p>Mar\u00eda de los \u00c1ngeles Rozal\u00e9n es es una importante activista social que defiende con su m\u00fasica los derechos de las minor\u00edas y comunidades m\u00e1s desfavorecidas. En abril nos sorprendi\u00f3 con un tema que describe de forma optimista sus deseos para el momento en el que \u201clas jaulas\u201d, nuestras casas, se abrieran tras el confinamiento. <\/p>\n","protected":false},"featured_media":4847,"template":"single-noticia","meta":{"_acf_changed":false},"categories":[7],"tags":[293],"country":[],"cause":[130],"class_list":["post-4849","noticia","type-noticia","status-publish","has-post-thumbnail","hentry","category-noticia","tag-genero","cause-genero"],"acf":[],"yoast_head":"<!-- This site is optimized with the Yoast SEO Premium plugin v21.6 (Yoast SEO v27.5) - https:\/\/yoast.com\/product\/yoast-seo-premium-wordpress\/ -->\n<title>&quot;Me he dado cuenta de que, hasta que no est\u00e1s all\u00ed, no terminas de comprender bien lo que ocurre&quot;, Rozal\u00e9n, cantautora y activista social - Entreculturas<\/title>\n<meta name=\"robots\" content=\"index, follow, max-snippet:-1, max-image-preview:large, max-video-preview:-1\" \/>\n<link rel=\"canonical\" href=\"https:\/\/www.entreculturas.org\/ca\/noticia\/me-he-dado-cuenta-de-que-hasta-que-no-estas-alli-no-terminas-de-comprender-bien-lo-que\/\" \/>\n<meta property=\"og:locale\" content=\"ca_ES\" \/>\n<meta property=\"og:type\" content=\"article\" \/>\n<meta property=\"og:title\" content=\"&quot;Me he dado cuenta de que, hasta que no est\u00e1s all\u00ed, no terminas de comprender bien lo que ocurre&quot;, Rozal\u00e9n, cantautora y activista social\" \/>\n<meta property=\"og:description\" content=\"Mar\u00eda de los \u00c1ngeles Rozal\u00e9n es es una importante activista social que defiende con su m\u00fasica los derechos de las minor\u00edas y comunidades m\u00e1s desfavorecidas. En abril nos sorprendi\u00f3 con un tema que describe de forma optimista sus deseos para el momento en el que \u201clas jaulas\u201d, nuestras casas, se abrieran tras el confinamiento.\" \/>\n<meta property=\"og:url\" content=\"https:\/\/www.entreculturas.org\/ca\/noticia\/me-he-dado-cuenta-de-que-hasta-que-no-estas-alli-no-terminas-de-comprender-bien-lo-que\/\" \/>\n<meta property=\"og:site_name\" content=\"Entreculturas\" \/>\n<meta property=\"article:publisher\" content=\"https:\/\/www.facebook.com\/entreculturas\" \/>\n<meta property=\"article:modified_time\" content=\"2024-09-04T08:23:28+00:00\" \/>\n<meta property=\"og:image\" content=\"https:\/\/www.entreculturas.org\/wp-content\/uploads\/2020\/06\/rozalen1.jpg\" \/>\n\t<meta property=\"og:image:width\" content=\"800\" \/>\n\t<meta property=\"og:image:height\" content=\"530\" \/>\n\t<meta property=\"og:image:type\" content=\"image\/jpeg\" \/>\n<meta name=\"twitter:card\" content=\"summary_large_image\" \/>\n<meta name=\"twitter:site\" content=\"@Entreculturas\" \/>\n<script type=\"application\/ld+json\" class=\"yoast-schema-graph\">{\"@context\":\"https:\\\/\\\/schema.org\",\"@graph\":[{\"@type\":\"WebPage\",\"@id\":\"https:\\\/\\\/www.entreculturas.org\\\/ca\\\/noticia\\\/me-he-dado-cuenta-de-que-hasta-que-no-estas-alli-no-terminas-de-comprender-bien-lo-que\\\/\",\"url\":\"https:\\\/\\\/www.entreculturas.org\\\/ca\\\/noticia\\\/me-he-dado-cuenta-de-que-hasta-que-no-estas-alli-no-terminas-de-comprender-bien-lo-que\\\/\",\"name\":\"\\\"Me he dado cuenta de que, hasta que no est\u00e1s all\u00ed, no terminas de comprender bien lo que ocurre\\\", Rozal\u00e9n, cantautora y activista social - Entreculturas\",\"isPartOf\":{\"@id\":\"https:\\\/\\\/www.entreculturas.org\\\/ca\\\/#website\"},\"primaryImageOfPage\":{\"@id\":\"https:\\\/\\\/www.entreculturas.org\\\/ca\\\/noticia\\\/me-he-dado-cuenta-de-que-hasta-que-no-estas-alli-no-terminas-de-comprender-bien-lo-que\\\/#primaryimage\"},\"image\":{\"@id\":\"https:\\\/\\\/www.entreculturas.org\\\/ca\\\/noticia\\\/me-he-dado-cuenta-de-que-hasta-que-no-estas-alli-no-terminas-de-comprender-bien-lo-que\\\/#primaryimage\"},\"thumbnailUrl\":\"https:\\\/\\\/www.entreculturas.org\\\/wp-content\\\/uploads\\\/2020\\\/06\\\/rozalen1.jpg\",\"datePublished\":\"2020-06-23T10:48:58+00:00\",\"dateModified\":\"2024-09-04T08:23:28+00:00\",\"breadcrumb\":{\"@id\":\"https:\\\/\\\/www.entreculturas.org\\\/ca\\\/noticia\\\/me-he-dado-cuenta-de-que-hasta-que-no-estas-alli-no-terminas-de-comprender-bien-lo-que\\\/#breadcrumb\"},\"inLanguage\":\"ca\",\"potentialAction\":[{\"@type\":\"ReadAction\",\"target\":[\"https:\\\/\\\/www.entreculturas.org\\\/ca\\\/noticia\\\/me-he-dado-cuenta-de-que-hasta-que-no-estas-alli-no-terminas-de-comprender-bien-lo-que\\\/\"]}]},{\"@type\":\"ImageObject\",\"inLanguage\":\"ca\",\"@id\":\"https:\\\/\\\/www.entreculturas.org\\\/ca\\\/noticia\\\/me-he-dado-cuenta-de-que-hasta-que-no-estas-alli-no-terminas-de-comprender-bien-lo-que\\\/#primaryimage\",\"url\":\"https:\\\/\\\/www.entreculturas.org\\\/wp-content\\\/uploads\\\/2020\\\/06\\\/rozalen1.jpg\",\"contentUrl\":\"https:\\\/\\\/www.entreculturas.org\\\/wp-content\\\/uploads\\\/2020\\\/06\\\/rozalen1.jpg\",\"width\":800,\"height\":530},{\"@type\":\"BreadcrumbList\",\"@id\":\"https:\\\/\\\/www.entreculturas.org\\\/ca\\\/noticia\\\/me-he-dado-cuenta-de-que-hasta-que-no-estas-alli-no-terminas-de-comprender-bien-lo-que\\\/#breadcrumb\",\"itemListElement\":[{\"@type\":\"ListItem\",\"position\":1,\"name\":\"Home\",\"item\":\"https:\\\/\\\/www.entreculturas.org\\\/ca\\\/\"},{\"@type\":\"ListItem\",\"position\":2,\"name\":\"Noticias\",\"item\":\"https:\\\/\\\/www.entreculturas.org\\\/ca\\\/noticias\\\/\"},{\"@type\":\"ListItem\",\"position\":3,\"name\":\"&#8220;Me he dado cuenta de que, hasta que no est\u00e1s all\u00ed, no terminas de comprender bien lo que ocurre&#8221;, Rozal\u00e9n, cantautora y activista social\"}]},{\"@type\":\"WebSite\",\"@id\":\"https:\\\/\\\/www.entreculturas.org\\\/ca\\\/#website\",\"url\":\"https:\\\/\\\/www.entreculturas.org\\\/ca\\\/\",\"name\":\"Entreculturas\",\"description\":\"\",\"publisher\":{\"@id\":\"https:\\\/\\\/www.entreculturas.org\\\/ca\\\/#organization\"},\"alternateName\":\"Entreculturas\",\"potentialAction\":[{\"@type\":\"SearchAction\",\"target\":{\"@type\":\"EntryPoint\",\"urlTemplate\":\"https:\\\/\\\/www.entreculturas.org\\\/ca\\\/?s={search_term_string}\"},\"query-input\":{\"@type\":\"PropertyValueSpecification\",\"valueRequired\":true,\"valueName\":\"search_term_string\"}}],\"inLanguage\":\"ca\"},{\"@type\":\"Organization\",\"@id\":\"https:\\\/\\\/www.entreculturas.org\\\/ca\\\/#organization\",\"name\":\"Entreculturas\",\"url\":\"https:\\\/\\\/www.entreculturas.org\\\/ca\\\/\",\"logo\":{\"@type\":\"ImageObject\",\"inLanguage\":\"ca\",\"@id\":\"https:\\\/\\\/www.entreculturas.org\\\/ca\\\/#\\\/schema\\\/logo\\\/image\\\/\",\"url\":\"https:\\\/\\\/www.entreculturas.org\\\/wp-content\\\/uploads\\\/2025\\\/10\\\/ESP.svg\",\"contentUrl\":\"https:\\\/\\\/www.entreculturas.org\\\/wp-content\\\/uploads\\\/2025\\\/10\\\/ESP.svg\",\"caption\":\"Entreculturas\"},\"image\":{\"@id\":\"https:\\\/\\\/www.entreculturas.org\\\/ca\\\/#\\\/schema\\\/logo\\\/image\\\/\"},\"sameAs\":[\"https:\\\/\\\/www.facebook.com\\\/entreculturas\",\"https:\\\/\\\/x.com\\\/Entreculturas\",\"https:\\\/\\\/www.instagram.com\\\/entreculturas\\\/\",\"https:\\\/\\\/www.youtube.com\\\/user\\\/entreculturasvideo\",\"https:\\\/\\\/www.linkedin.com\\\/company\\\/fundacion-entreculturas-ngdo\\\/\",\"https:\\\/\\\/www.flickr.com\\\/photos\\\/98455522@N04\\\/albums\\\/\"]}]}<\/script>\n<!-- \/ Yoast SEO Premium plugin. -->","yoast_head_json":{"title":"\"Me he dado cuenta de que, hasta que no est\u00e1s all\u00ed, no terminas de comprender bien lo que ocurre\", Rozal\u00e9n, cantautora y activista social - Entreculturas","robots":{"index":"index","follow":"follow","max-snippet":"max-snippet:-1","max-image-preview":"max-image-preview:large","max-video-preview":"max-video-preview:-1"},"canonical":"https:\/\/www.entreculturas.org\/ca\/noticia\/me-he-dado-cuenta-de-que-hasta-que-no-estas-alli-no-terminas-de-comprender-bien-lo-que\/","og_locale":"ca_ES","og_type":"article","og_title":"\"Me he dado cuenta de que, hasta que no est\u00e1s all\u00ed, no terminas de comprender bien lo que ocurre\", Rozal\u00e9n, cantautora y activista social","og_description":"Mar\u00eda de los \u00c1ngeles Rozal\u00e9n es es una importante activista social que defiende con su m\u00fasica los derechos de las minor\u00edas y comunidades m\u00e1s desfavorecidas. En abril nos sorprendi\u00f3 con un tema que describe de forma optimista sus deseos para el momento en el que \u201clas jaulas\u201d, nuestras casas, se abrieran tras el confinamiento.","og_url":"https:\/\/www.entreculturas.org\/ca\/noticia\/me-he-dado-cuenta-de-que-hasta-que-no-estas-alli-no-terminas-de-comprender-bien-lo-que\/","og_site_name":"Entreculturas","article_publisher":"https:\/\/www.facebook.com\/entreculturas","article_modified_time":"2024-09-04T08:23:28+00:00","og_image":[{"width":800,"height":530,"url":"https:\/\/www.entreculturas.org\/wp-content\/uploads\/2020\/06\/rozalen1.jpg","type":"image\/jpeg"}],"twitter_card":"summary_large_image","twitter_site":"@Entreculturas","schema":{"@context":"https:\/\/schema.org","@graph":[{"@type":"WebPage","@id":"https:\/\/www.entreculturas.org\/ca\/noticia\/me-he-dado-cuenta-de-que-hasta-que-no-estas-alli-no-terminas-de-comprender-bien-lo-que\/","url":"https:\/\/www.entreculturas.org\/ca\/noticia\/me-he-dado-cuenta-de-que-hasta-que-no-estas-alli-no-terminas-de-comprender-bien-lo-que\/","name":"\"Me he dado cuenta de que, hasta que no est\u00e1s all\u00ed, no terminas de comprender bien lo que ocurre\", Rozal\u00e9n, cantautora y activista social - Entreculturas","isPartOf":{"@id":"https:\/\/www.entreculturas.org\/ca\/#website"},"primaryImageOfPage":{"@id":"https:\/\/www.entreculturas.org\/ca\/noticia\/me-he-dado-cuenta-de-que-hasta-que-no-estas-alli-no-terminas-de-comprender-bien-lo-que\/#primaryimage"},"image":{"@id":"https:\/\/www.entreculturas.org\/ca\/noticia\/me-he-dado-cuenta-de-que-hasta-que-no-estas-alli-no-terminas-de-comprender-bien-lo-que\/#primaryimage"},"thumbnailUrl":"https:\/\/www.entreculturas.org\/wp-content\/uploads\/2020\/06\/rozalen1.jpg","datePublished":"2020-06-23T10:48:58+00:00","dateModified":"2024-09-04T08:23:28+00:00","breadcrumb":{"@id":"https:\/\/www.entreculturas.org\/ca\/noticia\/me-he-dado-cuenta-de-que-hasta-que-no-estas-alli-no-terminas-de-comprender-bien-lo-que\/#breadcrumb"},"inLanguage":"ca","potentialAction":[{"@type":"ReadAction","target":["https:\/\/www.entreculturas.org\/ca\/noticia\/me-he-dado-cuenta-de-que-hasta-que-no-estas-alli-no-terminas-de-comprender-bien-lo-que\/"]}]},{"@type":"ImageObject","inLanguage":"ca","@id":"https:\/\/www.entreculturas.org\/ca\/noticia\/me-he-dado-cuenta-de-que-hasta-que-no-estas-alli-no-terminas-de-comprender-bien-lo-que\/#primaryimage","url":"https:\/\/www.entreculturas.org\/wp-content\/uploads\/2020\/06\/rozalen1.jpg","contentUrl":"https:\/\/www.entreculturas.org\/wp-content\/uploads\/2020\/06\/rozalen1.jpg","width":800,"height":530},{"@type":"BreadcrumbList","@id":"https:\/\/www.entreculturas.org\/ca\/noticia\/me-he-dado-cuenta-de-que-hasta-que-no-estas-alli-no-terminas-de-comprender-bien-lo-que\/#breadcrumb","itemListElement":[{"@type":"ListItem","position":1,"name":"Home","item":"https:\/\/www.entreculturas.org\/ca\/"},{"@type":"ListItem","position":2,"name":"Noticias","item":"https:\/\/www.entreculturas.org\/ca\/noticias\/"},{"@type":"ListItem","position":3,"name":"&#8220;Me he dado cuenta de que, hasta que no est\u00e1s all\u00ed, no terminas de comprender bien lo que ocurre&#8221;, Rozal\u00e9n, cantautora y activista social"}]},{"@type":"WebSite","@id":"https:\/\/www.entreculturas.org\/ca\/#website","url":"https:\/\/www.entreculturas.org\/ca\/","name":"Entreculturas","description":"","publisher":{"@id":"https:\/\/www.entreculturas.org\/ca\/#organization"},"alternateName":"Entreculturas","potentialAction":[{"@type":"SearchAction","target":{"@type":"EntryPoint","urlTemplate":"https:\/\/www.entreculturas.org\/ca\/?s={search_term_string}"},"query-input":{"@type":"PropertyValueSpecification","valueRequired":true,"valueName":"search_term_string"}}],"inLanguage":"ca"},{"@type":"Organization","@id":"https:\/\/www.entreculturas.org\/ca\/#organization","name":"Entreculturas","url":"https:\/\/www.entreculturas.org\/ca\/","logo":{"@type":"ImageObject","inLanguage":"ca","@id":"https:\/\/www.entreculturas.org\/ca\/#\/schema\/logo\/image\/","url":"https:\/\/www.entreculturas.org\/wp-content\/uploads\/2025\/10\/ESP.svg","contentUrl":"https:\/\/www.entreculturas.org\/wp-content\/uploads\/2025\/10\/ESP.svg","caption":"Entreculturas"},"image":{"@id":"https:\/\/www.entreculturas.org\/ca\/#\/schema\/logo\/image\/"},"sameAs":["https:\/\/www.facebook.com\/entreculturas","https:\/\/x.com\/Entreculturas","https:\/\/www.instagram.com\/entreculturas\/","https:\/\/www.youtube.com\/user\/entreculturasvideo","https:\/\/www.linkedin.com\/company\/fundacion-entreculturas-ngdo\/","https:\/\/www.flickr.com\/photos\/98455522@N04\/albums\/"]}]}},"_links":{"self":[{"href":"https:\/\/www.entreculturas.org\/ca\/wp-json\/wp\/v2\/noticia\/4849","targetHints":{"allow":["GET"]}}],"collection":[{"href":"https:\/\/www.entreculturas.org\/ca\/wp-json\/wp\/v2\/noticia"}],"about":[{"href":"https:\/\/www.entreculturas.org\/ca\/wp-json\/wp\/v2\/types\/noticia"}],"wp:featuredmedia":[{"embeddable":true,"href":"https:\/\/www.entreculturas.org\/ca\/wp-json\/wp\/v2\/media\/4847"}],"wp:attachment":[{"href":"https:\/\/www.entreculturas.org\/ca\/wp-json\/wp\/v2\/media?parent=4849"}],"wp:term":[{"taxonomy":"category","embeddable":true,"href":"https:\/\/www.entreculturas.org\/ca\/wp-json\/wp\/v2\/categories?post=4849"},{"taxonomy":"post_tag","embeddable":true,"href":"https:\/\/www.entreculturas.org\/ca\/wp-json\/wp\/v2\/tags?post=4849"},{"taxonomy":"country","embeddable":true,"href":"https:\/\/www.entreculturas.org\/ca\/wp-json\/wp\/v2\/country?post=4849"},{"taxonomy":"cause","embeddable":true,"href":"https:\/\/www.entreculturas.org\/ca\/wp-json\/wp\/v2\/cause?post=4849"}],"curies":[{"name":"wp","href":"https:\/\/api.w.org\/{rel}","templated":true}]}}