{"id":4802,"date":"2020-06-19T07:56:23","date_gmt":"2020-06-19T07:56:23","guid":{"rendered":"https:\/\/entreculturasi.wpenginepowered.com\/?noticias=jovenes-valencianos-en-red-por-el-cambio-global"},"modified":"2024-03-06T18:23:17","modified_gmt":"2024-03-06T17:23:17","slug":"jovenes-valencianos-en-red-por-el-cambio-global","status":"publish","type":"noticia","link":"https:\/\/www.entreculturas.org\/ca\/noticia\/jovenes-valencianos-en-red-por-el-cambio-global\/","title":{"rendered":"J\u00f3venes valencianos: en red por el cambio global"},"content":{"rendered":"<table align=\"center\" border=\"0\" cellpadding=\"1\" cellspacing=\"1\" style=\"width:500px\">\n<tbody>\n<tr>\n<td><\/td>\n<td><img decoding=\"async\" alt=\"\" src=\"https:\/\/www.entreculturas.org\/wp-content\/uploads\/2020\/06\/cvongd_logo_para_enviar_imprenta.jpg\" style=\"width: 250px;height: 120px\"><\/td>\n<\/tr>\n<\/tbody>\n<\/table>\n<p>El proyecto, <strong>\u2018J\u00f3venes valencianos: en red por el cambio global\u2019 <\/strong>, apoyado por <strong>Caixa Popular y la Coordinadora Valenciana de ONGDs<\/strong> , se ha planteado en el marco de la labor realizada en los \u00faltimos a\u00f1os por Entreculturas en el \u00e1mbito de la sensibilizaci\u00f3n, formaci\u00f3n y educaci\u00f3n para la acci\u00f3n de j\u00f3venes a trav\u00e9s de grupos solidarios que conforman una Red de j\u00f3venes en distintas comunidades aut\u00f3nomas. Desde hace dos a\u00f1os, estos grupos de j\u00f3venes se han integrado en una <strong>red global denominada \u201cRed Generaci\u00f3n 21+\u201d , promovida por Entreculturas y la Federaci\u00f3n Internacional de Fe y Alegr\u00eda <\/strong>y que agrupa a j\u00f3venes de m\u00e1s de 21 pa\u00edses de Am\u00e9rica Latina. \u00c1frica y Europa.<\/p>\n<p><img decoding=\"async\" alt=\"\" src=\"https:\/\/www.entreculturas.org\/wp-content\/uploads\/2020\/06\/manises-dominicana_img_20200211_123907.jpg\" style=\"width: 250px;height: 188px\">Es esta Red una<strong> herramienta de Educaci\u00f3n para la Ciudadan\u00eda global,<\/strong> con el principal objetivo de sensibilizar y dotar a los j\u00f3venes de herramientas para la participaci\u00f3n activa en el cambio local con una mirada de transformaci\u00f3n social global.<br \/>Se han planteado en este proyecto acciones dirigidas a la implicaci\u00f3n de j\u00f3venes de Comunidad valenciana en esta Red de j\u00f3venes local y global,&nbsp; apoyando la consolidaci\u00f3n de la <strong>\u201cXarxa de Joves solidaris\u201d <\/strong>que se inici\u00f3 en la Comunidad Valenciana hace 12 a\u00f1os.<\/p>\n<p><img decoding=\"async\" alt=\"\" src=\"https:\/\/www.entreculturas.org\/wp-content\/uploads\/2020\/06\/valencia-dominicana_img_20200210_165851.jpg\" style=\"width: 250px;height: 188px;float: right\">M\u00e1s de un centenar de j\u00f3venes integrantes de grupos solidarios de las tres provincias (Alicante, Castell\u00f3n y Valencia) han participado activamente tanto en actividades de sensibilizaci\u00f3n y movilizaci\u00f3n como en actividades de encuentro con otros j\u00f3venes en este periodo. Adem\u00e1s, hemos contado con la visita y trabajo conjunto con<strong> j\u00f3venes y educadores de Rep\u00fablica Dominicana y Guatemala que, en el marco de acciones de la Red Generaci\u00f3n 21+<\/strong> (en la que se integra la Xarxa solid\u00e0ria valenciana),<strong> han compartido espacios en Valencia y Alicante de manera presencial , en el mes de febrero 2020, sirviendo de enlace para el contacto con sus redes juveniles en sus respectivos pa\u00edses.<\/strong><\/p>\n<p><img decoding=\"async\" alt=\"\" src=\"https:\/\/www.entreculturas.org\/wp-content\/uploads\/2020\/06\/grupo_cv_en_encuentro_global.jpg\" style=\"width: 250px;height: 188px\">La participaci\u00f3n de 10 j\u00f3venes representantes de la Xarxa solid\u00e0ria valenciana en el <a href=\"https:\/\/www.entreculturas.org\/es\/7-encuentro-global-red-solidaria-jovenes\" target=\"_blank\" rel=\"noopener\"><strong>VII Encuentro global de j\u00f3venes de Entreculturas<\/strong><\/a> ha supuesto una experiencia muy enriquecedora: en este encuentro participaron un total de 200 j\u00f3venes de 10 pa\u00edses (Chad, Zambia, Portugal, Rep\u00fablica Dominicana, Guatemala, Ecuador, Argentina, Colombia, Nicaragua, y Espa\u00f1a). Un foro juvenil donde la convivencia, el intercambio entre culturas, el trabajo colectivo, supone la<a href=\"https:\/\/twitter.com\/Entreculturas\/status\/1250755821459439616?s=20\" target=\"_blank\" rel=\"noopener\"> vivencia de ser \u201cciudadan\u00eda global\u201d<\/a>: j\u00f3venes que cambian su sociedad en el entorno cercano y que act\u00faan con la mirada global de los grandes retos que se comparten desde los distintos pa\u00edses.<\/p>\n<p>A partir de marzo, la situaci\u00f3n de pandemia COVID-19 y el confinamiento ha obligado a reorientar las acciones previstas: en este caso, lo referente a sensibilizaci\u00f3n y movilizaci\u00f3n de los j\u00f3venes se ha transformado en propuestas de reflexi\u00f3n, debate y sensibilizaci\u00f3n a trav\u00e9s de una serie de propuestas lanzadas desde las redes sociales a los j\u00f3venes integrantes de la Red solidaria: <strong>una nueva campa\u00f1a denominada \u201cRed solidaria en acci\u00f3n\u201d #RSJEnAcci\u00f3n.<\/strong><\/p>\n<p><img decoding=\"async\" alt=\"\" src=\"https:\/\/www.entreculturas.org\/wp-content\/uploads\/2020\/06\/captura_asamblea_virtual.png\" style=\"width: 250px;height: 141px\">La modalidad virtual ha permitido , como oportunidad, lanzar las propuestas no s\u00f3lo en Comunidad valenciana sino tambi\u00e9n en otras comunidades aut\u00f3nomas e incluso con redes juveniles de pa\u00edses de Am\u00e9rica latina m\u00e1s implicados en la Red internacional Generaci\u00f3n 21+.<\/p>\n<p>Como final de proyecto, <strong>se ha realizado una Asamblea planteada como Encuentro de j\u00f3venes virtual<\/strong>, convocatoria que ha reunido a casi 40 j\u00f3venes valencianos y murcianos con otros 40 j\u00f3venes de Guatemala y Dominicana,&nbsp;gener\u00e1ndose un espacio de intercambio muy enriquecedor e ilusionante, fortaleciendo los lazos entre los y las j\u00f3venes , y que ha supuesto una vivencia como red que sin duda influir\u00e1 positivamente en pr\u00f3ximos pasos y actuaciones.&nbsp;<\/p>\n<p><img decoding=\"async\" alt=\"\" src=\"https:\/\/www.entreculturas.org\/wp-content\/uploads\/2020\/06\/palabras_finales_asamblea_virtual.jpeg\" style=\"width: 250px;height: 250px;float: right\">Este proyecto ha contribuido al impulso en la acci\u00f3n local y global de la Red de j\u00f3venes y ha afianzado la participaci\u00f3n de j\u00f3venes valencianos que, a trav\u00e9s del trabajo en equipo, el liderazgo compartido y el encuentro con otros\/as, aprenden a ser agentes de cambio social.<\/p>\n<p>&nbsp;<\/p>\n","protected":false},"excerpt":{"rendered":"<p>El proyecto, \u2018J\u00f3venes valencianos: en red por el cambio global\u2019 , apoyado por Caixa Popular y la Coordinadora Valenciana de ONGDs , se desarrolla en el marco de la labor realizada en los \u00faltimos a\u00f1os por Entreculturas en el \u00e1mbito de la sensibilizaci\u00f3n, formaci\u00f3n y educaci\u00f3n para la acci\u00f3n de j\u00f3venes a trav\u00e9s de grupos solidarios que conforman una Red de j\u00f3venes en distintas comunidades aut\u00f3nomas.<\/p>\n","protected":false},"featured_media":4795,"template":"single-noticia","meta":{"_acf_changed":false},"categories":[7],"tags":[8],"country":[],"cause":[132],"class_list":["post-4802","noticia","type-noticia","status-publish","has-post-thumbnail","hentry","category-noticia","tag-participacion-y-ciudadania-global","cause-participacion-y-ciudadania-global"],"acf":[],"yoast_head":"<!-- This site is optimized with the Yoast SEO Premium plugin v21.6 (Yoast SEO v27.5) - https:\/\/yoast.com\/product\/yoast-seo-premium-wordpress\/ -->\n<title>J\u00f3venes valencianos: en red por el cambio global - Entreculturas<\/title>\n<meta name=\"robots\" content=\"index, follow, max-snippet:-1, max-image-preview:large, max-video-preview:-1\" \/>\n<link rel=\"canonical\" href=\"https:\/\/www.entreculturas.org\/ca\/noticia\/jovenes-valencianos-en-red-por-el-cambio-global\/\" \/>\n<meta property=\"og:locale\" content=\"ca_ES\" \/>\n<meta property=\"og:type\" content=\"article\" \/>\n<meta property=\"og:title\" content=\"J\u00f3venes valencianos: en red por el cambio global\" \/>\n<meta property=\"og:description\" content=\"El proyecto, \u2018J\u00f3venes valencianos: en red por el cambio global\u2019 , apoyado por Caixa Popular y la Coordinadora Valenciana de ONGDs , se desarrolla en el marco de la labor realizada en los \u00faltimos a\u00f1os por Entreculturas en el \u00e1mbito de la sensibilizaci\u00f3n, formaci\u00f3n y educaci\u00f3n para la acci\u00f3n de j\u00f3venes a trav\u00e9s de grupos solidarios que conforman una Red de j\u00f3venes en distintas comunidades aut\u00f3nomas.\" \/>\n<meta property=\"og:url\" content=\"https:\/\/www.entreculturas.org\/ca\/noticia\/jovenes-valencianos-en-red-por-el-cambio-global\/\" \/>\n<meta property=\"og:site_name\" content=\"Entreculturas\" \/>\n<meta property=\"article:publisher\" content=\"https:\/\/www.facebook.com\/entreculturas\" \/>\n<meta property=\"article:modified_time\" content=\"2024-03-06T17:23:17+00:00\" \/>\n<meta property=\"og:image\" content=\"https:\/\/www.entreculturas.org\/wp-content\/uploads\/2020\/06\/valencia-dominicana_img_20200210_165851.jpg\" \/>\n\t<meta property=\"og:image:width\" content=\"1600\" \/>\n\t<meta property=\"og:image:height\" content=\"1200\" \/>\n\t<meta property=\"og:image:type\" content=\"image\/jpeg\" \/>\n<meta name=\"twitter:card\" content=\"summary_large_image\" \/>\n<meta name=\"twitter:site\" content=\"@Entreculturas\" \/>\n<script type=\"application\/ld+json\" class=\"yoast-schema-graph\">{\"@context\":\"https:\\\/\\\/schema.org\",\"@graph\":[{\"@type\":\"WebPage\",\"@id\":\"https:\\\/\\\/www.entreculturas.org\\\/ca\\\/noticia\\\/jovenes-valencianos-en-red-por-el-cambio-global\\\/\",\"url\":\"https:\\\/\\\/www.entreculturas.org\\\/ca\\\/noticia\\\/jovenes-valencianos-en-red-por-el-cambio-global\\\/\",\"name\":\"J\u00f3venes valencianos: en red por el cambio global - Entreculturas\",\"isPartOf\":{\"@id\":\"https:\\\/\\\/www.entreculturas.org\\\/ca\\\/#website\"},\"primaryImageOfPage\":{\"@id\":\"https:\\\/\\\/www.entreculturas.org\\\/ca\\\/noticia\\\/jovenes-valencianos-en-red-por-el-cambio-global\\\/#primaryimage\"},\"image\":{\"@id\":\"https:\\\/\\\/www.entreculturas.org\\\/ca\\\/noticia\\\/jovenes-valencianos-en-red-por-el-cambio-global\\\/#primaryimage\"},\"thumbnailUrl\":\"https:\\\/\\\/www.entreculturas.org\\\/wp-content\\\/uploads\\\/2020\\\/06\\\/valencia-dominicana_img_20200210_165851.jpg\",\"datePublished\":\"2020-06-19T07:56:23+00:00\",\"dateModified\":\"2024-03-06T17:23:17+00:00\",\"breadcrumb\":{\"@id\":\"https:\\\/\\\/www.entreculturas.org\\\/ca\\\/noticia\\\/jovenes-valencianos-en-red-por-el-cambio-global\\\/#breadcrumb\"},\"inLanguage\":\"ca\",\"potentialAction\":[{\"@type\":\"ReadAction\",\"target\":[\"https:\\\/\\\/www.entreculturas.org\\\/ca\\\/noticia\\\/jovenes-valencianos-en-red-por-el-cambio-global\\\/\"]}]},{\"@type\":\"ImageObject\",\"inLanguage\":\"ca\",\"@id\":\"https:\\\/\\\/www.entreculturas.org\\\/ca\\\/noticia\\\/jovenes-valencianos-en-red-por-el-cambio-global\\\/#primaryimage\",\"url\":\"https:\\\/\\\/www.entreculturas.org\\\/wp-content\\\/uploads\\\/2020\\\/06\\\/valencia-dominicana_img_20200210_165851.jpg\",\"contentUrl\":\"https:\\\/\\\/www.entreculturas.org\\\/wp-content\\\/uploads\\\/2020\\\/06\\\/valencia-dominicana_img_20200210_165851.jpg\",\"width\":1600,\"height\":1200},{\"@type\":\"BreadcrumbList\",\"@id\":\"https:\\\/\\\/www.entreculturas.org\\\/ca\\\/noticia\\\/jovenes-valencianos-en-red-por-el-cambio-global\\\/#breadcrumb\",\"itemListElement\":[{\"@type\":\"ListItem\",\"position\":1,\"name\":\"Home\",\"item\":\"https:\\\/\\\/www.entreculturas.org\\\/ca\\\/\"},{\"@type\":\"ListItem\",\"position\":2,\"name\":\"Noticias\",\"item\":\"https:\\\/\\\/www.entreculturas.org\\\/ca\\\/noticias\\\/\"},{\"@type\":\"ListItem\",\"position\":3,\"name\":\"J\u00f3venes valencianos: en red por el cambio global\"}]},{\"@type\":\"WebSite\",\"@id\":\"https:\\\/\\\/www.entreculturas.org\\\/ca\\\/#website\",\"url\":\"https:\\\/\\\/www.entreculturas.org\\\/ca\\\/\",\"name\":\"Entreculturas\",\"description\":\"\",\"publisher\":{\"@id\":\"https:\\\/\\\/www.entreculturas.org\\\/ca\\\/#organization\"},\"alternateName\":\"Entreculturas\",\"potentialAction\":[{\"@type\":\"SearchAction\",\"target\":{\"@type\":\"EntryPoint\",\"urlTemplate\":\"https:\\\/\\\/www.entreculturas.org\\\/ca\\\/?s={search_term_string}\"},\"query-input\":{\"@type\":\"PropertyValueSpecification\",\"valueRequired\":true,\"valueName\":\"search_term_string\"}}],\"inLanguage\":\"ca\"},{\"@type\":\"Organization\",\"@id\":\"https:\\\/\\\/www.entreculturas.org\\\/ca\\\/#organization\",\"name\":\"Entreculturas\",\"url\":\"https:\\\/\\\/www.entreculturas.org\\\/ca\\\/\",\"logo\":{\"@type\":\"ImageObject\",\"inLanguage\":\"ca\",\"@id\":\"https:\\\/\\\/www.entreculturas.org\\\/ca\\\/#\\\/schema\\\/logo\\\/image\\\/\",\"url\":\"https:\\\/\\\/www.entreculturas.org\\\/wp-content\\\/uploads\\\/2025\\\/10\\\/ESP.svg\",\"contentUrl\":\"https:\\\/\\\/www.entreculturas.org\\\/wp-content\\\/uploads\\\/2025\\\/10\\\/ESP.svg\",\"caption\":\"Entreculturas\"},\"image\":{\"@id\":\"https:\\\/\\\/www.entreculturas.org\\\/ca\\\/#\\\/schema\\\/logo\\\/image\\\/\"},\"sameAs\":[\"https:\\\/\\\/www.facebook.com\\\/entreculturas\",\"https:\\\/\\\/x.com\\\/Entreculturas\",\"https:\\\/\\\/www.instagram.com\\\/entreculturas\\\/\",\"https:\\\/\\\/www.youtube.com\\\/user\\\/entreculturasvideo\",\"https:\\\/\\\/www.linkedin.com\\\/company\\\/fundacion-entreculturas-ngdo\\\/\",\"https:\\\/\\\/www.flickr.com\\\/photos\\\/98455522@N04\\\/albums\\\/\"]}]}<\/script>\n<!-- \/ Yoast SEO Premium plugin. -->","yoast_head_json":{"title":"J\u00f3venes valencianos: en red por el cambio global - Entreculturas","robots":{"index":"index","follow":"follow","max-snippet":"max-snippet:-1","max-image-preview":"max-image-preview:large","max-video-preview":"max-video-preview:-1"},"canonical":"https:\/\/www.entreculturas.org\/ca\/noticia\/jovenes-valencianos-en-red-por-el-cambio-global\/","og_locale":"ca_ES","og_type":"article","og_title":"J\u00f3venes valencianos: en red por el cambio global","og_description":"El proyecto, \u2018J\u00f3venes valencianos: en red por el cambio global\u2019 , apoyado por Caixa Popular y la Coordinadora Valenciana de ONGDs , se desarrolla en el marco de la labor realizada en los \u00faltimos a\u00f1os por Entreculturas en el \u00e1mbito de la sensibilizaci\u00f3n, formaci\u00f3n y educaci\u00f3n para la acci\u00f3n de j\u00f3venes a trav\u00e9s de grupos solidarios que conforman una Red de j\u00f3venes en distintas comunidades aut\u00f3nomas.","og_url":"https:\/\/www.entreculturas.org\/ca\/noticia\/jovenes-valencianos-en-red-por-el-cambio-global\/","og_site_name":"Entreculturas","article_publisher":"https:\/\/www.facebook.com\/entreculturas","article_modified_time":"2024-03-06T17:23:17+00:00","og_image":[{"width":1600,"height":1200,"url":"https:\/\/www.entreculturas.org\/wp-content\/uploads\/2020\/06\/valencia-dominicana_img_20200210_165851.jpg","type":"image\/jpeg"}],"twitter_card":"summary_large_image","twitter_site":"@Entreculturas","schema":{"@context":"https:\/\/schema.org","@graph":[{"@type":"WebPage","@id":"https:\/\/www.entreculturas.org\/ca\/noticia\/jovenes-valencianos-en-red-por-el-cambio-global\/","url":"https:\/\/www.entreculturas.org\/ca\/noticia\/jovenes-valencianos-en-red-por-el-cambio-global\/","name":"J\u00f3venes valencianos: en red por el cambio global - Entreculturas","isPartOf":{"@id":"https:\/\/www.entreculturas.org\/ca\/#website"},"primaryImageOfPage":{"@id":"https:\/\/www.entreculturas.org\/ca\/noticia\/jovenes-valencianos-en-red-por-el-cambio-global\/#primaryimage"},"image":{"@id":"https:\/\/www.entreculturas.org\/ca\/noticia\/jovenes-valencianos-en-red-por-el-cambio-global\/#primaryimage"},"thumbnailUrl":"https:\/\/www.entreculturas.org\/wp-content\/uploads\/2020\/06\/valencia-dominicana_img_20200210_165851.jpg","datePublished":"2020-06-19T07:56:23+00:00","dateModified":"2024-03-06T17:23:17+00:00","breadcrumb":{"@id":"https:\/\/www.entreculturas.org\/ca\/noticia\/jovenes-valencianos-en-red-por-el-cambio-global\/#breadcrumb"},"inLanguage":"ca","potentialAction":[{"@type":"ReadAction","target":["https:\/\/www.entreculturas.org\/ca\/noticia\/jovenes-valencianos-en-red-por-el-cambio-global\/"]}]},{"@type":"ImageObject","inLanguage":"ca","@id":"https:\/\/www.entreculturas.org\/ca\/noticia\/jovenes-valencianos-en-red-por-el-cambio-global\/#primaryimage","url":"https:\/\/www.entreculturas.org\/wp-content\/uploads\/2020\/06\/valencia-dominicana_img_20200210_165851.jpg","contentUrl":"https:\/\/www.entreculturas.org\/wp-content\/uploads\/2020\/06\/valencia-dominicana_img_20200210_165851.jpg","width":1600,"height":1200},{"@type":"BreadcrumbList","@id":"https:\/\/www.entreculturas.org\/ca\/noticia\/jovenes-valencianos-en-red-por-el-cambio-global\/#breadcrumb","itemListElement":[{"@type":"ListItem","position":1,"name":"Home","item":"https:\/\/www.entreculturas.org\/ca\/"},{"@type":"ListItem","position":2,"name":"Noticias","item":"https:\/\/www.entreculturas.org\/ca\/noticias\/"},{"@type":"ListItem","position":3,"name":"J\u00f3venes valencianos: en red por el cambio global"}]},{"@type":"WebSite","@id":"https:\/\/www.entreculturas.org\/ca\/#website","url":"https:\/\/www.entreculturas.org\/ca\/","name":"Entreculturas","description":"","publisher":{"@id":"https:\/\/www.entreculturas.org\/ca\/#organization"},"alternateName":"Entreculturas","potentialAction":[{"@type":"SearchAction","target":{"@type":"EntryPoint","urlTemplate":"https:\/\/www.entreculturas.org\/ca\/?s={search_term_string}"},"query-input":{"@type":"PropertyValueSpecification","valueRequired":true,"valueName":"search_term_string"}}],"inLanguage":"ca"},{"@type":"Organization","@id":"https:\/\/www.entreculturas.org\/ca\/#organization","name":"Entreculturas","url":"https:\/\/www.entreculturas.org\/ca\/","logo":{"@type":"ImageObject","inLanguage":"ca","@id":"https:\/\/www.entreculturas.org\/ca\/#\/schema\/logo\/image\/","url":"https:\/\/www.entreculturas.org\/wp-content\/uploads\/2025\/10\/ESP.svg","contentUrl":"https:\/\/www.entreculturas.org\/wp-content\/uploads\/2025\/10\/ESP.svg","caption":"Entreculturas"},"image":{"@id":"https:\/\/www.entreculturas.org\/ca\/#\/schema\/logo\/image\/"},"sameAs":["https:\/\/www.facebook.com\/entreculturas","https:\/\/x.com\/Entreculturas","https:\/\/www.instagram.com\/entreculturas\/","https:\/\/www.youtube.com\/user\/entreculturasvideo","https:\/\/www.linkedin.com\/company\/fundacion-entreculturas-ngdo\/","https:\/\/www.flickr.com\/photos\/98455522@N04\/albums\/"]}]}},"_links":{"self":[{"href":"https:\/\/www.entreculturas.org\/ca\/wp-json\/wp\/v2\/noticia\/4802","targetHints":{"allow":["GET"]}}],"collection":[{"href":"https:\/\/www.entreculturas.org\/ca\/wp-json\/wp\/v2\/noticia"}],"about":[{"href":"https:\/\/www.entreculturas.org\/ca\/wp-json\/wp\/v2\/types\/noticia"}],"wp:featuredmedia":[{"embeddable":true,"href":"https:\/\/www.entreculturas.org\/ca\/wp-json\/wp\/v2\/media\/4795"}],"wp:attachment":[{"href":"https:\/\/www.entreculturas.org\/ca\/wp-json\/wp\/v2\/media?parent=4802"}],"wp:term":[{"taxonomy":"category","embeddable":true,"href":"https:\/\/www.entreculturas.org\/ca\/wp-json\/wp\/v2\/categories?post=4802"},{"taxonomy":"post_tag","embeddable":true,"href":"https:\/\/www.entreculturas.org\/ca\/wp-json\/wp\/v2\/tags?post=4802"},{"taxonomy":"country","embeddable":true,"href":"https:\/\/www.entreculturas.org\/ca\/wp-json\/wp\/v2\/country?post=4802"},{"taxonomy":"cause","embeddable":true,"href":"https:\/\/www.entreculturas.org\/ca\/wp-json\/wp\/v2\/cause?post=4802"}],"curies":[{"name":"wp","href":"https:\/\/api.w.org\/{rel}","templated":true}]}}