{"id":4760,"date":"2020-06-11T09:52:23","date_gmt":"2020-06-11T09:52:23","guid":{"rendered":"https:\/\/entreculturasi.wpenginepowered.com\/?noticias=webinar-migracion-y-refugio-una-mirada-sobre-el-impacto-de-la-crisis-del-covid19-en-las"},"modified":"2024-03-06T15:42:25","modified_gmt":"2024-03-06T14:42:25","slug":"webinar-migracion-y-refugio-una-mirada-sobre-el-impacto-de-la-crisis-del-covid19-en-las","status":"publish","type":"noticia","link":"https:\/\/www.entreculturas.org\/ca\/noticia\/webinar-migracion-y-refugio-una-mirada-sobre-el-impacto-de-la-crisis-del-covid19-en-las\/","title":{"rendered":"Webinar \u2018Migraci\u00f3n y Refugio\u2019: una mirada sobre el impacto de la crisis del Covid19 en las personas desplazadas"},"content":{"rendered":"<p>Dentro de las respuestas que desde Entreculturas estamos dando a la crisis del Covid19, se encuentra la organizaci\u00f3n de tres webinars tem\u00e1ticos a trav\u00e9s de los cuales queremos acercar las distintas realidades con las que trabajamos en tiempos de pandemia. El primero de estos encuentros virtuales, sobre<strong> Migraci\u00f3n y Refugio<\/strong>, ha contado con la participaci\u00f3n de <strong>expertos y expertas en movilidad forzosa<\/strong>, quienes nos han acercado a las consecuencias que la pandemia global est\u00e1 teniendo en esta poblaci\u00f3n vulnerabilizada, y <strong>ha reunido a m\u00e1s de 150 personas de diferentes partes del mundo.&nbsp;<\/strong><br \/>&nbsp;<br \/>En el webinar han participado Luca Fabris, Responsable del Departamento \u00c1frica en Entreculturas; Javier Cortegoso, Coordinaci\u00f3n General de la Red Jesuita con Migrantes en Latinoam\u00e9rica y el Caribe (RJM-LAC); Alvar S\u00e1nchez SJ, Promotor de la Delegaci\u00f3n Diocesana de Migraciones Nador, en Marruecos; y M\u00aa Carmen de la Fuente, Coordinadora del Servicio Jesuita a Migrantes Espa\u00f1a.<br \/>&nbsp;<br \/>Nuestro compa\u00f1ero, Luca Fabris, encargado de abrir el encuentro, ha explicado cu\u00e1l est\u00e1 siendo la respuesta que estamos dando a la crisis del Covid desde Entreculturas. \u201c<strong>Desde el primer momento hemos preguntado a nuestras organizaciones socias sobre cu\u00e1les son sus necesidades<\/strong> y en poco tiempo hemos recogido informaci\u00f3n y puesto en marcha cinco l\u00edneas de acci\u00f3n&#8221;. <strong>Una de estas l\u00edneas de trabajo es la ayuda humanitaria a poblaci\u00f3n con alto grado de vulnerabilidad<\/strong>, como son las personas refugiadas y solicitantes de asilo, migrantes y\/o en contextos de crisis prolongadas.<br \/>&nbsp;<\/p>\n<\/p>\n<p>Tal y como ha asegurado Luca, <strong>desde la irrupci\u00f3n del Covid se han podido observar nuevas din\u00e1micas en los flujos migratorios<\/strong>. \u201cPara entenderlos e interpretarlos hemos convocado a las personas invitadas que nos acompa\u00f1an en este webinar\u201d, ha asegurado Luca.<br \/>&nbsp;<br \/>El primero en tomar la palabra ha sido Javier Cortegoso, quien ha introducido la mirada latinoamericana. \u201c<strong>Am\u00e9rica Latina es un continente en movimiento<\/strong>, una huida que se debe a cinco grandes causas\u201d. Seg\u00fan el Coordinador General de RJM-LAC, la pobreza y la desigualdad; las crisis de las democracias y los Derechos Humanos; las distintas formas de violencia; las negaciones de las diversidades (\u00e9tnica, cultural, sexual\u2026); y los atentados contra el medioambiente est\u00e1n detr\u00e1s de los flujos migratorios latinoamericanos.&nbsp;<br \/>&nbsp;<br \/>Una crisis que ya exist\u00eda antes del Covid y que ha empeorado la situaci\u00f3n de las personas migrantes, refugiadas y en tr\u00e1nsito. \u201cEsta crisis alcanz\u00f3 a miles de personas a pie, caminando\u201d. En este contexto, Javier ha planteado: \u201c<strong>\u00bfc\u00f3mo quedarse en casa cuando te encuentras en centros de detenciones, en campos de personas refugiadas, casas de paso y albergues de migrantes?<\/strong>\u201d. Javier ha asegurado que Am\u00e9rica es <strong>un continente polarizado entre la \u201chostilidad y la hospitalidad\u201d<\/strong>. Ha querido terminar su intervenci\u00f3n con un mensaje de esperanza: <strong>\u201cencuentro esperanza en la hospitalidad cotidiana<\/strong>. En la articulaci\u00f3n en la sociedad civil e iglesia por los derechos humanos, pero, sobre todo, <strong>en la resiliencia y fortaleza de las personas migrantes forzadas\u201d.<\/strong><br \/>&nbsp;<br \/>&nbsp;<img decoding=\"async\" alt=\"\" height=\"555\" src=\"https:\/\/www.entreculturas.org\/wp-content\/uploads\/2020\/06\/45363339424_2d01ec63d2_c.jpg\" width=\"800\"><\/p>\n<p>Para hablar sobre las migraciones en la Frontera Sur ha tomado la palabra \u00c1lvar S\u00e1nchez SJ, Promotor de la Delegaci\u00f3n Diocesana de Migraciones Nador, en Marruecos, quien ha asegurado que en la actualidad se est\u00e1 frenando el flujo migratorio por v\u00eda mar\u00edtima y terrestre de personas que quieren llegar a Espa\u00f1a. \u00c1lvar ha hablado de <strong>\u201cproyectos vitales truncados <\/strong>y un aumento de las patolog\u00edas relacionadas con la salud mental\u201d dentro de la poblaci\u00f3n migrante, a consecuencia de la crisis del Covid y de la situaci\u00f3n de gran vulnerabilidad en la que se encuentran estas personas. <strong>\u201cHan aparecido nuevos movimientos migratorios nunca antes vistos desde Espa\u00f1a hacia al norte de \u00c1frica\u201d,<\/strong> ha afirmado.&nbsp;<\/p>\n<p>Su mensaje final ha ido dirigido a la necesidad de que se haga incidencia desde la ciudadan\u00eda.<strong> \u201cEs necesario que pidamos tres cosas con nuestro voto y voz<\/strong>: que los cuerpos y fuerzas de seguridad de los Estados no utilicen la violencia para disuadir a las personas migrantes; que se trabaje para mejorar la gobernabilidad y establecer v\u00edas legales; y que los Estados trabajen conjuntamente contra las redes de tr\u00e1fico de persona\u201d.&nbsp;<\/p>\n<p>Bajo el t\u00edtulo \u201cMigraci\u00f3n y refugio en Espa\u00f1a\u201d, M\u00aa Carmen de la Fuente ha hablado de la situaci\u00f3n de las personas migrantes dentro de nuestras fronteras, aunque ha observado que la situaci\u00f3n no es homog\u00e9nea para todos ellos y ellas: \u201cen Espa\u00f1a viven m\u00e1s de 5.200.000 migrantes y hay gran diversidad dentro de este colectivo&#8221;, sin embargo, s\u00ed hay un punto en com\u00fan, y es que <strong>\u201cvan a sufrir m\u00e1s y durante m\u00e1s tiempo esta crisis porque parten de una desigualdad previa<\/strong>, sobre todo si est\u00e1n en situaci\u00f3n de irregularidad\u201d.&nbsp;<br \/>&nbsp;<\/p>\n<p><img decoding=\"async\" alt=\"\" height=\"533\" src=\"https:\/\/www.entreculturas.org\/wp-content\/uploads\/2020\/06\/img_2617.jpg\" width=\"800\"><\/p>\n<p>Una de las cuestiones que la Coordinadora del Servicio Jesuita a Migrantes Espa\u00f1a ha querido resaltar es que el Covid19 ha demostrado que la poblaci\u00f3n migrante se encuentra dentro de las <strong>personas esenciales<\/strong>. Sin embargo, denuncia, \u201clas sometemos a la<strong> precariedad laboral y la invisibilidad<\/strong>. La pandemia ha puesto luz sobre c\u00f3mo las vulnerabilizamos justamente para sostener lo esencial de la vida\u201d. M\u00aa Carmen ha tenido palabras tambi\u00e9n para los CIEs, destacando que desde el 6 de mayo los centros de internamiento se vaciaron bajo el anuncio de que reabrir\u00edan sus puertas cuando las fronteras vuelvan a abrirse. <strong>\u201cEsta situaci\u00f3n de pandemia nos ha demostrado que es posible vivir sin CIEs<\/strong>. Si podemos vivir sin CIEs, queremos vivir sin CIEs\u201d.<\/p>\n<p>M\u00aa Carmen ha cerrado su intervenci\u00f3n reflexionando sobre c\u00f3mo podemos <strong>construir hospitalidad:<\/strong> \u201csi realmente sinti\u00e9ramos que quienes tenemos delante son nuestros hermanos y hermanas no solo predicar\u00edamos la fraternidad, sino que tambi\u00e9n la pondr\u00edamos en pr\u00e1ctica. Quiz\u00e1s pod\u00edamos preguntarnos cu\u00e1ntas personas migrantes forman parte de nuestras vidas, qu\u00e9 lugar est\u00e1n ocupando y qu\u00e9 puedo hacer yo para construir hospitalidad\u201d.&nbsp;<\/p>\n<p><span style=\"color:#FF0000\"><strong>Desde Entreculturas ya estamos preparando el siguiente webinar que abordar\u00e1 el derecho y acceso a la educaci\u00f3n en tiempos de Covid.&nbsp;<\/strong><\/span><\/p>\n<p>&nbsp;<\/p>\n<p>&nbsp;<\/p><\/p>\n","protected":false},"excerpt":{"rendered":"<p>Dentro de las respuestas que desde Entreculturas estamos dando a la crisis del Covid19, se encuentra la organizaci\u00f3n de tres webinars tem\u00e1ticos a trav\u00e9s de los cuales queremos acercar las distintas realidades con las que trabajamos en tiempos de pandemia. El primero de estos encuentros virtuales, sobre Migraci\u00f3n y Refugio, ha contado con la participaci\u00f3n de expertos y expertas en movilidad forzosa, quienes nos han acercado a las consecuencias que la pandemia global est\u00e1 teniendo en esta poblaci\u00f3n vulnerabilizada, y ha reunido a m\u00e1s de 150 personas de diferentes partes del mundo.&nbsp;&nbsp;En el webinar han participado Luca Fabris, Responsable del Departamento \u00c1frica en Entreculturas; Javier Cortegoso, Coordinaci\u00f3n General de la Red Jesuita con Migrantes en Latinoam\u00e9rica y el Caribe (RJM-LAC); Alvar S\u00e1nchez SJ, Promotor de la Delegaci\u00f3n Diocesana de Migraciones Nador, en Marruecos; y M\u00aa Carmen de la Fuente, Coordinadora del Servicio Jesuita a Migrantes Espa\u00f1a.&nbsp;Nuestro compa\u00f1ero, Luca Fabris, encargado [&hellip;]<\/p>\n","protected":false},"featured_media":4754,"template":"single-noticia","meta":{"_acf_changed":false},"categories":[7],"tags":[10],"country":[],"cause":[129],"class_list":["post-4760","noticia","type-noticia","status-publish","has-post-thumbnail","hentry","category-noticia","tag-migracion-y-refugio","cause-migracion-y-refugio"],"acf":[],"yoast_head":"<!-- This site is optimized with the Yoast SEO Premium plugin v21.6 (Yoast SEO v27.5) - https:\/\/yoast.com\/product\/yoast-seo-premium-wordpress\/ -->\n<title>Webinar \u2018Migraci\u00f3n y Refugio\u2019: una mirada sobre el impacto de la crisis del Covid19 en las personas desplazadas - Entreculturas<\/title>\n<meta name=\"robots\" content=\"index, follow, max-snippet:-1, max-image-preview:large, max-video-preview:-1\" \/>\n<link rel=\"canonical\" href=\"https:\/\/www.entreculturas.org\/ca\/noticia\/webinar-migracion-y-refugio-una-mirada-sobre-el-impacto-de-la-crisis-del-covid19-en-las\/\" \/>\n<meta property=\"og:locale\" content=\"ca_ES\" \/>\n<meta property=\"og:type\" content=\"article\" \/>\n<meta property=\"og:title\" content=\"Webinar \u2018Migraci\u00f3n y Refugio\u2019: una mirada sobre el impacto de la crisis del Covid19 en las personas desplazadas\" \/>\n<meta property=\"og:description\" content=\"Dentro de las respuestas que desde Entreculturas estamos dando a la crisis del Covid19, se encuentra la organizaci\u00f3n de tres webinars tem\u00e1ticos a trav\u00e9s de los cuales queremos acercar las distintas realidades con las que trabajamos en tiempos de pandemia. El primero de estos encuentros virtuales, sobre Migraci\u00f3n y Refugio, ha contado con la participaci\u00f3n de expertos y expertas en movilidad forzosa, quienes nos han acercado a las consecuencias que la pandemia global est\u00e1 teniendo en esta poblaci\u00f3n vulnerabilizada, y ha reunido a m\u00e1s de 150 personas de diferentes partes del mundo.&nbsp;&nbsp;En el webinar han participado Luca Fabris, Responsable del Departamento \u00c1frica en Entreculturas; Javier Cortegoso, Coordinaci\u00f3n General de la Red Jesuita con Migrantes en Latinoam\u00e9rica y el Caribe (RJM-LAC); Alvar S\u00e1nchez SJ, Promotor de la Delegaci\u00f3n Diocesana de Migraciones Nador, en Marruecos; y M\u00aa Carmen de la Fuente, Coordinadora del Servicio Jesuita a Migrantes Espa\u00f1a.&nbsp;Nuestro compa\u00f1ero, Luca Fabris, encargado [&hellip;]\" \/>\n<meta property=\"og:url\" content=\"https:\/\/www.entreculturas.org\/ca\/noticia\/webinar-migracion-y-refugio-una-mirada-sobre-el-impacto-de-la-crisis-del-covid19-en-las\/\" \/>\n<meta property=\"og:site_name\" content=\"Entreculturas\" \/>\n<meta property=\"article:publisher\" content=\"https:\/\/www.facebook.com\/entreculturas\" \/>\n<meta property=\"article:modified_time\" content=\"2024-03-06T14:42:25+00:00\" \/>\n<meta property=\"og:image\" content=\"https:\/\/www.entreculturas.org\/wp-content\/uploads\/2020\/06\/captura_de_pantalla_2020-06-09_a_las_9.56.05.png\" \/>\n\t<meta property=\"og:image:width\" content=\"800\" \/>\n\t<meta property=\"og:image:height\" content=\"652\" \/>\n\t<meta property=\"og:image:type\" content=\"image\/png\" \/>\n<meta name=\"twitter:card\" content=\"summary_large_image\" \/>\n<meta name=\"twitter:site\" content=\"@Entreculturas\" \/>\n<script type=\"application\/ld+json\" class=\"yoast-schema-graph\">{\"@context\":\"https:\\\/\\\/schema.org\",\"@graph\":[{\"@type\":\"WebPage\",\"@id\":\"https:\\\/\\\/www.entreculturas.org\\\/ca\\\/noticia\\\/webinar-migracion-y-refugio-una-mirada-sobre-el-impacto-de-la-crisis-del-covid19-en-las\\\/\",\"url\":\"https:\\\/\\\/www.entreculturas.org\\\/ca\\\/noticia\\\/webinar-migracion-y-refugio-una-mirada-sobre-el-impacto-de-la-crisis-del-covid19-en-las\\\/\",\"name\":\"Webinar \u2018Migraci\u00f3n y Refugio\u2019: una mirada sobre el impacto de la crisis del Covid19 en las personas desplazadas - Entreculturas\",\"isPartOf\":{\"@id\":\"https:\\\/\\\/www.entreculturas.org\\\/ca\\\/#website\"},\"primaryImageOfPage\":{\"@id\":\"https:\\\/\\\/www.entreculturas.org\\\/ca\\\/noticia\\\/webinar-migracion-y-refugio-una-mirada-sobre-el-impacto-de-la-crisis-del-covid19-en-las\\\/#primaryimage\"},\"image\":{\"@id\":\"https:\\\/\\\/www.entreculturas.org\\\/ca\\\/noticia\\\/webinar-migracion-y-refugio-una-mirada-sobre-el-impacto-de-la-crisis-del-covid19-en-las\\\/#primaryimage\"},\"thumbnailUrl\":\"https:\\\/\\\/www.entreculturas.org\\\/wp-content\\\/uploads\\\/2020\\\/06\\\/captura_de_pantalla_2020-06-09_a_las_9.56.05.png\",\"datePublished\":\"2020-06-11T09:52:23+00:00\",\"dateModified\":\"2024-03-06T14:42:25+00:00\",\"breadcrumb\":{\"@id\":\"https:\\\/\\\/www.entreculturas.org\\\/ca\\\/noticia\\\/webinar-migracion-y-refugio-una-mirada-sobre-el-impacto-de-la-crisis-del-covid19-en-las\\\/#breadcrumb\"},\"inLanguage\":\"ca\",\"potentialAction\":[{\"@type\":\"ReadAction\",\"target\":[\"https:\\\/\\\/www.entreculturas.org\\\/ca\\\/noticia\\\/webinar-migracion-y-refugio-una-mirada-sobre-el-impacto-de-la-crisis-del-covid19-en-las\\\/\"]}]},{\"@type\":\"ImageObject\",\"inLanguage\":\"ca\",\"@id\":\"https:\\\/\\\/www.entreculturas.org\\\/ca\\\/noticia\\\/webinar-migracion-y-refugio-una-mirada-sobre-el-impacto-de-la-crisis-del-covid19-en-las\\\/#primaryimage\",\"url\":\"https:\\\/\\\/www.entreculturas.org\\\/wp-content\\\/uploads\\\/2020\\\/06\\\/captura_de_pantalla_2020-06-09_a_las_9.56.05.png\",\"contentUrl\":\"https:\\\/\\\/www.entreculturas.org\\\/wp-content\\\/uploads\\\/2020\\\/06\\\/captura_de_pantalla_2020-06-09_a_las_9.56.05.png\",\"width\":800,\"height\":652},{\"@type\":\"BreadcrumbList\",\"@id\":\"https:\\\/\\\/www.entreculturas.org\\\/ca\\\/noticia\\\/webinar-migracion-y-refugio-una-mirada-sobre-el-impacto-de-la-crisis-del-covid19-en-las\\\/#breadcrumb\",\"itemListElement\":[{\"@type\":\"ListItem\",\"position\":1,\"name\":\"Home\",\"item\":\"https:\\\/\\\/www.entreculturas.org\\\/ca\\\/\"},{\"@type\":\"ListItem\",\"position\":2,\"name\":\"Noticias\",\"item\":\"https:\\\/\\\/www.entreculturas.org\\\/ca\\\/noticias\\\/\"},{\"@type\":\"ListItem\",\"position\":3,\"name\":\"Webinar \u2018Migraci\u00f3n y Refugio\u2019: una mirada sobre el impacto de la crisis del Covid19 en las personas desplazadas\"}]},{\"@type\":\"WebSite\",\"@id\":\"https:\\\/\\\/www.entreculturas.org\\\/ca\\\/#website\",\"url\":\"https:\\\/\\\/www.entreculturas.org\\\/ca\\\/\",\"name\":\"Entreculturas\",\"description\":\"\",\"publisher\":{\"@id\":\"https:\\\/\\\/www.entreculturas.org\\\/ca\\\/#organization\"},\"alternateName\":\"Entreculturas\",\"potentialAction\":[{\"@type\":\"SearchAction\",\"target\":{\"@type\":\"EntryPoint\",\"urlTemplate\":\"https:\\\/\\\/www.entreculturas.org\\\/ca\\\/?s={search_term_string}\"},\"query-input\":{\"@type\":\"PropertyValueSpecification\",\"valueRequired\":true,\"valueName\":\"search_term_string\"}}],\"inLanguage\":\"ca\"},{\"@type\":\"Organization\",\"@id\":\"https:\\\/\\\/www.entreculturas.org\\\/ca\\\/#organization\",\"name\":\"Entreculturas\",\"url\":\"https:\\\/\\\/www.entreculturas.org\\\/ca\\\/\",\"logo\":{\"@type\":\"ImageObject\",\"inLanguage\":\"ca\",\"@id\":\"https:\\\/\\\/www.entreculturas.org\\\/ca\\\/#\\\/schema\\\/logo\\\/image\\\/\",\"url\":\"https:\\\/\\\/www.entreculturas.org\\\/wp-content\\\/uploads\\\/2025\\\/10\\\/ESP.svg\",\"contentUrl\":\"https:\\\/\\\/www.entreculturas.org\\\/wp-content\\\/uploads\\\/2025\\\/10\\\/ESP.svg\",\"caption\":\"Entreculturas\"},\"image\":{\"@id\":\"https:\\\/\\\/www.entreculturas.org\\\/ca\\\/#\\\/schema\\\/logo\\\/image\\\/\"},\"sameAs\":[\"https:\\\/\\\/www.facebook.com\\\/entreculturas\",\"https:\\\/\\\/x.com\\\/Entreculturas\",\"https:\\\/\\\/www.instagram.com\\\/entreculturas\\\/\",\"https:\\\/\\\/www.youtube.com\\\/user\\\/entreculturasvideo\",\"https:\\\/\\\/www.linkedin.com\\\/company\\\/fundacion-entreculturas-ngdo\\\/\",\"https:\\\/\\\/www.flickr.com\\\/photos\\\/98455522@N04\\\/albums\\\/\"]}]}<\/script>\n<!-- \/ Yoast SEO Premium plugin. -->","yoast_head_json":{"title":"Webinar \u2018Migraci\u00f3n y Refugio\u2019: una mirada sobre el impacto de la crisis del Covid19 en las personas desplazadas - Entreculturas","robots":{"index":"index","follow":"follow","max-snippet":"max-snippet:-1","max-image-preview":"max-image-preview:large","max-video-preview":"max-video-preview:-1"},"canonical":"https:\/\/www.entreculturas.org\/ca\/noticia\/webinar-migracion-y-refugio-una-mirada-sobre-el-impacto-de-la-crisis-del-covid19-en-las\/","og_locale":"ca_ES","og_type":"article","og_title":"Webinar \u2018Migraci\u00f3n y Refugio\u2019: una mirada sobre el impacto de la crisis del Covid19 en las personas desplazadas","og_description":"Dentro de las respuestas que desde Entreculturas estamos dando a la crisis del Covid19, se encuentra la organizaci\u00f3n de tres webinars tem\u00e1ticos a trav\u00e9s de los cuales queremos acercar las distintas realidades con las que trabajamos en tiempos de pandemia. El primero de estos encuentros virtuales, sobre Migraci\u00f3n y Refugio, ha contado con la participaci\u00f3n de expertos y expertas en movilidad forzosa, quienes nos han acercado a las consecuencias que la pandemia global est\u00e1 teniendo en esta poblaci\u00f3n vulnerabilizada, y ha reunido a m\u00e1s de 150 personas de diferentes partes del mundo.&nbsp;&nbsp;En el webinar han participado Luca Fabris, Responsable del Departamento \u00c1frica en Entreculturas; Javier Cortegoso, Coordinaci\u00f3n General de la Red Jesuita con Migrantes en Latinoam\u00e9rica y el Caribe (RJM-LAC); Alvar S\u00e1nchez SJ, Promotor de la Delegaci\u00f3n Diocesana de Migraciones Nador, en Marruecos; y M\u00aa Carmen de la Fuente, Coordinadora del Servicio Jesuita a Migrantes Espa\u00f1a.&nbsp;Nuestro compa\u00f1ero, Luca Fabris, encargado [&hellip;]","og_url":"https:\/\/www.entreculturas.org\/ca\/noticia\/webinar-migracion-y-refugio-una-mirada-sobre-el-impacto-de-la-crisis-del-covid19-en-las\/","og_site_name":"Entreculturas","article_publisher":"https:\/\/www.facebook.com\/entreculturas","article_modified_time":"2024-03-06T14:42:25+00:00","og_image":[{"width":800,"height":652,"url":"https:\/\/www.entreculturas.org\/wp-content\/uploads\/2020\/06\/captura_de_pantalla_2020-06-09_a_las_9.56.05.png","type":"image\/png"}],"twitter_card":"summary_large_image","twitter_site":"@Entreculturas","schema":{"@context":"https:\/\/schema.org","@graph":[{"@type":"WebPage","@id":"https:\/\/www.entreculturas.org\/ca\/noticia\/webinar-migracion-y-refugio-una-mirada-sobre-el-impacto-de-la-crisis-del-covid19-en-las\/","url":"https:\/\/www.entreculturas.org\/ca\/noticia\/webinar-migracion-y-refugio-una-mirada-sobre-el-impacto-de-la-crisis-del-covid19-en-las\/","name":"Webinar \u2018Migraci\u00f3n y Refugio\u2019: una mirada sobre el impacto de la crisis del Covid19 en las personas desplazadas - Entreculturas","isPartOf":{"@id":"https:\/\/www.entreculturas.org\/ca\/#website"},"primaryImageOfPage":{"@id":"https:\/\/www.entreculturas.org\/ca\/noticia\/webinar-migracion-y-refugio-una-mirada-sobre-el-impacto-de-la-crisis-del-covid19-en-las\/#primaryimage"},"image":{"@id":"https:\/\/www.entreculturas.org\/ca\/noticia\/webinar-migracion-y-refugio-una-mirada-sobre-el-impacto-de-la-crisis-del-covid19-en-las\/#primaryimage"},"thumbnailUrl":"https:\/\/www.entreculturas.org\/wp-content\/uploads\/2020\/06\/captura_de_pantalla_2020-06-09_a_las_9.56.05.png","datePublished":"2020-06-11T09:52:23+00:00","dateModified":"2024-03-06T14:42:25+00:00","breadcrumb":{"@id":"https:\/\/www.entreculturas.org\/ca\/noticia\/webinar-migracion-y-refugio-una-mirada-sobre-el-impacto-de-la-crisis-del-covid19-en-las\/#breadcrumb"},"inLanguage":"ca","potentialAction":[{"@type":"ReadAction","target":["https:\/\/www.entreculturas.org\/ca\/noticia\/webinar-migracion-y-refugio-una-mirada-sobre-el-impacto-de-la-crisis-del-covid19-en-las\/"]}]},{"@type":"ImageObject","inLanguage":"ca","@id":"https:\/\/www.entreculturas.org\/ca\/noticia\/webinar-migracion-y-refugio-una-mirada-sobre-el-impacto-de-la-crisis-del-covid19-en-las\/#primaryimage","url":"https:\/\/www.entreculturas.org\/wp-content\/uploads\/2020\/06\/captura_de_pantalla_2020-06-09_a_las_9.56.05.png","contentUrl":"https:\/\/www.entreculturas.org\/wp-content\/uploads\/2020\/06\/captura_de_pantalla_2020-06-09_a_las_9.56.05.png","width":800,"height":652},{"@type":"BreadcrumbList","@id":"https:\/\/www.entreculturas.org\/ca\/noticia\/webinar-migracion-y-refugio-una-mirada-sobre-el-impacto-de-la-crisis-del-covid19-en-las\/#breadcrumb","itemListElement":[{"@type":"ListItem","position":1,"name":"Home","item":"https:\/\/www.entreculturas.org\/ca\/"},{"@type":"ListItem","position":2,"name":"Noticias","item":"https:\/\/www.entreculturas.org\/ca\/noticias\/"},{"@type":"ListItem","position":3,"name":"Webinar \u2018Migraci\u00f3n y Refugio\u2019: una mirada sobre el impacto de la crisis del Covid19 en las personas desplazadas"}]},{"@type":"WebSite","@id":"https:\/\/www.entreculturas.org\/ca\/#website","url":"https:\/\/www.entreculturas.org\/ca\/","name":"Entreculturas","description":"","publisher":{"@id":"https:\/\/www.entreculturas.org\/ca\/#organization"},"alternateName":"Entreculturas","potentialAction":[{"@type":"SearchAction","target":{"@type":"EntryPoint","urlTemplate":"https:\/\/www.entreculturas.org\/ca\/?s={search_term_string}"},"query-input":{"@type":"PropertyValueSpecification","valueRequired":true,"valueName":"search_term_string"}}],"inLanguage":"ca"},{"@type":"Organization","@id":"https:\/\/www.entreculturas.org\/ca\/#organization","name":"Entreculturas","url":"https:\/\/www.entreculturas.org\/ca\/","logo":{"@type":"ImageObject","inLanguage":"ca","@id":"https:\/\/www.entreculturas.org\/ca\/#\/schema\/logo\/image\/","url":"https:\/\/www.entreculturas.org\/wp-content\/uploads\/2025\/10\/ESP.svg","contentUrl":"https:\/\/www.entreculturas.org\/wp-content\/uploads\/2025\/10\/ESP.svg","caption":"Entreculturas"},"image":{"@id":"https:\/\/www.entreculturas.org\/ca\/#\/schema\/logo\/image\/"},"sameAs":["https:\/\/www.facebook.com\/entreculturas","https:\/\/x.com\/Entreculturas","https:\/\/www.instagram.com\/entreculturas\/","https:\/\/www.youtube.com\/user\/entreculturasvideo","https:\/\/www.linkedin.com\/company\/fundacion-entreculturas-ngdo\/","https:\/\/www.flickr.com\/photos\/98455522@N04\/albums\/"]}]}},"_links":{"self":[{"href":"https:\/\/www.entreculturas.org\/ca\/wp-json\/wp\/v2\/noticia\/4760","targetHints":{"allow":["GET"]}}],"collection":[{"href":"https:\/\/www.entreculturas.org\/ca\/wp-json\/wp\/v2\/noticia"}],"about":[{"href":"https:\/\/www.entreculturas.org\/ca\/wp-json\/wp\/v2\/types\/noticia"}],"wp:featuredmedia":[{"embeddable":true,"href":"https:\/\/www.entreculturas.org\/ca\/wp-json\/wp\/v2\/media\/4754"}],"wp:attachment":[{"href":"https:\/\/www.entreculturas.org\/ca\/wp-json\/wp\/v2\/media?parent=4760"}],"wp:term":[{"taxonomy":"category","embeddable":true,"href":"https:\/\/www.entreculturas.org\/ca\/wp-json\/wp\/v2\/categories?post=4760"},{"taxonomy":"post_tag","embeddable":true,"href":"https:\/\/www.entreculturas.org\/ca\/wp-json\/wp\/v2\/tags?post=4760"},{"taxonomy":"country","embeddable":true,"href":"https:\/\/www.entreculturas.org\/ca\/wp-json\/wp\/v2\/country?post=4760"},{"taxonomy":"cause","embeddable":true,"href":"https:\/\/www.entreculturas.org\/ca\/wp-json\/wp\/v2\/cause?post=4760"}],"curies":[{"name":"wp","href":"https:\/\/api.w.org\/{rel}","templated":true}]}}