{"id":4694,"date":"2020-05-27T11:21:23","date_gmt":"2020-05-27T11:21:23","guid":{"rendered":"https:\/\/entreculturasi.wpenginepowered.com\/?noticias=desde-el-asfalto-hasta-las-redes-sociales-mas-de-13000-personas-han-corrido-por-la-luz-de"},"modified":"2024-09-12T14:29:15","modified_gmt":"2024-09-12T12:29:15","slug":"desde-el-asfalto-hasta-las-redes-sociales-mas-de-13000-personas-han-corrido-por-la-luz-de","status":"publish","type":"noticia","link":"https:\/\/www.entreculturas.org\/ca\/noticia\/desde-el-asfalto-hasta-las-redes-sociales-mas-de-13000-personas-han-corrido-por-la-luz-de\/","title":{"rendered":"Desde el asfalto hasta las redes sociales: m\u00e1s de 13.000 personas han corrido por La Luz de las Ni\u00f1as"},"content":{"rendered":"<p>Desde 2012 m\u00e1s de 100 mil personas han corrido con Entreculturas por una educaci\u00f3n de calidad y en igualdad de condiciones. Ese es el objetivo de <strong>Corre por una Causa<\/strong>, nuestra carrera solidaria, que ha cumplido su <strong>novena edici\u00f3n<\/strong> y a trav\u00e9s de la que seguimos haciendo que miles de ni\u00f1os y ni\u00f1as tengan <strong>acceso a la educaci\u00f3n<\/strong> a trav\u00e9s de nuestros proyectos en Am\u00e9rica Latina y \u00c1frica.<\/p>\n<p>Este a\u00f1o nuevamente nuestro objetivo ha sido correr por <a href=\"https:\/\/www.laluzdelasninas.org\/\" target=\"_blank\" rel=\"noopener\">La Luz de las Ni\u00f1as<\/a>:\u00a0los 175.000 euros recaudados ser\u00e1n destinados\u00a0a las <strong>8.235 ni\u00f1as pertenecientes a este programa<\/strong> de prevenci\u00f3n de la violencia en ni\u00f1as y adolescentes. Hasta el mes de marzo de 2020 se pudo llevar a cabo en 8 ciudades de Espa\u00f1a, de las 11 que estaban programadas a realizarse como tradicionalmente se hab\u00eda dise\u00f1ado.<\/p>\n<p>Lamentablemente, la reciente emergencia global ocasionada por el COVID-19 hizo que las \u00faltimas carreras de \u00dabeda, Sevilla y C\u00e1diz se suspendieran. Contabilizando entre las carreras celebradas de Zaragoza, Logro\u00f1o, M\u00e1laga, Madrid, Valladolid, Barcelona, Le\u00f3n y C\u00f3rdoba 12.142 corredores.<\/p>\n<p>En esta 9\u00aa edici\u00f3n de Corre por una Causa contamos con una<strong> embajadora excepcional<\/strong>, la medallista ol\u00edmpico de sincronizada, <strong>Gemma Mengual,<\/strong> quien nos acompa\u00f1\u00f3 a dar el pistoletazo de salida a los corredores y corredoras desde el inicio del circuito.<\/p>\n<p><img decoding=\"async\" src=\"https:\/\/www.entreculturas.org\/wp-content\/uploads\/2020\/05\/carrera3.png\" alt=\"\" width=\"1624\" height=\"532\" \/><\/p>\n<p>Desde Entreculturas, en nuestra incansable tarea de seguir dando continuidad a nuestros proyectos educativos, invitamos el pasado 24 de mayo a todas las personas a sumarse a una <strong>carrera solidaria virtual<\/strong>, esta vez bajo el lema<strong> &#8220;\u00danete al reto: La Luz de las Ni\u00f1as frente al COVID-19&#8221;<\/strong>. Contando con tres modalidades: carrera de 5 km, 3 km andando y 10km en bici, en un formato abierto para que cada quien lo adaptarse a sus circunstancias.<\/p>\n<p style=\"text-align: center;\">\n<p>Cada inscrito recibi\u00f3 en su email de confirmaci\u00f3n de inscripci\u00f3n un dorsal solidario, con el que pedimos se hicieran una fotograf\u00eda al terminar el reto y colgarlo en la redes sociales con el hashtag #CorrexUnaCausa. En este reto virtual la nuestra carrera solidaria de 2020 participaron 1.100 personas, sumando as\u00ed la cifra de <strong>13.242 corredores comprometidos con la educaci\u00f3n y la erradicaci\u00f3n de la violencia hacia las ni\u00f1as.<\/strong><\/p>\n<p><strong>V\u00cdDEO RESUMEN<\/strong><\/p>\n<p><iframe loading=\"lazy\" title=\"Consecuencias de la Covid-19 sobre matrimonios infantiles y mutilaci\u00f3n genital femenina | #NoQuiero\" width=\"500\" height=\"281\" src=\"https:\/\/www.youtube.com\/embed\/U2jps35C0zk?feature=oembed\" frameborder=\"0\" allow=\"accelerometer; autoplay; clipboard-write; encrypted-media; gyroscope; picture-in-picture; web-share\" referrerpolicy=\"strict-origin-when-cross-origin\" allowfullscreen><\/iframe><\/p>\n","protected":false},"excerpt":{"rendered":"<p>Desde 2012 m\u00e1s de 100 mil personas han corrido con Entreculturas por una educaci\u00f3n de calidad y en igualdad de condiciones. Ese es el objetivo de Corre por una Causa, nuestra carrera solidaria, que ha cumplido su novena edici\u00f3n y a trav\u00e9s de la que seguimos haciendo que miles de ni\u00f1os y ni\u00f1as tengan acceso a la educaci\u00f3n a trav\u00e9s de nuestros proyectos en Am\u00e9rica Latina y \u00c1frica. <\/p>\n","protected":false},"featured_media":4697,"template":"single-noticia","meta":{"_acf_changed":false},"categories":[7],"tags":[293],"country":[],"cause":[130],"class_list":["post-4694","noticia","type-noticia","status-publish","has-post-thumbnail","hentry","category-noticia","tag-genero","cause-genero"],"acf":[],"yoast_head":"<!-- This site is optimized with the Yoast SEO Premium plugin v21.6 (Yoast SEO v27.5) - https:\/\/yoast.com\/product\/yoast-seo-premium-wordpress\/ -->\n<title>Desde el asfalto hasta las redes sociales: m\u00e1s de 13.000 personas han corrido por La Luz de las Ni\u00f1as - Entreculturas<\/title>\n<meta name=\"robots\" content=\"index, follow, max-snippet:-1, max-image-preview:large, max-video-preview:-1\" \/>\n<link rel=\"canonical\" href=\"https:\/\/www.entreculturas.org\/ca\/noticia\/desde-el-asfalto-hasta-las-redes-sociales-mas-de-13000-personas-han-corrido-por-la-luz-de\/\" \/>\n<meta property=\"og:locale\" content=\"ca_ES\" \/>\n<meta property=\"og:type\" content=\"article\" \/>\n<meta property=\"og:title\" content=\"Desde el asfalto hasta las redes sociales: m\u00e1s de 13.000 personas han corrido por La Luz de las Ni\u00f1as\" \/>\n<meta property=\"og:description\" content=\"Desde 2012 m\u00e1s de 100 mil personas han corrido con Entreculturas por una educaci\u00f3n de calidad y en igualdad de condiciones. Ese es el objetivo de Corre por una Causa, nuestra carrera solidaria, que ha cumplido su novena edici\u00f3n y a trav\u00e9s de la que seguimos haciendo que miles de ni\u00f1os y ni\u00f1as tengan acceso a la educaci\u00f3n a trav\u00e9s de nuestros proyectos en Am\u00e9rica Latina y \u00c1frica.\" \/>\n<meta property=\"og:url\" content=\"https:\/\/www.entreculturas.org\/ca\/noticia\/desde-el-asfalto-hasta-las-redes-sociales-mas-de-13000-personas-han-corrido-por-la-luz-de\/\" \/>\n<meta property=\"og:site_name\" content=\"Entreculturas\" \/>\n<meta property=\"article:publisher\" content=\"https:\/\/www.facebook.com\/entreculturas\" \/>\n<meta property=\"article:modified_time\" content=\"2024-09-12T12:29:15+00:00\" \/>\n<meta property=\"og:image\" content=\"https:\/\/www.entreculturas.org\/wp-content\/uploads\/2020\/05\/49483300646_b6e23e000e_c.jpg\" \/>\n\t<meta property=\"og:image:width\" content=\"800\" \/>\n\t<meta property=\"og:image:height\" content=\"532\" \/>\n\t<meta property=\"og:image:type\" content=\"image\/jpeg\" \/>\n<meta name=\"twitter:card\" content=\"summary_large_image\" \/>\n<meta name=\"twitter:site\" content=\"@Entreculturas\" \/>\n<script type=\"application\/ld+json\" class=\"yoast-schema-graph\">{\"@context\":\"https:\\\/\\\/schema.org\",\"@graph\":[{\"@type\":\"WebPage\",\"@id\":\"https:\\\/\\\/www.entreculturas.org\\\/ca\\\/noticia\\\/desde-el-asfalto-hasta-las-redes-sociales-mas-de-13000-personas-han-corrido-por-la-luz-de\\\/\",\"url\":\"https:\\\/\\\/www.entreculturas.org\\\/ca\\\/noticia\\\/desde-el-asfalto-hasta-las-redes-sociales-mas-de-13000-personas-han-corrido-por-la-luz-de\\\/\",\"name\":\"Desde el asfalto hasta las redes sociales: m\u00e1s de 13.000 personas han corrido por La Luz de las Ni\u00f1as - Entreculturas\",\"isPartOf\":{\"@id\":\"https:\\\/\\\/www.entreculturas.org\\\/ca\\\/#website\"},\"primaryImageOfPage\":{\"@id\":\"https:\\\/\\\/www.entreculturas.org\\\/ca\\\/noticia\\\/desde-el-asfalto-hasta-las-redes-sociales-mas-de-13000-personas-han-corrido-por-la-luz-de\\\/#primaryimage\"},\"image\":{\"@id\":\"https:\\\/\\\/www.entreculturas.org\\\/ca\\\/noticia\\\/desde-el-asfalto-hasta-las-redes-sociales-mas-de-13000-personas-han-corrido-por-la-luz-de\\\/#primaryimage\"},\"thumbnailUrl\":\"https:\\\/\\\/www.entreculturas.org\\\/wp-content\\\/uploads\\\/2020\\\/05\\\/49483300646_b6e23e000e_c.jpg\",\"datePublished\":\"2020-05-27T11:21:23+00:00\",\"dateModified\":\"2024-09-12T12:29:15+00:00\",\"breadcrumb\":{\"@id\":\"https:\\\/\\\/www.entreculturas.org\\\/ca\\\/noticia\\\/desde-el-asfalto-hasta-las-redes-sociales-mas-de-13000-personas-han-corrido-por-la-luz-de\\\/#breadcrumb\"},\"inLanguage\":\"ca\",\"potentialAction\":[{\"@type\":\"ReadAction\",\"target\":[\"https:\\\/\\\/www.entreculturas.org\\\/ca\\\/noticia\\\/desde-el-asfalto-hasta-las-redes-sociales-mas-de-13000-personas-han-corrido-por-la-luz-de\\\/\"]}]},{\"@type\":\"ImageObject\",\"inLanguage\":\"ca\",\"@id\":\"https:\\\/\\\/www.entreculturas.org\\\/ca\\\/noticia\\\/desde-el-asfalto-hasta-las-redes-sociales-mas-de-13000-personas-han-corrido-por-la-luz-de\\\/#primaryimage\",\"url\":\"https:\\\/\\\/www.entreculturas.org\\\/wp-content\\\/uploads\\\/2020\\\/05\\\/49483300646_b6e23e000e_c.jpg\",\"contentUrl\":\"https:\\\/\\\/www.entreculturas.org\\\/wp-content\\\/uploads\\\/2020\\\/05\\\/49483300646_b6e23e000e_c.jpg\",\"width\":800,\"height\":532,\"caption\":\"49483300646_b6e23e000e_c\"},{\"@type\":\"BreadcrumbList\",\"@id\":\"https:\\\/\\\/www.entreculturas.org\\\/ca\\\/noticia\\\/desde-el-asfalto-hasta-las-redes-sociales-mas-de-13000-personas-han-corrido-por-la-luz-de\\\/#breadcrumb\",\"itemListElement\":[{\"@type\":\"ListItem\",\"position\":1,\"name\":\"Home\",\"item\":\"https:\\\/\\\/www.entreculturas.org\\\/ca\\\/\"},{\"@type\":\"ListItem\",\"position\":2,\"name\":\"Noticias\",\"item\":\"https:\\\/\\\/www.entreculturas.org\\\/ca\\\/noticias\\\/\"},{\"@type\":\"ListItem\",\"position\":3,\"name\":\"Desde el asfalto hasta las redes sociales: m\u00e1s de 13.000 personas han corrido por La Luz de las Ni\u00f1as\"}]},{\"@type\":\"WebSite\",\"@id\":\"https:\\\/\\\/www.entreculturas.org\\\/ca\\\/#website\",\"url\":\"https:\\\/\\\/www.entreculturas.org\\\/ca\\\/\",\"name\":\"Entreculturas\",\"description\":\"\",\"publisher\":{\"@id\":\"https:\\\/\\\/www.entreculturas.org\\\/ca\\\/#organization\"},\"alternateName\":\"Entreculturas\",\"potentialAction\":[{\"@type\":\"SearchAction\",\"target\":{\"@type\":\"EntryPoint\",\"urlTemplate\":\"https:\\\/\\\/www.entreculturas.org\\\/ca\\\/?s={search_term_string}\"},\"query-input\":{\"@type\":\"PropertyValueSpecification\",\"valueRequired\":true,\"valueName\":\"search_term_string\"}}],\"inLanguage\":\"ca\"},{\"@type\":\"Organization\",\"@id\":\"https:\\\/\\\/www.entreculturas.org\\\/ca\\\/#organization\",\"name\":\"Entreculturas\",\"url\":\"https:\\\/\\\/www.entreculturas.org\\\/ca\\\/\",\"logo\":{\"@type\":\"ImageObject\",\"inLanguage\":\"ca\",\"@id\":\"https:\\\/\\\/www.entreculturas.org\\\/ca\\\/#\\\/schema\\\/logo\\\/image\\\/\",\"url\":\"https:\\\/\\\/www.entreculturas.org\\\/wp-content\\\/uploads\\\/2025\\\/10\\\/ESP.svg\",\"contentUrl\":\"https:\\\/\\\/www.entreculturas.org\\\/wp-content\\\/uploads\\\/2025\\\/10\\\/ESP.svg\",\"caption\":\"Entreculturas\"},\"image\":{\"@id\":\"https:\\\/\\\/www.entreculturas.org\\\/ca\\\/#\\\/schema\\\/logo\\\/image\\\/\"},\"sameAs\":[\"https:\\\/\\\/www.facebook.com\\\/entreculturas\",\"https:\\\/\\\/x.com\\\/Entreculturas\",\"https:\\\/\\\/www.instagram.com\\\/entreculturas\\\/\",\"https:\\\/\\\/www.youtube.com\\\/user\\\/entreculturasvideo\",\"https:\\\/\\\/www.linkedin.com\\\/company\\\/fundacion-entreculturas-ngdo\\\/\",\"https:\\\/\\\/www.flickr.com\\\/photos\\\/98455522@N04\\\/albums\\\/\"]}]}<\/script>\n<!-- \/ Yoast SEO Premium plugin. -->","yoast_head_json":{"title":"Desde el asfalto hasta las redes sociales: m\u00e1s de 13.000 personas han corrido por La Luz de las Ni\u00f1as - Entreculturas","robots":{"index":"index","follow":"follow","max-snippet":"max-snippet:-1","max-image-preview":"max-image-preview:large","max-video-preview":"max-video-preview:-1"},"canonical":"https:\/\/www.entreculturas.org\/ca\/noticia\/desde-el-asfalto-hasta-las-redes-sociales-mas-de-13000-personas-han-corrido-por-la-luz-de\/","og_locale":"ca_ES","og_type":"article","og_title":"Desde el asfalto hasta las redes sociales: m\u00e1s de 13.000 personas han corrido por La Luz de las Ni\u00f1as","og_description":"Desde 2012 m\u00e1s de 100 mil personas han corrido con Entreculturas por una educaci\u00f3n de calidad y en igualdad de condiciones. Ese es el objetivo de Corre por una Causa, nuestra carrera solidaria, que ha cumplido su novena edici\u00f3n y a trav\u00e9s de la que seguimos haciendo que miles de ni\u00f1os y ni\u00f1as tengan acceso a la educaci\u00f3n a trav\u00e9s de nuestros proyectos en Am\u00e9rica Latina y \u00c1frica.","og_url":"https:\/\/www.entreculturas.org\/ca\/noticia\/desde-el-asfalto-hasta-las-redes-sociales-mas-de-13000-personas-han-corrido-por-la-luz-de\/","og_site_name":"Entreculturas","article_publisher":"https:\/\/www.facebook.com\/entreculturas","article_modified_time":"2024-09-12T12:29:15+00:00","og_image":[{"width":800,"height":532,"url":"https:\/\/www.entreculturas.org\/wp-content\/uploads\/2020\/05\/49483300646_b6e23e000e_c.jpg","type":"image\/jpeg"}],"twitter_card":"summary_large_image","twitter_site":"@Entreculturas","schema":{"@context":"https:\/\/schema.org","@graph":[{"@type":"WebPage","@id":"https:\/\/www.entreculturas.org\/ca\/noticia\/desde-el-asfalto-hasta-las-redes-sociales-mas-de-13000-personas-han-corrido-por-la-luz-de\/","url":"https:\/\/www.entreculturas.org\/ca\/noticia\/desde-el-asfalto-hasta-las-redes-sociales-mas-de-13000-personas-han-corrido-por-la-luz-de\/","name":"Desde el asfalto hasta las redes sociales: m\u00e1s de 13.000 personas han corrido por La Luz de las Ni\u00f1as - Entreculturas","isPartOf":{"@id":"https:\/\/www.entreculturas.org\/ca\/#website"},"primaryImageOfPage":{"@id":"https:\/\/www.entreculturas.org\/ca\/noticia\/desde-el-asfalto-hasta-las-redes-sociales-mas-de-13000-personas-han-corrido-por-la-luz-de\/#primaryimage"},"image":{"@id":"https:\/\/www.entreculturas.org\/ca\/noticia\/desde-el-asfalto-hasta-las-redes-sociales-mas-de-13000-personas-han-corrido-por-la-luz-de\/#primaryimage"},"thumbnailUrl":"https:\/\/www.entreculturas.org\/wp-content\/uploads\/2020\/05\/49483300646_b6e23e000e_c.jpg","datePublished":"2020-05-27T11:21:23+00:00","dateModified":"2024-09-12T12:29:15+00:00","breadcrumb":{"@id":"https:\/\/www.entreculturas.org\/ca\/noticia\/desde-el-asfalto-hasta-las-redes-sociales-mas-de-13000-personas-han-corrido-por-la-luz-de\/#breadcrumb"},"inLanguage":"ca","potentialAction":[{"@type":"ReadAction","target":["https:\/\/www.entreculturas.org\/ca\/noticia\/desde-el-asfalto-hasta-las-redes-sociales-mas-de-13000-personas-han-corrido-por-la-luz-de\/"]}]},{"@type":"ImageObject","inLanguage":"ca","@id":"https:\/\/www.entreculturas.org\/ca\/noticia\/desde-el-asfalto-hasta-las-redes-sociales-mas-de-13000-personas-han-corrido-por-la-luz-de\/#primaryimage","url":"https:\/\/www.entreculturas.org\/wp-content\/uploads\/2020\/05\/49483300646_b6e23e000e_c.jpg","contentUrl":"https:\/\/www.entreculturas.org\/wp-content\/uploads\/2020\/05\/49483300646_b6e23e000e_c.jpg","width":800,"height":532,"caption":"49483300646_b6e23e000e_c"},{"@type":"BreadcrumbList","@id":"https:\/\/www.entreculturas.org\/ca\/noticia\/desde-el-asfalto-hasta-las-redes-sociales-mas-de-13000-personas-han-corrido-por-la-luz-de\/#breadcrumb","itemListElement":[{"@type":"ListItem","position":1,"name":"Home","item":"https:\/\/www.entreculturas.org\/ca\/"},{"@type":"ListItem","position":2,"name":"Noticias","item":"https:\/\/www.entreculturas.org\/ca\/noticias\/"},{"@type":"ListItem","position":3,"name":"Desde el asfalto hasta las redes sociales: m\u00e1s de 13.000 personas han corrido por La Luz de las Ni\u00f1as"}]},{"@type":"WebSite","@id":"https:\/\/www.entreculturas.org\/ca\/#website","url":"https:\/\/www.entreculturas.org\/ca\/","name":"Entreculturas","description":"","publisher":{"@id":"https:\/\/www.entreculturas.org\/ca\/#organization"},"alternateName":"Entreculturas","potentialAction":[{"@type":"SearchAction","target":{"@type":"EntryPoint","urlTemplate":"https:\/\/www.entreculturas.org\/ca\/?s={search_term_string}"},"query-input":{"@type":"PropertyValueSpecification","valueRequired":true,"valueName":"search_term_string"}}],"inLanguage":"ca"},{"@type":"Organization","@id":"https:\/\/www.entreculturas.org\/ca\/#organization","name":"Entreculturas","url":"https:\/\/www.entreculturas.org\/ca\/","logo":{"@type":"ImageObject","inLanguage":"ca","@id":"https:\/\/www.entreculturas.org\/ca\/#\/schema\/logo\/image\/","url":"https:\/\/www.entreculturas.org\/wp-content\/uploads\/2025\/10\/ESP.svg","contentUrl":"https:\/\/www.entreculturas.org\/wp-content\/uploads\/2025\/10\/ESP.svg","caption":"Entreculturas"},"image":{"@id":"https:\/\/www.entreculturas.org\/ca\/#\/schema\/logo\/image\/"},"sameAs":["https:\/\/www.facebook.com\/entreculturas","https:\/\/x.com\/Entreculturas","https:\/\/www.instagram.com\/entreculturas\/","https:\/\/www.youtube.com\/user\/entreculturasvideo","https:\/\/www.linkedin.com\/company\/fundacion-entreculturas-ngdo\/","https:\/\/www.flickr.com\/photos\/98455522@N04\/albums\/"]}]}},"_links":{"self":[{"href":"https:\/\/www.entreculturas.org\/ca\/wp-json\/wp\/v2\/noticia\/4694","targetHints":{"allow":["GET"]}}],"collection":[{"href":"https:\/\/www.entreculturas.org\/ca\/wp-json\/wp\/v2\/noticia"}],"about":[{"href":"https:\/\/www.entreculturas.org\/ca\/wp-json\/wp\/v2\/types\/noticia"}],"wp:featuredmedia":[{"embeddable":true,"href":"https:\/\/www.entreculturas.org\/ca\/wp-json\/wp\/v2\/media\/4697"}],"wp:attachment":[{"href":"https:\/\/www.entreculturas.org\/ca\/wp-json\/wp\/v2\/media?parent=4694"}],"wp:term":[{"taxonomy":"category","embeddable":true,"href":"https:\/\/www.entreculturas.org\/ca\/wp-json\/wp\/v2\/categories?post=4694"},{"taxonomy":"post_tag","embeddable":true,"href":"https:\/\/www.entreculturas.org\/ca\/wp-json\/wp\/v2\/tags?post=4694"},{"taxonomy":"country","embeddable":true,"href":"https:\/\/www.entreculturas.org\/ca\/wp-json\/wp\/v2\/country?post=4694"},{"taxonomy":"cause","embeddable":true,"href":"https:\/\/www.entreculturas.org\/ca\/wp-json\/wp\/v2\/cause?post=4694"}],"curies":[{"name":"wp","href":"https:\/\/api.w.org\/{rel}","templated":true}]}}