{"id":46366,"date":"2026-02-26T13:45:47","date_gmt":"2026-02-26T12:45:47","guid":{"rendered":"https:\/\/www.entreculturas.org\/?post_type=noticia&#038;p=46366"},"modified":"2026-03-02T17:37:14","modified_gmt":"2026-03-02T16:37:14","slug":"educacion-en-camboya","status":"publish","type":"noticia","link":"https:\/\/www.entreculturas.org\/ca\/noticia\/educacion-en-camboya\/","title":{"rendered":"Educaci\u00f3n en Camboya: el trabajo de Fe y Alegr\u00eda para que m\u00e1s ni\u00f1os y ni\u00f1as contin\u00faen estudiando"},"content":{"rendered":"\n<p>En el noroeste de <strong>Camboya<\/strong>, muchas <strong>comunidades rurales enfrentan desaf\u00edos<\/strong> que influyen directamente en la educaci\u00f3n de ni\u00f1as y ni\u00f1os. Las condiciones econ\u00f3micas del territorio, la falta de recursos educativos suficientes y <strong>un entorno que no siempre ofrece apoyo acad\u00e9mico estable <\/strong>hacen que sostener la continuidad escolar no sea sencillo. A ello se suman infraestructuras limitadas en algunas escuelas y la dificultad para acceder a educaci\u00f3n secundaria en zonas m\u00e1s alejadas. Aunque el acceso a la escuela ha mejorado en los \u00faltimos a\u00f1os, garantizar que el aprendizaje sea s\u00f3lido y que el alumnado pueda continuar su trayectoria educativa sigue siendo un reto.<\/p>\n\n\n\n<p>En este contexto, desde Entreculturas apoyamos el trabajo de Fe y Alegr\u00eda en Camboya, que actualmente acompa\u00f1a a cerca de 4.000 personas \u2014entre ni\u00f1as, ni\u00f1os, docentes y miembros de la comunidad\u2014 en la construcci\u00f3n de procesos educativos m\u00e1s s\u00f3lidos y sostenidos en el tiempo.<\/p>\n\n\n\n<h2 class=\"wp-block-heading\" id=\"h-educacion-vinculada-a-la-comunidad-y-al-entorno\"><strong>Educaci\u00f3n vinculada a la comunidad y al entorno<\/strong><\/h2>\n\n\n\n<p>Uno de los pilares del trabajo de <strong>Fe y Alegr\u00eda Camboya <\/strong>es reforzar el aprendizaje m\u00e1s all\u00e1 del horario escolar. Para ello, ha impulsado un <strong>Centro de Aprendizaje Comunitario <\/strong>que ofrece apoyo directo a ni\u00f1as y ni\u00f1os que necesitan consolidar contenidos clave. En este espacio trabajan lectura, ingl\u00e9s y competencias digitales, con un acompa\u00f1amiento m\u00e1s cercano que les permite avanzar con mayor seguridad.<\/p>\n\n\n\n<p>El centro se ha convertido en un punto de referencia para la comunidad. No solo <strong>ampl\u00eda oportunidades de aprendizaje<\/strong>, sino que<strong> refuerza la confianza <\/strong>del alumnado y su continuidad educativa.<\/p>\n\n\n\n<figure class=\"wp-block-image aligncenter is-resized\"><img decoding=\"async\" width=\"1890\" height=\"1417\" src=\"https:\/\/www.entreculturas.org\/wp-content\/uploads\/2026\/02\/1jpg-1.jpg\" alt=\"Educaci\u00f3n en Camboya\" class=\"wp-image-46373\" style=\"aspect-ratio:1.7777777777777777;object-fit:cover;width:876px;height:auto\" srcset=\"https:\/\/www.entreculturas.org\/wp-content\/uploads\/2026\/02\/1jpg-1.jpg 1890w, https:\/\/www.entreculturas.org\/wp-content\/uploads\/2026\/02\/1jpg-1-300x225.jpg 300w, https:\/\/www.entreculturas.org\/wp-content\/uploads\/2026\/02\/1jpg-1-1024x768.jpg 1024w, https:\/\/www.entreculturas.org\/wp-content\/uploads\/2026\/02\/1jpg-1-768x576.jpg 768w, https:\/\/www.entreculturas.org\/wp-content\/uploads\/2026\/02\/1jpg-1-1536x1152.jpg 1536w\" sizes=\"(max-width: 1890px) 100vw, 1890px\" \/><figcaption class=\"wp-element-caption\">\u00a9 Fe y Alegr\u00eda Camboya<\/figcaption><\/figure>\n\n\n\n<h2 class=\"wp-block-heading\" id=\"h-el-healing-garden-aprender-desde-la-naturaleza\"><strong>El \u201cHealing garden\u201d: aprender desde la naturaleza<\/strong><\/h2>\n\n\n\n<p>Dentro del Centro de Aprendizaje Comunitario, el \u201cHealing Garden\u201d conecta educaci\u00f3n y entorno de manera concreta. All\u00ed, ni\u00f1as y ni\u00f1os participan en la plantaci\u00f3n de \u00e1rboles y plantas medicinales como limoneros, aloe vera o limoncillo, especies presentes en su propio entorno y que forman parte de la vida cotidiana de la comunidad. A trav\u00e9s de este proceso, no solo aprenden a cultivarlas, sino a comprender por qu\u00e9 cuidarlas es tambi\u00e9n cuidar su bienestar y el de quienes les rodean.<\/p>\n\n\n\n<p>Como explica Han, profesor del centro y miembro del equipo de Fe y Alegr\u00eda en Camboya:<br><br>\u201cLa educaci\u00f3n no solo crece en los libros, tambi\u00e9n brota de la tierra\u201d.<\/p>\n\n\n\n<p>El jard\u00edn, que incluye un sendero en forma de coraz\u00f3n construido por la propia comunidad educativa, simboliza que la infancia est\u00e1 en el centro del proceso. M\u00e1s que un espacio verde, es un lugar donde el alumnado entiende que proteger el medio ambiente implica reconocer la relaci\u00f3n directa entre naturaleza, comunidad y vida diaria. De esta forma, la educaci\u00f3n se vive m\u00e1s all\u00e1 del aula y se integra en la experiencia cotidiana.<\/p>\n\n\n\n<figure class=\"wp-block-image aligncenter is-resized\"><img decoding=\"async\" width=\"1024\" height=\"768\" src=\"https:\/\/www.entreculturas.org\/wp-content\/uploads\/2026\/02\/2-1024x768.jpg\" alt=\"Educaci\u00f3n en Camboya 2\" class=\"wp-image-46375\" style=\"aspect-ratio:1.7777777777777777;object-fit:cover;width:857px;height:auto\" srcset=\"https:\/\/www.entreculturas.org\/wp-content\/uploads\/2026\/02\/2-1024x768.jpg 1024w, https:\/\/www.entreculturas.org\/wp-content\/uploads\/2026\/02\/2-300x225.jpg 300w, https:\/\/www.entreculturas.org\/wp-content\/uploads\/2026\/02\/2-768x576.jpg 768w, https:\/\/www.entreculturas.org\/wp-content\/uploads\/2026\/02\/2-1536x1152.jpg 1536w, https:\/\/www.entreculturas.org\/wp-content\/uploads\/2026\/02\/2.jpg 1890w\" sizes=\"(max-width: 1024px) 100vw, 1024px\" \/><figcaption class=\"wp-element-caption\">\u00a9 Fe y Alegr\u00eda Camboya<\/figcaption><\/figure>\n\n\n\n<h2 class=\"wp-block-heading\" id=\"h-educacion-en-contextos-de-emergencia\"><strong>Educaci\u00f3n en contextos de emergencia<\/strong><\/h2>\n\n\n\n<p>Sostener el aprendizaje tambi\u00e9n implica saber adaptarse cuando el contexto cambia. En diciembre del a\u00f1o pasado, <strong>la situaci\u00f3n de conflicto<\/strong> en la frontera del pa\u00eds afect\u00f3 a comunidades cercanas y alter\u00f3 la vida cotidiana de muchas familias. En estos escenarios,<strong> la educaci\u00f3n suele ser una de las primeras actividades que se interrumpe.<\/strong><\/p>\n\n\n\n<p>Ante esta situaci\u00f3n, el equipo activ\u00f3 una respuesta de educaci\u00f3n en emergencias que incluy\u00f3 la <strong>distribuci\u00f3n de 2.000 kits escolares,<\/strong> la puesta en marcha de bibliotecas m\u00f3viles en espacios de desplazamiento y el dise\u00f1o de un programa de gesti\u00f3n emocional del conflicto para <strong>acompa\u00f1ar a ni\u00f1as y ni\u00f1os que hab\u00edan vivido situaciones de tensi\u00f3n e incertidumbre.<\/strong> La experiencia supuso un aprendizaje institucional importante, demostrando la <strong>capacidad de adaptaci\u00f3n del equipo de Fe y Alegr\u00eda<\/strong> para que el derecho a la educaci\u00f3n no se detenga. \u201cNuestra prioridad fue sanar el miedo para abrir paso al aprendizaje. Porque solo cuando un ni\u00f1o se siente seguro y escuchado, recupera la libertad de aprender y la fuerza para volver a so\u00f1ar\u201d, nos cuenta Pilar L\u00f3pez-Dafonte, Responsable Regional de la Federaci\u00f3n Internacional de Fe y Alegr\u00eda.<\/p>\n\n\n\n<h2 class=\"wp-block-heading\" id=\"h-reforzar-el-trabajo-docente-para-mejorar-la-calidad-educativa\"><strong>Reforzar el trabajo docente para mejorar la calidad educativa<\/strong><\/h2>\n\n\n\n<p>Otro eje clave del proceso es el <strong>acompa\u00f1amiento a docentes.<\/strong> A lo largo del \u00faltimo a\u00f1o, se han desarrollado talleres en matem\u00e1ticas y lengua jemer -la lengua oficial en Camboya- dirigidos al profesorado, adem\u00e1s de espacios formativos sobre convivencia y gesti\u00f3n del aula desde un enfoque de cuidado.<\/p>\n\n\n\n<p>En total, seis mentores han comenzado a acompa\u00f1ar de manera regular a docentes en su pr\u00e1ctica diaria, ofreciendo <strong>seguimiento cercano y apoyo continuado<\/strong>. Este acompa\u00f1amiento permite reforzar aprendizajes b\u00e1sicos, mejorar el clima escolar y avanzar de forma sostenida en la calidad educativa.<\/p>\n\n\n\n<figure class=\"wp-block-image aligncenter is-resized\"><img decoding=\"async\" width=\"1024\" height=\"768\" src=\"https:\/\/www.entreculturas.org\/wp-content\/uploads\/2026\/02\/4-1024x768.png\" alt=\"Educaci\u00f3n en Camboya 3\" class=\"wp-image-46377\" style=\"aspect-ratio:1.7777777777777777;object-fit:cover;width:875px;height:auto\" srcset=\"https:\/\/www.entreculturas.org\/wp-content\/uploads\/2026\/02\/4-1024x768.png 1024w, https:\/\/www.entreculturas.org\/wp-content\/uploads\/2026\/02\/4-300x225.png 300w, https:\/\/www.entreculturas.org\/wp-content\/uploads\/2026\/02\/4-768x576.png 768w, https:\/\/www.entreculturas.org\/wp-content\/uploads\/2026\/02\/4-1536x1152.png 1536w, https:\/\/www.entreculturas.org\/wp-content\/uploads\/2026\/02\/4.png 1890w\" sizes=\"(max-width: 1024px) 100vw, 1024px\" \/><figcaption class=\"wp-element-caption\">\u00a9 Fe y Alegr\u00eda Camboya<\/figcaption><\/figure>\n\n\n\n<h2 class=\"wp-block-heading\" id=\"h-un-proceso-que-sigue-creciendo\"><strong>Un proceso que sigue creciendo<\/strong><\/h2>\n\n\n\n<p>Actualmente, <strong>el trabajo de Fe y Alegr\u00eda en Camboya contin\u00faa ampliando<\/strong> comunidades de aprendizaje incorporando nuevas escuelas y centros no formales. Se trata de un proceso en construcci\u00f3n, que busca responder de manera contextualizada a los desaf\u00edos educativos del territorio.<\/p>\n\n\n\n<p>Desde Entreculturas acompa\u00f1amos este camino convencidas de que garantizar el derecho a la educaci\u00f3n implica algo m\u00e1s que el acceso: significa asegurar aprendizaje, permanencia y oportunidades reales de continuidad educativa.<\/p>\n","protected":false},"excerpt":{"rendered":"<p>En el noroeste de Camboya, muchas comunidades rurales enfrentan desaf\u00edos que influyen directamente en la educaci\u00f3n de ni\u00f1as y ni\u00f1os. Las condiciones econ\u00f3micas del territorio, la falta de recursos educativos suficientes y un entorno que no siempre ofrece apoyo acad\u00e9mico estable hacen que sostener la continuidad escolar no sea sencillo. A ello se suman infraestructuras limitadas en algunas escuelas y la dificultad para acceder a educaci\u00f3n secundaria en zonas m\u00e1s alejadas. Aunque el acceso a la escuela ha mejorado en los \u00faltimos a\u00f1os, garantizar que el aprendizaje sea s\u00f3lido y que el alumnado pueda continuar su trayectoria educativa sigue siendo un reto. En este contexto, desde Entreculturas apoyamos el trabajo de Fe y Alegr\u00eda en Camboya, que actualmente acompa\u00f1a a cerca de 4.000 personas \u2014entre ni\u00f1as, ni\u00f1os, docentes y miembros de la comunidad\u2014 en la construcci\u00f3n de procesos educativos m\u00e1s s\u00f3lidos y sostenidos en el tiempo. Educaci\u00f3n vinculada a la [&hellip;]<\/p>\n","protected":false},"featured_media":46371,"template":"","meta":{"_acf_changed":false},"categories":[7],"tags":[289],"country":[734],"cause":[128],"class_list":["post-46366","noticia","type-noticia","status-publish","has-post-thumbnail","hentry","category-noticia","tag-educacion","country-camboya","cause-educacion"],"acf":[],"yoast_head":"<!-- This site is optimized with the Yoast SEO Premium plugin v21.6 (Yoast SEO v27.5) - https:\/\/yoast.com\/product\/yoast-seo-premium-wordpress\/ -->\n<title>Educaci\u00f3n en Camboya<\/title>\n<meta name=\"description\" content=\"Desde Entreculturas apoyamos la construcci\u00f3n de procesos educativos m\u00e1s s\u00f3lidos y sostenidos en el tiempo.\" \/>\n<meta name=\"robots\" content=\"index, follow, max-snippet:-1, max-image-preview:large, max-video-preview:-1\" \/>\n<link rel=\"canonical\" href=\"https:\/\/www.entreculturas.org\/ca\/noticia\/educacion-en-camboya\/\" \/>\n<meta property=\"og:locale\" content=\"ca_ES\" \/>\n<meta property=\"og:type\" content=\"article\" \/>\n<meta property=\"og:title\" content=\"Educaci\u00f3n en Camboya: el trabajo de Fe y Alegr\u00eda para que m\u00e1s ni\u00f1os y ni\u00f1as contin\u00faen estudiando\" \/>\n<meta property=\"og:description\" content=\"Desde Entreculturas apoyamos la construcci\u00f3n de procesos educativos m\u00e1s s\u00f3lidos y sostenidos en el tiempo.\" \/>\n<meta property=\"og:url\" content=\"https:\/\/www.entreculturas.org\/ca\/noticia\/educacion-en-camboya\/\" \/>\n<meta property=\"og:site_name\" content=\"Entreculturas\" \/>\n<meta property=\"article:publisher\" content=\"https:\/\/www.facebook.com\/entreculturas\" \/>\n<meta property=\"article:modified_time\" content=\"2026-03-02T16:37:14+00:00\" \/>\n<meta property=\"og:image\" content=\"https:\/\/www.entreculturas.org\/wp-content\/uploads\/2026\/02\/IMG_2398.jpg\" \/>\n\t<meta property=\"og:image:width\" content=\"1536\" \/>\n\t<meta property=\"og:image:height\" content=\"582\" \/>\n\t<meta property=\"og:image:type\" content=\"image\/jpeg\" \/>\n<meta name=\"twitter:card\" content=\"summary_large_image\" \/>\n<meta name=\"twitter:site\" content=\"@Entreculturas\" \/>\n<script type=\"application\/ld+json\" class=\"yoast-schema-graph\">{\"@context\":\"https:\\\/\\\/schema.org\",\"@graph\":[{\"@type\":\"WebPage\",\"@id\":\"https:\\\/\\\/www.entreculturas.org\\\/ca\\\/noticia\\\/educacion-en-camboya\\\/\",\"url\":\"https:\\\/\\\/www.entreculturas.org\\\/ca\\\/noticia\\\/educacion-en-camboya\\\/\",\"name\":\"Educaci\u00f3n en Camboya\",\"isPartOf\":{\"@id\":\"https:\\\/\\\/www.entreculturas.org\\\/ca\\\/#website\"},\"primaryImageOfPage\":{\"@id\":\"https:\\\/\\\/www.entreculturas.org\\\/ca\\\/noticia\\\/educacion-en-camboya\\\/#primaryimage\"},\"image\":{\"@id\":\"https:\\\/\\\/www.entreculturas.org\\\/ca\\\/noticia\\\/educacion-en-camboya\\\/#primaryimage\"},\"thumbnailUrl\":\"https:\\\/\\\/www.entreculturas.org\\\/wp-content\\\/uploads\\\/2026\\\/02\\\/IMG_2398.jpg\",\"datePublished\":\"2026-02-26T12:45:47+00:00\",\"dateModified\":\"2026-03-02T16:37:14+00:00\",\"description\":\"Desde Entreculturas apoyamos la construcci\u00f3n de procesos educativos m\u00e1s s\u00f3lidos y sostenidos en el tiempo.\",\"breadcrumb\":{\"@id\":\"https:\\\/\\\/www.entreculturas.org\\\/ca\\\/noticia\\\/educacion-en-camboya\\\/#breadcrumb\"},\"inLanguage\":\"ca\",\"potentialAction\":[{\"@type\":\"ReadAction\",\"target\":[\"https:\\\/\\\/www.entreculturas.org\\\/ca\\\/noticia\\\/educacion-en-camboya\\\/\"]}]},{\"@type\":\"ImageObject\",\"inLanguage\":\"ca\",\"@id\":\"https:\\\/\\\/www.entreculturas.org\\\/ca\\\/noticia\\\/educacion-en-camboya\\\/#primaryimage\",\"url\":\"https:\\\/\\\/www.entreculturas.org\\\/wp-content\\\/uploads\\\/2026\\\/02\\\/IMG_2398.jpg\",\"contentUrl\":\"https:\\\/\\\/www.entreculturas.org\\\/wp-content\\\/uploads\\\/2026\\\/02\\\/IMG_2398.jpg\",\"width\":1536,\"height\":582,\"caption\":\"Fe y Alegr\u00eda impulsa la educaci\u00f3n infantil en Camboya.\"},{\"@type\":\"BreadcrumbList\",\"@id\":\"https:\\\/\\\/www.entreculturas.org\\\/ca\\\/noticia\\\/educacion-en-camboya\\\/#breadcrumb\",\"itemListElement\":[{\"@type\":\"ListItem\",\"position\":1,\"name\":\"Home\",\"item\":\"https:\\\/\\\/www.entreculturas.org\\\/ca\\\/\"},{\"@type\":\"ListItem\",\"position\":2,\"name\":\"Noticias\",\"item\":\"https:\\\/\\\/www.entreculturas.org\\\/ca\\\/noticias\\\/\"},{\"@type\":\"ListItem\",\"position\":3,\"name\":\"Educaci\u00f3n en Camboya: el trabajo de Fe y Alegr\u00eda para que m\u00e1s ni\u00f1os y ni\u00f1as contin\u00faen estudiando\"}]},{\"@type\":\"WebSite\",\"@id\":\"https:\\\/\\\/www.entreculturas.org\\\/ca\\\/#website\",\"url\":\"https:\\\/\\\/www.entreculturas.org\\\/ca\\\/\",\"name\":\"Entreculturas\",\"description\":\"\",\"publisher\":{\"@id\":\"https:\\\/\\\/www.entreculturas.org\\\/ca\\\/#organization\"},\"alternateName\":\"Entreculturas\",\"potentialAction\":[{\"@type\":\"SearchAction\",\"target\":{\"@type\":\"EntryPoint\",\"urlTemplate\":\"https:\\\/\\\/www.entreculturas.org\\\/ca\\\/?s={search_term_string}\"},\"query-input\":{\"@type\":\"PropertyValueSpecification\",\"valueRequired\":true,\"valueName\":\"search_term_string\"}}],\"inLanguage\":\"ca\"},{\"@type\":\"Organization\",\"@id\":\"https:\\\/\\\/www.entreculturas.org\\\/ca\\\/#organization\",\"name\":\"Entreculturas\",\"url\":\"https:\\\/\\\/www.entreculturas.org\\\/ca\\\/\",\"logo\":{\"@type\":\"ImageObject\",\"inLanguage\":\"ca\",\"@id\":\"https:\\\/\\\/www.entreculturas.org\\\/ca\\\/#\\\/schema\\\/logo\\\/image\\\/\",\"url\":\"https:\\\/\\\/www.entreculturas.org\\\/wp-content\\\/uploads\\\/2025\\\/10\\\/ESP.svg\",\"contentUrl\":\"https:\\\/\\\/www.entreculturas.org\\\/wp-content\\\/uploads\\\/2025\\\/10\\\/ESP.svg\",\"caption\":\"Entreculturas\"},\"image\":{\"@id\":\"https:\\\/\\\/www.entreculturas.org\\\/ca\\\/#\\\/schema\\\/logo\\\/image\\\/\"},\"sameAs\":[\"https:\\\/\\\/www.facebook.com\\\/entreculturas\",\"https:\\\/\\\/x.com\\\/Entreculturas\",\"https:\\\/\\\/www.instagram.com\\\/entreculturas\\\/\",\"https:\\\/\\\/www.youtube.com\\\/user\\\/entreculturasvideo\",\"https:\\\/\\\/www.linkedin.com\\\/company\\\/fundacion-entreculturas-ngdo\\\/\",\"https:\\\/\\\/www.flickr.com\\\/photos\\\/98455522@N04\\\/albums\\\/\"]}]}<\/script>\n<!-- \/ Yoast SEO Premium plugin. -->","yoast_head_json":{"title":"Educaci\u00f3n en Camboya","description":"Desde Entreculturas apoyamos la construcci\u00f3n de procesos educativos m\u00e1s s\u00f3lidos y sostenidos en el tiempo.","robots":{"index":"index","follow":"follow","max-snippet":"max-snippet:-1","max-image-preview":"max-image-preview:large","max-video-preview":"max-video-preview:-1"},"canonical":"https:\/\/www.entreculturas.org\/ca\/noticia\/educacion-en-camboya\/","og_locale":"ca_ES","og_type":"article","og_title":"Educaci\u00f3n en Camboya: el trabajo de Fe y Alegr\u00eda para que m\u00e1s ni\u00f1os y ni\u00f1as contin\u00faen estudiando","og_description":"Desde Entreculturas apoyamos la construcci\u00f3n de procesos educativos m\u00e1s s\u00f3lidos y sostenidos en el tiempo.","og_url":"https:\/\/www.entreculturas.org\/ca\/noticia\/educacion-en-camboya\/","og_site_name":"Entreculturas","article_publisher":"https:\/\/www.facebook.com\/entreculturas","article_modified_time":"2026-03-02T16:37:14+00:00","og_image":[{"width":1536,"height":582,"url":"https:\/\/www.entreculturas.org\/wp-content\/uploads\/2026\/02\/IMG_2398.jpg","type":"image\/jpeg"}],"twitter_card":"summary_large_image","twitter_site":"@Entreculturas","schema":{"@context":"https:\/\/schema.org","@graph":[{"@type":"WebPage","@id":"https:\/\/www.entreculturas.org\/ca\/noticia\/educacion-en-camboya\/","url":"https:\/\/www.entreculturas.org\/ca\/noticia\/educacion-en-camboya\/","name":"Educaci\u00f3n en Camboya","isPartOf":{"@id":"https:\/\/www.entreculturas.org\/ca\/#website"},"primaryImageOfPage":{"@id":"https:\/\/www.entreculturas.org\/ca\/noticia\/educacion-en-camboya\/#primaryimage"},"image":{"@id":"https:\/\/www.entreculturas.org\/ca\/noticia\/educacion-en-camboya\/#primaryimage"},"thumbnailUrl":"https:\/\/www.entreculturas.org\/wp-content\/uploads\/2026\/02\/IMG_2398.jpg","datePublished":"2026-02-26T12:45:47+00:00","dateModified":"2026-03-02T16:37:14+00:00","description":"Desde Entreculturas apoyamos la construcci\u00f3n de procesos educativos m\u00e1s s\u00f3lidos y sostenidos en el tiempo.","breadcrumb":{"@id":"https:\/\/www.entreculturas.org\/ca\/noticia\/educacion-en-camboya\/#breadcrumb"},"inLanguage":"ca","potentialAction":[{"@type":"ReadAction","target":["https:\/\/www.entreculturas.org\/ca\/noticia\/educacion-en-camboya\/"]}]},{"@type":"ImageObject","inLanguage":"ca","@id":"https:\/\/www.entreculturas.org\/ca\/noticia\/educacion-en-camboya\/#primaryimage","url":"https:\/\/www.entreculturas.org\/wp-content\/uploads\/2026\/02\/IMG_2398.jpg","contentUrl":"https:\/\/www.entreculturas.org\/wp-content\/uploads\/2026\/02\/IMG_2398.jpg","width":1536,"height":582,"caption":"Fe y Alegr\u00eda impulsa la educaci\u00f3n infantil en Camboya."},{"@type":"BreadcrumbList","@id":"https:\/\/www.entreculturas.org\/ca\/noticia\/educacion-en-camboya\/#breadcrumb","itemListElement":[{"@type":"ListItem","position":1,"name":"Home","item":"https:\/\/www.entreculturas.org\/ca\/"},{"@type":"ListItem","position":2,"name":"Noticias","item":"https:\/\/www.entreculturas.org\/ca\/noticias\/"},{"@type":"ListItem","position":3,"name":"Educaci\u00f3n en Camboya: el trabajo de Fe y Alegr\u00eda para que m\u00e1s ni\u00f1os y ni\u00f1as contin\u00faen estudiando"}]},{"@type":"WebSite","@id":"https:\/\/www.entreculturas.org\/ca\/#website","url":"https:\/\/www.entreculturas.org\/ca\/","name":"Entreculturas","description":"","publisher":{"@id":"https:\/\/www.entreculturas.org\/ca\/#organization"},"alternateName":"Entreculturas","potentialAction":[{"@type":"SearchAction","target":{"@type":"EntryPoint","urlTemplate":"https:\/\/www.entreculturas.org\/ca\/?s={search_term_string}"},"query-input":{"@type":"PropertyValueSpecification","valueRequired":true,"valueName":"search_term_string"}}],"inLanguage":"ca"},{"@type":"Organization","@id":"https:\/\/www.entreculturas.org\/ca\/#organization","name":"Entreculturas","url":"https:\/\/www.entreculturas.org\/ca\/","logo":{"@type":"ImageObject","inLanguage":"ca","@id":"https:\/\/www.entreculturas.org\/ca\/#\/schema\/logo\/image\/","url":"https:\/\/www.entreculturas.org\/wp-content\/uploads\/2025\/10\/ESP.svg","contentUrl":"https:\/\/www.entreculturas.org\/wp-content\/uploads\/2025\/10\/ESP.svg","caption":"Entreculturas"},"image":{"@id":"https:\/\/www.entreculturas.org\/ca\/#\/schema\/logo\/image\/"},"sameAs":["https:\/\/www.facebook.com\/entreculturas","https:\/\/x.com\/Entreculturas","https:\/\/www.instagram.com\/entreculturas\/","https:\/\/www.youtube.com\/user\/entreculturasvideo","https:\/\/www.linkedin.com\/company\/fundacion-entreculturas-ngdo\/","https:\/\/www.flickr.com\/photos\/98455522@N04\/albums\/"]}]}},"_links":{"self":[{"href":"https:\/\/www.entreculturas.org\/ca\/wp-json\/wp\/v2\/noticia\/46366","targetHints":{"allow":["GET"]}}],"collection":[{"href":"https:\/\/www.entreculturas.org\/ca\/wp-json\/wp\/v2\/noticia"}],"about":[{"href":"https:\/\/www.entreculturas.org\/ca\/wp-json\/wp\/v2\/types\/noticia"}],"wp:featuredmedia":[{"embeddable":true,"href":"https:\/\/www.entreculturas.org\/ca\/wp-json\/wp\/v2\/media\/46371"}],"wp:attachment":[{"href":"https:\/\/www.entreculturas.org\/ca\/wp-json\/wp\/v2\/media?parent=46366"}],"wp:term":[{"taxonomy":"category","embeddable":true,"href":"https:\/\/www.entreculturas.org\/ca\/wp-json\/wp\/v2\/categories?post=46366"},{"taxonomy":"post_tag","embeddable":true,"href":"https:\/\/www.entreculturas.org\/ca\/wp-json\/wp\/v2\/tags?post=46366"},{"taxonomy":"country","embeddable":true,"href":"https:\/\/www.entreculturas.org\/ca\/wp-json\/wp\/v2\/country?post=46366"},{"taxonomy":"cause","embeddable":true,"href":"https:\/\/www.entreculturas.org\/ca\/wp-json\/wp\/v2\/cause?post=46366"}],"curies":[{"name":"wp","href":"https:\/\/api.w.org\/{rel}","templated":true}]}}