{"id":4570,"date":"2020-05-04T14:52:22","date_gmt":"2020-05-04T14:52:22","guid":{"rendered":"https:\/\/entreculturasi.wpenginepowered.com\/?noticias=acompanandonos-para-acompanar-arrancamos-el-curso-online-sobre-estrategias-comunitarias"},"modified":"2024-03-14T14:53:48","modified_gmt":"2024-03-14T13:53:48","slug":"acompanandonos-para-acompanar-arrancamos-el-curso-online-sobre-estrategias-comunitarias","status":"publish","type":"noticia","link":"https:\/\/www.entreculturas.org\/ca\/noticia\/acompanandonos-para-acompanar-arrancamos-el-curso-online-sobre-estrategias-comunitarias\/","title":{"rendered":"Acompa\u00f1\u00e1ndonos para acompa\u00f1ar: Arrancamos el curso online sobre Estrategias Comunitarias para la Convivencia Juvenil en tiempos de Crisis"},"content":{"rendered":"<p>En Entreculturas, estamos trabajando para <strong>adaptar nuestra propuesta educativa a la nueva situaci\u00f3n ocasionada por el Covid-19<\/strong>. Sabemos que esta crisis ha forzado a adaptar en tiempo record al \u00e1mbito online la labor socioeducativa realizada por muchos y muchas profesionales, al tiempo que genera nuevos retos educativos a la hora de ofrecer acompa\u00f1amiento a los y las j\u00f3venes con los que realizamos nuestra labor.<\/p>\n<p>El tiempo que nos toca vivir, tanto actual, como las previsiones a futuro, ser\u00e1 de seguro distinto, plante\u00e1ndonos nuevos horizontes a los que dar respuesta. \u00bfC\u00f3mo prepararnos para atender a nuestra labor actual? \u00bfC\u00f3mo seguir form\u00e1ndonos, para atender a las nuevas necesidades socioeducativas que alumbrar\u00e1 esta crisis? \u00bfPuede ser todo esto una oportunidad educativa? \u00bfDebemos hacer este esfuerzo en soledad, o podemos tejer redes profesionales sobre las que seguir construyendo?<\/p>\n<p>Fruto de esta reflexi\u00f3n, nace la <strong>formaci\u00f3n online \u201cEstrategias Comunitarias para la Convivencia Juvenil en tiempos de Crisis\u201d<\/strong>. Se trata de una formaci\u00f3n online dirigida a educadores y educadoras, tanto de centros educativos como de organizaciones sociocomunitarias, que trabajan con adolescentes y j\u00f3venes en situaci\u00f3n o riesgo de exclusi\u00f3n social.<\/p>\n<p>El curso tiene el objetivo de crear un&nbsp;<strong>espacio entre profesionales<\/strong>, para la formaci\u00f3n mutua en estrategias socioeducativas para el acompa\u00f1amiento de j\u00f3venes en contextos de exclusi\u00f3n, aterrizada a las nuevas necesidades socioeducativas y emocionales derivadas de la situaci\u00f3n que vivimos y que se prevee ocasionada por el covid-19. Bajo la necesidad de <strong>\u201cacompa\u00f1arnos para acompa\u00f1ar\u201d<\/strong>, creamos este espacio, pensado como un lugar en el que profesionales con retos parecidos podamos compartir c\u00f3mo estamos viviendo esta situaci\u00f3n, al tiempo que compartimos y creamos herramientas y estrategias conjuntas para dar respuesta a esta realidad de forma coordinada y comunitaria<strong>, creando red<\/strong>.<\/p>\n<p>Cada edici\u00f3n tendr\u00e1 la <strong>limitaci\u00f3n de unas 15 plazas<\/strong>, para asegurarnos un acompa\u00f1amiento lo m\u00e1s personalizado y participativo posible. En cada edici\u00f3n se habilitar\u00e1 un enlace de preinscripci\u00f3n, sobre el que programaremos cu\u00e1ntas ediciones podemos hacer, y confirmaremos las plazas a las personas participantes. La plataforma utilizada ser\u00e1 Google Classroom, y las sesiones<\/p>\n<p>Durante el desarrollo del mismo, pretendemos analizar los nuevos retos educativos que nos deja esta situaci\u00f3n, as\u00ed como explorar estrategias educativas que pueden ponerse en marcha, abordando una vez m\u00e1s&nbsp;y entre otras muchas herramientas, <strong>c\u00f3mo el enfoque de participaci\u00f3n juvenil y de Educaci\u00f3n para la Ciudadan\u00eda Global puede aportar respuestas y soluciones en este nuevo escenario.<\/strong><\/p>\n<p>El curso se desarrolla a trav\u00e9s de la <strong>plataforma Google Classroom<\/strong>, en la que se colgar\u00e1n las actividades, presentaciones y se podr\u00e1 habilitar un foro entre los y las participantes. En cada m\u00f3dulo, antes de los encuentros virtuales, se enlazar\u00e1n una serie de actividades de reflexi\u00f3n, que marcar\u00e1n la base para compartir y trabajar en las sesiones virtuales. Adem\u00e1s, se realizar\u00e1n <strong>cinco sesiones virtuales a trav\u00e9s de Zoom,<\/strong> de una hora y media de duraci\u00f3n en horario de tarde, con un compromiso de acompa\u00f1amiento posterior. Los contenidos tratados en cada sesi\u00f3n ser\u00e1n los siguientes: &nbsp;<\/p>\n<ul>\n<li><strong>\u00b7 Sesi\u00f3n 0: Presentaci\u00f3n: <\/strong>bienvenida, presentaci\u00f3n de los y las participantes, presentaci\u00f3n de los contenidos a tratar, metodolog\u00eda y plataforma. Conocemos a las personas participantes y nos aseguramos de que todo el mundo conoce la plataforma, la metodolog\u00eda y que no hay problemas de acceso.&nbsp;<br \/>&nbsp;<\/li>\n<li><strong>\u00b7 M\u00f3dulo 1: El c\u00edrculo del problema\/soluci\u00f3n<\/strong>. Mirando hacia dentro para encontrar soluciones hacia fuera. Se trabajar\u00e1 a nivel personal y se analizar\u00e1 las expectativas, motivaciones y problem\u00e1tica de cada profesional.&nbsp;<br \/>&nbsp;<\/li>\n<li><strong>\u00b7 M\u00f3dulo 2:<\/strong> <strong>Yo, t\u00fa y nuestro sistema. <\/strong>Se analizar\u00e1 la violencia existente en el contexto profesional, las problem\u00e1ticas con las que se encuentran en la convivencia, las fortalezas del grupo, asociaci\u00f3n. Se quiere generar un mapa general donde se analicen los factores que influyen sobre la convivencia y las posibilidades de acci\u00f3n con las que se cuentan. Se definen los l\u00edmites y las potencialidades de cada asociaci\u00f3n\/ centro\/ grupo.&nbsp;<br \/>&nbsp;<\/li>\n<li><strong>\u00b7 M\u00f3dulo 3: Herramientas I <\/strong>Propuestas de herramientas que puedan adaptarse a cada realidad. \u00bfQu\u00e9 lagunas tenemos? \u00bfQu\u00e9 estamos haciendo? \u00bfQu\u00e9 nos est\u00e1 funcionando?<br \/>&nbsp;<\/li>\n<li><strong>\u00b7 M\u00f3dulo 4: Herramientas II <\/strong>Elaboraci\u00f3n de la propuesta de acci\u00f3n con los j\u00f3venes a trav\u00e9s de las herramientas seleccionada<strong>. <\/strong>De lo que hemos trabajado, qu\u00e9 creemos que puede aplicarse con nuestros grupos.&nbsp;<br \/>&nbsp;<\/li>\n<\/ul>\n<ul>\n<li><strong>\u00b7 Pasa a la acci\u00f3n.<\/strong> Ejecuci\u00f3n de la parte pr\u00e1ctica donde se propone y se articulan las herramientas elegidas con el grupo. Elaboraci\u00f3n de un cuaderno de campo donde se describen experiencias, necesidades, propuestas de mejora. Tutorizaci\u00f3n y acompa\u00f1amiento desde Entreculturas.&nbsp;<br \/>&nbsp;<\/li>\n<\/ul>\n<p>La formaci\u00f3n ya <strong>ha arrancado sus dos primeras ediciones<\/strong> con profesionales de Andaluc\u00eda y Murcia, y <strong>estamos trabajando para iniciarla en otros territorios<\/strong> como Galicia, Asturias, Comunidad Valenciana o Madrid. Nuestras t\u00e9cnicas y t\u00e9cnicos de Ciudadan\u00eda har\u00e1n llegar la informaci\u00f3n de cada edici\u00f3n a nuestra base educativa a medida que se vayan iniciando en cada territorio.<\/p>\n<p>Quedamos pendientes para poder dar respuesta a cualquier necesidad educativa que detectemos durante este tiempo, convencidas de que los retos siempre se afrontan mejor en comunidad y en red, as\u00ed como de que esta nueva realidad puede, no solo poner obst\u00e1culos, sino tambi\u00e9n marcar el camino de nuevas oportunidades educativas.<\/p>\n","protected":false},"excerpt":{"rendered":"<p>En Entreculturas, estamos trabajando para adaptar nuestra propuesta educativa a la nueva situaci\u00f3n ocasionada por el Covid-19. Sabemos que esta crisis ha forzado a adaptar en tiempo record al \u00e1mbito online la labor socioeducativa realizada por muchos y muchas profesionales, al tiempo que genera nuevos retos educativos a la hora de ofrecer acompa\u00f1amiento a los y las j\u00f3venes con los que realizamos nuestra labor. El tiempo que nos toca vivir, tanto actual, como las previsiones a futuro, ser\u00e1 de seguro distinto, plante\u00e1ndonos nuevos horizontes a los que dar respuesta. \u00bfC\u00f3mo prepararnos para atender a nuestra labor actual? \u00bfC\u00f3mo seguir form\u00e1ndonos, para atender a las nuevas necesidades socioeducativas que alumbrar\u00e1 esta crisis? \u00bfPuede ser todo esto una oportunidad educativa? \u00bfDebemos hacer este esfuerzo en soledad, o podemos tejer redes profesionales sobre las que seguir construyendo? Fruto de esta reflexi\u00f3n, nace la formaci\u00f3n online \u201cEstrategias Comunitarias para la Convivencia Juvenil en tiempos [&hellip;]<\/p>\n","protected":false},"featured_media":4567,"template":"single-noticia","meta":{"_acf_changed":false},"categories":[7],"tags":[289],"country":[],"cause":[128],"class_list":["post-4570","noticia","type-noticia","status-publish","has-post-thumbnail","hentry","category-noticia","tag-educacion","cause-educacion"],"acf":[],"yoast_head":"<!-- This site is optimized with the Yoast SEO Premium plugin v21.6 (Yoast SEO v27.5) - https:\/\/yoast.com\/product\/yoast-seo-premium-wordpress\/ -->\n<title>Acompa\u00f1\u00e1ndonos para acompa\u00f1ar: Arrancamos el curso online sobre Estrategias Comunitarias para la Convivencia Juvenil en tiempos de Crisis - Entreculturas<\/title>\n<meta name=\"robots\" content=\"index, follow, max-snippet:-1, max-image-preview:large, max-video-preview:-1\" \/>\n<link rel=\"canonical\" href=\"https:\/\/www.entreculturas.org\/ca\/noticia\/acompanandonos-para-acompanar-arrancamos-el-curso-online-sobre-estrategias-comunitarias\/\" \/>\n<meta property=\"og:locale\" content=\"ca_ES\" \/>\n<meta property=\"og:type\" content=\"article\" \/>\n<meta property=\"og:title\" content=\"Acompa\u00f1\u00e1ndonos para acompa\u00f1ar: Arrancamos el curso online sobre Estrategias Comunitarias para la Convivencia Juvenil en tiempos de Crisis\" \/>\n<meta property=\"og:description\" content=\"En Entreculturas, estamos trabajando para adaptar nuestra propuesta educativa a la nueva situaci\u00f3n ocasionada por el Covid-19. Sabemos que esta crisis ha forzado a adaptar en tiempo record al \u00e1mbito online la labor socioeducativa realizada por muchos y muchas profesionales, al tiempo que genera nuevos retos educativos a la hora de ofrecer acompa\u00f1amiento a los y las j\u00f3venes con los que realizamos nuestra labor. El tiempo que nos toca vivir, tanto actual, como las previsiones a futuro, ser\u00e1 de seguro distinto, plante\u00e1ndonos nuevos horizontes a los que dar respuesta. \u00bfC\u00f3mo prepararnos para atender a nuestra labor actual? \u00bfC\u00f3mo seguir form\u00e1ndonos, para atender a las nuevas necesidades socioeducativas que alumbrar\u00e1 esta crisis? \u00bfPuede ser todo esto una oportunidad educativa? \u00bfDebemos hacer este esfuerzo en soledad, o podemos tejer redes profesionales sobre las que seguir construyendo? Fruto de esta reflexi\u00f3n, nace la formaci\u00f3n online \u201cEstrategias Comunitarias para la Convivencia Juvenil en tiempos [&hellip;]\" \/>\n<meta property=\"og:url\" content=\"https:\/\/www.entreculturas.org\/ca\/noticia\/acompanandonos-para-acompanar-arrancamos-el-curso-online-sobre-estrategias-comunitarias\/\" \/>\n<meta property=\"og:site_name\" content=\"Entreculturas\" \/>\n<meta property=\"article:publisher\" content=\"https:\/\/www.facebook.com\/entreculturas\" \/>\n<meta property=\"article:modified_time\" content=\"2024-03-14T13:53:48+00:00\" \/>\n<meta property=\"og:image\" content=\"https:\/\/www.entreculturas.org\/wp-content\/uploads\/2020\/05\/general_para_publiacion_en_redec.jpg\" \/>\n\t<meta property=\"og:image:width\" content=\"1587\" \/>\n\t<meta property=\"og:image:height\" content=\"2245\" \/>\n\t<meta property=\"og:image:type\" content=\"image\/jpeg\" \/>\n<meta name=\"twitter:card\" content=\"summary_large_image\" \/>\n<meta name=\"twitter:site\" content=\"@Entreculturas\" \/>\n<script type=\"application\/ld+json\" class=\"yoast-schema-graph\">{\"@context\":\"https:\\\/\\\/schema.org\",\"@graph\":[{\"@type\":\"WebPage\",\"@id\":\"https:\\\/\\\/www.entreculturas.org\\\/ca\\\/noticia\\\/acompanandonos-para-acompanar-arrancamos-el-curso-online-sobre-estrategias-comunitarias\\\/\",\"url\":\"https:\\\/\\\/www.entreculturas.org\\\/ca\\\/noticia\\\/acompanandonos-para-acompanar-arrancamos-el-curso-online-sobre-estrategias-comunitarias\\\/\",\"name\":\"Acompa\u00f1\u00e1ndonos para acompa\u00f1ar: Arrancamos el curso online sobre Estrategias Comunitarias para la Convivencia Juvenil en tiempos de Crisis - Entreculturas\",\"isPartOf\":{\"@id\":\"https:\\\/\\\/www.entreculturas.org\\\/ca\\\/#website\"},\"primaryImageOfPage\":{\"@id\":\"https:\\\/\\\/www.entreculturas.org\\\/ca\\\/noticia\\\/acompanandonos-para-acompanar-arrancamos-el-curso-online-sobre-estrategias-comunitarias\\\/#primaryimage\"},\"image\":{\"@id\":\"https:\\\/\\\/www.entreculturas.org\\\/ca\\\/noticia\\\/acompanandonos-para-acompanar-arrancamos-el-curso-online-sobre-estrategias-comunitarias\\\/#primaryimage\"},\"thumbnailUrl\":\"https:\\\/\\\/www.entreculturas.org\\\/wp-content\\\/uploads\\\/2020\\\/05\\\/general_para_publiacion_en_redec.jpg\",\"datePublished\":\"2020-05-04T14:52:22+00:00\",\"dateModified\":\"2024-03-14T13:53:48+00:00\",\"breadcrumb\":{\"@id\":\"https:\\\/\\\/www.entreculturas.org\\\/ca\\\/noticia\\\/acompanandonos-para-acompanar-arrancamos-el-curso-online-sobre-estrategias-comunitarias\\\/#breadcrumb\"},\"inLanguage\":\"ca\",\"potentialAction\":[{\"@type\":\"ReadAction\",\"target\":[\"https:\\\/\\\/www.entreculturas.org\\\/ca\\\/noticia\\\/acompanandonos-para-acompanar-arrancamos-el-curso-online-sobre-estrategias-comunitarias\\\/\"]}]},{\"@type\":\"ImageObject\",\"inLanguage\":\"ca\",\"@id\":\"https:\\\/\\\/www.entreculturas.org\\\/ca\\\/noticia\\\/acompanandonos-para-acompanar-arrancamos-el-curso-online-sobre-estrategias-comunitarias\\\/#primaryimage\",\"url\":\"https:\\\/\\\/www.entreculturas.org\\\/wp-content\\\/uploads\\\/2020\\\/05\\\/general_para_publiacion_en_redec.jpg\",\"contentUrl\":\"https:\\\/\\\/www.entreculturas.org\\\/wp-content\\\/uploads\\\/2020\\\/05\\\/general_para_publiacion_en_redec.jpg\",\"width\":1587,\"height\":2245},{\"@type\":\"BreadcrumbList\",\"@id\":\"https:\\\/\\\/www.entreculturas.org\\\/ca\\\/noticia\\\/acompanandonos-para-acompanar-arrancamos-el-curso-online-sobre-estrategias-comunitarias\\\/#breadcrumb\",\"itemListElement\":[{\"@type\":\"ListItem\",\"position\":1,\"name\":\"Home\",\"item\":\"https:\\\/\\\/www.entreculturas.org\\\/ca\\\/\"},{\"@type\":\"ListItem\",\"position\":2,\"name\":\"Noticias\",\"item\":\"https:\\\/\\\/www.entreculturas.org\\\/ca\\\/noticias\\\/\"},{\"@type\":\"ListItem\",\"position\":3,\"name\":\"Acompa\u00f1\u00e1ndonos para acompa\u00f1ar: Arrancamos el curso online sobre Estrategias Comunitarias para la Convivencia Juvenil en tiempos de Crisis\"}]},{\"@type\":\"WebSite\",\"@id\":\"https:\\\/\\\/www.entreculturas.org\\\/ca\\\/#website\",\"url\":\"https:\\\/\\\/www.entreculturas.org\\\/ca\\\/\",\"name\":\"Entreculturas\",\"description\":\"\",\"publisher\":{\"@id\":\"https:\\\/\\\/www.entreculturas.org\\\/ca\\\/#organization\"},\"alternateName\":\"Entreculturas\",\"potentialAction\":[{\"@type\":\"SearchAction\",\"target\":{\"@type\":\"EntryPoint\",\"urlTemplate\":\"https:\\\/\\\/www.entreculturas.org\\\/ca\\\/?s={search_term_string}\"},\"query-input\":{\"@type\":\"PropertyValueSpecification\",\"valueRequired\":true,\"valueName\":\"search_term_string\"}}],\"inLanguage\":\"ca\"},{\"@type\":\"Organization\",\"@id\":\"https:\\\/\\\/www.entreculturas.org\\\/ca\\\/#organization\",\"name\":\"Entreculturas\",\"url\":\"https:\\\/\\\/www.entreculturas.org\\\/ca\\\/\",\"logo\":{\"@type\":\"ImageObject\",\"inLanguage\":\"ca\",\"@id\":\"https:\\\/\\\/www.entreculturas.org\\\/ca\\\/#\\\/schema\\\/logo\\\/image\\\/\",\"url\":\"https:\\\/\\\/www.entreculturas.org\\\/wp-content\\\/uploads\\\/2025\\\/10\\\/ESP.svg\",\"contentUrl\":\"https:\\\/\\\/www.entreculturas.org\\\/wp-content\\\/uploads\\\/2025\\\/10\\\/ESP.svg\",\"caption\":\"Entreculturas\"},\"image\":{\"@id\":\"https:\\\/\\\/www.entreculturas.org\\\/ca\\\/#\\\/schema\\\/logo\\\/image\\\/\"},\"sameAs\":[\"https:\\\/\\\/www.facebook.com\\\/entreculturas\",\"https:\\\/\\\/x.com\\\/Entreculturas\",\"https:\\\/\\\/www.instagram.com\\\/entreculturas\\\/\",\"https:\\\/\\\/www.youtube.com\\\/user\\\/entreculturasvideo\",\"https:\\\/\\\/www.linkedin.com\\\/company\\\/fundacion-entreculturas-ngdo\\\/\",\"https:\\\/\\\/www.flickr.com\\\/photos\\\/98455522@N04\\\/albums\\\/\"]}]}<\/script>\n<!-- \/ Yoast SEO Premium plugin. -->","yoast_head_json":{"title":"Acompa\u00f1\u00e1ndonos para acompa\u00f1ar: Arrancamos el curso online sobre Estrategias Comunitarias para la Convivencia Juvenil en tiempos de Crisis - Entreculturas","robots":{"index":"index","follow":"follow","max-snippet":"max-snippet:-1","max-image-preview":"max-image-preview:large","max-video-preview":"max-video-preview:-1"},"canonical":"https:\/\/www.entreculturas.org\/ca\/noticia\/acompanandonos-para-acompanar-arrancamos-el-curso-online-sobre-estrategias-comunitarias\/","og_locale":"ca_ES","og_type":"article","og_title":"Acompa\u00f1\u00e1ndonos para acompa\u00f1ar: Arrancamos el curso online sobre Estrategias Comunitarias para la Convivencia Juvenil en tiempos de Crisis","og_description":"En Entreculturas, estamos trabajando para adaptar nuestra propuesta educativa a la nueva situaci\u00f3n ocasionada por el Covid-19. Sabemos que esta crisis ha forzado a adaptar en tiempo record al \u00e1mbito online la labor socioeducativa realizada por muchos y muchas profesionales, al tiempo que genera nuevos retos educativos a la hora de ofrecer acompa\u00f1amiento a los y las j\u00f3venes con los que realizamos nuestra labor. El tiempo que nos toca vivir, tanto actual, como las previsiones a futuro, ser\u00e1 de seguro distinto, plante\u00e1ndonos nuevos horizontes a los que dar respuesta. \u00bfC\u00f3mo prepararnos para atender a nuestra labor actual? \u00bfC\u00f3mo seguir form\u00e1ndonos, para atender a las nuevas necesidades socioeducativas que alumbrar\u00e1 esta crisis? \u00bfPuede ser todo esto una oportunidad educativa? \u00bfDebemos hacer este esfuerzo en soledad, o podemos tejer redes profesionales sobre las que seguir construyendo? Fruto de esta reflexi\u00f3n, nace la formaci\u00f3n online \u201cEstrategias Comunitarias para la Convivencia Juvenil en tiempos [&hellip;]","og_url":"https:\/\/www.entreculturas.org\/ca\/noticia\/acompanandonos-para-acompanar-arrancamos-el-curso-online-sobre-estrategias-comunitarias\/","og_site_name":"Entreculturas","article_publisher":"https:\/\/www.facebook.com\/entreculturas","article_modified_time":"2024-03-14T13:53:48+00:00","og_image":[{"width":1587,"height":2245,"url":"https:\/\/www.entreculturas.org\/wp-content\/uploads\/2020\/05\/general_para_publiacion_en_redec.jpg","type":"image\/jpeg"}],"twitter_card":"summary_large_image","twitter_site":"@Entreculturas","schema":{"@context":"https:\/\/schema.org","@graph":[{"@type":"WebPage","@id":"https:\/\/www.entreculturas.org\/ca\/noticia\/acompanandonos-para-acompanar-arrancamos-el-curso-online-sobre-estrategias-comunitarias\/","url":"https:\/\/www.entreculturas.org\/ca\/noticia\/acompanandonos-para-acompanar-arrancamos-el-curso-online-sobre-estrategias-comunitarias\/","name":"Acompa\u00f1\u00e1ndonos para acompa\u00f1ar: Arrancamos el curso online sobre Estrategias Comunitarias para la Convivencia Juvenil en tiempos de Crisis - Entreculturas","isPartOf":{"@id":"https:\/\/www.entreculturas.org\/ca\/#website"},"primaryImageOfPage":{"@id":"https:\/\/www.entreculturas.org\/ca\/noticia\/acompanandonos-para-acompanar-arrancamos-el-curso-online-sobre-estrategias-comunitarias\/#primaryimage"},"image":{"@id":"https:\/\/www.entreculturas.org\/ca\/noticia\/acompanandonos-para-acompanar-arrancamos-el-curso-online-sobre-estrategias-comunitarias\/#primaryimage"},"thumbnailUrl":"https:\/\/www.entreculturas.org\/wp-content\/uploads\/2020\/05\/general_para_publiacion_en_redec.jpg","datePublished":"2020-05-04T14:52:22+00:00","dateModified":"2024-03-14T13:53:48+00:00","breadcrumb":{"@id":"https:\/\/www.entreculturas.org\/ca\/noticia\/acompanandonos-para-acompanar-arrancamos-el-curso-online-sobre-estrategias-comunitarias\/#breadcrumb"},"inLanguage":"ca","potentialAction":[{"@type":"ReadAction","target":["https:\/\/www.entreculturas.org\/ca\/noticia\/acompanandonos-para-acompanar-arrancamos-el-curso-online-sobre-estrategias-comunitarias\/"]}]},{"@type":"ImageObject","inLanguage":"ca","@id":"https:\/\/www.entreculturas.org\/ca\/noticia\/acompanandonos-para-acompanar-arrancamos-el-curso-online-sobre-estrategias-comunitarias\/#primaryimage","url":"https:\/\/www.entreculturas.org\/wp-content\/uploads\/2020\/05\/general_para_publiacion_en_redec.jpg","contentUrl":"https:\/\/www.entreculturas.org\/wp-content\/uploads\/2020\/05\/general_para_publiacion_en_redec.jpg","width":1587,"height":2245},{"@type":"BreadcrumbList","@id":"https:\/\/www.entreculturas.org\/ca\/noticia\/acompanandonos-para-acompanar-arrancamos-el-curso-online-sobre-estrategias-comunitarias\/#breadcrumb","itemListElement":[{"@type":"ListItem","position":1,"name":"Home","item":"https:\/\/www.entreculturas.org\/ca\/"},{"@type":"ListItem","position":2,"name":"Noticias","item":"https:\/\/www.entreculturas.org\/ca\/noticias\/"},{"@type":"ListItem","position":3,"name":"Acompa\u00f1\u00e1ndonos para acompa\u00f1ar: Arrancamos el curso online sobre Estrategias Comunitarias para la Convivencia Juvenil en tiempos de Crisis"}]},{"@type":"WebSite","@id":"https:\/\/www.entreculturas.org\/ca\/#website","url":"https:\/\/www.entreculturas.org\/ca\/","name":"Entreculturas","description":"","publisher":{"@id":"https:\/\/www.entreculturas.org\/ca\/#organization"},"alternateName":"Entreculturas","potentialAction":[{"@type":"SearchAction","target":{"@type":"EntryPoint","urlTemplate":"https:\/\/www.entreculturas.org\/ca\/?s={search_term_string}"},"query-input":{"@type":"PropertyValueSpecification","valueRequired":true,"valueName":"search_term_string"}}],"inLanguage":"ca"},{"@type":"Organization","@id":"https:\/\/www.entreculturas.org\/ca\/#organization","name":"Entreculturas","url":"https:\/\/www.entreculturas.org\/ca\/","logo":{"@type":"ImageObject","inLanguage":"ca","@id":"https:\/\/www.entreculturas.org\/ca\/#\/schema\/logo\/image\/","url":"https:\/\/www.entreculturas.org\/wp-content\/uploads\/2025\/10\/ESP.svg","contentUrl":"https:\/\/www.entreculturas.org\/wp-content\/uploads\/2025\/10\/ESP.svg","caption":"Entreculturas"},"image":{"@id":"https:\/\/www.entreculturas.org\/ca\/#\/schema\/logo\/image\/"},"sameAs":["https:\/\/www.facebook.com\/entreculturas","https:\/\/x.com\/Entreculturas","https:\/\/www.instagram.com\/entreculturas\/","https:\/\/www.youtube.com\/user\/entreculturasvideo","https:\/\/www.linkedin.com\/company\/fundacion-entreculturas-ngdo\/","https:\/\/www.flickr.com\/photos\/98455522@N04\/albums\/"]}]}},"_links":{"self":[{"href":"https:\/\/www.entreculturas.org\/ca\/wp-json\/wp\/v2\/noticia\/4570","targetHints":{"allow":["GET"]}}],"collection":[{"href":"https:\/\/www.entreculturas.org\/ca\/wp-json\/wp\/v2\/noticia"}],"about":[{"href":"https:\/\/www.entreculturas.org\/ca\/wp-json\/wp\/v2\/types\/noticia"}],"wp:featuredmedia":[{"embeddable":true,"href":"https:\/\/www.entreculturas.org\/ca\/wp-json\/wp\/v2\/media\/4567"}],"wp:attachment":[{"href":"https:\/\/www.entreculturas.org\/ca\/wp-json\/wp\/v2\/media?parent=4570"}],"wp:term":[{"taxonomy":"category","embeddable":true,"href":"https:\/\/www.entreculturas.org\/ca\/wp-json\/wp\/v2\/categories?post=4570"},{"taxonomy":"post_tag","embeddable":true,"href":"https:\/\/www.entreculturas.org\/ca\/wp-json\/wp\/v2\/tags?post=4570"},{"taxonomy":"country","embeddable":true,"href":"https:\/\/www.entreculturas.org\/ca\/wp-json\/wp\/v2\/country?post=4570"},{"taxonomy":"cause","embeddable":true,"href":"https:\/\/www.entreculturas.org\/ca\/wp-json\/wp\/v2\/cause?post=4570"}],"curies":[{"name":"wp","href":"https:\/\/api.w.org\/{rel}","templated":true}]}}