{"id":4544,"date":"2020-04-28T13:10:10","date_gmt":"2020-04-28T13:10:10","guid":{"rendered":"https:\/\/entreculturasi.wpenginepowered.com\/?noticias=las-delegaciones-de-entreculturas-celebran-el-dia-de-la-tierra"},"modified":"2024-03-14T14:53:55","modified_gmt":"2024-03-14T13:53:55","slug":"las-delegaciones-de-entreculturas-celebran-el-dia-de-la-tierra","status":"publish","type":"noticia","link":"https:\/\/www.entreculturas.org\/ca\/noticia\/las-delegaciones-de-entreculturas-celebran-el-dia-de-la-tierra\/","title":{"rendered":"Las delegaciones de Entreculturas celebran el D\u00eda de la Tierra"},"content":{"rendered":"<p>Desde el pasado 22 de abril, D\u00eda de la Tierra, nuestras delegaciones no han dejado de recordarnos la importancia del cuidado de la Casa Com\u00fan y las consecuencias negativas que ha tra\u00eddo para ella nuestro comportamiento y h\u00e1bitos de consumo.&nbsp;<\/p>\n<p>Desde la delegaci\u00f3n de Valladolid, por ejemplo, llevaron a cabo dos actividades que invitan a llevar un mensaje de reflexi\u00f3n y de acci\u00f3n positiva para cuidar nuestro planeta, involucrando a las familias y j\u00f3venes voluntarios.&nbsp;&nbsp;<\/p>\n<p>Por un lado, siguiendo la l\u00ednea de los \u00abMartes Verdes\u00bb impulsada por la Plataforma Apost\u00f3lica de Valladolid, desde el equipo de voluntariado joven de la delegaci\u00f3n de Valladolid para celebrar el D\u00eda de la Tierra, han llevado a cabo la acci\u00f3n de las \u00abVentanas Verdes\u00bb, poniendo en las ventanas de sus casas dibujos y mensajes sobre el cuidado del medio ambiente, que sirven de est\u00edmulo para de alguna manera llevar este mensaje a sus comunidades, aunque se encuentren en confinamiento.&nbsp;<\/p>\n<\/p>\n<p>&nbsp;<\/p>\n<p>Por otro lado, tras la presentaci\u00f3n de Entreculturas realizada en febrero pasado en la asignatura \u00abEducaci\u00f3n para la Paz y la Igualdad\u00bb en la universidad de Valladolid (UVa), un grupo de nueve estudiantes ha querido poner a disposici\u00f3n del equipo de Educaci\u00f3n de la delegaci\u00f3n de Valladolid un proyecto de aplicaci\u00f3n en aulas educativas infantiles, donde se incluyen actividades relacionadas con los Objetivos de Desarrollo Sostenible, trabajando aspectos sobre el cuidado del aire, agua, plantas, reducci\u00f3n, consumo de agua y energ\u00eda. Tambi\u00e9n las repercusiones medioambientales y sociales de nuestro estilo de vida y un apartado acerca de las tres \u201cR\u201d: reciclar, reutilizar y reducir.&nbsp;<\/p>\n<p>Por su parte, el equipo de Ecolog\u00eda de la delegaci\u00f3n de Extremadura de Entreculturas, en su compromiso con el \u00abCuidado de la Casa Com\u00fan\u00bb ha trabajado durante este tiempo de confinamiento para celebrar el D\u00eda de la Tierra desde casa, ofreciendo a trav\u00e9s de sus redes sociales informaci\u00f3n, iniciativas, propuestas y materiales de inter\u00e9s, con el hashtag #EntreculturasCuidaLaTierra.<\/p>\n<p>Entre las actividades y propuestas planteadas por nuestra Delegaci\u00f3n de Extremadura se encuentra una gu\u00eda con enlaces de productos de limpieza libres de t\u00f3xicos que puedes consultar <a href=\"https:\/\/www.entreculturas.org\/wp-content\/uploads\/2020\/04\/Infografia-LUNES.pdf\" target=\"_blank\" rel=\"noopener\">aqu\u00ed<\/a>, y una gu\u00eda de energ\u00eda verde que puedes <a href=\"https:\/\/somos.entreculturas.org\/wp-content\/uploads\/2020\/04\/infografia-martes.pdf\" target=\"_blank\" rel=\"noopener\">descargar aqu\u00ed<\/a>. Adem\u00e1s, compartieron una recomendaci\u00f3n de <a href=\"https:\/\/drive.google.com\/file\/d\/1eaIS24egmz5t6HhSZhCRuFN8EQsiFytI\/view\">libros<\/a> y <a href=\"https:\/\/drive.google.com\/file\/d\/1MphKbuLxPtpxfiaE64HAs8hO3lhpiw_l\/view\">pel\u00edculas<\/a> para peques y mayores con tem\u00e1tica medioambiental, y un<a href=\"https:\/\/drive.google.com\/file\/d\/103HwEtsVh0OC4SoJBvN_G7OAAv92d-wh\/view\" target=\"_blank\" rel=\"noopener\"> taller de las 3 R<\/a>.&nbsp;<\/p>\n","protected":false},"excerpt":{"rendered":"<p>Desde el pasado 22 de abril, D\u00eda de la Tierra, nuestras delegaciones no han dejado de recordarnos la importancia del cuidado de la Casa Com\u00fan y las consecuencias negativas que ha tra\u00eddo para ella nuestro comportamiento y h\u00e1bitos de consumo. <\/p>\n","protected":false},"featured_media":4545,"template":"single-noticia","meta":{"_acf_changed":false},"categories":[7],"tags":[256],"country":[],"cause":[131],"class_list":["post-4544","noticia","type-noticia","status-publish","has-post-thumbnail","hentry","category-noticia","tag-justicia-socioambiental","cause-justicia-medioambiental"],"acf":[],"yoast_head":"<!-- This site is optimized with the Yoast SEO Premium plugin v21.6 (Yoast SEO v27.5) - https:\/\/yoast.com\/product\/yoast-seo-premium-wordpress\/ -->\n<title>Las delegaciones de Entreculturas celebran el D\u00eda de la Tierra - Entreculturas<\/title>\n<meta name=\"robots\" content=\"index, follow, max-snippet:-1, max-image-preview:large, max-video-preview:-1\" \/>\n<link rel=\"canonical\" href=\"https:\/\/www.entreculturas.org\/ca\/noticia\/las-delegaciones-de-entreculturas-celebran-el-dia-de-la-tierra\/\" \/>\n<meta property=\"og:locale\" content=\"ca_ES\" \/>\n<meta property=\"og:type\" content=\"article\" \/>\n<meta property=\"og:title\" content=\"Las delegaciones de Entreculturas celebran el D\u00eda de la Tierra\" \/>\n<meta property=\"og:description\" content=\"Desde el pasado 22 de abril, D\u00eda de la Tierra, nuestras delegaciones no han dejado de recordarnos la importancia del cuidado de la Casa Com\u00fan y las consecuencias negativas que ha tra\u00eddo para ella nuestro comportamiento y h\u00e1bitos de consumo.\" \/>\n<meta property=\"og:url\" content=\"https:\/\/www.entreculturas.org\/ca\/noticia\/las-delegaciones-de-entreculturas-celebran-el-dia-de-la-tierra\/\" \/>\n<meta property=\"og:site_name\" content=\"Entreculturas\" \/>\n<meta property=\"article:publisher\" content=\"https:\/\/www.facebook.com\/entreculturas\" \/>\n<meta property=\"article:modified_time\" content=\"2024-03-14T13:53:55+00:00\" \/>\n<meta property=\"og:image\" content=\"https:\/\/www.entreculturas.org\/wp-content\/uploads\/2020\/04\/p2150171.jpg\" \/>\n\t<meta property=\"og:image:width\" content=\"1106\" \/>\n\t<meta property=\"og:image:height\" content=\"829\" \/>\n\t<meta property=\"og:image:type\" content=\"image\/jpeg\" \/>\n<meta name=\"twitter:card\" content=\"summary_large_image\" \/>\n<meta name=\"twitter:site\" content=\"@Entreculturas\" \/>\n<script type=\"application\/ld+json\" class=\"yoast-schema-graph\">{\"@context\":\"https:\\\/\\\/schema.org\",\"@graph\":[{\"@type\":\"WebPage\",\"@id\":\"https:\\\/\\\/www.entreculturas.org\\\/ca\\\/noticia\\\/las-delegaciones-de-entreculturas-celebran-el-dia-de-la-tierra\\\/\",\"url\":\"https:\\\/\\\/www.entreculturas.org\\\/ca\\\/noticia\\\/las-delegaciones-de-entreculturas-celebran-el-dia-de-la-tierra\\\/\",\"name\":\"Las delegaciones de Entreculturas celebran el D\u00eda de la Tierra - Entreculturas\",\"isPartOf\":{\"@id\":\"https:\\\/\\\/www.entreculturas.org\\\/ca\\\/#website\"},\"primaryImageOfPage\":{\"@id\":\"https:\\\/\\\/www.entreculturas.org\\\/ca\\\/noticia\\\/las-delegaciones-de-entreculturas-celebran-el-dia-de-la-tierra\\\/#primaryimage\"},\"image\":{\"@id\":\"https:\\\/\\\/www.entreculturas.org\\\/ca\\\/noticia\\\/las-delegaciones-de-entreculturas-celebran-el-dia-de-la-tierra\\\/#primaryimage\"},\"thumbnailUrl\":\"https:\\\/\\\/www.entreculturas.org\\\/wp-content\\\/uploads\\\/2020\\\/04\\\/p2150171.jpg\",\"datePublished\":\"2020-04-28T13:10:10+00:00\",\"dateModified\":\"2024-03-14T13:53:55+00:00\",\"breadcrumb\":{\"@id\":\"https:\\\/\\\/www.entreculturas.org\\\/ca\\\/noticia\\\/las-delegaciones-de-entreculturas-celebran-el-dia-de-la-tierra\\\/#breadcrumb\"},\"inLanguage\":\"ca\",\"potentialAction\":[{\"@type\":\"ReadAction\",\"target\":[\"https:\\\/\\\/www.entreculturas.org\\\/ca\\\/noticia\\\/las-delegaciones-de-entreculturas-celebran-el-dia-de-la-tierra\\\/\"]}]},{\"@type\":\"ImageObject\",\"inLanguage\":\"ca\",\"@id\":\"https:\\\/\\\/www.entreculturas.org\\\/ca\\\/noticia\\\/las-delegaciones-de-entreculturas-celebran-el-dia-de-la-tierra\\\/#primaryimage\",\"url\":\"https:\\\/\\\/www.entreculturas.org\\\/wp-content\\\/uploads\\\/2020\\\/04\\\/p2150171.jpg\",\"contentUrl\":\"https:\\\/\\\/www.entreculturas.org\\\/wp-content\\\/uploads\\\/2020\\\/04\\\/p2150171.jpg\",\"width\":1106,\"height\":829,\"caption\":\"p2150171\"},{\"@type\":\"BreadcrumbList\",\"@id\":\"https:\\\/\\\/www.entreculturas.org\\\/ca\\\/noticia\\\/las-delegaciones-de-entreculturas-celebran-el-dia-de-la-tierra\\\/#breadcrumb\",\"itemListElement\":[{\"@type\":\"ListItem\",\"position\":1,\"name\":\"Home\",\"item\":\"https:\\\/\\\/www.entreculturas.org\\\/ca\\\/\"},{\"@type\":\"ListItem\",\"position\":2,\"name\":\"Noticias\",\"item\":\"https:\\\/\\\/www.entreculturas.org\\\/ca\\\/noticias\\\/\"},{\"@type\":\"ListItem\",\"position\":3,\"name\":\"Las delegaciones de Entreculturas celebran el D\u00eda de la Tierra\"}]},{\"@type\":\"WebSite\",\"@id\":\"https:\\\/\\\/www.entreculturas.org\\\/ca\\\/#website\",\"url\":\"https:\\\/\\\/www.entreculturas.org\\\/ca\\\/\",\"name\":\"Entreculturas\",\"description\":\"\",\"publisher\":{\"@id\":\"https:\\\/\\\/www.entreculturas.org\\\/ca\\\/#organization\"},\"alternateName\":\"Entreculturas\",\"potentialAction\":[{\"@type\":\"SearchAction\",\"target\":{\"@type\":\"EntryPoint\",\"urlTemplate\":\"https:\\\/\\\/www.entreculturas.org\\\/ca\\\/?s={search_term_string}\"},\"query-input\":{\"@type\":\"PropertyValueSpecification\",\"valueRequired\":true,\"valueName\":\"search_term_string\"}}],\"inLanguage\":\"ca\"},{\"@type\":\"Organization\",\"@id\":\"https:\\\/\\\/www.entreculturas.org\\\/ca\\\/#organization\",\"name\":\"Entreculturas\",\"url\":\"https:\\\/\\\/www.entreculturas.org\\\/ca\\\/\",\"logo\":{\"@type\":\"ImageObject\",\"inLanguage\":\"ca\",\"@id\":\"https:\\\/\\\/www.entreculturas.org\\\/ca\\\/#\\\/schema\\\/logo\\\/image\\\/\",\"url\":\"https:\\\/\\\/www.entreculturas.org\\\/wp-content\\\/uploads\\\/2025\\\/10\\\/ESP.svg\",\"contentUrl\":\"https:\\\/\\\/www.entreculturas.org\\\/wp-content\\\/uploads\\\/2025\\\/10\\\/ESP.svg\",\"caption\":\"Entreculturas\"},\"image\":{\"@id\":\"https:\\\/\\\/www.entreculturas.org\\\/ca\\\/#\\\/schema\\\/logo\\\/image\\\/\"},\"sameAs\":[\"https:\\\/\\\/www.facebook.com\\\/entreculturas\",\"https:\\\/\\\/x.com\\\/Entreculturas\",\"https:\\\/\\\/www.instagram.com\\\/entreculturas\\\/\",\"https:\\\/\\\/www.youtube.com\\\/user\\\/entreculturasvideo\",\"https:\\\/\\\/www.linkedin.com\\\/company\\\/fundacion-entreculturas-ngdo\\\/\",\"https:\\\/\\\/www.flickr.com\\\/photos\\\/98455522@N04\\\/albums\\\/\"]}]}<\/script>\n<!-- \/ Yoast SEO Premium plugin. -->","yoast_head_json":{"title":"Las delegaciones de Entreculturas celebran el D\u00eda de la Tierra - Entreculturas","robots":{"index":"index","follow":"follow","max-snippet":"max-snippet:-1","max-image-preview":"max-image-preview:large","max-video-preview":"max-video-preview:-1"},"canonical":"https:\/\/www.entreculturas.org\/ca\/noticia\/las-delegaciones-de-entreculturas-celebran-el-dia-de-la-tierra\/","og_locale":"ca_ES","og_type":"article","og_title":"Las delegaciones de Entreculturas celebran el D\u00eda de la Tierra","og_description":"Desde el pasado 22 de abril, D\u00eda de la Tierra, nuestras delegaciones no han dejado de recordarnos la importancia del cuidado de la Casa Com\u00fan y las consecuencias negativas que ha tra\u00eddo para ella nuestro comportamiento y h\u00e1bitos de consumo.","og_url":"https:\/\/www.entreculturas.org\/ca\/noticia\/las-delegaciones-de-entreculturas-celebran-el-dia-de-la-tierra\/","og_site_name":"Entreculturas","article_publisher":"https:\/\/www.facebook.com\/entreculturas","article_modified_time":"2024-03-14T13:53:55+00:00","og_image":[{"width":1106,"height":829,"url":"https:\/\/www.entreculturas.org\/wp-content\/uploads\/2020\/04\/p2150171.jpg","type":"image\/jpeg"}],"twitter_card":"summary_large_image","twitter_site":"@Entreculturas","schema":{"@context":"https:\/\/schema.org","@graph":[{"@type":"WebPage","@id":"https:\/\/www.entreculturas.org\/ca\/noticia\/las-delegaciones-de-entreculturas-celebran-el-dia-de-la-tierra\/","url":"https:\/\/www.entreculturas.org\/ca\/noticia\/las-delegaciones-de-entreculturas-celebran-el-dia-de-la-tierra\/","name":"Las delegaciones de Entreculturas celebran el D\u00eda de la Tierra - Entreculturas","isPartOf":{"@id":"https:\/\/www.entreculturas.org\/ca\/#website"},"primaryImageOfPage":{"@id":"https:\/\/www.entreculturas.org\/ca\/noticia\/las-delegaciones-de-entreculturas-celebran-el-dia-de-la-tierra\/#primaryimage"},"image":{"@id":"https:\/\/www.entreculturas.org\/ca\/noticia\/las-delegaciones-de-entreculturas-celebran-el-dia-de-la-tierra\/#primaryimage"},"thumbnailUrl":"https:\/\/www.entreculturas.org\/wp-content\/uploads\/2020\/04\/p2150171.jpg","datePublished":"2020-04-28T13:10:10+00:00","dateModified":"2024-03-14T13:53:55+00:00","breadcrumb":{"@id":"https:\/\/www.entreculturas.org\/ca\/noticia\/las-delegaciones-de-entreculturas-celebran-el-dia-de-la-tierra\/#breadcrumb"},"inLanguage":"ca","potentialAction":[{"@type":"ReadAction","target":["https:\/\/www.entreculturas.org\/ca\/noticia\/las-delegaciones-de-entreculturas-celebran-el-dia-de-la-tierra\/"]}]},{"@type":"ImageObject","inLanguage":"ca","@id":"https:\/\/www.entreculturas.org\/ca\/noticia\/las-delegaciones-de-entreculturas-celebran-el-dia-de-la-tierra\/#primaryimage","url":"https:\/\/www.entreculturas.org\/wp-content\/uploads\/2020\/04\/p2150171.jpg","contentUrl":"https:\/\/www.entreculturas.org\/wp-content\/uploads\/2020\/04\/p2150171.jpg","width":1106,"height":829,"caption":"p2150171"},{"@type":"BreadcrumbList","@id":"https:\/\/www.entreculturas.org\/ca\/noticia\/las-delegaciones-de-entreculturas-celebran-el-dia-de-la-tierra\/#breadcrumb","itemListElement":[{"@type":"ListItem","position":1,"name":"Home","item":"https:\/\/www.entreculturas.org\/ca\/"},{"@type":"ListItem","position":2,"name":"Noticias","item":"https:\/\/www.entreculturas.org\/ca\/noticias\/"},{"@type":"ListItem","position":3,"name":"Las delegaciones de Entreculturas celebran el D\u00eda de la Tierra"}]},{"@type":"WebSite","@id":"https:\/\/www.entreculturas.org\/ca\/#website","url":"https:\/\/www.entreculturas.org\/ca\/","name":"Entreculturas","description":"","publisher":{"@id":"https:\/\/www.entreculturas.org\/ca\/#organization"},"alternateName":"Entreculturas","potentialAction":[{"@type":"SearchAction","target":{"@type":"EntryPoint","urlTemplate":"https:\/\/www.entreculturas.org\/ca\/?s={search_term_string}"},"query-input":{"@type":"PropertyValueSpecification","valueRequired":true,"valueName":"search_term_string"}}],"inLanguage":"ca"},{"@type":"Organization","@id":"https:\/\/www.entreculturas.org\/ca\/#organization","name":"Entreculturas","url":"https:\/\/www.entreculturas.org\/ca\/","logo":{"@type":"ImageObject","inLanguage":"ca","@id":"https:\/\/www.entreculturas.org\/ca\/#\/schema\/logo\/image\/","url":"https:\/\/www.entreculturas.org\/wp-content\/uploads\/2025\/10\/ESP.svg","contentUrl":"https:\/\/www.entreculturas.org\/wp-content\/uploads\/2025\/10\/ESP.svg","caption":"Entreculturas"},"image":{"@id":"https:\/\/www.entreculturas.org\/ca\/#\/schema\/logo\/image\/"},"sameAs":["https:\/\/www.facebook.com\/entreculturas","https:\/\/x.com\/Entreculturas","https:\/\/www.instagram.com\/entreculturas\/","https:\/\/www.youtube.com\/user\/entreculturasvideo","https:\/\/www.linkedin.com\/company\/fundacion-entreculturas-ngdo\/","https:\/\/www.flickr.com\/photos\/98455522@N04\/albums\/"]}]}},"_links":{"self":[{"href":"https:\/\/www.entreculturas.org\/ca\/wp-json\/wp\/v2\/noticia\/4544","targetHints":{"allow":["GET"]}}],"collection":[{"href":"https:\/\/www.entreculturas.org\/ca\/wp-json\/wp\/v2\/noticia"}],"about":[{"href":"https:\/\/www.entreculturas.org\/ca\/wp-json\/wp\/v2\/types\/noticia"}],"wp:featuredmedia":[{"embeddable":true,"href":"https:\/\/www.entreculturas.org\/ca\/wp-json\/wp\/v2\/media\/4545"}],"wp:attachment":[{"href":"https:\/\/www.entreculturas.org\/ca\/wp-json\/wp\/v2\/media?parent=4544"}],"wp:term":[{"taxonomy":"category","embeddable":true,"href":"https:\/\/www.entreculturas.org\/ca\/wp-json\/wp\/v2\/categories?post=4544"},{"taxonomy":"post_tag","embeddable":true,"href":"https:\/\/www.entreculturas.org\/ca\/wp-json\/wp\/v2\/tags?post=4544"},{"taxonomy":"country","embeddable":true,"href":"https:\/\/www.entreculturas.org\/ca\/wp-json\/wp\/v2\/country?post=4544"},{"taxonomy":"cause","embeddable":true,"href":"https:\/\/www.entreculturas.org\/ca\/wp-json\/wp\/v2\/cause?post=4544"}],"curies":[{"name":"wp","href":"https:\/\/api.w.org\/{rel}","templated":true}]}}