{"id":4530,"date":"2020-04-27T07:46:36","date_gmt":"2020-04-27T07:46:36","guid":{"rendered":"https:\/\/entreculturasi.wpenginepowered.com\/?noticias=esta-semana-de-accion-mundial-por-la-educacion-same2020-vamos-reflexionar-sobre-cual-es"},"modified":"2024-03-06T16:33:32","modified_gmt":"2024-03-06T15:33:32","slug":"esta-semana-de-accion-mundial-por-la-educacion-same2020-vamos-reflexionar-sobre-cual-es","status":"publish","type":"noticia","link":"https:\/\/www.entreculturas.org\/ca\/noticia\/esta-semana-de-accion-mundial-por-la-educacion-same2020-vamos-reflexionar-sobre-cual-es\/","title":{"rendered":"Este abril no tenemos  #SAME2020, pero os invitamos a reflexionar sobre cu\u00e1l es #LaMejorLecci\u00f3n"},"content":{"rendered":"<\/p>\n<p>\u201cCuando todo pase\u201d est\u00e1 siendo el mantra m\u00e1s repetido estos d\u00edas para referirnos a todos esos planes que hemos tenido que dejar aparcados hasta que, en un momento a\u00fan incierto, \u201cvolvamos a la normalidad\u201d. La <a href=\"https:\/\/cme-espana.org\/conoce-la-campana\/#Quehacemos\" target=\"_blank\" rel=\"noopener\">Semana de Acci\u00f3n Mundial por la Educaci\u00f3n (SAME)<\/a> es uno de esos proyectos que ten\u00edamos marcados en el calendario y que, debido al confinamiento, el distanciamiento social y el cierre de los centros educativos, no podr\u00e1 celebrarse como en los \u00faltimos diecisiete a\u00f1os. La SAME, que deber\u00eda haber tenido lugar esta semana (del 26 de abril al 3 de mayo) en todo el mundo, era uno de los momentos m\u00e1s importantes del a\u00f1o para todas las personas activistas&nbsp;activistas por el derecho a la educaci\u00f3n; un momento en el que se materializaba el trabajo de todo un a\u00f1o, y cientos de miles de personas nos lanz\u00e1bamos a las calles en decenas de ciudades de Espa\u00f1a, y cientos de ciudades de todo el mundo, con un objetivo com\u00fan:<strong> visibilizar el papel esencial de la educaci\u00f3n<\/strong> en la construcci\u00f3n de sociedades m\u00e1s justas y sostenibles; <strong>movilizar a la ciudadan\u00eda<\/strong> en defensa del derecho a la educaci\u00f3n, que millones de ni\u00f1os, ni\u00f1as y j\u00f3venes siguen viendo vulnerado; y <strong>exigir a los representantes pol\u00edticos que cumplan con sus compromisos en esta materia.&nbsp;<\/strong><\/p>\n<p>Aunque este a\u00f1o las circunstancias no nos permitan llenar los espacios p\u00fablicos de activistas, no cabe duda de que los objetivos de la SAME est\u00e1n m\u00e1s vigentes que nunca. Las consecuencias de la pandemia de COVID-19 en los sistemas educativos amenazan con<strong> ampliar a\u00fan m\u00e1s la brecha en el acceso a una educaci\u00f3n equitativa, inclusiva y de calidad<\/strong>, con efectos devastadores y un retroceso a\u00fan dif\u00edcil de medir en los avances realizados en las \u00faltimas d\u00e9cadas. El responsable de pol\u00edticas e incidencia de la CME y ex \u2013 Relator de Naciones Unidas sobre el derecho a la educaci\u00f3n, Vernor Mu\u00f1oz, confirmaba el panorama desolador que nos espera una vez superada la fase m\u00e1s dura de estas crisis, en el marco de la charla-debate online sobre Presente y futuro del derecho a la educaci\u00f3n en tiempos de COVID-19, de la que pudimos disfrutar el pasado mi\u00e9rcoles 22 de abril, y que pronto publicaremos completa. Vernor se\u00f1alaba que, a causa de los efectos de la pandemia, \u201ca la exclusi\u00f3n escolar se suma la exclusi\u00f3n de los aprendizajes.<strong> La interrupci\u00f3n de aprendizajes va a causar graves p\u00e9rdidas, se van a acumular desventajas dif\u00edciles de superar.<\/strong> Adem\u00e1s, la escuela es un entorno b\u00e1sico de socializaci\u00f3n, un mapa para construir relaciones, un centro de encuentro que permite el juego y la felicidad. Eso lo estamos perdiendo con el COVID-19\u201d.&nbsp;<\/p>\n<p><img decoding=\"async\" alt=\"\" height=\"533\" src=\"https:\/\/www.entreculturas.org\/wp-content\/uploads\/2020\/04\/same1.jpg\" width=\"800\"><\/p>\n<p>As\u00ed pues, tenemos m\u00e1s motivos que nunca para volver a llenar las calles para reivindicar que todas las personas deben tener la posibilidad de ejercer su derecho a una educaci\u00f3n equitativa, inclusiva y de calidad. A reclamar que \u00e9se es el compromiso que han adquirido los Estados, a trav\u00e9s de la Agenda 2030 de los Objetivos de Desarrollo Sostenible (ODS). A\u00fan no podemos saber si estas reivindicaciones tendr\u00e1n lugar en el marco de una #SAME2020 celebrada en otro momento del a\u00f1o, o en el marco de otras iniciativas de la CME, pero lo que s\u00ed tenemos claro es que volveremos a salir a las calles, porque ahora m\u00e1s que nunca necesitamos ese espacio de reivindicaci\u00f3n, encuentro y construcci\u00f3n ciudadana. Sin duda, las cosas ser\u00e1n distintas, los retos ser\u00e1n mayores pero, como tambi\u00e9n nos recordaba Vernor Mu\u00f1oz \u201cTenemos ahora una oportunidad para <strong>construir nuevos abordajes desde la solidaridad, desde el bien com\u00fan, desde los servicios p\u00fablicos y gratuitos<\/strong>; y tambi\u00e9n de cambiar nuestros modelos escolares, pasar del individualismo, la medici\u00f3n y el consumo exacerbado a sistemas educativos basados en la cooperaci\u00f3n y en la solidaridad\u201d.&nbsp;<\/p>\n<p>Con ese deseo os invitamos a que no olvid\u00e9is que esta semana habr\u00eda sido la semana de nuestra #SAME2020 y que, aunque no podamos celebrarla c\u00f3mo siempre, s\u00ed <strong>podemos visibilizar y reivindicar el derecho a la educaci\u00f3n desde nuestros hogares, en nuestros entornos, entre nuestras redes y a trav\u00e9s de las redes<\/strong>: por eso, os pedimos que, esta vez, lo hag\u00e1is dando toda la visibilidad posible a nuestra campa\u00f1a <a href=\"https:\/\/cme-espana.org\/lamejorleccion\/\" target=\"_blank\" rel=\"noopener\">#LaMejorLecci\u00f3n<\/a> (Aprendizajes en tiempos de COVID-19), <strong>reflexionando y compartiendo en las redes sociales cu\u00e1l es para vosotros y vosotras #LaMejorLecci\u00f3n<\/strong> de estos d\u00edas en torno al derecho a la educaci\u00f3n. Es imprescindible que, aunque esta vez no podamos salir a las calles, sigamos oyendo vuestra voz.<\/p>\n","protected":false},"excerpt":{"rendered":"<p>La SAME, que deber\u00eda haber tenido lugar esta semana (del 26 de abril al 3 de mayo) en todo el mundo, era uno de los momentos m\u00e1s importantes del a\u00f1o para visibilizar el papel esencial de la educaci\u00f3n; movilizar a la ciudadan\u00eda en defensa del derecho a la educaci\u00f3n; y exigir a los representantes pol\u00edticos que cumplan con sus compromisos en esta materia. <\/p>\n","protected":false},"featured_media":4525,"template":"single-noticia","meta":{"_acf_changed":false},"categories":[7],"tags":[289],"country":[],"cause":[128],"class_list":["post-4530","noticia","type-noticia","status-publish","has-post-thumbnail","hentry","category-noticia","tag-educacion","cause-educacion"],"acf":[],"yoast_head":"<!-- This site is optimized with the Yoast SEO Premium plugin v21.6 (Yoast SEO v27.5) - https:\/\/yoast.com\/product\/yoast-seo-premium-wordpress\/ -->\n<title>Este abril no tenemos #SAME2020, pero os invitamos a reflexionar sobre cu\u00e1l es #LaMejorLecci\u00f3n - Entreculturas<\/title>\n<meta name=\"robots\" content=\"index, follow, max-snippet:-1, max-image-preview:large, max-video-preview:-1\" \/>\n<link rel=\"canonical\" href=\"https:\/\/www.entreculturas.org\/ca\/noticia\/esta-semana-de-accion-mundial-por-la-educacion-same2020-vamos-reflexionar-sobre-cual-es\/\" \/>\n<meta property=\"og:locale\" content=\"ca_ES\" \/>\n<meta property=\"og:type\" content=\"article\" \/>\n<meta property=\"og:title\" content=\"Este abril no tenemos #SAME2020, pero os invitamos a reflexionar sobre cu\u00e1l es #LaMejorLecci\u00f3n\" \/>\n<meta property=\"og:description\" content=\"La SAME, que deber\u00eda haber tenido lugar esta semana (del 26 de abril al 3 de mayo) en todo el mundo, era uno de los momentos m\u00e1s importantes del a\u00f1o para visibilizar el papel esencial de la educaci\u00f3n; movilizar a la ciudadan\u00eda en defensa del derecho a la educaci\u00f3n; y exigir a los representantes pol\u00edticos que cumplan con sus compromisos en esta materia.\" \/>\n<meta property=\"og:url\" content=\"https:\/\/www.entreculturas.org\/ca\/noticia\/esta-semana-de-accion-mundial-por-la-educacion-same2020-vamos-reflexionar-sobre-cual-es\/\" \/>\n<meta property=\"og:site_name\" content=\"Entreculturas\" \/>\n<meta property=\"article:publisher\" content=\"https:\/\/www.facebook.com\/entreculturas\" \/>\n<meta property=\"article:modified_time\" content=\"2024-03-06T15:33:32+00:00\" \/>\n<meta property=\"og:image\" content=\"https:\/\/www.entreculturas.org\/wp-content\/uploads\/2020\/04\/24112258589_63b6ebe1eb_c.jpg\" \/>\n\t<meta property=\"og:image:width\" content=\"798\" \/>\n\t<meta property=\"og:image:height\" content=\"400\" \/>\n\t<meta property=\"og:image:type\" content=\"image\/jpeg\" \/>\n<meta name=\"twitter:card\" content=\"summary_large_image\" \/>\n<meta name=\"twitter:site\" content=\"@Entreculturas\" \/>\n<script type=\"application\/ld+json\" class=\"yoast-schema-graph\">{\"@context\":\"https:\\\/\\\/schema.org\",\"@graph\":[{\"@type\":\"WebPage\",\"@id\":\"https:\\\/\\\/www.entreculturas.org\\\/ca\\\/noticia\\\/esta-semana-de-accion-mundial-por-la-educacion-same2020-vamos-reflexionar-sobre-cual-es\\\/\",\"url\":\"https:\\\/\\\/www.entreculturas.org\\\/ca\\\/noticia\\\/esta-semana-de-accion-mundial-por-la-educacion-same2020-vamos-reflexionar-sobre-cual-es\\\/\",\"name\":\"Este abril no tenemos #SAME2020, pero os invitamos a reflexionar sobre cu\u00e1l es #LaMejorLecci\u00f3n - Entreculturas\",\"isPartOf\":{\"@id\":\"https:\\\/\\\/www.entreculturas.org\\\/ca\\\/#website\"},\"primaryImageOfPage\":{\"@id\":\"https:\\\/\\\/www.entreculturas.org\\\/ca\\\/noticia\\\/esta-semana-de-accion-mundial-por-la-educacion-same2020-vamos-reflexionar-sobre-cual-es\\\/#primaryimage\"},\"image\":{\"@id\":\"https:\\\/\\\/www.entreculturas.org\\\/ca\\\/noticia\\\/esta-semana-de-accion-mundial-por-la-educacion-same2020-vamos-reflexionar-sobre-cual-es\\\/#primaryimage\"},\"thumbnailUrl\":\"https:\\\/\\\/www.entreculturas.org\\\/wp-content\\\/uploads\\\/2020\\\/04\\\/24112258589_63b6ebe1eb_c.jpg\",\"datePublished\":\"2020-04-27T07:46:36+00:00\",\"dateModified\":\"2024-03-06T15:33:32+00:00\",\"breadcrumb\":{\"@id\":\"https:\\\/\\\/www.entreculturas.org\\\/ca\\\/noticia\\\/esta-semana-de-accion-mundial-por-la-educacion-same2020-vamos-reflexionar-sobre-cual-es\\\/#breadcrumb\"},\"inLanguage\":\"ca\",\"potentialAction\":[{\"@type\":\"ReadAction\",\"target\":[\"https:\\\/\\\/www.entreculturas.org\\\/ca\\\/noticia\\\/esta-semana-de-accion-mundial-por-la-educacion-same2020-vamos-reflexionar-sobre-cual-es\\\/\"]}]},{\"@type\":\"ImageObject\",\"inLanguage\":\"ca\",\"@id\":\"https:\\\/\\\/www.entreculturas.org\\\/ca\\\/noticia\\\/esta-semana-de-accion-mundial-por-la-educacion-same2020-vamos-reflexionar-sobre-cual-es\\\/#primaryimage\",\"url\":\"https:\\\/\\\/www.entreculturas.org\\\/wp-content\\\/uploads\\\/2020\\\/04\\\/24112258589_63b6ebe1eb_c.jpg\",\"contentUrl\":\"https:\\\/\\\/www.entreculturas.org\\\/wp-content\\\/uploads\\\/2020\\\/04\\\/24112258589_63b6ebe1eb_c.jpg\",\"width\":798,\"height\":400},{\"@type\":\"BreadcrumbList\",\"@id\":\"https:\\\/\\\/www.entreculturas.org\\\/ca\\\/noticia\\\/esta-semana-de-accion-mundial-por-la-educacion-same2020-vamos-reflexionar-sobre-cual-es\\\/#breadcrumb\",\"itemListElement\":[{\"@type\":\"ListItem\",\"position\":1,\"name\":\"Home\",\"item\":\"https:\\\/\\\/www.entreculturas.org\\\/ca\\\/\"},{\"@type\":\"ListItem\",\"position\":2,\"name\":\"Noticias\",\"item\":\"https:\\\/\\\/www.entreculturas.org\\\/ca\\\/noticias\\\/\"},{\"@type\":\"ListItem\",\"position\":3,\"name\":\"Este abril no tenemos #SAME2020, pero os invitamos a reflexionar sobre cu\u00e1l es #LaMejorLecci\u00f3n\"}]},{\"@type\":\"WebSite\",\"@id\":\"https:\\\/\\\/www.entreculturas.org\\\/ca\\\/#website\",\"url\":\"https:\\\/\\\/www.entreculturas.org\\\/ca\\\/\",\"name\":\"Entreculturas\",\"description\":\"\",\"publisher\":{\"@id\":\"https:\\\/\\\/www.entreculturas.org\\\/ca\\\/#organization\"},\"alternateName\":\"Entreculturas\",\"potentialAction\":[{\"@type\":\"SearchAction\",\"target\":{\"@type\":\"EntryPoint\",\"urlTemplate\":\"https:\\\/\\\/www.entreculturas.org\\\/ca\\\/?s={search_term_string}\"},\"query-input\":{\"@type\":\"PropertyValueSpecification\",\"valueRequired\":true,\"valueName\":\"search_term_string\"}}],\"inLanguage\":\"ca\"},{\"@type\":\"Organization\",\"@id\":\"https:\\\/\\\/www.entreculturas.org\\\/ca\\\/#organization\",\"name\":\"Entreculturas\",\"url\":\"https:\\\/\\\/www.entreculturas.org\\\/ca\\\/\",\"logo\":{\"@type\":\"ImageObject\",\"inLanguage\":\"ca\",\"@id\":\"https:\\\/\\\/www.entreculturas.org\\\/ca\\\/#\\\/schema\\\/logo\\\/image\\\/\",\"url\":\"https:\\\/\\\/www.entreculturas.org\\\/wp-content\\\/uploads\\\/2025\\\/10\\\/ESP.svg\",\"contentUrl\":\"https:\\\/\\\/www.entreculturas.org\\\/wp-content\\\/uploads\\\/2025\\\/10\\\/ESP.svg\",\"caption\":\"Entreculturas\"},\"image\":{\"@id\":\"https:\\\/\\\/www.entreculturas.org\\\/ca\\\/#\\\/schema\\\/logo\\\/image\\\/\"},\"sameAs\":[\"https:\\\/\\\/www.facebook.com\\\/entreculturas\",\"https:\\\/\\\/x.com\\\/Entreculturas\",\"https:\\\/\\\/www.instagram.com\\\/entreculturas\\\/\",\"https:\\\/\\\/www.youtube.com\\\/user\\\/entreculturasvideo\",\"https:\\\/\\\/www.linkedin.com\\\/company\\\/fundacion-entreculturas-ngdo\\\/\",\"https:\\\/\\\/www.flickr.com\\\/photos\\\/98455522@N04\\\/albums\\\/\"]}]}<\/script>\n<!-- \/ Yoast SEO Premium plugin. -->","yoast_head_json":{"title":"Este abril no tenemos #SAME2020, pero os invitamos a reflexionar sobre cu\u00e1l es #LaMejorLecci\u00f3n - Entreculturas","robots":{"index":"index","follow":"follow","max-snippet":"max-snippet:-1","max-image-preview":"max-image-preview:large","max-video-preview":"max-video-preview:-1"},"canonical":"https:\/\/www.entreculturas.org\/ca\/noticia\/esta-semana-de-accion-mundial-por-la-educacion-same2020-vamos-reflexionar-sobre-cual-es\/","og_locale":"ca_ES","og_type":"article","og_title":"Este abril no tenemos #SAME2020, pero os invitamos a reflexionar sobre cu\u00e1l es #LaMejorLecci\u00f3n","og_description":"La SAME, que deber\u00eda haber tenido lugar esta semana (del 26 de abril al 3 de mayo) en todo el mundo, era uno de los momentos m\u00e1s importantes del a\u00f1o para visibilizar el papel esencial de la educaci\u00f3n; movilizar a la ciudadan\u00eda en defensa del derecho a la educaci\u00f3n; y exigir a los representantes pol\u00edticos que cumplan con sus compromisos en esta materia.","og_url":"https:\/\/www.entreculturas.org\/ca\/noticia\/esta-semana-de-accion-mundial-por-la-educacion-same2020-vamos-reflexionar-sobre-cual-es\/","og_site_name":"Entreculturas","article_publisher":"https:\/\/www.facebook.com\/entreculturas","article_modified_time":"2024-03-06T15:33:32+00:00","og_image":[{"width":798,"height":400,"url":"https:\/\/www.entreculturas.org\/wp-content\/uploads\/2020\/04\/24112258589_63b6ebe1eb_c.jpg","type":"image\/jpeg"}],"twitter_card":"summary_large_image","twitter_site":"@Entreculturas","schema":{"@context":"https:\/\/schema.org","@graph":[{"@type":"WebPage","@id":"https:\/\/www.entreculturas.org\/ca\/noticia\/esta-semana-de-accion-mundial-por-la-educacion-same2020-vamos-reflexionar-sobre-cual-es\/","url":"https:\/\/www.entreculturas.org\/ca\/noticia\/esta-semana-de-accion-mundial-por-la-educacion-same2020-vamos-reflexionar-sobre-cual-es\/","name":"Este abril no tenemos #SAME2020, pero os invitamos a reflexionar sobre cu\u00e1l es #LaMejorLecci\u00f3n - Entreculturas","isPartOf":{"@id":"https:\/\/www.entreculturas.org\/ca\/#website"},"primaryImageOfPage":{"@id":"https:\/\/www.entreculturas.org\/ca\/noticia\/esta-semana-de-accion-mundial-por-la-educacion-same2020-vamos-reflexionar-sobre-cual-es\/#primaryimage"},"image":{"@id":"https:\/\/www.entreculturas.org\/ca\/noticia\/esta-semana-de-accion-mundial-por-la-educacion-same2020-vamos-reflexionar-sobre-cual-es\/#primaryimage"},"thumbnailUrl":"https:\/\/www.entreculturas.org\/wp-content\/uploads\/2020\/04\/24112258589_63b6ebe1eb_c.jpg","datePublished":"2020-04-27T07:46:36+00:00","dateModified":"2024-03-06T15:33:32+00:00","breadcrumb":{"@id":"https:\/\/www.entreculturas.org\/ca\/noticia\/esta-semana-de-accion-mundial-por-la-educacion-same2020-vamos-reflexionar-sobre-cual-es\/#breadcrumb"},"inLanguage":"ca","potentialAction":[{"@type":"ReadAction","target":["https:\/\/www.entreculturas.org\/ca\/noticia\/esta-semana-de-accion-mundial-por-la-educacion-same2020-vamos-reflexionar-sobre-cual-es\/"]}]},{"@type":"ImageObject","inLanguage":"ca","@id":"https:\/\/www.entreculturas.org\/ca\/noticia\/esta-semana-de-accion-mundial-por-la-educacion-same2020-vamos-reflexionar-sobre-cual-es\/#primaryimage","url":"https:\/\/www.entreculturas.org\/wp-content\/uploads\/2020\/04\/24112258589_63b6ebe1eb_c.jpg","contentUrl":"https:\/\/www.entreculturas.org\/wp-content\/uploads\/2020\/04\/24112258589_63b6ebe1eb_c.jpg","width":798,"height":400},{"@type":"BreadcrumbList","@id":"https:\/\/www.entreculturas.org\/ca\/noticia\/esta-semana-de-accion-mundial-por-la-educacion-same2020-vamos-reflexionar-sobre-cual-es\/#breadcrumb","itemListElement":[{"@type":"ListItem","position":1,"name":"Home","item":"https:\/\/www.entreculturas.org\/ca\/"},{"@type":"ListItem","position":2,"name":"Noticias","item":"https:\/\/www.entreculturas.org\/ca\/noticias\/"},{"@type":"ListItem","position":3,"name":"Este abril no tenemos #SAME2020, pero os invitamos a reflexionar sobre cu\u00e1l es #LaMejorLecci\u00f3n"}]},{"@type":"WebSite","@id":"https:\/\/www.entreculturas.org\/ca\/#website","url":"https:\/\/www.entreculturas.org\/ca\/","name":"Entreculturas","description":"","publisher":{"@id":"https:\/\/www.entreculturas.org\/ca\/#organization"},"alternateName":"Entreculturas","potentialAction":[{"@type":"SearchAction","target":{"@type":"EntryPoint","urlTemplate":"https:\/\/www.entreculturas.org\/ca\/?s={search_term_string}"},"query-input":{"@type":"PropertyValueSpecification","valueRequired":true,"valueName":"search_term_string"}}],"inLanguage":"ca"},{"@type":"Organization","@id":"https:\/\/www.entreculturas.org\/ca\/#organization","name":"Entreculturas","url":"https:\/\/www.entreculturas.org\/ca\/","logo":{"@type":"ImageObject","inLanguage":"ca","@id":"https:\/\/www.entreculturas.org\/ca\/#\/schema\/logo\/image\/","url":"https:\/\/www.entreculturas.org\/wp-content\/uploads\/2025\/10\/ESP.svg","contentUrl":"https:\/\/www.entreculturas.org\/wp-content\/uploads\/2025\/10\/ESP.svg","caption":"Entreculturas"},"image":{"@id":"https:\/\/www.entreculturas.org\/ca\/#\/schema\/logo\/image\/"},"sameAs":["https:\/\/www.facebook.com\/entreculturas","https:\/\/x.com\/Entreculturas","https:\/\/www.instagram.com\/entreculturas\/","https:\/\/www.youtube.com\/user\/entreculturasvideo","https:\/\/www.linkedin.com\/company\/fundacion-entreculturas-ngdo\/","https:\/\/www.flickr.com\/photos\/98455522@N04\/albums\/"]}]}},"_links":{"self":[{"href":"https:\/\/www.entreculturas.org\/ca\/wp-json\/wp\/v2\/noticia\/4530","targetHints":{"allow":["GET"]}}],"collection":[{"href":"https:\/\/www.entreculturas.org\/ca\/wp-json\/wp\/v2\/noticia"}],"about":[{"href":"https:\/\/www.entreculturas.org\/ca\/wp-json\/wp\/v2\/types\/noticia"}],"wp:featuredmedia":[{"embeddable":true,"href":"https:\/\/www.entreculturas.org\/ca\/wp-json\/wp\/v2\/media\/4525"}],"wp:attachment":[{"href":"https:\/\/www.entreculturas.org\/ca\/wp-json\/wp\/v2\/media?parent=4530"}],"wp:term":[{"taxonomy":"category","embeddable":true,"href":"https:\/\/www.entreculturas.org\/ca\/wp-json\/wp\/v2\/categories?post=4530"},{"taxonomy":"post_tag","embeddable":true,"href":"https:\/\/www.entreculturas.org\/ca\/wp-json\/wp\/v2\/tags?post=4530"},{"taxonomy":"country","embeddable":true,"href":"https:\/\/www.entreculturas.org\/ca\/wp-json\/wp\/v2\/country?post=4530"},{"taxonomy":"cause","embeddable":true,"href":"https:\/\/www.entreculturas.org\/ca\/wp-json\/wp\/v2\/cause?post=4530"}],"curies":[{"name":"wp","href":"https:\/\/api.w.org\/{rel}","templated":true}]}}