{"id":45274,"date":"2025-12-09T13:58:34","date_gmt":"2025-12-09T12:58:34","guid":{"rendered":"https:\/\/www.entreculturas.org\/?post_type=noticia&#038;p=45274"},"modified":"2025-12-09T13:58:36","modified_gmt":"2025-12-09T12:58:36","slug":"en-entreculturas-cerramos-el-ano-destacando-el-papel-de-las-empresas-y-hacemos-un-llamado-a-colaborar-esta-navidad","status":"publish","type":"noticia","link":"https:\/\/www.entreculturas.org\/ca\/noticia\/en-entreculturas-cerramos-el-ano-destacando-el-papel-de-las-empresas-y-hacemos-un-llamado-a-colaborar-esta-navidad\/","title":{"rendered":"En Entreculturas cerramos el a\u00f1o destacando el papel de las empresas y hacemos un llamado a colaborar esta Navidad"},"content":{"rendered":"\n<p>En Entreculturas cerramos el a\u00f1o subrayando el impacto alcanzado gracias a la colaboraci\u00f3n del sector empresarial, un aliado fundamental en la defensa del derecho a la educaci\u00f3n y en la respuesta a los principales desaf\u00edos globales. En un contexto marcado por los conflictos, la emergencia clim\u00e1tica y el aumento de las desigualdades, reconocemos que la solidaridad corporativa contin\u00faa siendo un motor imprescindible para construir sociedades m\u00e1s justas.<\/p>\n\n\n\n<p>Bajo el lema de nuestra campa\u00f1a de Navidad <strong>\u201cGracias por SER humanidad\u201d<\/strong>, queremos poner en valor el compromiso de las empresas que, a lo largo de 2025, se han implicado en nuestros proyectos para promover oportunidades educativas y fortalecer la resiliencia de comunidades vulnerables. Para Entreculturas, la capacidad de las organizaciones para escuchar, empatizar y actuar con prop\u00f3sito se ha convertido en un elemento central para impulsar cambios sostenibles.<\/p>\n\n\n\n<h3 class=\"wp-block-heading\" id=\"h-un-balance-marcado-por-el-compromiso-y-la-accion\"><strong>Un balance marcado por el compromiso y la acci\u00f3n<\/strong><\/h3>\n\n\n\n<p>El cierre del a\u00f1o nos invita a reconocer el papel de las empresas que han apostado por integrar la solidaridad en su estrategia corporativa. En un momento del a\u00f1o asociado a la reflexi\u00f3n, la solidaridad y al apoyo mutuo, hemos visto c\u00f3mo numerosas empresas han reforzado su compromiso social mediante iniciativas que combinan la participaci\u00f3n de sus equipos con aportaciones directas a nuestros proyectos educativos.<\/p>\n\n\n\n<p>Es por esto, que en estas fechas animamos a redoblar el compromiso solidario. Entre las f\u00f3rmulas de colaboraci\u00f3n m\u00e1s destacadas se encuentran:<\/p>\n\n\n\n<ul class=\"wp-block-list\">\n<li><strong>Iniciativas Solidarias<\/strong>, que movilizan a equipos internos en campa\u00f1as de recaudaci\u00f3n, reforzando la cohesi\u00f3n y el sentimiento de prop\u00f3sito compartido.<br><\/li>\n\n\n\n<li><strong>Donaciones corporativas con opciones de voluntariado transformador<\/strong>, que permiten a empleados y empleadas involucrarse activamente en acciones solidarias vinculadas a los proyectos educativos apoyados por sus empresas.<br><\/li>\n\n\n\n<li><strong>La red de \u201cEmpresas por una Causa\u201d<\/strong>, nuestro espacio de alianzas donde empresas de distintos sectores y tama\u00f1os trabajan conjuntamente para generar impacto social sostenido a trav\u00e9s de la educaci\u00f3n. Descubre en nuestro <a href=\"https:\/\/youtu.be\/2mUoNHQvNjU\">v\u00eddeo<\/a> c\u00f3mo t\u00fa y tu empresa pueden transformar la realidad.<\/li>\n<\/ul>\n\n\n\n<h3 class=\"wp-block-heading\" id=\"h-una-navidad-para-invertir-en-solidaridad\"><strong>Una Navidad para invertir en solidaridad<\/strong><\/h3>\n\n\n\n<p>Estas semanas representan una oportunidad especial para renovar nuestro compromiso solidario. Por eso, invitamos a las empresas a sumarse a nuestras iniciativas navide\u00f1as y a seguir colaborando para que el derecho a la educaci\u00f3n llegue m\u00e1s lejos. Un gesto solidario en estas fechas puede abrir caminos, ofrecer oportunidades y devolver futuro a miles de personas.<\/p>\n\n\n\n<p>Adem\u00e1s, recordamos que las donaciones realizadas a ONG antes del 31 de diciembre cuentan con beneficios fiscales, siendo deducibles hasta un <strong>80% en los primeros 250 euros aportados<\/strong>, lo que permite a las empresas sumar valor y eficiencia a su compromiso social. Puedes calcular tus beneficios fiscales <a href=\"https:\/\/fundacionlealtad.org\/para-colaborar-con-ong\/deducciones-fiscales\/\">aqu\u00ed<\/a>.<\/p>\n\n\n\n<h3 class=\"wp-block-heading\" id=\"h-mirada-al-futuro\"><strong>Mirada al futuro<\/strong><\/h3>\n\n\n\n<p>El trabajo realizado este a\u00f1o refuerza nuestros v\u00ednculos con el sector empresarial y demuestra que, cuando actuamos juntos y juntas, es posible generar transformaciones profundas y sostenibles. En 2026 seguiremos promoviendo alianzas estrat\u00e9gicas que nos permitan responder a los retos globales con soluciones centradas en las personas.Cerramos este balance anual con un agradecimiento sincero a todas las empresas que han acompa\u00f1ado nuestra labor y con un mensaje claro: <strong>esta Navidad, sigamos construyendo humanidad<\/strong><\/p>\n","protected":false},"excerpt":{"rendered":"<p>En Entreculturas cerramos el a\u00f1o subrayando el impacto alcanzado gracias a la colaboraci\u00f3n del sector empresarial, un aliado fundamental en la defensa del derecho a la educaci\u00f3n y en la respuesta a los principales desaf\u00edos globales. En un contexto marcado por los conflictos, la emergencia clim\u00e1tica y el aumento de las desigualdades, reconocemos que la solidaridad corporativa contin\u00faa siendo un motor imprescindible para construir sociedades m\u00e1s justas. Bajo el lema de nuestra campa\u00f1a de Navidad \u201cGracias por SER humanidad\u201d, queremos poner en valor el compromiso de las empresas que, a lo largo de 2025, se han implicado en nuestros proyectos para promover oportunidades educativas y fortalecer la resiliencia de comunidades vulnerables. Para Entreculturas, la capacidad de las organizaciones para escuchar, empatizar y actuar con prop\u00f3sito se ha convertido en un elemento central para impulsar cambios sostenibles. Un balance marcado por el compromiso y la acci\u00f3n El cierre del a\u00f1o nos [&hellip;]<\/p>\n","protected":false},"featured_media":45276,"template":"","meta":{"_acf_changed":false},"categories":[7],"tags":[196],"country":[],"cause":[],"class_list":["post-45274","noticia","type-noticia","status-publish","has-post-thumbnail","hentry","category-noticia","tag-rsc"],"acf":[],"yoast_head":"<!-- This site is optimized with the Yoast SEO Premium plugin v21.6 (Yoast SEO v27.5) - https:\/\/yoast.com\/product\/yoast-seo-premium-wordpress\/ -->\n<title>En Entreculturas cerramos el a\u00f1o destacando el papel de las empresas y hacemos un llamado a colaborar esta Navidad - Entreculturas<\/title>\n<meta name=\"description\" content=\"En Entreculturas cerramos el a\u00f1o destacando la colaboraci\u00f3n empresarial en Navidad y renovamos nuestro llamado a sumar esfuerzos por la educaci\u00f3n.\" \/>\n<meta name=\"robots\" content=\"index, follow, max-snippet:-1, max-image-preview:large, max-video-preview:-1\" \/>\n<link rel=\"canonical\" href=\"https:\/\/www.entreculturas.org\/ca\/noticia\/en-entreculturas-cerramos-el-ano-destacando-el-papel-de-las-empresas-y-hacemos-un-llamado-a-colaborar-esta-navidad\/\" \/>\n<meta property=\"og:locale\" content=\"ca_ES\" \/>\n<meta property=\"og:type\" content=\"article\" \/>\n<meta property=\"og:title\" content=\"En Entreculturas cerramos el a\u00f1o destacando el papel de las empresas y hacemos un llamado a colaborar esta Navidad\" \/>\n<meta property=\"og:description\" content=\"En Entreculturas cerramos el a\u00f1o destacando la colaboraci\u00f3n empresarial en Navidad y renovamos nuestro llamado a sumar esfuerzos por la educaci\u00f3n.\" \/>\n<meta property=\"og:url\" content=\"https:\/\/www.entreculturas.org\/ca\/noticia\/en-entreculturas-cerramos-el-ano-destacando-el-papel-de-las-empresas-y-hacemos-un-llamado-a-colaborar-esta-navidad\/\" \/>\n<meta property=\"og:site_name\" content=\"Entreculturas\" \/>\n<meta property=\"article:publisher\" content=\"https:\/\/www.facebook.com\/entreculturas\" \/>\n<meta property=\"article:modified_time\" content=\"2025-12-09T12:58:36+00:00\" \/>\n<meta property=\"og:image\" content=\"https:\/\/www.entreculturas.org\/wp-content\/uploads\/2025\/12\/Navidad.jpg\" \/>\n\t<meta property=\"og:image:width\" content=\"2048\" \/>\n\t<meta property=\"og:image:height\" content=\"776\" \/>\n\t<meta property=\"og:image:type\" content=\"image\/jpeg\" \/>\n<meta name=\"twitter:card\" content=\"summary_large_image\" \/>\n<meta name=\"twitter:site\" content=\"@Entreculturas\" \/>\n<script type=\"application\/ld+json\" class=\"yoast-schema-graph\">{\"@context\":\"https:\\\/\\\/schema.org\",\"@graph\":[{\"@type\":\"WebPage\",\"@id\":\"https:\\\/\\\/www.entreculturas.org\\\/ca\\\/noticia\\\/en-entreculturas-cerramos-el-ano-destacando-el-papel-de-las-empresas-y-hacemos-un-llamado-a-colaborar-esta-navidad\\\/\",\"url\":\"https:\\\/\\\/www.entreculturas.org\\\/ca\\\/noticia\\\/en-entreculturas-cerramos-el-ano-destacando-el-papel-de-las-empresas-y-hacemos-un-llamado-a-colaborar-esta-navidad\\\/\",\"name\":\"En Entreculturas cerramos el a\u00f1o destacando el papel de las empresas y hacemos un llamado a colaborar esta Navidad - Entreculturas\",\"isPartOf\":{\"@id\":\"https:\\\/\\\/www.entreculturas.org\\\/ca\\\/#website\"},\"primaryImageOfPage\":{\"@id\":\"https:\\\/\\\/www.entreculturas.org\\\/ca\\\/noticia\\\/en-entreculturas-cerramos-el-ano-destacando-el-papel-de-las-empresas-y-hacemos-un-llamado-a-colaborar-esta-navidad\\\/#primaryimage\"},\"image\":{\"@id\":\"https:\\\/\\\/www.entreculturas.org\\\/ca\\\/noticia\\\/en-entreculturas-cerramos-el-ano-destacando-el-papel-de-las-empresas-y-hacemos-un-llamado-a-colaborar-esta-navidad\\\/#primaryimage\"},\"thumbnailUrl\":\"https:\\\/\\\/www.entreculturas.org\\\/wp-content\\\/uploads\\\/2025\\\/12\\\/Navidad.jpg\",\"datePublished\":\"2025-12-09T12:58:34+00:00\",\"dateModified\":\"2025-12-09T12:58:36+00:00\",\"description\":\"En Entreculturas cerramos el a\u00f1o destacando la colaboraci\u00f3n empresarial en Navidad y renovamos nuestro llamado a sumar esfuerzos por la educaci\u00f3n.\",\"breadcrumb\":{\"@id\":\"https:\\\/\\\/www.entreculturas.org\\\/ca\\\/noticia\\\/en-entreculturas-cerramos-el-ano-destacando-el-papel-de-las-empresas-y-hacemos-un-llamado-a-colaborar-esta-navidad\\\/#breadcrumb\"},\"inLanguage\":\"ca\",\"potentialAction\":[{\"@type\":\"ReadAction\",\"target\":[\"https:\\\/\\\/www.entreculturas.org\\\/ca\\\/noticia\\\/en-entreculturas-cerramos-el-ano-destacando-el-papel-de-las-empresas-y-hacemos-un-llamado-a-colaborar-esta-navidad\\\/\"]}]},{\"@type\":\"ImageObject\",\"inLanguage\":\"ca\",\"@id\":\"https:\\\/\\\/www.entreculturas.org\\\/ca\\\/noticia\\\/en-entreculturas-cerramos-el-ano-destacando-el-papel-de-las-empresas-y-hacemos-un-llamado-a-colaborar-esta-navidad\\\/#primaryimage\",\"url\":\"https:\\\/\\\/www.entreculturas.org\\\/wp-content\\\/uploads\\\/2025\\\/12\\\/Navidad.jpg\",\"contentUrl\":\"https:\\\/\\\/www.entreculturas.org\\\/wp-content\\\/uploads\\\/2025\\\/12\\\/Navidad.jpg\",\"width\":2048,\"height\":776,\"caption\":\"colaboraci\u00f3n empresarial en Navidad\"},{\"@type\":\"BreadcrumbList\",\"@id\":\"https:\\\/\\\/www.entreculturas.org\\\/ca\\\/noticia\\\/en-entreculturas-cerramos-el-ano-destacando-el-papel-de-las-empresas-y-hacemos-un-llamado-a-colaborar-esta-navidad\\\/#breadcrumb\",\"itemListElement\":[{\"@type\":\"ListItem\",\"position\":1,\"name\":\"Home\",\"item\":\"https:\\\/\\\/www.entreculturas.org\\\/ca\\\/\"},{\"@type\":\"ListItem\",\"position\":2,\"name\":\"Noticias\",\"item\":\"https:\\\/\\\/www.entreculturas.org\\\/ca\\\/noticias\\\/\"},{\"@type\":\"ListItem\",\"position\":3,\"name\":\"En Entreculturas cerramos el a\u00f1o destacando el papel de las empresas y hacemos un llamado a colaborar esta Navidad\"}]},{\"@type\":\"WebSite\",\"@id\":\"https:\\\/\\\/www.entreculturas.org\\\/ca\\\/#website\",\"url\":\"https:\\\/\\\/www.entreculturas.org\\\/ca\\\/\",\"name\":\"Entreculturas\",\"description\":\"\",\"publisher\":{\"@id\":\"https:\\\/\\\/www.entreculturas.org\\\/ca\\\/#organization\"},\"alternateName\":\"Entreculturas\",\"potentialAction\":[{\"@type\":\"SearchAction\",\"target\":{\"@type\":\"EntryPoint\",\"urlTemplate\":\"https:\\\/\\\/www.entreculturas.org\\\/ca\\\/?s={search_term_string}\"},\"query-input\":{\"@type\":\"PropertyValueSpecification\",\"valueRequired\":true,\"valueName\":\"search_term_string\"}}],\"inLanguage\":\"ca\"},{\"@type\":\"Organization\",\"@id\":\"https:\\\/\\\/www.entreculturas.org\\\/ca\\\/#organization\",\"name\":\"Entreculturas\",\"url\":\"https:\\\/\\\/www.entreculturas.org\\\/ca\\\/\",\"logo\":{\"@type\":\"ImageObject\",\"inLanguage\":\"ca\",\"@id\":\"https:\\\/\\\/www.entreculturas.org\\\/ca\\\/#\\\/schema\\\/logo\\\/image\\\/\",\"url\":\"https:\\\/\\\/www.entreculturas.org\\\/wp-content\\\/uploads\\\/2025\\\/10\\\/ESP.svg\",\"contentUrl\":\"https:\\\/\\\/www.entreculturas.org\\\/wp-content\\\/uploads\\\/2025\\\/10\\\/ESP.svg\",\"caption\":\"Entreculturas\"},\"image\":{\"@id\":\"https:\\\/\\\/www.entreculturas.org\\\/ca\\\/#\\\/schema\\\/logo\\\/image\\\/\"},\"sameAs\":[\"https:\\\/\\\/www.facebook.com\\\/entreculturas\",\"https:\\\/\\\/x.com\\\/Entreculturas\",\"https:\\\/\\\/www.instagram.com\\\/entreculturas\\\/\",\"https:\\\/\\\/www.youtube.com\\\/user\\\/entreculturasvideo\",\"https:\\\/\\\/www.linkedin.com\\\/company\\\/fundacion-entreculturas-ngdo\\\/\",\"https:\\\/\\\/www.flickr.com\\\/photos\\\/98455522@N04\\\/albums\\\/\"]}]}<\/script>\n<!-- \/ Yoast SEO Premium plugin. -->","yoast_head_json":{"title":"En Entreculturas cerramos el a\u00f1o destacando el papel de las empresas y hacemos un llamado a colaborar esta Navidad - Entreculturas","description":"En Entreculturas cerramos el a\u00f1o destacando la colaboraci\u00f3n empresarial en Navidad y renovamos nuestro llamado a sumar esfuerzos por la educaci\u00f3n.","robots":{"index":"index","follow":"follow","max-snippet":"max-snippet:-1","max-image-preview":"max-image-preview:large","max-video-preview":"max-video-preview:-1"},"canonical":"https:\/\/www.entreculturas.org\/ca\/noticia\/en-entreculturas-cerramos-el-ano-destacando-el-papel-de-las-empresas-y-hacemos-un-llamado-a-colaborar-esta-navidad\/","og_locale":"ca_ES","og_type":"article","og_title":"En Entreculturas cerramos el a\u00f1o destacando el papel de las empresas y hacemos un llamado a colaborar esta Navidad","og_description":"En Entreculturas cerramos el a\u00f1o destacando la colaboraci\u00f3n empresarial en Navidad y renovamos nuestro llamado a sumar esfuerzos por la educaci\u00f3n.","og_url":"https:\/\/www.entreculturas.org\/ca\/noticia\/en-entreculturas-cerramos-el-ano-destacando-el-papel-de-las-empresas-y-hacemos-un-llamado-a-colaborar-esta-navidad\/","og_site_name":"Entreculturas","article_publisher":"https:\/\/www.facebook.com\/entreculturas","article_modified_time":"2025-12-09T12:58:36+00:00","og_image":[{"width":2048,"height":776,"url":"https:\/\/www.entreculturas.org\/wp-content\/uploads\/2025\/12\/Navidad.jpg","type":"image\/jpeg"}],"twitter_card":"summary_large_image","twitter_site":"@Entreculturas","schema":{"@context":"https:\/\/schema.org","@graph":[{"@type":"WebPage","@id":"https:\/\/www.entreculturas.org\/ca\/noticia\/en-entreculturas-cerramos-el-ano-destacando-el-papel-de-las-empresas-y-hacemos-un-llamado-a-colaborar-esta-navidad\/","url":"https:\/\/www.entreculturas.org\/ca\/noticia\/en-entreculturas-cerramos-el-ano-destacando-el-papel-de-las-empresas-y-hacemos-un-llamado-a-colaborar-esta-navidad\/","name":"En Entreculturas cerramos el a\u00f1o destacando el papel de las empresas y hacemos un llamado a colaborar esta Navidad - Entreculturas","isPartOf":{"@id":"https:\/\/www.entreculturas.org\/ca\/#website"},"primaryImageOfPage":{"@id":"https:\/\/www.entreculturas.org\/ca\/noticia\/en-entreculturas-cerramos-el-ano-destacando-el-papel-de-las-empresas-y-hacemos-un-llamado-a-colaborar-esta-navidad\/#primaryimage"},"image":{"@id":"https:\/\/www.entreculturas.org\/ca\/noticia\/en-entreculturas-cerramos-el-ano-destacando-el-papel-de-las-empresas-y-hacemos-un-llamado-a-colaborar-esta-navidad\/#primaryimage"},"thumbnailUrl":"https:\/\/www.entreculturas.org\/wp-content\/uploads\/2025\/12\/Navidad.jpg","datePublished":"2025-12-09T12:58:34+00:00","dateModified":"2025-12-09T12:58:36+00:00","description":"En Entreculturas cerramos el a\u00f1o destacando la colaboraci\u00f3n empresarial en Navidad y renovamos nuestro llamado a sumar esfuerzos por la educaci\u00f3n.","breadcrumb":{"@id":"https:\/\/www.entreculturas.org\/ca\/noticia\/en-entreculturas-cerramos-el-ano-destacando-el-papel-de-las-empresas-y-hacemos-un-llamado-a-colaborar-esta-navidad\/#breadcrumb"},"inLanguage":"ca","potentialAction":[{"@type":"ReadAction","target":["https:\/\/www.entreculturas.org\/ca\/noticia\/en-entreculturas-cerramos-el-ano-destacando-el-papel-de-las-empresas-y-hacemos-un-llamado-a-colaborar-esta-navidad\/"]}]},{"@type":"ImageObject","inLanguage":"ca","@id":"https:\/\/www.entreculturas.org\/ca\/noticia\/en-entreculturas-cerramos-el-ano-destacando-el-papel-de-las-empresas-y-hacemos-un-llamado-a-colaborar-esta-navidad\/#primaryimage","url":"https:\/\/www.entreculturas.org\/wp-content\/uploads\/2025\/12\/Navidad.jpg","contentUrl":"https:\/\/www.entreculturas.org\/wp-content\/uploads\/2025\/12\/Navidad.jpg","width":2048,"height":776,"caption":"colaboraci\u00f3n empresarial en Navidad"},{"@type":"BreadcrumbList","@id":"https:\/\/www.entreculturas.org\/ca\/noticia\/en-entreculturas-cerramos-el-ano-destacando-el-papel-de-las-empresas-y-hacemos-un-llamado-a-colaborar-esta-navidad\/#breadcrumb","itemListElement":[{"@type":"ListItem","position":1,"name":"Home","item":"https:\/\/www.entreculturas.org\/ca\/"},{"@type":"ListItem","position":2,"name":"Noticias","item":"https:\/\/www.entreculturas.org\/ca\/noticias\/"},{"@type":"ListItem","position":3,"name":"En Entreculturas cerramos el a\u00f1o destacando el papel de las empresas y hacemos un llamado a colaborar esta Navidad"}]},{"@type":"WebSite","@id":"https:\/\/www.entreculturas.org\/ca\/#website","url":"https:\/\/www.entreculturas.org\/ca\/","name":"Entreculturas","description":"","publisher":{"@id":"https:\/\/www.entreculturas.org\/ca\/#organization"},"alternateName":"Entreculturas","potentialAction":[{"@type":"SearchAction","target":{"@type":"EntryPoint","urlTemplate":"https:\/\/www.entreculturas.org\/ca\/?s={search_term_string}"},"query-input":{"@type":"PropertyValueSpecification","valueRequired":true,"valueName":"search_term_string"}}],"inLanguage":"ca"},{"@type":"Organization","@id":"https:\/\/www.entreculturas.org\/ca\/#organization","name":"Entreculturas","url":"https:\/\/www.entreculturas.org\/ca\/","logo":{"@type":"ImageObject","inLanguage":"ca","@id":"https:\/\/www.entreculturas.org\/ca\/#\/schema\/logo\/image\/","url":"https:\/\/www.entreculturas.org\/wp-content\/uploads\/2025\/10\/ESP.svg","contentUrl":"https:\/\/www.entreculturas.org\/wp-content\/uploads\/2025\/10\/ESP.svg","caption":"Entreculturas"},"image":{"@id":"https:\/\/www.entreculturas.org\/ca\/#\/schema\/logo\/image\/"},"sameAs":["https:\/\/www.facebook.com\/entreculturas","https:\/\/x.com\/Entreculturas","https:\/\/www.instagram.com\/entreculturas\/","https:\/\/www.youtube.com\/user\/entreculturasvideo","https:\/\/www.linkedin.com\/company\/fundacion-entreculturas-ngdo\/","https:\/\/www.flickr.com\/photos\/98455522@N04\/albums\/"]}]}},"_links":{"self":[{"href":"https:\/\/www.entreculturas.org\/ca\/wp-json\/wp\/v2\/noticia\/45274","targetHints":{"allow":["GET"]}}],"collection":[{"href":"https:\/\/www.entreculturas.org\/ca\/wp-json\/wp\/v2\/noticia"}],"about":[{"href":"https:\/\/www.entreculturas.org\/ca\/wp-json\/wp\/v2\/types\/noticia"}],"wp:featuredmedia":[{"embeddable":true,"href":"https:\/\/www.entreculturas.org\/ca\/wp-json\/wp\/v2\/media\/45276"}],"wp:attachment":[{"href":"https:\/\/www.entreculturas.org\/ca\/wp-json\/wp\/v2\/media?parent=45274"}],"wp:term":[{"taxonomy":"category","embeddable":true,"href":"https:\/\/www.entreculturas.org\/ca\/wp-json\/wp\/v2\/categories?post=45274"},{"taxonomy":"post_tag","embeddable":true,"href":"https:\/\/www.entreculturas.org\/ca\/wp-json\/wp\/v2\/tags?post=45274"},{"taxonomy":"country","embeddable":true,"href":"https:\/\/www.entreculturas.org\/ca\/wp-json\/wp\/v2\/country?post=45274"},{"taxonomy":"cause","embeddable":true,"href":"https:\/\/www.entreculturas.org\/ca\/wp-json\/wp\/v2\/cause?post=45274"}],"curies":[{"name":"wp","href":"https:\/\/api.w.org\/{rel}","templated":true}]}}