{"id":4519,"date":"2020-04-22T10:54:54","date_gmt":"2020-04-22T10:54:54","guid":{"rendered":"https:\/\/entreculturasi.wpenginepowered.com\/?noticias=como-contarias-un-cuento-al-mundo-tendria-el-poder-de-transformarlo-de-crear-un-mundo-mejor"},"modified":"2024-03-14T14:54:40","modified_gmt":"2024-03-14T13:54:40","slug":"como-contarias-un-cuento-al-mundo-tendria-el-poder-de-transformarlo-de-crear-un-mundo-mejor","status":"publish","type":"noticia","link":"https:\/\/www.entreculturas.org\/ca\/noticia\/como-contarias-un-cuento-al-mundo-tendria-el-poder-de-transformarlo-de-crear-un-mundo-mejor\/","title":{"rendered":"\u00bfC\u00f3mo contar\u00edas un cuento al mundo? \u00bftendr\u00eda el poder de transformarlo, de crear un mundo mejor?"},"content":{"rendered":"<p>Como dijo la gran escritora Toni Morrison: \u201cSi hay un libro que quieres leer, pero a\u00fan no ha sido escrito, entonces tienes que escribirlo.\u201d&nbsp; <strong>Con motivo del D\u00eda del Libro, desde Entreculturas el primer concurso de escritura creativa de cuentos \u201cUn Mundo de Cuento\u201d<\/strong>.&nbsp;El plazo de presentaci\u00f3n de cuentos est\u00e1 abierto hasta el viernes 29 de mayo 2020.&nbsp; Aquellas personas interesadas pueden consultar las bases del concurso espa\u00f1ol, ingl\u00e9s y franc\u00e9s. Consulta&nbsp;las bases del concurso <a href=\"https:\/\/www.redec.es\/es\/noticias\/mundo-de-cuento\" target=\"_blank\" rel=\"noopener\">aqu\u00ed.<\/a><br \/>&nbsp;<br \/>Una vez termine el plazo, <strong>de entre todos los cuentos recibidos seleccionadremos&nbsp;varias obras ganadoras, que se incluir\u00e1n en una nueva publicaci\u00f3n<\/strong> de la l\u00ednea de edici\u00f3n educativa de Entreculturas que ya cuenta con dos publicaciones anteriores: \u201cEl Mundo en Juego\u201d y \u201cUn Mundo de Teatro\u201d. \u201cUn Mundo de Cuento\u201d propone el cuento como herramienta de ense\u00f1anza-aprendizaje y motor de <strong>inspiraci\u00f3n para una ciudadan\u00eda global que imagina y hace posible un mundo de solidaridad, creatividad, inclusi\u00f3n y transformaci\u00f3n social<\/strong>. Orientado a edades <strong>a partir de los 12 a\u00f1os, con una extensi\u00f3n m\u00ednima de 150 palabras y m\u00e1xima de 900<\/strong>, el cuento deber\u00eda incluir un mensaje de solidaridad, empat\u00eda, compromiso y apoyo mutuo entre lugares diversos del mundo, desde una ciudadan\u00eda activa por la defensa de los derechos humanos y el cuidado de la Tierra, y se valorar\u00e1 la importancia de incluir relaciones horizontales y de igualdad entre los personajes.<br \/>&nbsp;<\/p>\n<\/p>\n<p>Nos encontramos ante desaf\u00edos globales que nos recuerdan que tenemos el derecho y la responsabilidad compartida de cuidar de esta Tierra y de las personas y comunidades que convivimos en ella. Los libros, los poemas, los cuentos contados de generaci\u00f3n en generaci\u00f3n, tienen el poder de abrir los ojos, imaginar realidades m\u00e1s justas, trasladarnos a mundos mejores y posibles, unirnos en diversidad, y transmitir valores de solidaridad, empat\u00eda, y acci\u00f3n social.<br \/>&nbsp;<br \/>Cada historia, an\u00e9cdota y cuento que hemos contado, le\u00eddo o escuchado durante nuestras vidas ha marcado huellas \u00fanicas, de tonalidades diversas, llenando de color y dando forma a quienes somos hoy en d\u00eda. Desde tiempos remotos se han contado cuentos e historias, entre generaciones, alrededor de comidas compartidas, en escuelas, en la naturaleza, y en infinidad de libros y canciones tambi\u00e9n. Este legado que mantenemos vivo como una hoguera compartida alrededor del mundo, tiene poderes transformadores: hay historias que emocionan, inspiran, sanan y conectan a las personas. Otras que recuerdan, ense\u00f1an y cuidan la memoria de tiempos lejanos. Tambi\u00e9n h<strong>ay cuentos que nos cambian la mirada, encienden llamas, expanden ideas, y motivan cambios, desde lo m\u00e1s cercano a lo m\u00e1s global.&nbsp;<\/strong><\/p>\n<p><strong>\u201cCon \u201cUn Mundo de Cuento\u201d queremos avivar ese fuego interno que tenemos cada persona y comunidad. Nuestras propias historias de aprendizaje y transformaci\u00f3n<\/strong>, adem\u00e1s de las de ni\u00f1as, ni\u00f1os, j\u00f3venes, docentes y escuelas alrededor del mundo, dan sentido a realizar esta recopilaci\u00f3n de cuentos. Buscamos recoger cuentos que pongan en palabra las realidades que nos preocupan y queremos transformar, que animen a encontramos con personas diversas, y que nos devuelvan la ilusi\u00f3n como ciudadan\u00eda global, convirtiendo las palabras escritas en papel en acciones por ese mundo sostenible, justo e igualitario que so\u00f1amos\u201d explica nuestra compa\u00f1era Veda Kr\u00fcger, del \u00e1rea de Educaci\u00f3n no Formal.<\/p>\n","protected":false},"excerpt":{"rendered":"<p>Con motivo del D\u00eda del Libro, lanzamos el primer concurso de escritura creativa de cuentos \u201cUn Mundo de Cuento\u201d.  El plazo de presentaci\u00f3n de cuentos est\u00e1 abierto hasta el viernes 29 de mayo 2020. Entre todos los cuentos recibidos elegiremos varias obras ganadoras, que se incluir\u00e1n en una nueva publicaci\u00f3n<\/p>\n","protected":false},"featured_media":4523,"template":"single-noticia","meta":{"_acf_changed":false},"categories":[7],"tags":[8],"country":[],"cause":[132],"class_list":["post-4519","noticia","type-noticia","status-publish","has-post-thumbnail","hentry","category-noticia","tag-participacion-y-ciudadania-global","cause-participacion-y-ciudadania-global"],"acf":[],"yoast_head":"<!-- This site is optimized with the Yoast SEO Premium plugin v21.6 (Yoast SEO v27.5) - https:\/\/yoast.com\/product\/yoast-seo-premium-wordpress\/ -->\n<title>\u00bfC\u00f3mo contar\u00edas un cuento al mundo? \u00bftendr\u00eda el poder de transformarlo, de crear un mundo mejor? - Entreculturas<\/title>\n<meta name=\"robots\" content=\"index, follow, max-snippet:-1, max-image-preview:large, max-video-preview:-1\" \/>\n<link rel=\"canonical\" href=\"https:\/\/www.entreculturas.org\/ca\/noticia\/como-contarias-un-cuento-al-mundo-tendria-el-poder-de-transformarlo-de-crear-un-mundo-mejor\/\" \/>\n<meta property=\"og:locale\" content=\"ca_ES\" \/>\n<meta property=\"og:type\" content=\"article\" \/>\n<meta property=\"og:title\" content=\"\u00bfC\u00f3mo contar\u00edas un cuento al mundo? \u00bftendr\u00eda el poder de transformarlo, de crear un mundo mejor?\" \/>\n<meta property=\"og:description\" content=\"Con motivo del D\u00eda del Libro, lanzamos el primer concurso de escritura creativa de cuentos \u201cUn Mundo de Cuento\u201d. El plazo de presentaci\u00f3n de cuentos est\u00e1 abierto hasta el viernes 29 de mayo 2020. Entre todos los cuentos recibidos elegiremos varias obras ganadoras, que se incluir\u00e1n en una nueva publicaci\u00f3n\" \/>\n<meta property=\"og:url\" content=\"https:\/\/www.entreculturas.org\/ca\/noticia\/como-contarias-un-cuento-al-mundo-tendria-el-poder-de-transformarlo-de-crear-un-mundo-mejor\/\" \/>\n<meta property=\"og:site_name\" content=\"Entreculturas\" \/>\n<meta property=\"article:publisher\" content=\"https:\/\/www.facebook.com\/entreculturas\" \/>\n<meta property=\"article:modified_time\" content=\"2024-03-14T13:54:40+00:00\" \/>\n<meta property=\"og:image\" content=\"https:\/\/www.entreculturas.org\/wp-content\/uploads\/2020\/04\/dia-libro3.jpg\" \/>\n\t<meta property=\"og:image:width\" content=\"800\" \/>\n\t<meta property=\"og:image:height\" content=\"533\" \/>\n\t<meta property=\"og:image:type\" content=\"image\/jpeg\" \/>\n<meta name=\"twitter:card\" content=\"summary_large_image\" \/>\n<meta name=\"twitter:site\" content=\"@Entreculturas\" \/>\n<script type=\"application\/ld+json\" class=\"yoast-schema-graph\">{\"@context\":\"https:\\\/\\\/schema.org\",\"@graph\":[{\"@type\":\"WebPage\",\"@id\":\"https:\\\/\\\/www.entreculturas.org\\\/ca\\\/noticia\\\/como-contarias-un-cuento-al-mundo-tendria-el-poder-de-transformarlo-de-crear-un-mundo-mejor\\\/\",\"url\":\"https:\\\/\\\/www.entreculturas.org\\\/ca\\\/noticia\\\/como-contarias-un-cuento-al-mundo-tendria-el-poder-de-transformarlo-de-crear-un-mundo-mejor\\\/\",\"name\":\"\u00bfC\u00f3mo contar\u00edas un cuento al mundo? \u00bftendr\u00eda el poder de transformarlo, de crear un mundo mejor? - Entreculturas\",\"isPartOf\":{\"@id\":\"https:\\\/\\\/www.entreculturas.org\\\/ca\\\/#website\"},\"primaryImageOfPage\":{\"@id\":\"https:\\\/\\\/www.entreculturas.org\\\/ca\\\/noticia\\\/como-contarias-un-cuento-al-mundo-tendria-el-poder-de-transformarlo-de-crear-un-mundo-mejor\\\/#primaryimage\"},\"image\":{\"@id\":\"https:\\\/\\\/www.entreculturas.org\\\/ca\\\/noticia\\\/como-contarias-un-cuento-al-mundo-tendria-el-poder-de-transformarlo-de-crear-un-mundo-mejor\\\/#primaryimage\"},\"thumbnailUrl\":\"https:\\\/\\\/www.entreculturas.org\\\/wp-content\\\/uploads\\\/2020\\\/04\\\/dia-libro3.jpg\",\"datePublished\":\"2020-04-22T10:54:54+00:00\",\"dateModified\":\"2024-03-14T13:54:40+00:00\",\"breadcrumb\":{\"@id\":\"https:\\\/\\\/www.entreculturas.org\\\/ca\\\/noticia\\\/como-contarias-un-cuento-al-mundo-tendria-el-poder-de-transformarlo-de-crear-un-mundo-mejor\\\/#breadcrumb\"},\"inLanguage\":\"ca\",\"potentialAction\":[{\"@type\":\"ReadAction\",\"target\":[\"https:\\\/\\\/www.entreculturas.org\\\/ca\\\/noticia\\\/como-contarias-un-cuento-al-mundo-tendria-el-poder-de-transformarlo-de-crear-un-mundo-mejor\\\/\"]}]},{\"@type\":\"ImageObject\",\"inLanguage\":\"ca\",\"@id\":\"https:\\\/\\\/www.entreculturas.org\\\/ca\\\/noticia\\\/como-contarias-un-cuento-al-mundo-tendria-el-poder-de-transformarlo-de-crear-un-mundo-mejor\\\/#primaryimage\",\"url\":\"https:\\\/\\\/www.entreculturas.org\\\/wp-content\\\/uploads\\\/2020\\\/04\\\/dia-libro3.jpg\",\"contentUrl\":\"https:\\\/\\\/www.entreculturas.org\\\/wp-content\\\/uploads\\\/2020\\\/04\\\/dia-libro3.jpg\",\"width\":800,\"height\":533,\"caption\":\"dia-libro3\"},{\"@type\":\"BreadcrumbList\",\"@id\":\"https:\\\/\\\/www.entreculturas.org\\\/ca\\\/noticia\\\/como-contarias-un-cuento-al-mundo-tendria-el-poder-de-transformarlo-de-crear-un-mundo-mejor\\\/#breadcrumb\",\"itemListElement\":[{\"@type\":\"ListItem\",\"position\":1,\"name\":\"Home\",\"item\":\"https:\\\/\\\/www.entreculturas.org\\\/ca\\\/\"},{\"@type\":\"ListItem\",\"position\":2,\"name\":\"Noticias\",\"item\":\"https:\\\/\\\/www.entreculturas.org\\\/ca\\\/noticias\\\/\"},{\"@type\":\"ListItem\",\"position\":3,\"name\":\"\u00bfC\u00f3mo contar\u00edas un cuento al mundo? \u00bftendr\u00eda el poder de transformarlo, de crear un mundo mejor?\"}]},{\"@type\":\"WebSite\",\"@id\":\"https:\\\/\\\/www.entreculturas.org\\\/ca\\\/#website\",\"url\":\"https:\\\/\\\/www.entreculturas.org\\\/ca\\\/\",\"name\":\"Entreculturas\",\"description\":\"\",\"publisher\":{\"@id\":\"https:\\\/\\\/www.entreculturas.org\\\/ca\\\/#organization\"},\"alternateName\":\"Entreculturas\",\"potentialAction\":[{\"@type\":\"SearchAction\",\"target\":{\"@type\":\"EntryPoint\",\"urlTemplate\":\"https:\\\/\\\/www.entreculturas.org\\\/ca\\\/?s={search_term_string}\"},\"query-input\":{\"@type\":\"PropertyValueSpecification\",\"valueRequired\":true,\"valueName\":\"search_term_string\"}}],\"inLanguage\":\"ca\"},{\"@type\":\"Organization\",\"@id\":\"https:\\\/\\\/www.entreculturas.org\\\/ca\\\/#organization\",\"name\":\"Entreculturas\",\"url\":\"https:\\\/\\\/www.entreculturas.org\\\/ca\\\/\",\"logo\":{\"@type\":\"ImageObject\",\"inLanguage\":\"ca\",\"@id\":\"https:\\\/\\\/www.entreculturas.org\\\/ca\\\/#\\\/schema\\\/logo\\\/image\\\/\",\"url\":\"https:\\\/\\\/www.entreculturas.org\\\/wp-content\\\/uploads\\\/2025\\\/10\\\/ESP.svg\",\"contentUrl\":\"https:\\\/\\\/www.entreculturas.org\\\/wp-content\\\/uploads\\\/2025\\\/10\\\/ESP.svg\",\"caption\":\"Entreculturas\"},\"image\":{\"@id\":\"https:\\\/\\\/www.entreculturas.org\\\/ca\\\/#\\\/schema\\\/logo\\\/image\\\/\"},\"sameAs\":[\"https:\\\/\\\/www.facebook.com\\\/entreculturas\",\"https:\\\/\\\/x.com\\\/Entreculturas\",\"https:\\\/\\\/www.instagram.com\\\/entreculturas\\\/\",\"https:\\\/\\\/www.youtube.com\\\/user\\\/entreculturasvideo\",\"https:\\\/\\\/www.linkedin.com\\\/company\\\/fundacion-entreculturas-ngdo\\\/\",\"https:\\\/\\\/www.flickr.com\\\/photos\\\/98455522@N04\\\/albums\\\/\"]}]}<\/script>\n<!-- \/ Yoast SEO Premium plugin. -->","yoast_head_json":{"title":"\u00bfC\u00f3mo contar\u00edas un cuento al mundo? \u00bftendr\u00eda el poder de transformarlo, de crear un mundo mejor? - Entreculturas","robots":{"index":"index","follow":"follow","max-snippet":"max-snippet:-1","max-image-preview":"max-image-preview:large","max-video-preview":"max-video-preview:-1"},"canonical":"https:\/\/www.entreculturas.org\/ca\/noticia\/como-contarias-un-cuento-al-mundo-tendria-el-poder-de-transformarlo-de-crear-un-mundo-mejor\/","og_locale":"ca_ES","og_type":"article","og_title":"\u00bfC\u00f3mo contar\u00edas un cuento al mundo? \u00bftendr\u00eda el poder de transformarlo, de crear un mundo mejor?","og_description":"Con motivo del D\u00eda del Libro, lanzamos el primer concurso de escritura creativa de cuentos \u201cUn Mundo de Cuento\u201d. El plazo de presentaci\u00f3n de cuentos est\u00e1 abierto hasta el viernes 29 de mayo 2020. Entre todos los cuentos recibidos elegiremos varias obras ganadoras, que se incluir\u00e1n en una nueva publicaci\u00f3n","og_url":"https:\/\/www.entreculturas.org\/ca\/noticia\/como-contarias-un-cuento-al-mundo-tendria-el-poder-de-transformarlo-de-crear-un-mundo-mejor\/","og_site_name":"Entreculturas","article_publisher":"https:\/\/www.facebook.com\/entreculturas","article_modified_time":"2024-03-14T13:54:40+00:00","og_image":[{"width":800,"height":533,"url":"https:\/\/www.entreculturas.org\/wp-content\/uploads\/2020\/04\/dia-libro3.jpg","type":"image\/jpeg"}],"twitter_card":"summary_large_image","twitter_site":"@Entreculturas","schema":{"@context":"https:\/\/schema.org","@graph":[{"@type":"WebPage","@id":"https:\/\/www.entreculturas.org\/ca\/noticia\/como-contarias-un-cuento-al-mundo-tendria-el-poder-de-transformarlo-de-crear-un-mundo-mejor\/","url":"https:\/\/www.entreculturas.org\/ca\/noticia\/como-contarias-un-cuento-al-mundo-tendria-el-poder-de-transformarlo-de-crear-un-mundo-mejor\/","name":"\u00bfC\u00f3mo contar\u00edas un cuento al mundo? \u00bftendr\u00eda el poder de transformarlo, de crear un mundo mejor? - Entreculturas","isPartOf":{"@id":"https:\/\/www.entreculturas.org\/ca\/#website"},"primaryImageOfPage":{"@id":"https:\/\/www.entreculturas.org\/ca\/noticia\/como-contarias-un-cuento-al-mundo-tendria-el-poder-de-transformarlo-de-crear-un-mundo-mejor\/#primaryimage"},"image":{"@id":"https:\/\/www.entreculturas.org\/ca\/noticia\/como-contarias-un-cuento-al-mundo-tendria-el-poder-de-transformarlo-de-crear-un-mundo-mejor\/#primaryimage"},"thumbnailUrl":"https:\/\/www.entreculturas.org\/wp-content\/uploads\/2020\/04\/dia-libro3.jpg","datePublished":"2020-04-22T10:54:54+00:00","dateModified":"2024-03-14T13:54:40+00:00","breadcrumb":{"@id":"https:\/\/www.entreculturas.org\/ca\/noticia\/como-contarias-un-cuento-al-mundo-tendria-el-poder-de-transformarlo-de-crear-un-mundo-mejor\/#breadcrumb"},"inLanguage":"ca","potentialAction":[{"@type":"ReadAction","target":["https:\/\/www.entreculturas.org\/ca\/noticia\/como-contarias-un-cuento-al-mundo-tendria-el-poder-de-transformarlo-de-crear-un-mundo-mejor\/"]}]},{"@type":"ImageObject","inLanguage":"ca","@id":"https:\/\/www.entreculturas.org\/ca\/noticia\/como-contarias-un-cuento-al-mundo-tendria-el-poder-de-transformarlo-de-crear-un-mundo-mejor\/#primaryimage","url":"https:\/\/www.entreculturas.org\/wp-content\/uploads\/2020\/04\/dia-libro3.jpg","contentUrl":"https:\/\/www.entreculturas.org\/wp-content\/uploads\/2020\/04\/dia-libro3.jpg","width":800,"height":533,"caption":"dia-libro3"},{"@type":"BreadcrumbList","@id":"https:\/\/www.entreculturas.org\/ca\/noticia\/como-contarias-un-cuento-al-mundo-tendria-el-poder-de-transformarlo-de-crear-un-mundo-mejor\/#breadcrumb","itemListElement":[{"@type":"ListItem","position":1,"name":"Home","item":"https:\/\/www.entreculturas.org\/ca\/"},{"@type":"ListItem","position":2,"name":"Noticias","item":"https:\/\/www.entreculturas.org\/ca\/noticias\/"},{"@type":"ListItem","position":3,"name":"\u00bfC\u00f3mo contar\u00edas un cuento al mundo? \u00bftendr\u00eda el poder de transformarlo, de crear un mundo mejor?"}]},{"@type":"WebSite","@id":"https:\/\/www.entreculturas.org\/ca\/#website","url":"https:\/\/www.entreculturas.org\/ca\/","name":"Entreculturas","description":"","publisher":{"@id":"https:\/\/www.entreculturas.org\/ca\/#organization"},"alternateName":"Entreculturas","potentialAction":[{"@type":"SearchAction","target":{"@type":"EntryPoint","urlTemplate":"https:\/\/www.entreculturas.org\/ca\/?s={search_term_string}"},"query-input":{"@type":"PropertyValueSpecification","valueRequired":true,"valueName":"search_term_string"}}],"inLanguage":"ca"},{"@type":"Organization","@id":"https:\/\/www.entreculturas.org\/ca\/#organization","name":"Entreculturas","url":"https:\/\/www.entreculturas.org\/ca\/","logo":{"@type":"ImageObject","inLanguage":"ca","@id":"https:\/\/www.entreculturas.org\/ca\/#\/schema\/logo\/image\/","url":"https:\/\/www.entreculturas.org\/wp-content\/uploads\/2025\/10\/ESP.svg","contentUrl":"https:\/\/www.entreculturas.org\/wp-content\/uploads\/2025\/10\/ESP.svg","caption":"Entreculturas"},"image":{"@id":"https:\/\/www.entreculturas.org\/ca\/#\/schema\/logo\/image\/"},"sameAs":["https:\/\/www.facebook.com\/entreculturas","https:\/\/x.com\/Entreculturas","https:\/\/www.instagram.com\/entreculturas\/","https:\/\/www.youtube.com\/user\/entreculturasvideo","https:\/\/www.linkedin.com\/company\/fundacion-entreculturas-ngdo\/","https:\/\/www.flickr.com\/photos\/98455522@N04\/albums\/"]}]}},"_links":{"self":[{"href":"https:\/\/www.entreculturas.org\/ca\/wp-json\/wp\/v2\/noticia\/4519","targetHints":{"allow":["GET"]}}],"collection":[{"href":"https:\/\/www.entreculturas.org\/ca\/wp-json\/wp\/v2\/noticia"}],"about":[{"href":"https:\/\/www.entreculturas.org\/ca\/wp-json\/wp\/v2\/types\/noticia"}],"wp:featuredmedia":[{"embeddable":true,"href":"https:\/\/www.entreculturas.org\/ca\/wp-json\/wp\/v2\/media\/4523"}],"wp:attachment":[{"href":"https:\/\/www.entreculturas.org\/ca\/wp-json\/wp\/v2\/media?parent=4519"}],"wp:term":[{"taxonomy":"category","embeddable":true,"href":"https:\/\/www.entreculturas.org\/ca\/wp-json\/wp\/v2\/categories?post=4519"},{"taxonomy":"post_tag","embeddable":true,"href":"https:\/\/www.entreculturas.org\/ca\/wp-json\/wp\/v2\/tags?post=4519"},{"taxonomy":"country","embeddable":true,"href":"https:\/\/www.entreculturas.org\/ca\/wp-json\/wp\/v2\/country?post=4519"},{"taxonomy":"cause","embeddable":true,"href":"https:\/\/www.entreculturas.org\/ca\/wp-json\/wp\/v2\/cause?post=4519"}],"curies":[{"name":"wp","href":"https:\/\/api.w.org\/{rel}","templated":true}]}}