{"id":43993,"date":"2025-10-20T13:02:22","date_gmt":"2025-10-20T11:02:22","guid":{"rendered":"https:\/\/www.entreculturas.org\/?post_type=noticia&#038;p=43993"},"modified":"2025-10-20T13:02:28","modified_gmt":"2025-10-20T11:02:28","slug":"desde-la-campana-hospitalidad-celebramos-la-jornada-mundial-de-las-personas-migrantes-y-refugiadas","status":"publish","type":"noticia","link":"https:\/\/www.entreculturas.org\/ca\/noticia\/desde-la-campana-hospitalidad-celebramos-la-jornada-mundial-de-las-personas-migrantes-y-refugiadas\/","title":{"rendered":"Desde la campa\u00f1a HOSPITALIDAD, celebramos la Jornada Mundial de las personas Migrantes y Refugiadas"},"content":{"rendered":"\n<p>En el marco del <strong>Jubileo 2025, \u201cPeregrinos y Peregrinas de Esperanza\u201d<\/strong>, se celebr\u00f3 la <strong>111.\u00aa Jornada Mundial del Migrante y del Refugiado (JMMR)<\/strong> bajo el lema <strong>\u201cMigrantes, misioneros y misioneras de esperanza\u201d<\/strong>.<\/p>\n\n\n\n<p>Desde Entreculturas, como organizaci\u00f3n que forma parte del <strong>Sector Social de la Compa\u00f1\u00eda de Jes\u00fas en Espa\u00f1a<\/strong>, nos unimos a esta jornada a trav\u00e9s de la <strong>campa\u00f1a<\/strong><a href=\"https:\/\/www.hospitalidad.es\/\"><strong> <\/strong><strong>HOSPITALIDAD<\/strong><\/a>, reafirmando nuestro compromiso con las personas migrantes y refugiadas, y con todas aquellas comunidades que promueven una cultura de acogida, inclusi\u00f3n y justicia.<\/p>\n\n\n\n<p>En un mundo marcado por la violencia, los conflictos, la desigualdad y las consecuencias del cambio clim\u00e1tico, millones de personas se vieron obligadas a dejar atr\u00e1s su hogar. Sin embargo, cada desplazamiento fue tambi\u00e9n un acto de resistencia y de esperanza. Como recordamos en nuestro v\u00eddeo conmemorativo de esta jornada: <strong>migrar es resistir, acoger es resistir, y la hospitalidad es una forma de esperanza.<\/strong><\/p>\n\n\n\n<p>El <strong>Papa<\/strong>, en su mensaje para esta jornada, nos record\u00f3 que <em>\u201cnumerosos migrantes, refugiados y desplazados son testigos privilegiados de la esperanza vivida en la cotidianidad, a trav\u00e9s de su confianza en Dios y su resistencia a las adversidades\u201d<\/em>. Nos invit\u00f3 tambi\u00e9n a reconocer que las personas migrantes y refugiadas pueden convertirse en <strong>\u201cmisioneras y misioneros de esperanza\u201d<\/strong>, capaces de revitalizar nuestras comunidades y de mostrarnos caminos de fe, di\u00e1logo y reconciliaci\u00f3n.<\/p>\n\n\n\n<p>Inspiradas e inspirados por este llamado, desde la campa\u00f1a HOSPITALIDAD<strong>, <\/strong>quisimos recordar que <strong>cada gesto de hospitalidad abre caminos de esperanza<\/strong>, y que nuestro compromiso con las personas migrantes y refugiadas sigue siendo una forma concreta de peregrinar juntas y juntos hacia un futuro de\u00a0 paz y justicia para todas las personas.<strong> Echa un vistazo al v\u00eddeo que hemos preparado<\/strong>.<\/p>\n\n\n\n<div class=\"wp-block-group has-global-padding is-layout-constrained wp-container-core-group-is-layout-bea02a06 wp-block-group-is-layout-constrained\">\n<figure class=\"wp-block-embed is-type-video is-provider-youtube wp-block-embed-youtube wp-embed-aspect-16-9 wp-has-aspect-ratio\"><div class=\"wp-block-embed__wrapper\">\n<iframe loading=\"lazy\" title=\"Jornada Mundial de las personas Migrantes y Refugiadas\" width=\"500\" height=\"281\" src=\"https:\/\/www.youtube.com\/embed\/cxtlXxrV6D4?feature=oembed\" frameborder=\"0\" allow=\"accelerometer; autoplay; clipboard-write; encrypted-media; gyroscope; picture-in-picture; web-share\" referrerpolicy=\"strict-origin-when-cross-origin\" allowfullscreen><\/iframe>\n<\/div><\/figure>\n<\/div>\n","protected":false},"excerpt":{"rendered":"<p>En el marco del Jubileo 2025, \u201cPeregrinos y Peregrinas de Esperanza\u201d, se celebr\u00f3 la 111.\u00aa Jornada Mundial del Migrante y del Refugiado (JMMR) bajo el lema \u201cMigrantes, misioneros y misioneras de esperanza\u201d. Desde Entreculturas, como organizaci\u00f3n que forma parte del Sector Social de la Compa\u00f1\u00eda de Jes\u00fas en Espa\u00f1a, nos unimos a esta jornada a trav\u00e9s de la campa\u00f1a HOSPITALIDAD, reafirmando nuestro compromiso con las personas migrantes y refugiadas, y con todas aquellas comunidades que promueven una cultura de acogida, inclusi\u00f3n y justicia. En un mundo marcado por la violencia, los conflictos, la desigualdad y las consecuencias del cambio clim\u00e1tico, millones de personas se vieron obligadas a dejar atr\u00e1s su hogar. Sin embargo, cada desplazamiento fue tambi\u00e9n un acto de resistencia y de esperanza. Como recordamos en nuestro v\u00eddeo conmemorativo de esta jornada: migrar es resistir, acoger es resistir, y la hospitalidad es una forma de esperanza. El Papa, en [&hellip;]<\/p>\n","protected":false},"featured_media":43997,"template":"","meta":{"_acf_changed":false},"categories":[7],"tags":[10],"country":[],"cause":[],"class_list":["post-43993","noticia","type-noticia","status-publish","has-post-thumbnail","hentry","category-noticia","tag-migracion-y-refugio"],"acf":[],"yoast_head":"<!-- This site is optimized with the Yoast SEO Premium plugin v21.6 (Yoast SEO v27.5) - https:\/\/yoast.com\/product\/yoast-seo-premium-wordpress\/ -->\n<title>Desde la campa\u00f1a HOSPITALIDAD, celebramos la Jornada Mundial de las personas Migrantes y Refugiadas - Entreculturas<\/title>\n<meta name=\"description\" content=\"Desde la campa\u00f1a HOSPITALIDAD, celebramos la Jornada Mundial de las personas Migrantes y Refugiadas en distintas partes del mundo.\" \/>\n<meta name=\"robots\" content=\"index, follow, max-snippet:-1, max-image-preview:large, max-video-preview:-1\" \/>\n<link rel=\"canonical\" href=\"https:\/\/www.entreculturas.org\/ca\/noticia\/desde-la-campana-hospitalidad-celebramos-la-jornada-mundial-de-las-personas-migrantes-y-refugiadas\/\" \/>\n<meta property=\"og:locale\" content=\"ca_ES\" \/>\n<meta property=\"og:type\" content=\"article\" \/>\n<meta property=\"og:title\" content=\"Desde la campa\u00f1a HOSPITALIDAD, celebramos la Jornada Mundial de las personas Migrantes y Refugiadas\" \/>\n<meta property=\"og:description\" content=\"Desde la campa\u00f1a HOSPITALIDAD, celebramos la Jornada Mundial de las personas Migrantes y Refugiadas en distintas partes del mundo.\" \/>\n<meta property=\"og:url\" content=\"https:\/\/www.entreculturas.org\/ca\/noticia\/desde-la-campana-hospitalidad-celebramos-la-jornada-mundial-de-las-personas-migrantes-y-refugiadas\/\" \/>\n<meta property=\"og:site_name\" content=\"Entreculturas\" \/>\n<meta property=\"article:publisher\" content=\"https:\/\/www.facebook.com\/entreculturas\" \/>\n<meta property=\"article:modified_time\" content=\"2025-10-20T11:02:28+00:00\" \/>\n<meta property=\"og:image\" content=\"https:\/\/www.entreculturas.org\/wp-content\/uploads\/2025\/10\/MADRID-3.jpg\" \/>\n\t<meta property=\"og:image:width\" content=\"2068\" \/>\n\t<meta property=\"og:image:height\" content=\"900\" \/>\n\t<meta property=\"og:image:type\" content=\"image\/jpeg\" \/>\n<meta name=\"twitter:card\" content=\"summary_large_image\" \/>\n<meta name=\"twitter:site\" content=\"@Entreculturas\" \/>\n<script type=\"application\/ld+json\" class=\"yoast-schema-graph\">{\"@context\":\"https:\\\/\\\/schema.org\",\"@graph\":[{\"@type\":\"WebPage\",\"@id\":\"https:\\\/\\\/www.entreculturas.org\\\/ca\\\/noticia\\\/desde-la-campana-hospitalidad-celebramos-la-jornada-mundial-de-las-personas-migrantes-y-refugiadas\\\/\",\"url\":\"https:\\\/\\\/www.entreculturas.org\\\/ca\\\/noticia\\\/desde-la-campana-hospitalidad-celebramos-la-jornada-mundial-de-las-personas-migrantes-y-refugiadas\\\/\",\"name\":\"Desde la campa\u00f1a HOSPITALIDAD, celebramos la Jornada Mundial de las personas Migrantes y Refugiadas - Entreculturas\",\"isPartOf\":{\"@id\":\"https:\\\/\\\/www.entreculturas.org\\\/ca\\\/#website\"},\"primaryImageOfPage\":{\"@id\":\"https:\\\/\\\/www.entreculturas.org\\\/ca\\\/noticia\\\/desde-la-campana-hospitalidad-celebramos-la-jornada-mundial-de-las-personas-migrantes-y-refugiadas\\\/#primaryimage\"},\"image\":{\"@id\":\"https:\\\/\\\/www.entreculturas.org\\\/ca\\\/noticia\\\/desde-la-campana-hospitalidad-celebramos-la-jornada-mundial-de-las-personas-migrantes-y-refugiadas\\\/#primaryimage\"},\"thumbnailUrl\":\"https:\\\/\\\/www.entreculturas.org\\\/wp-content\\\/uploads\\\/2025\\\/10\\\/MADRID-3.jpg\",\"datePublished\":\"2025-10-20T11:02:22+00:00\",\"dateModified\":\"2025-10-20T11:02:28+00:00\",\"description\":\"Desde la campa\u00f1a HOSPITALIDAD, celebramos la Jornada Mundial de las personas Migrantes y Refugiadas en distintas partes del mundo.\",\"breadcrumb\":{\"@id\":\"https:\\\/\\\/www.entreculturas.org\\\/ca\\\/noticia\\\/desde-la-campana-hospitalidad-celebramos-la-jornada-mundial-de-las-personas-migrantes-y-refugiadas\\\/#breadcrumb\"},\"inLanguage\":\"ca\",\"potentialAction\":[{\"@type\":\"ReadAction\",\"target\":[\"https:\\\/\\\/www.entreculturas.org\\\/ca\\\/noticia\\\/desde-la-campana-hospitalidad-celebramos-la-jornada-mundial-de-las-personas-migrantes-y-refugiadas\\\/\"]}]},{\"@type\":\"ImageObject\",\"inLanguage\":\"ca\",\"@id\":\"https:\\\/\\\/www.entreculturas.org\\\/ca\\\/noticia\\\/desde-la-campana-hospitalidad-celebramos-la-jornada-mundial-de-las-personas-migrantes-y-refugiadas\\\/#primaryimage\",\"url\":\"https:\\\/\\\/www.entreculturas.org\\\/wp-content\\\/uploads\\\/2025\\\/10\\\/MADRID-3.jpg\",\"contentUrl\":\"https:\\\/\\\/www.entreculturas.org\\\/wp-content\\\/uploads\\\/2025\\\/10\\\/MADRID-3.jpg\",\"width\":2068,\"height\":900},{\"@type\":\"BreadcrumbList\",\"@id\":\"https:\\\/\\\/www.entreculturas.org\\\/ca\\\/noticia\\\/desde-la-campana-hospitalidad-celebramos-la-jornada-mundial-de-las-personas-migrantes-y-refugiadas\\\/#breadcrumb\",\"itemListElement\":[{\"@type\":\"ListItem\",\"position\":1,\"name\":\"Home\",\"item\":\"https:\\\/\\\/www.entreculturas.org\\\/ca\\\/\"},{\"@type\":\"ListItem\",\"position\":2,\"name\":\"Noticias\",\"item\":\"https:\\\/\\\/www.entreculturas.org\\\/ca\\\/noticias\\\/\"},{\"@type\":\"ListItem\",\"position\":3,\"name\":\"Desde la campa\u00f1a HOSPITALIDAD, celebramos la Jornada Mundial de las personas Migrantes y Refugiadas\"}]},{\"@type\":\"WebSite\",\"@id\":\"https:\\\/\\\/www.entreculturas.org\\\/ca\\\/#website\",\"url\":\"https:\\\/\\\/www.entreculturas.org\\\/ca\\\/\",\"name\":\"Entreculturas\",\"description\":\"\",\"publisher\":{\"@id\":\"https:\\\/\\\/www.entreculturas.org\\\/ca\\\/#organization\"},\"alternateName\":\"Entreculturas\",\"potentialAction\":[{\"@type\":\"SearchAction\",\"target\":{\"@type\":\"EntryPoint\",\"urlTemplate\":\"https:\\\/\\\/www.entreculturas.org\\\/ca\\\/?s={search_term_string}\"},\"query-input\":{\"@type\":\"PropertyValueSpecification\",\"valueRequired\":true,\"valueName\":\"search_term_string\"}}],\"inLanguage\":\"ca\"},{\"@type\":\"Organization\",\"@id\":\"https:\\\/\\\/www.entreculturas.org\\\/ca\\\/#organization\",\"name\":\"Entreculturas\",\"url\":\"https:\\\/\\\/www.entreculturas.org\\\/ca\\\/\",\"logo\":{\"@type\":\"ImageObject\",\"inLanguage\":\"ca\",\"@id\":\"https:\\\/\\\/www.entreculturas.org\\\/ca\\\/#\\\/schema\\\/logo\\\/image\\\/\",\"url\":\"https:\\\/\\\/www.entreculturas.org\\\/wp-content\\\/uploads\\\/2025\\\/10\\\/ESP.svg\",\"contentUrl\":\"https:\\\/\\\/www.entreculturas.org\\\/wp-content\\\/uploads\\\/2025\\\/10\\\/ESP.svg\",\"caption\":\"Entreculturas\"},\"image\":{\"@id\":\"https:\\\/\\\/www.entreculturas.org\\\/ca\\\/#\\\/schema\\\/logo\\\/image\\\/\"},\"sameAs\":[\"https:\\\/\\\/www.facebook.com\\\/entreculturas\",\"https:\\\/\\\/x.com\\\/Entreculturas\",\"https:\\\/\\\/www.instagram.com\\\/entreculturas\\\/\",\"https:\\\/\\\/www.youtube.com\\\/user\\\/entreculturasvideo\",\"https:\\\/\\\/www.linkedin.com\\\/company\\\/fundacion-entreculturas-ngdo\\\/\",\"https:\\\/\\\/www.flickr.com\\\/photos\\\/98455522@N04\\\/albums\\\/\"]}]}<\/script>\n<!-- \/ Yoast SEO Premium plugin. -->","yoast_head_json":{"title":"Desde la campa\u00f1a HOSPITALIDAD, celebramos la Jornada Mundial de las personas Migrantes y Refugiadas - Entreculturas","description":"Desde la campa\u00f1a HOSPITALIDAD, celebramos la Jornada Mundial de las personas Migrantes y Refugiadas en distintas partes del mundo.","robots":{"index":"index","follow":"follow","max-snippet":"max-snippet:-1","max-image-preview":"max-image-preview:large","max-video-preview":"max-video-preview:-1"},"canonical":"https:\/\/www.entreculturas.org\/ca\/noticia\/desde-la-campana-hospitalidad-celebramos-la-jornada-mundial-de-las-personas-migrantes-y-refugiadas\/","og_locale":"ca_ES","og_type":"article","og_title":"Desde la campa\u00f1a HOSPITALIDAD, celebramos la Jornada Mundial de las personas Migrantes y Refugiadas","og_description":"Desde la campa\u00f1a HOSPITALIDAD, celebramos la Jornada Mundial de las personas Migrantes y Refugiadas en distintas partes del mundo.","og_url":"https:\/\/www.entreculturas.org\/ca\/noticia\/desde-la-campana-hospitalidad-celebramos-la-jornada-mundial-de-las-personas-migrantes-y-refugiadas\/","og_site_name":"Entreculturas","article_publisher":"https:\/\/www.facebook.com\/entreculturas","article_modified_time":"2025-10-20T11:02:28+00:00","og_image":[{"width":2068,"height":900,"url":"https:\/\/www.entreculturas.org\/wp-content\/uploads\/2025\/10\/MADRID-3.jpg","type":"image\/jpeg"}],"twitter_card":"summary_large_image","twitter_site":"@Entreculturas","schema":{"@context":"https:\/\/schema.org","@graph":[{"@type":"WebPage","@id":"https:\/\/www.entreculturas.org\/ca\/noticia\/desde-la-campana-hospitalidad-celebramos-la-jornada-mundial-de-las-personas-migrantes-y-refugiadas\/","url":"https:\/\/www.entreculturas.org\/ca\/noticia\/desde-la-campana-hospitalidad-celebramos-la-jornada-mundial-de-las-personas-migrantes-y-refugiadas\/","name":"Desde la campa\u00f1a HOSPITALIDAD, celebramos la Jornada Mundial de las personas Migrantes y Refugiadas - Entreculturas","isPartOf":{"@id":"https:\/\/www.entreculturas.org\/ca\/#website"},"primaryImageOfPage":{"@id":"https:\/\/www.entreculturas.org\/ca\/noticia\/desde-la-campana-hospitalidad-celebramos-la-jornada-mundial-de-las-personas-migrantes-y-refugiadas\/#primaryimage"},"image":{"@id":"https:\/\/www.entreculturas.org\/ca\/noticia\/desde-la-campana-hospitalidad-celebramos-la-jornada-mundial-de-las-personas-migrantes-y-refugiadas\/#primaryimage"},"thumbnailUrl":"https:\/\/www.entreculturas.org\/wp-content\/uploads\/2025\/10\/MADRID-3.jpg","datePublished":"2025-10-20T11:02:22+00:00","dateModified":"2025-10-20T11:02:28+00:00","description":"Desde la campa\u00f1a HOSPITALIDAD, celebramos la Jornada Mundial de las personas Migrantes y Refugiadas en distintas partes del mundo.","breadcrumb":{"@id":"https:\/\/www.entreculturas.org\/ca\/noticia\/desde-la-campana-hospitalidad-celebramos-la-jornada-mundial-de-las-personas-migrantes-y-refugiadas\/#breadcrumb"},"inLanguage":"ca","potentialAction":[{"@type":"ReadAction","target":["https:\/\/www.entreculturas.org\/ca\/noticia\/desde-la-campana-hospitalidad-celebramos-la-jornada-mundial-de-las-personas-migrantes-y-refugiadas\/"]}]},{"@type":"ImageObject","inLanguage":"ca","@id":"https:\/\/www.entreculturas.org\/ca\/noticia\/desde-la-campana-hospitalidad-celebramos-la-jornada-mundial-de-las-personas-migrantes-y-refugiadas\/#primaryimage","url":"https:\/\/www.entreculturas.org\/wp-content\/uploads\/2025\/10\/MADRID-3.jpg","contentUrl":"https:\/\/www.entreculturas.org\/wp-content\/uploads\/2025\/10\/MADRID-3.jpg","width":2068,"height":900},{"@type":"BreadcrumbList","@id":"https:\/\/www.entreculturas.org\/ca\/noticia\/desde-la-campana-hospitalidad-celebramos-la-jornada-mundial-de-las-personas-migrantes-y-refugiadas\/#breadcrumb","itemListElement":[{"@type":"ListItem","position":1,"name":"Home","item":"https:\/\/www.entreculturas.org\/ca\/"},{"@type":"ListItem","position":2,"name":"Noticias","item":"https:\/\/www.entreculturas.org\/ca\/noticias\/"},{"@type":"ListItem","position":3,"name":"Desde la campa\u00f1a HOSPITALIDAD, celebramos la Jornada Mundial de las personas Migrantes y Refugiadas"}]},{"@type":"WebSite","@id":"https:\/\/www.entreculturas.org\/ca\/#website","url":"https:\/\/www.entreculturas.org\/ca\/","name":"Entreculturas","description":"","publisher":{"@id":"https:\/\/www.entreculturas.org\/ca\/#organization"},"alternateName":"Entreculturas","potentialAction":[{"@type":"SearchAction","target":{"@type":"EntryPoint","urlTemplate":"https:\/\/www.entreculturas.org\/ca\/?s={search_term_string}"},"query-input":{"@type":"PropertyValueSpecification","valueRequired":true,"valueName":"search_term_string"}}],"inLanguage":"ca"},{"@type":"Organization","@id":"https:\/\/www.entreculturas.org\/ca\/#organization","name":"Entreculturas","url":"https:\/\/www.entreculturas.org\/ca\/","logo":{"@type":"ImageObject","inLanguage":"ca","@id":"https:\/\/www.entreculturas.org\/ca\/#\/schema\/logo\/image\/","url":"https:\/\/www.entreculturas.org\/wp-content\/uploads\/2025\/10\/ESP.svg","contentUrl":"https:\/\/www.entreculturas.org\/wp-content\/uploads\/2025\/10\/ESP.svg","caption":"Entreculturas"},"image":{"@id":"https:\/\/www.entreculturas.org\/ca\/#\/schema\/logo\/image\/"},"sameAs":["https:\/\/www.facebook.com\/entreculturas","https:\/\/x.com\/Entreculturas","https:\/\/www.instagram.com\/entreculturas\/","https:\/\/www.youtube.com\/user\/entreculturasvideo","https:\/\/www.linkedin.com\/company\/fundacion-entreculturas-ngdo\/","https:\/\/www.flickr.com\/photos\/98455522@N04\/albums\/"]}]}},"_links":{"self":[{"href":"https:\/\/www.entreculturas.org\/ca\/wp-json\/wp\/v2\/noticia\/43993","targetHints":{"allow":["GET"]}}],"collection":[{"href":"https:\/\/www.entreculturas.org\/ca\/wp-json\/wp\/v2\/noticia"}],"about":[{"href":"https:\/\/www.entreculturas.org\/ca\/wp-json\/wp\/v2\/types\/noticia"}],"wp:featuredmedia":[{"embeddable":true,"href":"https:\/\/www.entreculturas.org\/ca\/wp-json\/wp\/v2\/media\/43997"}],"wp:attachment":[{"href":"https:\/\/www.entreculturas.org\/ca\/wp-json\/wp\/v2\/media?parent=43993"}],"wp:term":[{"taxonomy":"category","embeddable":true,"href":"https:\/\/www.entreculturas.org\/ca\/wp-json\/wp\/v2\/categories?post=43993"},{"taxonomy":"post_tag","embeddable":true,"href":"https:\/\/www.entreculturas.org\/ca\/wp-json\/wp\/v2\/tags?post=43993"},{"taxonomy":"country","embeddable":true,"href":"https:\/\/www.entreculturas.org\/ca\/wp-json\/wp\/v2\/country?post=43993"},{"taxonomy":"cause","embeddable":true,"href":"https:\/\/www.entreculturas.org\/ca\/wp-json\/wp\/v2\/cause?post=43993"}],"curies":[{"name":"wp","href":"https:\/\/api.w.org\/{rel}","templated":true}]}}