{"id":4337,"date":"2020-02-27T09:41:09","date_gmt":"2020-02-27T09:41:09","guid":{"rendered":"https:\/\/entreculturasi.wpenginepowered.com\/?noticias=rozalen-quiero-conocer-lo-que-pasa-en-el-mundo-quiero-conocer-diferentes-realidades"},"modified":"2024-03-14T15:14:23","modified_gmt":"2024-03-14T14:14:23","slug":"rozalen-quiero-conocer-lo-que-pasa-en-el-mundo-quiero-conocer-diferentes-realidades","status":"publish","type":"noticia","link":"https:\/\/www.entreculturas.org\/ca\/noticia\/rozalen-quiero-conocer-lo-que-pasa-en-el-mundo-quiero-conocer-diferentes-realidades\/","title":{"rendered":"Rozal\u00e9n: &#8220;Quiero conocer lo que pasa en el mundo, quiero conocer diferentes realidades&#8221;"},"content":{"rendered":"<p>Momentos antes de coger su avi\u00f3n hacia Chad, hemos podido conversar con Rozal\u00e9n y Beatriz Romero acerca de las expectativas del viaje y qu\u00e9 esperan dejar y recoger. Por caprichos del destino, no han llegado el d\u00eda previsto a Yamena debido a que una tormenta de arena ha impedido el aterrizaje del avi\u00f3n. Experimentar fen\u00f3menos atmosf\u00e9ricos a los que no&nbsp;estamos acostumbrados y ver c\u00f3mo impactan en la cotidianeidad de las personas es tambi\u00e9n parte de la experiencia.<\/p>\n<p>Pronto llegar\u00e1n al campo de personas refugiadas de Goz Beida, pero mientras tanto, aqu\u00ed os dejamos la entrevista.<\/p>\n<p><span style=\"color:#FF0000\"><strong>\u00bfCu\u00e1les son nuestras impresiones previas al viajes? \u00bfCon qu\u00e9 \u00e1nimos viaj\u00e1is?<\/strong><\/span><br \/><strong>Rozal\u00e9n: <\/strong>Ahora mismo estoy en plena composici\u00f3n del nuevo disco, ya estamos grabando con toda la vor\u00e1gine que supone y creo que este viaje va a ser como un par\u00f3n en el camino, creo que me va a venir bien para pisar tierra, para desconectar de todo y<strong> conectar con otra de mi vocaci\u00f3n: la psicolog\u00eda social<\/strong>. Voy con mucha curiosidad porque desconozco, por ejemplo, la historia de los conflictos b\u00e9licos en \u00c1frica. Hemos estado hace poquito en los campos de refugiados del Sahara en Argelia, dentro de muy poco tambi\u00e9n me voy a Palestina; en muy poquitos meses voy a estar en diferentes campos de personas refugiadas que cuentan conflictos diferentes pero que son al final la misma cosa. Voy como en blanco, a esperar a ver qu\u00e9 aprendo ah\u00ed.<\/p>\n<p><strong>Beatriz<\/strong>: Viajamos con todos los sentidos abiertos y con ganas de llegar all\u00ed y conocer de primera mano c\u00f3mo vive la gente, como es el d\u00eda a d\u00eda en el campo de refugiados y el pa\u00eds que acoge. Poder vivir esa realidad y poder <strong>dar un poco de voz y sobre todo, aprender.<\/strong><\/p>\n<p><em>Fotos: Daniela Morreale.&nbsp;<\/em><\/p>\n<p><span style=\"color:#FF0000\"><strong>\u00bfQu\u00e9 quer\u00e9is dejar de vosotras ah\u00ed y qu\u00e9 quer\u00e9is traeros?<\/strong><\/span><br \/><strong>Rozal\u00e9n:<\/strong> Voy a empezar por lo de qu\u00e9 queremos traernos: yo quiero conocer lo que pasa en el mundo, quiero conocer diferentes realidades, <strong>quiero inspiraci\u00f3n, quiero conocer historias para poder contarlas, <\/strong>quiero m\u00e1s conocimientos, m\u00e1s sabidur\u00eda&#8230; Segur\u00edsimo que nos vamos a traer un mont\u00f3n de amor porque ya s\u00ed que sabemos que en los lugares donde las condiciones no son tan f\u00e1ciles como las nuestras es donde m\u00e1s amor hay.<br \/>Y nosotras queremos dejar nuestra energ\u00eda, nuestra sensibilidad, en mi caso pues mi voz y mis canciones&#8230; <strong>Espero dejar un poquito de alegr\u00eda y de esperanza.<\/strong><\/p>\n<p><strong>Beatriz: <\/strong>Por las experiencias previas en Guatemala, creo que se crea algo muy potente con la m\u00fasica, se suele generar un v\u00ednculo muy especial porque de repente te das cuenta de que somos mucho m\u00e1s parecidos de lo que pensamos. <strong>Aunque vivamos en sitios muy lejanos y somos muy distintos, al final tenemos preocupaciones similares: nos importan nuestros seres queridos y nuestro futuro<\/strong>. Creo que vamos a aprender muchas cosas, como nos ocurri\u00f3 en Guatemala. Prefiero no imaginar mucho para estar atenta a todo lo que nos vamos encontrando y disfrutar de la experiencia y de lo que vaya surgiendo. Creo que va a ser un viaje duro, pero muy importante; creo que nos va a cambiar un poquito la vida.&nbsp;<\/p>\n<p><span style=\"color:#FF0000\"><strong>\u00bfQu\u00e9 significa para ti viajar de nuevo con Entreculturas y La Luz de las Ni\u00f1as? Esta vez a los campos de refugiados de Chad.<\/strong><\/span><br \/><strong>Rozal\u00e9n:<\/strong> Al conocer a Entreculturas, ver c\u00f3mo funciona, al conocer a todo el equipo, ver lo bien que estuvimos en Guatemala, yo creo que vamos un poquito m\u00e1s tranquilas, ya<strong> nos sentimos como en casa<\/strong>. Creo que va a ser un viaje muy diferente a lo que vivimos en Guatemala; voy con curiosidad, con ganas de aprender pero s\u00ed con la certeza de que vamos a estar bien porque ya sabemos con qui\u00e9n nos vamos.<\/p>\n<p><strong>Beatriz: <\/strong>Es un privilegio volver a viajar con Entreculturas porque la experiencia en Guatemala fue impresionante. <strong>Es muy interesante y enriquecedor ver c\u00f3mo se est\u00e1 trabajando con las ni\u00f1as <\/strong>esta vez desde un pa\u00eds de \u00c1frica. Es distinta la situaci\u00f3n, es distinta la cultura pero supongo que habr\u00e1n muchos puntos en com\u00fan y es muy interesante poder visitarlo y conocerlo de la mano de la gente que est\u00e1 trabajando all\u00ed y convive el d\u00eda a d\u00eda con ellos.&nbsp;<\/p>\n","protected":false},"excerpt":{"rendered":"<p>Momentos antes de coger su avi\u00f3n hacia Chad, hemos podido conversar con Rozal\u00e9n y Beatriz Romero acerca de las expectativas del viaje y qu\u00e9 esperan dejar y recoger. Pronto llegar\u00e1n al campo de personas refugiadas de Goz Beida, pero mientras tanto, aqu\u00ed os dejamos la entrevista.<\/p>\n","protected":false},"featured_media":4338,"template":"single-noticia","meta":{"_acf_changed":false},"categories":[7],"tags":[293],"country":[],"cause":[130],"class_list":["post-4337","noticia","type-noticia","status-publish","has-post-thumbnail","hentry","category-noticia","tag-genero","cause-genero"],"acf":[],"yoast_head":"<!-- This site is optimized with the Yoast SEO Premium plugin v21.6 (Yoast SEO v27.5) - https:\/\/yoast.com\/product\/yoast-seo-premium-wordpress\/ -->\n<title>Rozal\u00e9n: &quot;Quiero conocer lo que pasa en el mundo, quiero conocer diferentes realidades&quot; - Entreculturas<\/title>\n<meta name=\"robots\" content=\"index, follow, max-snippet:-1, max-image-preview:large, max-video-preview:-1\" \/>\n<link rel=\"canonical\" href=\"https:\/\/www.entreculturas.org\/ca\/noticia\/rozalen-quiero-conocer-lo-que-pasa-en-el-mundo-quiero-conocer-diferentes-realidades\/\" \/>\n<meta property=\"og:locale\" content=\"ca_ES\" \/>\n<meta property=\"og:type\" content=\"article\" \/>\n<meta property=\"og:title\" content=\"Rozal\u00e9n: &quot;Quiero conocer lo que pasa en el mundo, quiero conocer diferentes realidades&quot;\" \/>\n<meta property=\"og:description\" content=\"Momentos antes de coger su avi\u00f3n hacia Chad, hemos podido conversar con Rozal\u00e9n y Beatriz Romero acerca de las expectativas del viaje y qu\u00e9 esperan dejar y recoger. Pronto llegar\u00e1n al campo de personas refugiadas de Goz Beida, pero mientras tanto, aqu\u00ed os dejamos la entrevista.\" \/>\n<meta property=\"og:url\" content=\"https:\/\/www.entreculturas.org\/ca\/noticia\/rozalen-quiero-conocer-lo-que-pasa-en-el-mundo-quiero-conocer-diferentes-realidades\/\" \/>\n<meta property=\"og:site_name\" content=\"Entreculturas\" \/>\n<meta property=\"article:publisher\" content=\"https:\/\/www.facebook.com\/entreculturas\" \/>\n<meta property=\"article:modified_time\" content=\"2024-03-14T14:14:23+00:00\" \/>\n<meta property=\"og:image\" content=\"https:\/\/www.entreculturas.org\/wp-content\/uploads\/2020\/02\/p9180567.jpg\" \/>\n\t<meta property=\"og:image:width\" content=\"800\" \/>\n\t<meta property=\"og:image:height\" content=\"600\" \/>\n\t<meta property=\"og:image:type\" content=\"image\/jpeg\" \/>\n<meta name=\"twitter:card\" content=\"summary_large_image\" \/>\n<meta name=\"twitter:site\" content=\"@Entreculturas\" \/>\n<script type=\"application\/ld+json\" class=\"yoast-schema-graph\">{\"@context\":\"https:\\\/\\\/schema.org\",\"@graph\":[{\"@type\":\"WebPage\",\"@id\":\"https:\\\/\\\/www.entreculturas.org\\\/ca\\\/noticia\\\/rozalen-quiero-conocer-lo-que-pasa-en-el-mundo-quiero-conocer-diferentes-realidades\\\/\",\"url\":\"https:\\\/\\\/www.entreculturas.org\\\/ca\\\/noticia\\\/rozalen-quiero-conocer-lo-que-pasa-en-el-mundo-quiero-conocer-diferentes-realidades\\\/\",\"name\":\"Rozal\u00e9n: \\\"Quiero conocer lo que pasa en el mundo, quiero conocer diferentes realidades\\\" - Entreculturas\",\"isPartOf\":{\"@id\":\"https:\\\/\\\/www.entreculturas.org\\\/ca\\\/#website\"},\"primaryImageOfPage\":{\"@id\":\"https:\\\/\\\/www.entreculturas.org\\\/ca\\\/noticia\\\/rozalen-quiero-conocer-lo-que-pasa-en-el-mundo-quiero-conocer-diferentes-realidades\\\/#primaryimage\"},\"image\":{\"@id\":\"https:\\\/\\\/www.entreculturas.org\\\/ca\\\/noticia\\\/rozalen-quiero-conocer-lo-que-pasa-en-el-mundo-quiero-conocer-diferentes-realidades\\\/#primaryimage\"},\"thumbnailUrl\":\"https:\\\/\\\/www.entreculturas.org\\\/wp-content\\\/uploads\\\/2020\\\/02\\\/p9180567.jpg\",\"datePublished\":\"2020-02-27T09:41:09+00:00\",\"dateModified\":\"2024-03-14T14:14:23+00:00\",\"breadcrumb\":{\"@id\":\"https:\\\/\\\/www.entreculturas.org\\\/ca\\\/noticia\\\/rozalen-quiero-conocer-lo-que-pasa-en-el-mundo-quiero-conocer-diferentes-realidades\\\/#breadcrumb\"},\"inLanguage\":\"ca\",\"potentialAction\":[{\"@type\":\"ReadAction\",\"target\":[\"https:\\\/\\\/www.entreculturas.org\\\/ca\\\/noticia\\\/rozalen-quiero-conocer-lo-que-pasa-en-el-mundo-quiero-conocer-diferentes-realidades\\\/\"]}]},{\"@type\":\"ImageObject\",\"inLanguage\":\"ca\",\"@id\":\"https:\\\/\\\/www.entreculturas.org\\\/ca\\\/noticia\\\/rozalen-quiero-conocer-lo-que-pasa-en-el-mundo-quiero-conocer-diferentes-realidades\\\/#primaryimage\",\"url\":\"https:\\\/\\\/www.entreculturas.org\\\/wp-content\\\/uploads\\\/2020\\\/02\\\/p9180567.jpg\",\"contentUrl\":\"https:\\\/\\\/www.entreculturas.org\\\/wp-content\\\/uploads\\\/2020\\\/02\\\/p9180567.jpg\",\"width\":800,\"height\":600,\"caption\":\"p9180567\"},{\"@type\":\"BreadcrumbList\",\"@id\":\"https:\\\/\\\/www.entreculturas.org\\\/ca\\\/noticia\\\/rozalen-quiero-conocer-lo-que-pasa-en-el-mundo-quiero-conocer-diferentes-realidades\\\/#breadcrumb\",\"itemListElement\":[{\"@type\":\"ListItem\",\"position\":1,\"name\":\"Home\",\"item\":\"https:\\\/\\\/www.entreculturas.org\\\/ca\\\/\"},{\"@type\":\"ListItem\",\"position\":2,\"name\":\"Noticias\",\"item\":\"https:\\\/\\\/www.entreculturas.org\\\/ca\\\/noticias\\\/\"},{\"@type\":\"ListItem\",\"position\":3,\"name\":\"Rozal\u00e9n: &#8220;Quiero conocer lo que pasa en el mundo, quiero conocer diferentes realidades&#8221;\"}]},{\"@type\":\"WebSite\",\"@id\":\"https:\\\/\\\/www.entreculturas.org\\\/ca\\\/#website\",\"url\":\"https:\\\/\\\/www.entreculturas.org\\\/ca\\\/\",\"name\":\"Entreculturas\",\"description\":\"\",\"publisher\":{\"@id\":\"https:\\\/\\\/www.entreculturas.org\\\/ca\\\/#organization\"},\"alternateName\":\"Entreculturas\",\"potentialAction\":[{\"@type\":\"SearchAction\",\"target\":{\"@type\":\"EntryPoint\",\"urlTemplate\":\"https:\\\/\\\/www.entreculturas.org\\\/ca\\\/?s={search_term_string}\"},\"query-input\":{\"@type\":\"PropertyValueSpecification\",\"valueRequired\":true,\"valueName\":\"search_term_string\"}}],\"inLanguage\":\"ca\"},{\"@type\":\"Organization\",\"@id\":\"https:\\\/\\\/www.entreculturas.org\\\/ca\\\/#organization\",\"name\":\"Entreculturas\",\"url\":\"https:\\\/\\\/www.entreculturas.org\\\/ca\\\/\",\"logo\":{\"@type\":\"ImageObject\",\"inLanguage\":\"ca\",\"@id\":\"https:\\\/\\\/www.entreculturas.org\\\/ca\\\/#\\\/schema\\\/logo\\\/image\\\/\",\"url\":\"https:\\\/\\\/www.entreculturas.org\\\/wp-content\\\/uploads\\\/2025\\\/10\\\/ESP.svg\",\"contentUrl\":\"https:\\\/\\\/www.entreculturas.org\\\/wp-content\\\/uploads\\\/2025\\\/10\\\/ESP.svg\",\"caption\":\"Entreculturas\"},\"image\":{\"@id\":\"https:\\\/\\\/www.entreculturas.org\\\/ca\\\/#\\\/schema\\\/logo\\\/image\\\/\"},\"sameAs\":[\"https:\\\/\\\/www.facebook.com\\\/entreculturas\",\"https:\\\/\\\/x.com\\\/Entreculturas\",\"https:\\\/\\\/www.instagram.com\\\/entreculturas\\\/\",\"https:\\\/\\\/www.youtube.com\\\/user\\\/entreculturasvideo\",\"https:\\\/\\\/www.linkedin.com\\\/company\\\/fundacion-entreculturas-ngdo\\\/\",\"https:\\\/\\\/www.flickr.com\\\/photos\\\/98455522@N04\\\/albums\\\/\"]}]}<\/script>\n<!-- \/ Yoast SEO Premium plugin. -->","yoast_head_json":{"title":"Rozal\u00e9n: \"Quiero conocer lo que pasa en el mundo, quiero conocer diferentes realidades\" - Entreculturas","robots":{"index":"index","follow":"follow","max-snippet":"max-snippet:-1","max-image-preview":"max-image-preview:large","max-video-preview":"max-video-preview:-1"},"canonical":"https:\/\/www.entreculturas.org\/ca\/noticia\/rozalen-quiero-conocer-lo-que-pasa-en-el-mundo-quiero-conocer-diferentes-realidades\/","og_locale":"ca_ES","og_type":"article","og_title":"Rozal\u00e9n: \"Quiero conocer lo que pasa en el mundo, quiero conocer diferentes realidades\"","og_description":"Momentos antes de coger su avi\u00f3n hacia Chad, hemos podido conversar con Rozal\u00e9n y Beatriz Romero acerca de las expectativas del viaje y qu\u00e9 esperan dejar y recoger. Pronto llegar\u00e1n al campo de personas refugiadas de Goz Beida, pero mientras tanto, aqu\u00ed os dejamos la entrevista.","og_url":"https:\/\/www.entreculturas.org\/ca\/noticia\/rozalen-quiero-conocer-lo-que-pasa-en-el-mundo-quiero-conocer-diferentes-realidades\/","og_site_name":"Entreculturas","article_publisher":"https:\/\/www.facebook.com\/entreculturas","article_modified_time":"2024-03-14T14:14:23+00:00","og_image":[{"width":800,"height":600,"url":"https:\/\/www.entreculturas.org\/wp-content\/uploads\/2020\/02\/p9180567.jpg","type":"image\/jpeg"}],"twitter_card":"summary_large_image","twitter_site":"@Entreculturas","schema":{"@context":"https:\/\/schema.org","@graph":[{"@type":"WebPage","@id":"https:\/\/www.entreculturas.org\/ca\/noticia\/rozalen-quiero-conocer-lo-que-pasa-en-el-mundo-quiero-conocer-diferentes-realidades\/","url":"https:\/\/www.entreculturas.org\/ca\/noticia\/rozalen-quiero-conocer-lo-que-pasa-en-el-mundo-quiero-conocer-diferentes-realidades\/","name":"Rozal\u00e9n: \"Quiero conocer lo que pasa en el mundo, quiero conocer diferentes realidades\" - Entreculturas","isPartOf":{"@id":"https:\/\/www.entreculturas.org\/ca\/#website"},"primaryImageOfPage":{"@id":"https:\/\/www.entreculturas.org\/ca\/noticia\/rozalen-quiero-conocer-lo-que-pasa-en-el-mundo-quiero-conocer-diferentes-realidades\/#primaryimage"},"image":{"@id":"https:\/\/www.entreculturas.org\/ca\/noticia\/rozalen-quiero-conocer-lo-que-pasa-en-el-mundo-quiero-conocer-diferentes-realidades\/#primaryimage"},"thumbnailUrl":"https:\/\/www.entreculturas.org\/wp-content\/uploads\/2020\/02\/p9180567.jpg","datePublished":"2020-02-27T09:41:09+00:00","dateModified":"2024-03-14T14:14:23+00:00","breadcrumb":{"@id":"https:\/\/www.entreculturas.org\/ca\/noticia\/rozalen-quiero-conocer-lo-que-pasa-en-el-mundo-quiero-conocer-diferentes-realidades\/#breadcrumb"},"inLanguage":"ca","potentialAction":[{"@type":"ReadAction","target":["https:\/\/www.entreculturas.org\/ca\/noticia\/rozalen-quiero-conocer-lo-que-pasa-en-el-mundo-quiero-conocer-diferentes-realidades\/"]}]},{"@type":"ImageObject","inLanguage":"ca","@id":"https:\/\/www.entreculturas.org\/ca\/noticia\/rozalen-quiero-conocer-lo-que-pasa-en-el-mundo-quiero-conocer-diferentes-realidades\/#primaryimage","url":"https:\/\/www.entreculturas.org\/wp-content\/uploads\/2020\/02\/p9180567.jpg","contentUrl":"https:\/\/www.entreculturas.org\/wp-content\/uploads\/2020\/02\/p9180567.jpg","width":800,"height":600,"caption":"p9180567"},{"@type":"BreadcrumbList","@id":"https:\/\/www.entreculturas.org\/ca\/noticia\/rozalen-quiero-conocer-lo-que-pasa-en-el-mundo-quiero-conocer-diferentes-realidades\/#breadcrumb","itemListElement":[{"@type":"ListItem","position":1,"name":"Home","item":"https:\/\/www.entreculturas.org\/ca\/"},{"@type":"ListItem","position":2,"name":"Noticias","item":"https:\/\/www.entreculturas.org\/ca\/noticias\/"},{"@type":"ListItem","position":3,"name":"Rozal\u00e9n: &#8220;Quiero conocer lo que pasa en el mundo, quiero conocer diferentes realidades&#8221;"}]},{"@type":"WebSite","@id":"https:\/\/www.entreculturas.org\/ca\/#website","url":"https:\/\/www.entreculturas.org\/ca\/","name":"Entreculturas","description":"","publisher":{"@id":"https:\/\/www.entreculturas.org\/ca\/#organization"},"alternateName":"Entreculturas","potentialAction":[{"@type":"SearchAction","target":{"@type":"EntryPoint","urlTemplate":"https:\/\/www.entreculturas.org\/ca\/?s={search_term_string}"},"query-input":{"@type":"PropertyValueSpecification","valueRequired":true,"valueName":"search_term_string"}}],"inLanguage":"ca"},{"@type":"Organization","@id":"https:\/\/www.entreculturas.org\/ca\/#organization","name":"Entreculturas","url":"https:\/\/www.entreculturas.org\/ca\/","logo":{"@type":"ImageObject","inLanguage":"ca","@id":"https:\/\/www.entreculturas.org\/ca\/#\/schema\/logo\/image\/","url":"https:\/\/www.entreculturas.org\/wp-content\/uploads\/2025\/10\/ESP.svg","contentUrl":"https:\/\/www.entreculturas.org\/wp-content\/uploads\/2025\/10\/ESP.svg","caption":"Entreculturas"},"image":{"@id":"https:\/\/www.entreculturas.org\/ca\/#\/schema\/logo\/image\/"},"sameAs":["https:\/\/www.facebook.com\/entreculturas","https:\/\/x.com\/Entreculturas","https:\/\/www.instagram.com\/entreculturas\/","https:\/\/www.youtube.com\/user\/entreculturasvideo","https:\/\/www.linkedin.com\/company\/fundacion-entreculturas-ngdo\/","https:\/\/www.flickr.com\/photos\/98455522@N04\/albums\/"]}]}},"_links":{"self":[{"href":"https:\/\/www.entreculturas.org\/ca\/wp-json\/wp\/v2\/noticia\/4337","targetHints":{"allow":["GET"]}}],"collection":[{"href":"https:\/\/www.entreculturas.org\/ca\/wp-json\/wp\/v2\/noticia"}],"about":[{"href":"https:\/\/www.entreculturas.org\/ca\/wp-json\/wp\/v2\/types\/noticia"}],"wp:featuredmedia":[{"embeddable":true,"href":"https:\/\/www.entreculturas.org\/ca\/wp-json\/wp\/v2\/media\/4338"}],"wp:attachment":[{"href":"https:\/\/www.entreculturas.org\/ca\/wp-json\/wp\/v2\/media?parent=4337"}],"wp:term":[{"taxonomy":"category","embeddable":true,"href":"https:\/\/www.entreculturas.org\/ca\/wp-json\/wp\/v2\/categories?post=4337"},{"taxonomy":"post_tag","embeddable":true,"href":"https:\/\/www.entreculturas.org\/ca\/wp-json\/wp\/v2\/tags?post=4337"},{"taxonomy":"country","embeddable":true,"href":"https:\/\/www.entreculturas.org\/ca\/wp-json\/wp\/v2\/country?post=4337"},{"taxonomy":"cause","embeddable":true,"href":"https:\/\/www.entreculturas.org\/ca\/wp-json\/wp\/v2\/cause?post=4337"}],"curies":[{"name":"wp","href":"https:\/\/api.w.org\/{rel}","templated":true}]}}